{"id":8052,"date":"2023-06-02T07:09:33","date_gmt":"2023-06-02T07:09:33","guid":{"rendered":"https:\/\/kibrisdakik.com\/index.php\/2023\/06\/02\/milletvekilligi-muhtar-ve-ihtiyar-heyeti-uyeligi-adayliklarina-itirazlar-bugunden-itibaren-yapilabilecek\/"},"modified":"2023-06-02T07:09:33","modified_gmt":"2023-06-02T07:09:33","slug":"milletvekilligi-muhtar-ve-ihtiyar-heyeti-uyeligi-adayliklarina-itirazlar-bugunden-itibaren-yapilabilecek","status":"publish","type":"post","link":"https:\/\/kibrisdakik.com\/?p=8052","title":{"rendered":"Milletvekilli\u011fi, muhtar ve ihtiyar heyeti \u00fcyeli\u011fi adayl\u0131klar\u0131na itirazlar bug\u00fcnden itibaren yap\u0131labilecek"},"content":{"rendered":"<p><\/p>\n<div>\n<div class=\"mariselle-image-container center\">\n                <img width=\"720\" height=\"404\" class=\"lazy-image\" alt=\"\" decoding=\"async\" loading=\"lazy\" sizes=\"auto, (max-width: 720px) 100vw, 720px\" src=\"https:\/\/brtk.net\/wp-content\/uploads\/2023\/05\/22\/YSk-66kk.jpg?ver=4598532d347228adee10d0865ca43fdb\" srcset=\"https:\/\/brtk.net\/wp-content\/uploads\/2023\/05\/22\/YSk-66kk.jpg?ver=4598532d347228adee10d0865ca43fdb 720w, https:\/\/brtk.net\/wp-content\/uploads\/2023\/05\/22\/YSk-66kk-300x168.jpg?ver=4598532d347228adee10d0865ca43fdb 300w\"\/>                            <\/div>\n<p>Y\u00fcksek Se\u00e7im Kurulu, 25 Haziran\u2019da yap\u0131lacak Milletvekilli\u011fi ve Yerel Kurulu\u015f Organlar\u0131 Ara Se\u00e7iminde d\u00fcn ge\u00e7ici olarak ilan edilen milletvekilli\u011fi, muhtar ve ihtiyar heyeti \u00fcyeli\u011fi adayl\u0131klar\u0131na her t\u00fcrl\u00fc yasal itiraz\u0131n bug\u00fcnden itibaren yap\u0131labilece\u011fini a\u00e7\u0131klad\u0131.<\/p>\n<p>Y\u00fcksek Se\u00e7im Kurulu, yar\u0131na kadar devam edecek itirazlar\u0131n 08.00-17.00 saatleri aras\u0131nda \u0130l\u00e7e Se\u00e7im Kurulu\u2019na yap\u0131labilece\u011fini duyurdu.<\/p>\n<p>25 Haziran ara se\u00e7imlerinde, 6\u2019s\u0131 siyasi parti ve 7\u2019si de ba\u011f\u0131ms\u0131z olmak \u00fczere toplam 13 aday, bo\u015f kalan milletvekilli\u011fi i\u00e7in yar\u0131\u015facak.<\/p>\n<\/p><\/div>\n<p><script async\n                    defer\n                    crossorigin=\"anonymous\"\n                    src=\"https:\/\/connect.facebook.net\/tr_TR\/sdk.js#xfbml=1&#038;version=v3.3\"\n            ><\/script><\/p>\n","protected":false},"excerpt":{"rendered":"<p>Y\u00fcksek Se\u00e7im Kurulu, 25 Haziran\u2019da yap\u0131lacak Milletvekilli\u011fi ve Yerel Kurulu\u015f Organlar\u0131 Ara Se\u00e7iminde d\u00fcn ge\u00e7ici olarak ilan edilen milletvekilli\u011fi, muhtar ve ihtiyar heyeti \u00fcyeli\u011fi adayl\u0131klar\u0131na her t\u00fcrl\u00fc yasal itiraz\u0131n bug\u00fcnden itibaren yap\u0131labilece\u011fini a\u00e7\u0131klad\u0131. Y\u00fcksek Se\u00e7im Kurulu, yar\u0131na kadar devam edecek itirazlar\u0131n 08.00-17.00 saatleri aras\u0131nda \u0130l\u00e7e Se\u00e7im Kurulu\u2019na yap\u0131labilece\u011fini duyurdu. 25 Haziran ara se\u00e7imlerinde, 6\u2019s\u0131 siyasi<\/p>\n","protected":false},"author":1,"featured_media":7430,"comment_status":"open","ping_status":"open","sticky":false,"template":"","format":"standard","meta":{"footnotes":""},"categories":[1],"tags":[],"class_list":["post-8052","post","type-post","status-publish","format-standard","has-post-thumbnail","hentry","category-gundem"],"yoast_head":"<!-- This site is optimized with the Yoast SEO plugin v27.5 - https:\/\/yoast.com\/product\/yoast-seo-wordpress\/ -->\n<title>Milletvekilli\u011fi, muhtar ve ihtiyar heyeti \u00fcyeli\u011fi adayl\u0131klar\u0131na itirazlar bug\u00fcnden itibaren yap\u0131labilecek -<\/title>\n<meta name=\"robots\" content=\"index, follow, max-snippet:-1, max-image-preview:large, max-video-preview:-1\" \/>\n<link rel=\"canonical\" href=\"https:\/\/kibrisdakik.com\/?p=8052\" \/>\n<meta property=\"og:locale\" content=\"tr_TR\" \/>\n<meta property=\"og:type\" content=\"article\" \/>\n<meta property=\"og:title\" content=\"Milletvekilli\u011fi, muhtar ve ihtiyar heyeti \u00fcyeli\u011fi adayl\u0131klar\u0131na itirazlar bug\u00fcnden itibaren yap\u0131labilecek -\" \/>\n<meta property=\"og:description\" content=\"Y\u00fcksek Se\u00e7im Kurulu, 25 Haziran\u2019da yap\u0131lacak Milletvekilli\u011fi ve Yerel Kurulu\u015f Organlar\u0131 Ara Se\u00e7iminde d\u00fcn ge\u00e7ici olarak ilan edilen milletvekilli\u011fi, muhtar ve ihtiyar heyeti \u00fcyeli\u011fi adayl\u0131klar\u0131na her t\u00fcrl\u00fc yasal itiraz\u0131n bug\u00fcnden itibaren yap\u0131labilece\u011fini a\u00e7\u0131klad\u0131. Y\u00fcksek Se\u00e7im Kurulu, yar\u0131na kadar devam edecek itirazlar\u0131n 08.00-17.00 saatleri aras\u0131nda \u0130l\u00e7e Se\u00e7im Kurulu\u2019na yap\u0131labilece\u011fini duyurdu. 25 Haziran ara se\u00e7imlerinde, 6\u2019s\u0131 siyasi\" \/>\n<meta property=\"og:url\" content=\"https:\/\/kibrisdakik.com\/?p=8052\" \/>\n<meta property=\"article:published_time\" content=\"2023-06-02T07:09:33+00:00\" \/>\n<meta property=\"og:image\" content=\"https:\/\/kibrisdakik.com\/wp-content\/uploads\/2023\/05\/YSk-66kk.jpg\" \/>\n\t<meta property=\"og:image:width\" content=\"720\" \/>\n\t<meta property=\"og:image:height\" content=\"404\" \/>\n\t<meta property=\"og:image:type\" content=\"image\/jpeg\" \/>\n<meta name=\"author\" content=\"admin\" \/>\n<meta name=\"twitter:card\" content=\"summary_large_image\" \/>\n<meta name=\"twitter:label1\" content=\"Yazan:\" \/>\n\t<meta name=\"twitter:data1\" content=\"admin\" \/>\n\t<meta name=\"twitter:label2\" content=\"Tahmini okuma s\u00fcresi\" \/>\n\t<meta name=\"twitter:data2\" content=\"1 dakika\" \/>\n<script type=\"application\/ld+json\" class=\"yoast-schema-graph\">{\"@context\":\"https:\\\/\\\/schema.org\",\"@graph\":[{\"@type\":\"Article\",\"@id\":\"https:\\\/\\\/kibrisdakik.com\\\/?p=8052#article\",\"isPartOf\":{\"@id\":\"https:\\\/\\\/kibrisdakik.com\\\/?p=8052\"},\"author\":{\"name\":\"admin\",\"@id\":\"https:\\\/\\\/kibrisdakik.com\\\/#\\\/schema\\\/person\\\/9cd9d437bbb44f72b73ba127e06d8e79\"},\"headline\":\"Milletvekilli\u011fi, muhtar ve ihtiyar heyeti \u00fcyeli\u011fi adayl\u0131klar\u0131na itirazlar bug\u00fcnden itibaren yap\u0131labilecek\",\"datePublished\":\"2023-06-02T07:09:33+00:00\",\"mainEntityOfPage\":{\"@id\":\"https:\\\/\\\/kibrisdakik.com\\\/?p=8052\"},\"wordCount\":118,\"commentCount\":0,\"image\":{\"@id\":\"https:\\\/\\\/kibrisdakik.com\\\/?p=8052#primaryimage\"},\"thumbnailUrl\":\"https:\\\/\\\/kibrisdakik.com\\\/wp-content\\\/uploads\\\/2023\\\/05\\\/YSk-66kk.jpg\",\"articleSection\":[\"G\u00fcndem\"],\"inLanguage\":\"tr\",\"potentialAction\":[{\"@type\":\"CommentAction\",\"name\":\"Comment\",\"target\":[\"https:\\\/\\\/kibrisdakik.com\\\/?p=8052#respond\"]}]},{\"@type\":\"WebPage\",\"@id\":\"https:\\\/\\\/kibrisdakik.com\\\/?p=8052\",\"url\":\"https:\\\/\\\/kibrisdakik.com\\\/?p=8052\",\"name\":\"Milletvekilli\u011fi, muhtar ve ihtiyar heyeti \u00fcyeli\u011fi adayl\u0131klar\u0131na itirazlar bug\u00fcnden itibaren yap\u0131labilecek -\",\"isPartOf\":{\"@id\":\"https:\\\/\\\/kibrisdakik.com\\\/#website\"},\"primaryImageOfPage\":{\"@id\":\"https:\\\/\\\/kibrisdakik.com\\\/?p=8052#primaryimage\"},\"image\":{\"@id\":\"https:\\\/\\\/kibrisdakik.com\\\/?p=8052#primaryimage\"},\"thumbnailUrl\":\"https:\\\/\\\/kibrisdakik.com\\\/wp-content\\\/uploads\\\/2023\\\/05\\\/YSk-66kk.jpg\",\"datePublished\":\"2023-06-02T07:09:33+00:00\",\"author\":{\"@id\":\"https:\\\/\\\/kibrisdakik.com\\\/#\\\/schema\\\/person\\\/9cd9d437bbb44f72b73ba127e06d8e79\"},\"breadcrumb\":{\"@id\":\"https:\\\/\\\/kibrisdakik.com\\\/?p=8052#breadcrumb\"},\"inLanguage\":\"tr\",\"potentialAction\":[{\"@type\":\"ReadAction\",\"target\":[\"https:\\\/\\\/kibrisdakik.com\\\/?p=8052\"]}]},{\"@type\":\"ImageObject\",\"inLanguage\":\"tr\",\"@id\":\"https:\\\/\\\/kibrisdakik.com\\\/?p=8052#primaryimage\",\"url\":\"https:\\\/\\\/kibrisdakik.com\\\/wp-content\\\/uploads\\\/2023\\\/05\\\/YSk-66kk.jpg\",\"contentUrl\":\"https:\\\/\\\/kibrisdakik.com\\\/wp-content\\\/uploads\\\/2023\\\/05\\\/YSk-66kk.jpg\",\"width\":720,\"height\":404},{\"@type\":\"BreadcrumbList\",\"@id\":\"https:\\\/\\\/kibrisdakik.com\\\/?p=8052#breadcrumb\",\"itemListElement\":[{\"@type\":\"ListItem\",\"position\":1,\"name\":\"Home\",\"item\":\"https:\\\/\\\/kibrisdakik.com\\\/\"},{\"@type\":\"ListItem\",\"position\":2,\"name\":\"Milletvekilli\u011fi, muhtar ve ihtiyar heyeti \u00fcyeli\u011fi adayl\u0131klar\u0131na itirazlar bug\u00fcnden itibaren yap\u0131labilecek\"}]},{\"@type\":\"WebSite\",\"@id\":\"https:\\\/\\\/kibrisdakik.com\\\/#website\",\"url\":\"https:\\\/\\\/kibrisdakik.com\\\/\",\"name\":\"\",\"description\":\"Tam vaktinde haber\",\"potentialAction\":[{\"@type\":\"SearchAction\",\"target\":{\"@type\":\"EntryPoint\",\"urlTemplate\":\"https:\\\/\\\/kibrisdakik.com\\\/?s={search_term_string}\"},\"query-input\":{\"@type\":\"PropertyValueSpecification\",\"valueRequired\":true,\"valueName\":\"search_term_string\"}}],\"inLanguage\":\"tr\"},{\"@type\":\"Person\",\"@id\":\"https:\\\/\\\/kibrisdakik.com\\\/#\\\/schema\\\/person\\\/9cd9d437bbb44f72b73ba127e06d8e79\",\"name\":\"admin\",\"image\":{\"@type\":\"ImageObject\",\"inLanguage\":\"tr\",\"@id\":\"https:\\\/\\\/secure.gravatar.com\\\/avatar\\\/ccc17943b9d660506c869530f897617f7cb1c21a4bf30023f252596d83e1f007?s=96&d=mm&r=g\",\"url\":\"https:\\\/\\\/secure.gravatar.com\\\/avatar\\\/ccc17943b9d660506c869530f897617f7cb1c21a4bf30023f252596d83e1f007?s=96&d=mm&r=g\",\"contentUrl\":\"https:\\\/\\\/secure.gravatar.com\\\/avatar\\\/ccc17943b9d660506c869530f897617f7cb1c21a4bf30023f252596d83e1f007?s=96&d=mm&r=g\",\"caption\":\"admin\"},\"sameAs\":[\"https:\\\/\\\/kibrisdakik.com\"],\"url\":\"https:\\\/\\\/kibrisdakik.com\\\/?author=1\"}]}<\/script>\n<!-- \/ Yoast SEO plugin. -->","yoast_head_json":{"title":"Milletvekilli\u011fi, muhtar ve ihtiyar heyeti \u00fcyeli\u011fi adayl\u0131klar\u0131na itirazlar bug\u00fcnden itibaren yap\u0131labilecek -","robots":{"index":"index","follow":"follow","max-snippet":"max-snippet:-1","max-image-preview":"max-image-preview:large","max-video-preview":"max-video-preview:-1"},"canonical":"https:\/\/kibrisdakik.com\/?p=8052","og_locale":"tr_TR","og_type":"article","og_title":"Milletvekilli\u011fi, muhtar ve ihtiyar heyeti \u00fcyeli\u011fi adayl\u0131klar\u0131na itirazlar bug\u00fcnden itibaren yap\u0131labilecek -","og_description":"Y\u00fcksek Se\u00e7im Kurulu, 25 Haziran\u2019da yap\u0131lacak Milletvekilli\u011fi ve Yerel Kurulu\u015f Organlar\u0131 Ara Se\u00e7iminde d\u00fcn ge\u00e7ici olarak ilan edilen milletvekilli\u011fi, muhtar ve ihtiyar heyeti \u00fcyeli\u011fi adayl\u0131klar\u0131na her t\u00fcrl\u00fc yasal itiraz\u0131n bug\u00fcnden itibaren yap\u0131labilece\u011fini a\u00e7\u0131klad\u0131. Y\u00fcksek Se\u00e7im Kurulu, yar\u0131na kadar devam edecek itirazlar\u0131n 08.00-17.00 saatleri aras\u0131nda \u0130l\u00e7e Se\u00e7im Kurulu\u2019na yap\u0131labilece\u011fini duyurdu. 25 Haziran ara se\u00e7imlerinde, 6\u2019s\u0131 siyasi","og_url":"https:\/\/kibrisdakik.com\/?p=8052","article_published_time":"2023-06-02T07:09:33+00:00","og_image":[{"width":720,"height":404,"url":"https:\/\/kibrisdakik.com\/wp-content\/uploads\/2023\/05\/YSk-66kk.jpg","type":"image\/jpeg"}],"author":"admin","twitter_card":"summary_large_image","twitter_misc":{"Yazan:":"admin","Tahmini okuma s\u00fcresi":"1 dakika"},"schema":{"@context":"https:\/\/schema.org","@graph":[{"@type":"Article","@id":"https:\/\/kibrisdakik.com\/?p=8052#article","isPartOf":{"@id":"https:\/\/kibrisdakik.com\/?p=8052"},"author":{"name":"admin","@id":"https:\/\/kibrisdakik.com\/#\/schema\/person\/9cd9d437bbb44f72b73ba127e06d8e79"},"headline":"Milletvekilli\u011fi, muhtar ve ihtiyar heyeti \u00fcyeli\u011fi adayl\u0131klar\u0131na itirazlar bug\u00fcnden itibaren yap\u0131labilecek","datePublished":"2023-06-02T07:09:33+00:00","mainEntityOfPage":{"@id":"https:\/\/kibrisdakik.com\/?p=8052"},"wordCount":118,"commentCount":0,"image":{"@id":"https:\/\/kibrisdakik.com\/?p=8052#primaryimage"},"thumbnailUrl":"https:\/\/kibrisdakik.com\/wp-content\/uploads\/2023\/05\/YSk-66kk.jpg","articleSection":["G\u00fcndem"],"inLanguage":"tr","potentialAction":[{"@type":"CommentAction","name":"Comment","target":["https:\/\/kibrisdakik.com\/?p=8052#respond"]}]},{"@type":"WebPage","@id":"https:\/\/kibrisdakik.com\/?p=8052","url":"https:\/\/kibrisdakik.com\/?p=8052","name":"Milletvekilli\u011fi, muhtar ve ihtiyar heyeti \u00fcyeli\u011fi adayl\u0131klar\u0131na itirazlar bug\u00fcnden itibaren yap\u0131labilecek -","isPartOf":{"@id":"https:\/\/kibrisdakik.com\/#website"},"primaryImageOfPage":{"@id":"https:\/\/kibrisdakik.com\/?p=8052#primaryimage"},"image":{"@id":"https:\/\/kibrisdakik.com\/?p=8052#primaryimage"},"thumbnailUrl":"https:\/\/kibrisdakik.com\/wp-content\/uploads\/2023\/05\/YSk-66kk.jpg","datePublished":"2023-06-02T07:09:33+00:00","author":{"@id":"https:\/\/kibrisdakik.com\/#\/schema\/person\/9cd9d437bbb44f72b73ba127e06d8e79"},"breadcrumb":{"@id":"https:\/\/kibrisdakik.com\/?p=8052#breadcrumb"},"inLanguage":"tr","potentialAction":[{"@type":"ReadAction","target":["https:\/\/kibrisdakik.com\/?p=8052"]}]},{"@type":"ImageObject","inLanguage":"tr","@id":"https:\/\/kibrisdakik.com\/?p=8052#primaryimage","url":"https:\/\/kibrisdakik.com\/wp-content\/uploads\/2023\/05\/YSk-66kk.jpg","contentUrl":"https:\/\/kibrisdakik.com\/wp-content\/uploads\/2023\/05\/YSk-66kk.jpg","width":720,"height":404},{"@type":"BreadcrumbList","@id":"https:\/\/kibrisdakik.com\/?p=8052#breadcrumb","itemListElement":[{"@type":"ListItem","position":1,"name":"Home","item":"https:\/\/kibrisdakik.com\/"},{"@type":"ListItem","position":2,"name":"Milletvekilli\u011fi, muhtar ve ihtiyar heyeti \u00fcyeli\u011fi adayl\u0131klar\u0131na itirazlar bug\u00fcnden itibaren yap\u0131labilecek"}]},{"@type":"WebSite","@id":"https:\/\/kibrisdakik.com\/#website","url":"https:\/\/kibrisdakik.com\/","name":"","description":"Tam vaktinde haber","potentialAction":[{"@type":"SearchAction","target":{"@type":"EntryPoint","urlTemplate":"https:\/\/kibrisdakik.com\/?s={search_term_string}"},"query-input":{"@type":"PropertyValueSpecification","valueRequired":true,"valueName":"search_term_string"}}],"inLanguage":"tr"},{"@type":"Person","@id":"https:\/\/kibrisdakik.com\/#\/schema\/person\/9cd9d437bbb44f72b73ba127e06d8e79","name":"admin","image":{"@type":"ImageObject","inLanguage":"tr","@id":"https:\/\/secure.gravatar.com\/avatar\/ccc17943b9d660506c869530f897617f7cb1c21a4bf30023f252596d83e1f007?s=96&d=mm&r=g","url":"https:\/\/secure.gravatar.com\/avatar\/ccc17943b9d660506c869530f897617f7cb1c21a4bf30023f252596d83e1f007?s=96&d=mm&r=g","contentUrl":"https:\/\/secure.gravatar.com\/avatar\/ccc17943b9d660506c869530f897617f7cb1c21a4bf30023f252596d83e1f007?s=96&d=mm&r=g","caption":"admin"},"sameAs":["https:\/\/kibrisdakik.com"],"url":"https:\/\/kibrisdakik.com\/?author=1"}]}},"_links":{"self":[{"href":"https:\/\/kibrisdakik.com\/index.php?rest_route=\/wp\/v2\/posts\/8052","targetHints":{"allow":["GET"]}}],"collection":[{"href":"https:\/\/kibrisdakik.com\/index.php?rest_route=\/wp\/v2\/posts"}],"about":[{"href":"https:\/\/kibrisdakik.com\/index.php?rest_route=\/wp\/v2\/types\/post"}],"author":[{"embeddable":true,"href":"https:\/\/kibrisdakik.com\/index.php?rest_route=\/wp\/v2\/users\/1"}],"replies":[{"embeddable":true,"href":"https:\/\/kibrisdakik.com\/index.php?rest_route=%2Fwp%2Fv2%2Fcomments&post=8052"}],"version-history":[{"count":0,"href":"https:\/\/kibrisdakik.com\/index.php?rest_route=\/wp\/v2\/posts\/8052\/revisions"}],"wp:featuredmedia":[{"embeddable":true,"href":"https:\/\/kibrisdakik.com\/index.php?rest_route=\/wp\/v2\/media\/7430"}],"wp:attachment":[{"href":"https:\/\/kibrisdakik.com\/index.php?rest_route=%2Fwp%2Fv2%2Fmedia&parent=8052"}],"wp:term":[{"taxonomy":"category","embeddable":true,"href":"https:\/\/kibrisdakik.com\/index.php?rest_route=%2Fwp%2Fv2%2Fcategories&post=8052"},{"taxonomy":"post_tag","embeddable":true,"href":"https:\/\/kibrisdakik.com\/index.php?rest_route=%2Fwp%2Fv2%2Ftags&post=8052"}],"curies":[{"name":"wp","href":"https:\/\/api.w.org\/{rel}","templated":true}]}}