{"id":80635,"date":"2025-04-20T16:51:13","date_gmt":"2025-04-20T13:51:13","guid":{"rendered":"https:\/\/kibrisdakik.com\/index.php\/2025\/04\/20\/akcayda-cocuk-ve-bahar-%e1%b9%a3enligi-duzenlendi\/"},"modified":"2025-04-20T16:51:13","modified_gmt":"2025-04-20T13:51:13","slug":"akcayda-cocuk-ve-bahar-%e1%b9%a3enligi-duzenlendi","status":"publish","type":"post","link":"https:\/\/kibrisdakik.com\/?p=80635","title":{"rendered":"Ak\u00e7ay\u2019da \u00c7ocuk ve Bahar \u1e62enli\u011fi d\u00fczenlendi"},"content":{"rendered":"<div>\n<div class=\"mariselle-image-container center\">\n                                            <\/div>\n<p>23 Nisan Ulusal Egemenlik ve \u00c7ocuk Bayram\u0131 etkinlikleri \u00e7er\u00e7evesinde, Ak\u00e7ay Muhtarl\u0131\u011f\u0131 \u00c7ocuk ve Bahar \u1e62enli\u011fi d\u00fczenledi.<\/p>\n<p>Ak\u00e7ay Rauf Raif Denkta\u015f Park\u0131\u2019nda yer alan etkinlik, renkli g\u00f6r\u00fcnt\u00fclere ev sahipli\u011fi yapt\u0131.<\/p>\n<p>Etkinli\u011fin a\u00e7\u0131l\u0131\u015f konu\u015fmas\u0131 Ak\u00e7ay Muhtar\u0131 U\u011fur Derelik\u00f6yl\u00fc taraf\u0131ndan yap\u0131ld\u0131.<\/p>\n<p>Derelik\u00f6yl\u00fc, etkinli\u011fin bir payla\u015f\u0131m ve i\u015fbirli\u011fi ruhunun sonucu oldu\u011funu belirterek, etkinli\u011fe destek veren herkese te\u015fekk\u00fcr etti.<\/p>\n<p>\u00a0B\u00f6lgenin b\u00f6yle etkinliklere ihtiyac\u0131 oldu\u011funa dikkati \u00e7eken Derelik\u00f6yl\u00fc, b\u00f6lgedeki insanlar\u0131 kendi yerlerinde tutman\u0131n b\u00fcy\u00fck \u00f6nem ta\u015f\u0131d\u0131\u011f\u0131n\u0131 ve buna y\u00f6nelik projelerin artmas\u0131 gerekti\u011fini ifade etti.<\/p>\n<p>G\u00fczelyurt Belediye Ba\u015fkan\u0131 Mahmut \u00d6z\u00e7\u0131nar da muhtarl\u0131\u011f\u0131n b\u00f6yle bir etkinli\u011fe \u00f6nc\u00fcl\u00fck etmesinin \u00f6nemine vurgu yaparak, etkinli\u011fin bir gelenek haline d\u00f6n\u00fc\u015ft\u00fcr\u00fclmesini diledi.<\/p>\n<p>\u00c7ocuklar\u0131n bu t\u00fcr etkinliklerle bir araya gelmesinin mutluluk verici oldu\u011funu kaydeden \u00d6z\u00e7\u0131nar, t\u00fcm \u00e7ocuklara e\u011flence dolu bir g\u00fcn diledi.<\/p>\n<p>Konu\u015fmalar\u0131n ard\u0131ndan \u00e7e\u015fitli dans g\u00f6sterileri sunuldu.<\/p>\n<p>G\u00fcn boyunca s\u00fcren etkinlikte, \u00e7ocuklara \u00e7e\u015fitli hediyeler da\u011f\u0131t\u0131ld\u0131.<\/p>\n<p>Etkinlikte \u00e7ocuklar \u00e7e\u015fitli yar\u0131\u015fmalar ve aktivitelerle e\u011flenme imkan\u0131 buldu.<\/p>\n<p>\u00a0<\/p>\n<\/p><\/div>\n<p><script async\n                    defer\n                    crossorigin=\"anonymous\"\n                    src=\"https:\/\/connect.facebook.net\/tr_TR\/sdk.js#xfbml=1&#038;version=v3.3\"\n            ><\/script><\/p>\n","protected":false},"excerpt":{"rendered":"<p>23 Nisan Ulusal Egemenlik ve \u00c7ocuk Bayram\u0131 etkinlikleri \u00e7er\u00e7evesinde, Ak\u00e7ay Muhtarl\u0131\u011f\u0131 \u00c7ocuk ve Bahar \u1e62enli\u011fi d\u00fczenledi. Ak\u00e7ay Rauf Raif Denkta\u015f Park\u0131\u2019nda yer alan etkinlik, renkli g\u00f6r\u00fcnt\u00fclere ev sahipli\u011fi yapt\u0131. Etkinli\u011fin a\u00e7\u0131l\u0131\u015f konu\u015fmas\u0131 Ak\u00e7ay Muhtar\u0131 U\u011fur Derelik\u00f6yl\u00fc taraf\u0131ndan yap\u0131ld\u0131. Derelik\u00f6yl\u00fc, etkinli\u011fin bir payla\u015f\u0131m ve i\u015fbirli\u011fi ruhunun sonucu oldu\u011funu belirterek, etkinli\u011fe destek veren herkese te\u015fekk\u00fcr etti. \u00a0B\u00f6lgenin<\/p>\n","protected":false},"author":1,"featured_media":80636,"comment_status":"open","ping_status":"open","sticky":false,"template":"","format":"standard","meta":{"footnotes":""},"categories":[81,101],"tags":[],"class_list":["post-80635","post","type-post","status-publish","format-standard","has-post-thumbnail","hentry","category-kibris","category-manset"],"yoast_head":"<!-- This site is optimized with the Yoast SEO plugin v27.4 - https:\/\/yoast.com\/product\/yoast-seo-wordpress\/ -->\n<title>Ak\u00e7ay\u2019da \u00c7ocuk ve Bahar \u1e62enli\u011fi d\u00fczenlendi -<\/title>\n<meta name=\"robots\" content=\"index, follow, max-snippet:-1, max-image-preview:large, max-video-preview:-1\" \/>\n<link rel=\"canonical\" href=\"https:\/\/kibrisdakik.com\/?p=80635\" \/>\n<meta property=\"og:locale\" content=\"tr_TR\" \/>\n<meta property=\"og:type\" content=\"article\" \/>\n<meta property=\"og:title\" content=\"Ak\u00e7ay\u2019da \u00c7ocuk ve Bahar \u1e62enli\u011fi d\u00fczenlendi -\" \/>\n<meta property=\"og:description\" content=\"23 Nisan Ulusal Egemenlik ve \u00c7ocuk Bayram\u0131 etkinlikleri \u00e7er\u00e7evesinde, Ak\u00e7ay Muhtarl\u0131\u011f\u0131 \u00c7ocuk ve Bahar \u1e62enli\u011fi d\u00fczenledi. Ak\u00e7ay Rauf Raif Denkta\u015f Park\u0131\u2019nda yer alan etkinlik, renkli g\u00f6r\u00fcnt\u00fclere ev sahipli\u011fi yapt\u0131. Etkinli\u011fin a\u00e7\u0131l\u0131\u015f konu\u015fmas\u0131 Ak\u00e7ay Muhtar\u0131 U\u011fur Derelik\u00f6yl\u00fc taraf\u0131ndan yap\u0131ld\u0131. Derelik\u00f6yl\u00fc, etkinli\u011fin bir payla\u015f\u0131m ve i\u015fbirli\u011fi ruhunun sonucu oldu\u011funu belirterek, etkinli\u011fe destek veren herkese te\u015fekk\u00fcr etti. \u00a0B\u00f6lgenin\" \/>\n<meta property=\"og:url\" content=\"https:\/\/kibrisdakik.com\/?p=80635\" \/>\n<meta property=\"article:published_time\" content=\"2025-04-20T13:51:13+00:00\" \/>\n<meta property=\"og:image\" content=\"https:\/\/kibrisdakik.com\/wp-content\/uploads\/2025\/04\/InShot_20250420_170700226-scaled-740x420.jpg\" \/>\n\t<meta property=\"og:image:width\" content=\"2560\" \/>\n\t<meta property=\"og:image:height\" content=\"1439\" \/>\n\t<meta property=\"og:image:type\" content=\"image\/jpeg\" \/>\n<meta name=\"author\" content=\"admin\" \/>\n<meta name=\"twitter:card\" content=\"summary_large_image\" \/>\n<meta name=\"twitter:label1\" content=\"Yazan:\" \/>\n\t<meta name=\"twitter:data1\" content=\"admin\" \/>\n\t<meta name=\"twitter:label2\" content=\"Tahmini okuma s\u00fcresi\" \/>\n\t<meta name=\"twitter:data2\" content=\"1 dakika\" \/>\n<script type=\"application\/ld+json\" class=\"yoast-schema-graph\">{\"@context\":\"https:\\\/\\\/schema.org\",\"@graph\":[{\"@type\":\"Article\",\"@id\":\"https:\\\/\\\/kibrisdakik.com\\\/?p=80635#article\",\"isPartOf\":{\"@id\":\"https:\\\/\\\/kibrisdakik.com\\\/?p=80635\"},\"author\":{\"name\":\"admin\",\"@id\":\"https:\\\/\\\/kibrisdakik.com\\\/#\\\/schema\\\/person\\\/9cd9d437bbb44f72b73ba127e06d8e79\"},\"headline\":\"Ak\u00e7ay\u2019da \u00c7ocuk ve Bahar \u1e62enli\u011fi d\u00fczenlendi\",\"datePublished\":\"2025-04-20T13:51:13+00:00\",\"mainEntityOfPage\":{\"@id\":\"https:\\\/\\\/kibrisdakik.com\\\/?p=80635\"},\"wordCount\":222,\"commentCount\":0,\"image\":{\"@id\":\"https:\\\/\\\/kibrisdakik.com\\\/?p=80635#primaryimage\"},\"thumbnailUrl\":\"https:\\\/\\\/kibrisdakik.com\\\/wp-content\\\/uploads\\\/2025\\\/04\\\/InShot_20250420_170700226-scaled-740x420.jpg\",\"articleSection\":[\"K\u0131br\u0131s\",\"Man\u015fet\"],\"inLanguage\":\"tr\",\"potentialAction\":[{\"@type\":\"CommentAction\",\"name\":\"Comment\",\"target\":[\"https:\\\/\\\/kibrisdakik.com\\\/?p=80635#respond\"]}]},{\"@type\":\"WebPage\",\"@id\":\"https:\\\/\\\/kibrisdakik.com\\\/?p=80635\",\"url\":\"https:\\\/\\\/kibrisdakik.com\\\/?p=80635\",\"name\":\"Ak\u00e7ay\u2019da \u00c7ocuk ve Bahar \u1e62enli\u011fi d\u00fczenlendi -\",\"isPartOf\":{\"@id\":\"https:\\\/\\\/kibrisdakik.com\\\/#website\"},\"primaryImageOfPage\":{\"@id\":\"https:\\\/\\\/kibrisdakik.com\\\/?p=80635#primaryimage\"},\"image\":{\"@id\":\"https:\\\/\\\/kibrisdakik.com\\\/?p=80635#primaryimage\"},\"thumbnailUrl\":\"https:\\\/\\\/kibrisdakik.com\\\/wp-content\\\/uploads\\\/2025\\\/04\\\/InShot_20250420_170700226-scaled-740x420.jpg\",\"datePublished\":\"2025-04-20T13:51:13+00:00\",\"author\":{\"@id\":\"https:\\\/\\\/kibrisdakik.com\\\/#\\\/schema\\\/person\\\/9cd9d437bbb44f72b73ba127e06d8e79\"},\"breadcrumb\":{\"@id\":\"https:\\\/\\\/kibrisdakik.com\\\/?p=80635#breadcrumb\"},\"inLanguage\":\"tr\",\"potentialAction\":[{\"@type\":\"ReadAction\",\"target\":[\"https:\\\/\\\/kibrisdakik.com\\\/?p=80635\"]}]},{\"@type\":\"ImageObject\",\"inLanguage\":\"tr\",\"@id\":\"https:\\\/\\\/kibrisdakik.com\\\/?p=80635#primaryimage\",\"url\":\"https:\\\/\\\/kibrisdakik.com\\\/wp-content\\\/uploads\\\/2025\\\/04\\\/InShot_20250420_170700226-scaled-740x420.jpg\",\"contentUrl\":\"https:\\\/\\\/kibrisdakik.com\\\/wp-content\\\/uploads\\\/2025\\\/04\\\/InShot_20250420_170700226-scaled-740x420.jpg\",\"width\":2560,\"height\":1439},{\"@type\":\"BreadcrumbList\",\"@id\":\"https:\\\/\\\/kibrisdakik.com\\\/?p=80635#breadcrumb\",\"itemListElement\":[{\"@type\":\"ListItem\",\"position\":1,\"name\":\"Home\",\"item\":\"https:\\\/\\\/kibrisdakik.com\\\/\"},{\"@type\":\"ListItem\",\"position\":2,\"name\":\"Ak\u00e7ay\u2019da \u00c7ocuk ve Bahar \u1e62enli\u011fi d\u00fczenlendi\"}]},{\"@type\":\"WebSite\",\"@id\":\"https:\\\/\\\/kibrisdakik.com\\\/#website\",\"url\":\"https:\\\/\\\/kibrisdakik.com\\\/\",\"name\":\"\",\"description\":\"Tam vaktinde haber\",\"potentialAction\":[{\"@type\":\"SearchAction\",\"target\":{\"@type\":\"EntryPoint\",\"urlTemplate\":\"https:\\\/\\\/kibrisdakik.com\\\/?s={search_term_string}\"},\"query-input\":{\"@type\":\"PropertyValueSpecification\",\"valueRequired\":true,\"valueName\":\"search_term_string\"}}],\"inLanguage\":\"tr\"},{\"@type\":\"Person\",\"@id\":\"https:\\\/\\\/kibrisdakik.com\\\/#\\\/schema\\\/person\\\/9cd9d437bbb44f72b73ba127e06d8e79\",\"name\":\"admin\",\"image\":{\"@type\":\"ImageObject\",\"inLanguage\":\"tr\",\"@id\":\"https:\\\/\\\/secure.gravatar.com\\\/avatar\\\/ccc17943b9d660506c869530f897617f7cb1c21a4bf30023f252596d83e1f007?s=96&d=mm&r=g\",\"url\":\"https:\\\/\\\/secure.gravatar.com\\\/avatar\\\/ccc17943b9d660506c869530f897617f7cb1c21a4bf30023f252596d83e1f007?s=96&d=mm&r=g\",\"contentUrl\":\"https:\\\/\\\/secure.gravatar.com\\\/avatar\\\/ccc17943b9d660506c869530f897617f7cb1c21a4bf30023f252596d83e1f007?s=96&d=mm&r=g\",\"caption\":\"admin\"},\"sameAs\":[\"https:\\\/\\\/kibrisdakik.com\"],\"url\":\"https:\\\/\\\/kibrisdakik.com\\\/?author=1\"}]}<\/script>\n<!-- \/ Yoast SEO plugin. -->","yoast_head_json":{"title":"Ak\u00e7ay\u2019da \u00c7ocuk ve Bahar \u1e62enli\u011fi d\u00fczenlendi -","robots":{"index":"index","follow":"follow","max-snippet":"max-snippet:-1","max-image-preview":"max-image-preview:large","max-video-preview":"max-video-preview:-1"},"canonical":"https:\/\/kibrisdakik.com\/?p=80635","og_locale":"tr_TR","og_type":"article","og_title":"Ak\u00e7ay\u2019da \u00c7ocuk ve Bahar \u1e62enli\u011fi d\u00fczenlendi -","og_description":"23 Nisan Ulusal Egemenlik ve \u00c7ocuk Bayram\u0131 etkinlikleri \u00e7er\u00e7evesinde, Ak\u00e7ay Muhtarl\u0131\u011f\u0131 \u00c7ocuk ve Bahar \u1e62enli\u011fi d\u00fczenledi. Ak\u00e7ay Rauf Raif Denkta\u015f Park\u0131\u2019nda yer alan etkinlik, renkli g\u00f6r\u00fcnt\u00fclere ev sahipli\u011fi yapt\u0131. Etkinli\u011fin a\u00e7\u0131l\u0131\u015f konu\u015fmas\u0131 Ak\u00e7ay Muhtar\u0131 U\u011fur Derelik\u00f6yl\u00fc taraf\u0131ndan yap\u0131ld\u0131. Derelik\u00f6yl\u00fc, etkinli\u011fin bir payla\u015f\u0131m ve i\u015fbirli\u011fi ruhunun sonucu oldu\u011funu belirterek, etkinli\u011fe destek veren herkese te\u015fekk\u00fcr etti. \u00a0B\u00f6lgenin","og_url":"https:\/\/kibrisdakik.com\/?p=80635","article_published_time":"2025-04-20T13:51:13+00:00","og_image":[{"width":2560,"height":1439,"url":"https:\/\/kibrisdakik.com\/wp-content\/uploads\/2025\/04\/InShot_20250420_170700226-scaled-740x420.jpg","type":"image\/jpeg"}],"author":"admin","twitter_card":"summary_large_image","twitter_misc":{"Yazan:":"admin","Tahmini okuma s\u00fcresi":"1 dakika"},"schema":{"@context":"https:\/\/schema.org","@graph":[{"@type":"Article","@id":"https:\/\/kibrisdakik.com\/?p=80635#article","isPartOf":{"@id":"https:\/\/kibrisdakik.com\/?p=80635"},"author":{"name":"admin","@id":"https:\/\/kibrisdakik.com\/#\/schema\/person\/9cd9d437bbb44f72b73ba127e06d8e79"},"headline":"Ak\u00e7ay\u2019da \u00c7ocuk ve Bahar \u1e62enli\u011fi d\u00fczenlendi","datePublished":"2025-04-20T13:51:13+00:00","mainEntityOfPage":{"@id":"https:\/\/kibrisdakik.com\/?p=80635"},"wordCount":222,"commentCount":0,"image":{"@id":"https:\/\/kibrisdakik.com\/?p=80635#primaryimage"},"thumbnailUrl":"https:\/\/kibrisdakik.com\/wp-content\/uploads\/2025\/04\/InShot_20250420_170700226-scaled-740x420.jpg","articleSection":["K\u0131br\u0131s","Man\u015fet"],"inLanguage":"tr","potentialAction":[{"@type":"CommentAction","name":"Comment","target":["https:\/\/kibrisdakik.com\/?p=80635#respond"]}]},{"@type":"WebPage","@id":"https:\/\/kibrisdakik.com\/?p=80635","url":"https:\/\/kibrisdakik.com\/?p=80635","name":"Ak\u00e7ay\u2019da \u00c7ocuk ve Bahar \u1e62enli\u011fi d\u00fczenlendi -","isPartOf":{"@id":"https:\/\/kibrisdakik.com\/#website"},"primaryImageOfPage":{"@id":"https:\/\/kibrisdakik.com\/?p=80635#primaryimage"},"image":{"@id":"https:\/\/kibrisdakik.com\/?p=80635#primaryimage"},"thumbnailUrl":"https:\/\/kibrisdakik.com\/wp-content\/uploads\/2025\/04\/InShot_20250420_170700226-scaled-740x420.jpg","datePublished":"2025-04-20T13:51:13+00:00","author":{"@id":"https:\/\/kibrisdakik.com\/#\/schema\/person\/9cd9d437bbb44f72b73ba127e06d8e79"},"breadcrumb":{"@id":"https:\/\/kibrisdakik.com\/?p=80635#breadcrumb"},"inLanguage":"tr","potentialAction":[{"@type":"ReadAction","target":["https:\/\/kibrisdakik.com\/?p=80635"]}]},{"@type":"ImageObject","inLanguage":"tr","@id":"https:\/\/kibrisdakik.com\/?p=80635#primaryimage","url":"https:\/\/kibrisdakik.com\/wp-content\/uploads\/2025\/04\/InShot_20250420_170700226-scaled-740x420.jpg","contentUrl":"https:\/\/kibrisdakik.com\/wp-content\/uploads\/2025\/04\/InShot_20250420_170700226-scaled-740x420.jpg","width":2560,"height":1439},{"@type":"BreadcrumbList","@id":"https:\/\/kibrisdakik.com\/?p=80635#breadcrumb","itemListElement":[{"@type":"ListItem","position":1,"name":"Home","item":"https:\/\/kibrisdakik.com\/"},{"@type":"ListItem","position":2,"name":"Ak\u00e7ay\u2019da \u00c7ocuk ve Bahar \u1e62enli\u011fi d\u00fczenlendi"}]},{"@type":"WebSite","@id":"https:\/\/kibrisdakik.com\/#website","url":"https:\/\/kibrisdakik.com\/","name":"","description":"Tam vaktinde haber","potentialAction":[{"@type":"SearchAction","target":{"@type":"EntryPoint","urlTemplate":"https:\/\/kibrisdakik.com\/?s={search_term_string}"},"query-input":{"@type":"PropertyValueSpecification","valueRequired":true,"valueName":"search_term_string"}}],"inLanguage":"tr"},{"@type":"Person","@id":"https:\/\/kibrisdakik.com\/#\/schema\/person\/9cd9d437bbb44f72b73ba127e06d8e79","name":"admin","image":{"@type":"ImageObject","inLanguage":"tr","@id":"https:\/\/secure.gravatar.com\/avatar\/ccc17943b9d660506c869530f897617f7cb1c21a4bf30023f252596d83e1f007?s=96&d=mm&r=g","url":"https:\/\/secure.gravatar.com\/avatar\/ccc17943b9d660506c869530f897617f7cb1c21a4bf30023f252596d83e1f007?s=96&d=mm&r=g","contentUrl":"https:\/\/secure.gravatar.com\/avatar\/ccc17943b9d660506c869530f897617f7cb1c21a4bf30023f252596d83e1f007?s=96&d=mm&r=g","caption":"admin"},"sameAs":["https:\/\/kibrisdakik.com"],"url":"https:\/\/kibrisdakik.com\/?author=1"}]}},"_links":{"self":[{"href":"https:\/\/kibrisdakik.com\/index.php?rest_route=\/wp\/v2\/posts\/80635","targetHints":{"allow":["GET"]}}],"collection":[{"href":"https:\/\/kibrisdakik.com\/index.php?rest_route=\/wp\/v2\/posts"}],"about":[{"href":"https:\/\/kibrisdakik.com\/index.php?rest_route=\/wp\/v2\/types\/post"}],"author":[{"embeddable":true,"href":"https:\/\/kibrisdakik.com\/index.php?rest_route=\/wp\/v2\/users\/1"}],"replies":[{"embeddable":true,"href":"https:\/\/kibrisdakik.com\/index.php?rest_route=%2Fwp%2Fv2%2Fcomments&post=80635"}],"version-history":[{"count":0,"href":"https:\/\/kibrisdakik.com\/index.php?rest_route=\/wp\/v2\/posts\/80635\/revisions"}],"wp:featuredmedia":[{"embeddable":true,"href":"https:\/\/kibrisdakik.com\/index.php?rest_route=\/wp\/v2\/media\/80636"}],"wp:attachment":[{"href":"https:\/\/kibrisdakik.com\/index.php?rest_route=%2Fwp%2Fv2%2Fmedia&parent=80635"}],"wp:term":[{"taxonomy":"category","embeddable":true,"href":"https:\/\/kibrisdakik.com\/index.php?rest_route=%2Fwp%2Fv2%2Fcategories&post=80635"},{"taxonomy":"post_tag","embeddable":true,"href":"https:\/\/kibrisdakik.com\/index.php?rest_route=%2Fwp%2Fv2%2Ftags&post=80635"}],"curies":[{"name":"wp","href":"https:\/\/api.w.org\/{rel}","templated":true}]}}