{"id":80699,"date":"2025-04-21T14:58:29","date_gmt":"2025-04-21T11:58:29","guid":{"rendered":"https:\/\/kibrisdakik.com\/index.php\/2025\/04\/21\/akpinar-nefret-soylemini-siddetle-kiniyoruz\/"},"modified":"2025-04-21T14:58:29","modified_gmt":"2025-04-21T11:58:29","slug":"akpinar-nefret-soylemini-siddetle-kiniyoruz","status":"publish","type":"post","link":"https:\/\/kibrisdakik.com\/?p=80699","title":{"rendered":"Akp\u0131nar: Nefret s\u00f6ylemini \u015fiddetle k\u0131n\u0131yoruz"},"content":{"rendered":"<div>\n<div class=\"mariselle-image-container center\">\n                                            <\/div>\n<p>Ba\u015fpiskopas\u2019a bir tepki de Demokrat Parti\u2019den geldi.<\/p>\n<p>Parti Genel Sekreteri Serhat Akp\u0131nar, \u201cNefret s\u00f6ylemini \u015fiddetle k\u0131n\u0131yoruz\u201d dedi.<\/p>\n<p>Demokrat Parti, Rum Ortodoks Kilisesi Ba\u015fpiskoposu\u2019nun Paskalya mesaj\u0131nda K\u0131br\u0131s T\u00fcrk halk\u0131na y\u00f6nelik sarf etti\u011fi ifadeleri k\u0131nad\u0131.<\/p>\n<p>DP Genel Sekreteri Serhat Akp\u0131nar yapt\u0131\u011f\u0131 a\u00e7\u0131klamada, Ba\u015fpiskopos\u2019un ifadelerinin nefret s\u00f6ylemi i\u00e7erdi\u011fini belirterek, bu t\u00fcr yakla\u015f\u0131mlar\u0131n bar\u0131\u015fa ve toplumsal birlikte ya\u015fama k\u00fclt\u00fcr\u00fcne zarar verdi\u011fine dikkat \u00e7ekti.<\/p>\n<p>Akp\u0131nar a\u00e7\u0131klamas\u0131nda, \u201cBar\u0131\u015fa, kar\u015f\u0131l\u0131kl\u0131 sayg\u0131ya ve birlikte ya\u015fama k\u00fclt\u00fcr\u00fcne ihtiya\u00e7 duydu\u011fumuz bir d\u00f6nemde, dini makamlar\u0131n bu t\u00fcr ayr\u0131\u015ft\u0131r\u0131c\u0131 ve k\u0131\u015fk\u0131rt\u0131c\u0131 ifadelerden uzak durmas\u0131 gerekti\u011fini bir kez daha hat\u0131rlat\u0131yoruz\u201d dedi.<\/p>\n<p>K\u0131br\u0131s T\u00fcrk halk\u0131n\u0131n bu adada e\u015fit haklara ve onurlu bir varolu\u015fa sahip oldu\u011funun alt\u0131n\u0131 \u00e7izen Akp\u0131nar, bu ger\u00e7e\u011fi hedef alan hi\u00e7bir s\u00f6ylemin kar\u015f\u0131l\u0131ks\u0131z kalmayaca\u011f\u0131n\u0131 vurgulad\u0131.<\/p>\n<\/p><\/div>\n<p><script async\n                    defer\n                    crossorigin=\"anonymous\"\n                    src=\"https:\/\/connect.facebook.net\/tr_TR\/sdk.js#xfbml=1&#038;version=v3.3\"\n            ><\/script><\/p>\n","protected":false},"excerpt":{"rendered":"<p>Ba\u015fpiskopas\u2019a bir tepki de Demokrat Parti\u2019den geldi. Parti Genel Sekreteri Serhat Akp\u0131nar, \u201cNefret s\u00f6ylemini \u015fiddetle k\u0131n\u0131yoruz\u201d dedi. Demokrat Parti, Rum Ortodoks Kilisesi Ba\u015fpiskoposu\u2019nun Paskalya mesaj\u0131nda K\u0131br\u0131s T\u00fcrk halk\u0131na y\u00f6nelik sarf etti\u011fi ifadeleri k\u0131nad\u0131. DP Genel Sekreteri Serhat Akp\u0131nar yapt\u0131\u011f\u0131 a\u00e7\u0131klamada, Ba\u015fpiskopos\u2019un ifadelerinin nefret s\u00f6ylemi i\u00e7erdi\u011fini belirterek, bu t\u00fcr yakla\u015f\u0131mlar\u0131n bar\u0131\u015fa ve toplumsal birlikte ya\u015fama k\u00fclt\u00fcr\u00fcne<\/p>\n","protected":false},"author":1,"featured_media":73052,"comment_status":"open","ping_status":"open","sticky":false,"template":"","format":"standard","meta":{"footnotes":""},"categories":[81,101],"tags":[],"class_list":["post-80699","post","type-post","status-publish","format-standard","has-post-thumbnail","hentry","category-kibris","category-manset"],"yoast_head":"<!-- This site is optimized with the Yoast SEO plugin v27.4 - https:\/\/yoast.com\/product\/yoast-seo-wordpress\/ -->\n<title>Akp\u0131nar: Nefret s\u00f6ylemini \u015fiddetle k\u0131n\u0131yoruz -<\/title>\n<meta name=\"robots\" content=\"index, follow, max-snippet:-1, max-image-preview:large, max-video-preview:-1\" \/>\n<link rel=\"canonical\" href=\"https:\/\/kibrisdakik.com\/?p=80699\" \/>\n<meta property=\"og:locale\" content=\"tr_TR\" \/>\n<meta property=\"og:type\" content=\"article\" \/>\n<meta property=\"og:title\" content=\"Akp\u0131nar: Nefret s\u00f6ylemini \u015fiddetle k\u0131n\u0131yoruz -\" \/>\n<meta property=\"og:description\" content=\"Ba\u015fpiskopas\u2019a bir tepki de Demokrat Parti\u2019den geldi. Parti Genel Sekreteri Serhat Akp\u0131nar, \u201cNefret s\u00f6ylemini \u015fiddetle k\u0131n\u0131yoruz\u201d dedi. Demokrat Parti, Rum Ortodoks Kilisesi Ba\u015fpiskoposu\u2019nun Paskalya mesaj\u0131nda K\u0131br\u0131s T\u00fcrk halk\u0131na y\u00f6nelik sarf etti\u011fi ifadeleri k\u0131nad\u0131. DP Genel Sekreteri Serhat Akp\u0131nar yapt\u0131\u011f\u0131 a\u00e7\u0131klamada, Ba\u015fpiskopos\u2019un ifadelerinin nefret s\u00f6ylemi i\u00e7erdi\u011fini belirterek, bu t\u00fcr yakla\u015f\u0131mlar\u0131n bar\u0131\u015fa ve toplumsal birlikte ya\u015fama k\u00fclt\u00fcr\u00fcne\" \/>\n<meta property=\"og:url\" content=\"https:\/\/kibrisdakik.com\/?p=80699\" \/>\n<meta property=\"article:published_time\" content=\"2025-04-21T11:58:29+00:00\" \/>\n<meta property=\"og:image\" content=\"https:\/\/kibrisdakik.com\/wp-content\/uploads\/2025\/01\/serhatakpinar-740x403.jpg\" \/>\n\t<meta property=\"og:image:width\" content=\"929\" \/>\n\t<meta property=\"og:image:height\" content=\"403\" \/>\n\t<meta property=\"og:image:type\" content=\"image\/jpeg\" \/>\n<meta name=\"author\" content=\"admin\" \/>\n<meta name=\"twitter:card\" content=\"summary_large_image\" \/>\n<meta name=\"twitter:label1\" content=\"Yazan:\" \/>\n\t<meta name=\"twitter:data1\" content=\"admin\" \/>\n\t<meta name=\"twitter:label2\" content=\"Tahmini okuma s\u00fcresi\" \/>\n\t<meta name=\"twitter:data2\" content=\"1 dakika\" \/>\n<script type=\"application\/ld+json\" class=\"yoast-schema-graph\">{\"@context\":\"https:\\\/\\\/schema.org\",\"@graph\":[{\"@type\":\"Article\",\"@id\":\"https:\\\/\\\/kibrisdakik.com\\\/?p=80699#article\",\"isPartOf\":{\"@id\":\"https:\\\/\\\/kibrisdakik.com\\\/?p=80699\"},\"author\":{\"name\":\"admin\",\"@id\":\"https:\\\/\\\/kibrisdakik.com\\\/#\\\/schema\\\/person\\\/9cd9d437bbb44f72b73ba127e06d8e79\"},\"headline\":\"Akp\u0131nar: Nefret s\u00f6ylemini \u015fiddetle k\u0131n\u0131yoruz\",\"datePublished\":\"2025-04-21T11:58:29+00:00\",\"mainEntityOfPage\":{\"@id\":\"https:\\\/\\\/kibrisdakik.com\\\/?p=80699\"},\"wordCount\":197,\"commentCount\":0,\"image\":{\"@id\":\"https:\\\/\\\/kibrisdakik.com\\\/?p=80699#primaryimage\"},\"thumbnailUrl\":\"https:\\\/\\\/kibrisdakik.com\\\/wp-content\\\/uploads\\\/2025\\\/01\\\/serhatakpinar-740x403.jpg\",\"articleSection\":[\"K\u0131br\u0131s\",\"Man\u015fet\"],\"inLanguage\":\"tr\",\"potentialAction\":[{\"@type\":\"CommentAction\",\"name\":\"Comment\",\"target\":[\"https:\\\/\\\/kibrisdakik.com\\\/?p=80699#respond\"]}]},{\"@type\":\"WebPage\",\"@id\":\"https:\\\/\\\/kibrisdakik.com\\\/?p=80699\",\"url\":\"https:\\\/\\\/kibrisdakik.com\\\/?p=80699\",\"name\":\"Akp\u0131nar: Nefret s\u00f6ylemini \u015fiddetle k\u0131n\u0131yoruz -\",\"isPartOf\":{\"@id\":\"https:\\\/\\\/kibrisdakik.com\\\/#website\"},\"primaryImageOfPage\":{\"@id\":\"https:\\\/\\\/kibrisdakik.com\\\/?p=80699#primaryimage\"},\"image\":{\"@id\":\"https:\\\/\\\/kibrisdakik.com\\\/?p=80699#primaryimage\"},\"thumbnailUrl\":\"https:\\\/\\\/kibrisdakik.com\\\/wp-content\\\/uploads\\\/2025\\\/01\\\/serhatakpinar-740x403.jpg\",\"datePublished\":\"2025-04-21T11:58:29+00:00\",\"author\":{\"@id\":\"https:\\\/\\\/kibrisdakik.com\\\/#\\\/schema\\\/person\\\/9cd9d437bbb44f72b73ba127e06d8e79\"},\"breadcrumb\":{\"@id\":\"https:\\\/\\\/kibrisdakik.com\\\/?p=80699#breadcrumb\"},\"inLanguage\":\"tr\",\"potentialAction\":[{\"@type\":\"ReadAction\",\"target\":[\"https:\\\/\\\/kibrisdakik.com\\\/?p=80699\"]}]},{\"@type\":\"ImageObject\",\"inLanguage\":\"tr\",\"@id\":\"https:\\\/\\\/kibrisdakik.com\\\/?p=80699#primaryimage\",\"url\":\"https:\\\/\\\/kibrisdakik.com\\\/wp-content\\\/uploads\\\/2025\\\/01\\\/serhatakpinar-740x403.jpg\",\"contentUrl\":\"https:\\\/\\\/kibrisdakik.com\\\/wp-content\\\/uploads\\\/2025\\\/01\\\/serhatakpinar-740x403.jpg\",\"width\":929,\"height\":403},{\"@type\":\"BreadcrumbList\",\"@id\":\"https:\\\/\\\/kibrisdakik.com\\\/?p=80699#breadcrumb\",\"itemListElement\":[{\"@type\":\"ListItem\",\"position\":1,\"name\":\"Home\",\"item\":\"https:\\\/\\\/kibrisdakik.com\\\/\"},{\"@type\":\"ListItem\",\"position\":2,\"name\":\"Akp\u0131nar: Nefret s\u00f6ylemini \u015fiddetle k\u0131n\u0131yoruz\"}]},{\"@type\":\"WebSite\",\"@id\":\"https:\\\/\\\/kibrisdakik.com\\\/#website\",\"url\":\"https:\\\/\\\/kibrisdakik.com\\\/\",\"name\":\"\",\"description\":\"Tam vaktinde haber\",\"potentialAction\":[{\"@type\":\"SearchAction\",\"target\":{\"@type\":\"EntryPoint\",\"urlTemplate\":\"https:\\\/\\\/kibrisdakik.com\\\/?s={search_term_string}\"},\"query-input\":{\"@type\":\"PropertyValueSpecification\",\"valueRequired\":true,\"valueName\":\"search_term_string\"}}],\"inLanguage\":\"tr\"},{\"@type\":\"Person\",\"@id\":\"https:\\\/\\\/kibrisdakik.com\\\/#\\\/schema\\\/person\\\/9cd9d437bbb44f72b73ba127e06d8e79\",\"name\":\"admin\",\"image\":{\"@type\":\"ImageObject\",\"inLanguage\":\"tr\",\"@id\":\"https:\\\/\\\/secure.gravatar.com\\\/avatar\\\/ccc17943b9d660506c869530f897617f7cb1c21a4bf30023f252596d83e1f007?s=96&d=mm&r=g\",\"url\":\"https:\\\/\\\/secure.gravatar.com\\\/avatar\\\/ccc17943b9d660506c869530f897617f7cb1c21a4bf30023f252596d83e1f007?s=96&d=mm&r=g\",\"contentUrl\":\"https:\\\/\\\/secure.gravatar.com\\\/avatar\\\/ccc17943b9d660506c869530f897617f7cb1c21a4bf30023f252596d83e1f007?s=96&d=mm&r=g\",\"caption\":\"admin\"},\"sameAs\":[\"https:\\\/\\\/kibrisdakik.com\"],\"url\":\"https:\\\/\\\/kibrisdakik.com\\\/?author=1\"}]}<\/script>\n<!-- \/ Yoast SEO plugin. -->","yoast_head_json":{"title":"Akp\u0131nar: Nefret s\u00f6ylemini \u015fiddetle k\u0131n\u0131yoruz -","robots":{"index":"index","follow":"follow","max-snippet":"max-snippet:-1","max-image-preview":"max-image-preview:large","max-video-preview":"max-video-preview:-1"},"canonical":"https:\/\/kibrisdakik.com\/?p=80699","og_locale":"tr_TR","og_type":"article","og_title":"Akp\u0131nar: Nefret s\u00f6ylemini \u015fiddetle k\u0131n\u0131yoruz -","og_description":"Ba\u015fpiskopas\u2019a bir tepki de Demokrat Parti\u2019den geldi. Parti Genel Sekreteri Serhat Akp\u0131nar, \u201cNefret s\u00f6ylemini \u015fiddetle k\u0131n\u0131yoruz\u201d dedi. Demokrat Parti, Rum Ortodoks Kilisesi Ba\u015fpiskoposu\u2019nun Paskalya mesaj\u0131nda K\u0131br\u0131s T\u00fcrk halk\u0131na y\u00f6nelik sarf etti\u011fi ifadeleri k\u0131nad\u0131. DP Genel Sekreteri Serhat Akp\u0131nar yapt\u0131\u011f\u0131 a\u00e7\u0131klamada, Ba\u015fpiskopos\u2019un ifadelerinin nefret s\u00f6ylemi i\u00e7erdi\u011fini belirterek, bu t\u00fcr yakla\u015f\u0131mlar\u0131n bar\u0131\u015fa ve toplumsal birlikte ya\u015fama k\u00fclt\u00fcr\u00fcne","og_url":"https:\/\/kibrisdakik.com\/?p=80699","article_published_time":"2025-04-21T11:58:29+00:00","og_image":[{"width":929,"height":403,"url":"https:\/\/kibrisdakik.com\/wp-content\/uploads\/2025\/01\/serhatakpinar-740x403.jpg","type":"image\/jpeg"}],"author":"admin","twitter_card":"summary_large_image","twitter_misc":{"Yazan:":"admin","Tahmini okuma s\u00fcresi":"1 dakika"},"schema":{"@context":"https:\/\/schema.org","@graph":[{"@type":"Article","@id":"https:\/\/kibrisdakik.com\/?p=80699#article","isPartOf":{"@id":"https:\/\/kibrisdakik.com\/?p=80699"},"author":{"name":"admin","@id":"https:\/\/kibrisdakik.com\/#\/schema\/person\/9cd9d437bbb44f72b73ba127e06d8e79"},"headline":"Akp\u0131nar: Nefret s\u00f6ylemini \u015fiddetle k\u0131n\u0131yoruz","datePublished":"2025-04-21T11:58:29+00:00","mainEntityOfPage":{"@id":"https:\/\/kibrisdakik.com\/?p=80699"},"wordCount":197,"commentCount":0,"image":{"@id":"https:\/\/kibrisdakik.com\/?p=80699#primaryimage"},"thumbnailUrl":"https:\/\/kibrisdakik.com\/wp-content\/uploads\/2025\/01\/serhatakpinar-740x403.jpg","articleSection":["K\u0131br\u0131s","Man\u015fet"],"inLanguage":"tr","potentialAction":[{"@type":"CommentAction","name":"Comment","target":["https:\/\/kibrisdakik.com\/?p=80699#respond"]}]},{"@type":"WebPage","@id":"https:\/\/kibrisdakik.com\/?p=80699","url":"https:\/\/kibrisdakik.com\/?p=80699","name":"Akp\u0131nar: Nefret s\u00f6ylemini \u015fiddetle k\u0131n\u0131yoruz -","isPartOf":{"@id":"https:\/\/kibrisdakik.com\/#website"},"primaryImageOfPage":{"@id":"https:\/\/kibrisdakik.com\/?p=80699#primaryimage"},"image":{"@id":"https:\/\/kibrisdakik.com\/?p=80699#primaryimage"},"thumbnailUrl":"https:\/\/kibrisdakik.com\/wp-content\/uploads\/2025\/01\/serhatakpinar-740x403.jpg","datePublished":"2025-04-21T11:58:29+00:00","author":{"@id":"https:\/\/kibrisdakik.com\/#\/schema\/person\/9cd9d437bbb44f72b73ba127e06d8e79"},"breadcrumb":{"@id":"https:\/\/kibrisdakik.com\/?p=80699#breadcrumb"},"inLanguage":"tr","potentialAction":[{"@type":"ReadAction","target":["https:\/\/kibrisdakik.com\/?p=80699"]}]},{"@type":"ImageObject","inLanguage":"tr","@id":"https:\/\/kibrisdakik.com\/?p=80699#primaryimage","url":"https:\/\/kibrisdakik.com\/wp-content\/uploads\/2025\/01\/serhatakpinar-740x403.jpg","contentUrl":"https:\/\/kibrisdakik.com\/wp-content\/uploads\/2025\/01\/serhatakpinar-740x403.jpg","width":929,"height":403},{"@type":"BreadcrumbList","@id":"https:\/\/kibrisdakik.com\/?p=80699#breadcrumb","itemListElement":[{"@type":"ListItem","position":1,"name":"Home","item":"https:\/\/kibrisdakik.com\/"},{"@type":"ListItem","position":2,"name":"Akp\u0131nar: Nefret s\u00f6ylemini \u015fiddetle k\u0131n\u0131yoruz"}]},{"@type":"WebSite","@id":"https:\/\/kibrisdakik.com\/#website","url":"https:\/\/kibrisdakik.com\/","name":"","description":"Tam vaktinde haber","potentialAction":[{"@type":"SearchAction","target":{"@type":"EntryPoint","urlTemplate":"https:\/\/kibrisdakik.com\/?s={search_term_string}"},"query-input":{"@type":"PropertyValueSpecification","valueRequired":true,"valueName":"search_term_string"}}],"inLanguage":"tr"},{"@type":"Person","@id":"https:\/\/kibrisdakik.com\/#\/schema\/person\/9cd9d437bbb44f72b73ba127e06d8e79","name":"admin","image":{"@type":"ImageObject","inLanguage":"tr","@id":"https:\/\/secure.gravatar.com\/avatar\/ccc17943b9d660506c869530f897617f7cb1c21a4bf30023f252596d83e1f007?s=96&d=mm&r=g","url":"https:\/\/secure.gravatar.com\/avatar\/ccc17943b9d660506c869530f897617f7cb1c21a4bf30023f252596d83e1f007?s=96&d=mm&r=g","contentUrl":"https:\/\/secure.gravatar.com\/avatar\/ccc17943b9d660506c869530f897617f7cb1c21a4bf30023f252596d83e1f007?s=96&d=mm&r=g","caption":"admin"},"sameAs":["https:\/\/kibrisdakik.com"],"url":"https:\/\/kibrisdakik.com\/?author=1"}]}},"_links":{"self":[{"href":"https:\/\/kibrisdakik.com\/index.php?rest_route=\/wp\/v2\/posts\/80699","targetHints":{"allow":["GET"]}}],"collection":[{"href":"https:\/\/kibrisdakik.com\/index.php?rest_route=\/wp\/v2\/posts"}],"about":[{"href":"https:\/\/kibrisdakik.com\/index.php?rest_route=\/wp\/v2\/types\/post"}],"author":[{"embeddable":true,"href":"https:\/\/kibrisdakik.com\/index.php?rest_route=\/wp\/v2\/users\/1"}],"replies":[{"embeddable":true,"href":"https:\/\/kibrisdakik.com\/index.php?rest_route=%2Fwp%2Fv2%2Fcomments&post=80699"}],"version-history":[{"count":0,"href":"https:\/\/kibrisdakik.com\/index.php?rest_route=\/wp\/v2\/posts\/80699\/revisions"}],"wp:featuredmedia":[{"embeddable":true,"href":"https:\/\/kibrisdakik.com\/index.php?rest_route=\/wp\/v2\/media\/73052"}],"wp:attachment":[{"href":"https:\/\/kibrisdakik.com\/index.php?rest_route=%2Fwp%2Fv2%2Fmedia&parent=80699"}],"wp:term":[{"taxonomy":"category","embeddable":true,"href":"https:\/\/kibrisdakik.com\/index.php?rest_route=%2Fwp%2Fv2%2Fcategories&post=80699"},{"taxonomy":"post_tag","embeddable":true,"href":"https:\/\/kibrisdakik.com\/index.php?rest_route=%2Fwp%2Fv2%2Ftags&post=80699"}],"curies":[{"name":"wp","href":"https:\/\/api.w.org\/{rel}","templated":true}]}}