{"id":80724,"date":"2025-04-21T19:23:04","date_gmt":"2025-04-21T16:23:04","guid":{"rendered":"https:\/\/kibrisdakik.com\/index.php\/2025\/04\/21\/meclis-genel-kurulunda-kibris-konusu-gundem-oldu\/"},"modified":"2025-04-21T19:23:04","modified_gmt":"2025-04-21T16:23:04","slug":"meclis-genel-kurulunda-kibris-konusu-gundem-oldu","status":"publish","type":"post","link":"https:\/\/kibrisdakik.com\/?p=80724","title":{"rendered":"Meclis Genel Kurulu\u2019nda K\u0131br\u0131s konusu g\u00fcndem oldu"},"content":{"rendered":"<div>\n<div class=\"mariselle-image-container center\">\n                                            <\/div>\n<p>K\u0131br\u0131s sorunu konusunda meydana gelen son geli\u015fmeler Meclis Genel Kurulu\u2019nda da konu\u015fuldu\u2026 D\u0131\u015fi\u015fleri Bakan\u0131 Tahsin Ertu\u011frulo\u011flu, T\u00fcrk Devletleri Te\u015fkilat\u0131 ile ilgili can s\u0131kan bir geli\u015fme ya\u015fand\u0131\u011f\u0131n\u0131 ancak moral bozarak savunduklar\u0131 iki devlet politikas\u0131ndan vazge\u00e7mediklerini s\u00f6yledi.<\/p>\n<p>K\u0131br\u0131s sorunu konusunda meydana gelen son geli\u015fmeler Meclis Genel Kurulu\u2019nda da konu\u015fuldu.<\/p>\n<p>\u0130\u00e7t\u00fcz\u00fc\u011f\u00fcn 62\u2019nci maddesi taht\u0131nda s\u00f6z alan CTP Genel Ba\u015fkan\u0131 Tufan Erh\u00fcrman, BM G\u00fcvenlik Konseyi\u2019nin 541 ve 550 say\u0131l\u0131 kararlar\u0131na ili\u015fkin de\u011ferlendirmelerde bulundu. <\/p>\n<p>Erh\u00fcrman, AB ile T\u00fcrk devletler aras\u0131ndaki anla\u015fmay\u0131 okuyup yorumlayarak, bu devletlerin G\u00fcvenlik Konseyi\u2019nin 541 ve 550. kararlar\u0131n\u0131 kabul ederek, K\u0131br\u0131s Cumhuriyeti\u2019nin toprak b\u00fct\u00fcnl\u00fc\u011f\u00fcn\u00fc tan\u0131d\u0131\u011f\u0131n\u0131 savundu.<\/p>\n<p>Cumhurba\u015fkan\u0131 Tatar ile YDP Genel Ba\u015fkan\u0131 Ar\u0131kl\u0131\u2019n\u0131n bu konudaki a\u00e7\u0131klamalar\u0131n\u0131 da an\u0131msatan Erh\u00fcrman, KKTC\u2019nin uluslararas\u0131nda ve TDT toplant\u0131lar\u0131nda ya\u015fad\u0131\u011f\u0131n\u0131 \u00f6ne s\u00fcrd\u00fc\u011f\u00fc sorunlara de\u011findi. <\/p>\n<p>D\u0131\u015fi\u015fleri Bakan\u0131 Tahsin Ertu\u011frulo\u011flu da ele\u015ftirileri yan\u0131tlad\u0131\u011f\u0131 konu\u015fmas\u0131nda, AB\u2019nin, 2004\u2019te yapt\u0131\u011f\u0131 hata yokmu\u015f gibi T\u00fcrk devletlerini KKTC ve T\u00fcrkiye\u2019den uzakla\u015ft\u0131rmak i\u00e7in etkinlik d\u00fczenledi\u011fini ve bu devletlerin bu hataya d\u00fc\u015ft\u00fc\u011f\u00fcn\u00fc s\u00f6yledi.<\/p>\n<p>Esas ele\u015ftirilmesi gerekenin AB oldu\u011funu belirten Ertu\u011frulo\u011flu, bu devletlerin maddi \u00e7\u0131karlarla hataya s\u00fcr\u00fcklendi\u011fini ancak bu hata yap\u0131ld\u0131 diye K\u0131br\u0131s T\u00fcrk halk\u0131n\u0131n u\u011frad\u0131\u011f\u0131 haks\u0131zl\u0131klar\u0131 gerek\u00e7e g\u00f6stererek, KKTC\u2019nin egemen politikas\u0131ndan vazge\u00e7melerinin s\u00f6zkonu olmad\u0131\u011f\u0131n\u0131 s\u00f6yledi.<\/p>\n<p>K\u0131br\u0131s Cumhuriyeti\u2019ne kar\u015f\u0131 KKTC devleti stat\u00fcs\u00fcn\u00fcn ele\u015ftirilmesini anlayamad\u0131\u011f\u0131n\u0131 ifade eden Ertu\u011frulo\u011flu, KKTC devleti ve kal\u0131c\u0131l\u0131\u011f\u0131na sahip \u00e7\u0131k\u0131lmas\u0131 gerekti\u011fini, KKTC\u2019nin de \u00e7\u00f6z\u00fcme engel olmad\u0131\u011f\u0131n\u0131 vurgulad\u0131.<\/p>\n<p>D\u0131\u015fi\u015fleri Bakan\u0131 Ertu\u011frulo\u011flu, T\u00fcrk devletleriyle \u00e7al\u0131\u015fmaya ve K\u0131br\u0131s konusunu anlatmaya devam edeceklerini ifade ederek, \u201cBM kararlar\u0131n\u0131n hepsi tavsiyedir ve ba\u011flay\u0131c\u0131 de\u011fildir. Uymak isteyen uyar, istemeyen uymaz. Ceza \u00f6ng\u00f6r\u00fclm\u00fcyor\u201d ifadelerini kulland\u0131.  <\/p>\n<p>\u201cT\u00fcrkiye i\u015fgalci \u00fclkedir\u201d y\u00f6n\u00fcnde tek bir karar bile olmad\u0131\u011f\u0131n\u0131 kaydeden Ertu\u011frulo\u011flu, \u201cTDT ile ilgili can\u0131m\u0131z\u0131 s\u0131kan bir geli\u015fme oldu ancak moral bozarak savundu\u011fumuz politikadan vazge\u00e7medik. Bunu kabul etmiyoruz. Ele\u015ftirilerin muhatab\u0131 BM ve AB\u2019dir. Rum-Yunan bask\u0131s\u0131yla yap\u0131ld\u0131. Bunlarla m\u0131 iki toplumlu, iki b\u00f6lgeli \u00e7\u00f6z\u00fcm yapaca\u011f\u0131z. Ger\u00e7ekler ac\u0131 bile olsa K\u0131br\u0131s T\u00fcrk halk\u0131na en b\u00fcy\u00fck k\u00f6t\u00fcl\u00fc\u011f\u00fc AB yap\u0131yor. AB i\u00e7in KKTC diye bir devlet yoktur, bu \u00f6rg\u00fctten medet ummak yanl\u0131\u015ft\u0131r\u201d \u015feklinde konu\u015ftu.<\/p>\n<p>Bay\u0131nd\u0131rl\u0131k ve Ula\u015ft\u0131rma Bakan\u0131 Erhan Ar\u0131kl\u0131 da, \u201cdost ve karde\u015f\u201d T\u00fcrki Cumhuriyetlerin hem Semerkant Bildirisi\u2019ne imza atmalar\u0131n\u0131n hem de G\u00fcney K\u0131br\u0131s\u2019ta el\u00e7ilik a\u00e7malar\u0131n\u0131n \u00fcz\u00fcc\u00fc oldu\u011funu ifade etti.<\/p>\n<p>Ar\u0131kl\u0131, T\u00fcrki Cumhuriyetlerin G\u00fcney K\u0131br\u0131s\u2019ta el\u00e7ilik a\u00e7arak temas kurmalar\u0131n\u0131n \u00fcz\u00fcc\u00fc oldu\u011funu fakat T\u00fcrki Cumhuriyetlerinin kendi i\u00e7lerinde ya\u015fad\u0131klar\u0131 s\u0131k\u0131nt\u0131lar\u0131 da bilmeden yorum yapman\u0131n yanl\u0131\u015f oldu\u011funu belirtti.<\/p>\n<p>AB\u2019nin T\u00fcrk Cumhuriyetlerine bask\u0131 yapt\u0131\u011f\u0131n\u0131 s\u00f6yleyen ve K\u0131rg\u0131zistan\u2019a yap\u0131lan bask\u0131lara de\u011finen Ar\u0131kl\u0131, AB\u2019ye tepki g\u00f6stermek varken T\u00fcrk Cumhuriyetlerine sald\u0131rman\u0131n do\u011fru olmad\u0131\u011f\u0131n\u0131 kaydetti.<\/p>\n<p>\u015eartlar olgunla\u015ft\u0131\u011f\u0131nda KKTC\u2019nin de tan\u0131naca\u011f\u0131n\u0131 dile getiren Bakan Ar\u0131kl\u0131, \u015fartlar\u0131n olgunla\u015fmas\u0131na f\u0131rsat verilmesi gerekti\u011fini dile getirdi.<\/p>\n<\/p><\/div>\n<p><script async\n                    defer\n                    crossorigin=\"anonymous\"\n                    src=\"https:\/\/connect.facebook.net\/tr_TR\/sdk.js#xfbml=1&#038;version=v3.3\"\n            ><\/script><\/p>\n","protected":false},"excerpt":{"rendered":"<p>K\u0131br\u0131s sorunu konusunda meydana gelen son geli\u015fmeler Meclis Genel Kurulu\u2019nda da konu\u015fuldu\u2026 D\u0131\u015fi\u015fleri Bakan\u0131 Tahsin Ertu\u011frulo\u011flu, T\u00fcrk Devletleri Te\u015fkilat\u0131 ile ilgili can s\u0131kan bir geli\u015fme ya\u015fand\u0131\u011f\u0131n\u0131 ancak moral bozarak savunduklar\u0131 iki devlet politikas\u0131ndan vazge\u00e7mediklerini s\u00f6yledi. K\u0131br\u0131s sorunu konusunda meydana gelen son geli\u015fmeler Meclis Genel Kurulu\u2019nda da konu\u015fuldu. \u0130\u00e7t\u00fcz\u00fc\u011f\u00fcn 62\u2019nci maddesi taht\u0131nda s\u00f6z alan CTP Genel<\/p>\n","protected":false},"author":1,"featured_media":80725,"comment_status":"open","ping_status":"open","sticky":false,"template":"","format":"standard","meta":{"footnotes":""},"categories":[81,101],"tags":[],"class_list":["post-80724","post","type-post","status-publish","format-standard","has-post-thumbnail","hentry","category-kibris","category-manset"],"yoast_head":"<!-- This site is optimized with the Yoast SEO plugin v27.4 - https:\/\/yoast.com\/product\/yoast-seo-wordpress\/ -->\n<title>Meclis Genel Kurulu\u2019nda K\u0131br\u0131s konusu g\u00fcndem oldu -<\/title>\n<meta name=\"robots\" content=\"index, follow, max-snippet:-1, max-image-preview:large, max-video-preview:-1\" \/>\n<link rel=\"canonical\" href=\"https:\/\/kibrisdakik.com\/?p=80724\" \/>\n<meta property=\"og:locale\" content=\"tr_TR\" \/>\n<meta property=\"og:type\" content=\"article\" \/>\n<meta property=\"og:title\" content=\"Meclis Genel Kurulu\u2019nda K\u0131br\u0131s konusu g\u00fcndem oldu -\" \/>\n<meta property=\"og:description\" content=\"K\u0131br\u0131s sorunu konusunda meydana gelen son geli\u015fmeler Meclis Genel Kurulu\u2019nda da konu\u015fuldu\u2026 D\u0131\u015fi\u015fleri Bakan\u0131 Tahsin Ertu\u011frulo\u011flu, T\u00fcrk Devletleri Te\u015fkilat\u0131 ile ilgili can s\u0131kan bir geli\u015fme ya\u015fand\u0131\u011f\u0131n\u0131 ancak moral bozarak savunduklar\u0131 iki devlet politikas\u0131ndan vazge\u00e7mediklerini s\u00f6yledi. K\u0131br\u0131s sorunu konusunda meydana gelen son geli\u015fmeler Meclis Genel Kurulu\u2019nda da konu\u015fuldu. \u0130\u00e7t\u00fcz\u00fc\u011f\u00fcn 62\u2019nci maddesi taht\u0131nda s\u00f6z alan CTP Genel\" \/>\n<meta property=\"og:url\" content=\"https:\/\/kibrisdakik.com\/?p=80724\" \/>\n<meta property=\"article:published_time\" content=\"2025-04-21T16:23:04+00:00\" \/>\n<meta property=\"og:image\" content=\"https:\/\/kibrisdakik.com\/wp-content\/uploads\/2025\/04\/174524641429810be8faf-f99c-4578-808a-4840ae3307bf-scaled-740x420.jpg\" \/>\n\t<meta property=\"og:image:width\" content=\"2560\" \/>\n\t<meta property=\"og:image:height\" content=\"1707\" \/>\n\t<meta property=\"og:image:type\" content=\"image\/jpeg\" \/>\n<meta name=\"author\" content=\"admin\" \/>\n<meta name=\"twitter:card\" content=\"summary_large_image\" \/>\n<meta name=\"twitter:label1\" content=\"Yazan:\" \/>\n\t<meta name=\"twitter:data1\" content=\"admin\" \/>\n\t<meta name=\"twitter:label2\" content=\"Tahmini okuma s\u00fcresi\" \/>\n\t<meta name=\"twitter:data2\" content=\"3 dakika\" \/>\n<script type=\"application\/ld+json\" class=\"yoast-schema-graph\">{\"@context\":\"https:\\\/\\\/schema.org\",\"@graph\":[{\"@type\":\"Article\",\"@id\":\"https:\\\/\\\/kibrisdakik.com\\\/?p=80724#article\",\"isPartOf\":{\"@id\":\"https:\\\/\\\/kibrisdakik.com\\\/?p=80724\"},\"author\":{\"name\":\"admin\",\"@id\":\"https:\\\/\\\/kibrisdakik.com\\\/#\\\/schema\\\/person\\\/9cd9d437bbb44f72b73ba127e06d8e79\"},\"headline\":\"Meclis Genel Kurulu\u2019nda K\u0131br\u0131s konusu g\u00fcndem oldu\",\"datePublished\":\"2025-04-21T16:23:04+00:00\",\"mainEntityOfPage\":{\"@id\":\"https:\\\/\\\/kibrisdakik.com\\\/?p=80724\"},\"wordCount\":651,\"commentCount\":0,\"image\":{\"@id\":\"https:\\\/\\\/kibrisdakik.com\\\/?p=80724#primaryimage\"},\"thumbnailUrl\":\"https:\\\/\\\/kibrisdakik.com\\\/wp-content\\\/uploads\\\/2025\\\/04\\\/174524641429810be8faf-f99c-4578-808a-4840ae3307bf-scaled-740x420.jpg\",\"articleSection\":[\"K\u0131br\u0131s\",\"Man\u015fet\"],\"inLanguage\":\"tr\",\"potentialAction\":[{\"@type\":\"CommentAction\",\"name\":\"Comment\",\"target\":[\"https:\\\/\\\/kibrisdakik.com\\\/?p=80724#respond\"]}]},{\"@type\":\"WebPage\",\"@id\":\"https:\\\/\\\/kibrisdakik.com\\\/?p=80724\",\"url\":\"https:\\\/\\\/kibrisdakik.com\\\/?p=80724\",\"name\":\"Meclis Genel Kurulu\u2019nda K\u0131br\u0131s konusu g\u00fcndem oldu -\",\"isPartOf\":{\"@id\":\"https:\\\/\\\/kibrisdakik.com\\\/#website\"},\"primaryImageOfPage\":{\"@id\":\"https:\\\/\\\/kibrisdakik.com\\\/?p=80724#primaryimage\"},\"image\":{\"@id\":\"https:\\\/\\\/kibrisdakik.com\\\/?p=80724#primaryimage\"},\"thumbnailUrl\":\"https:\\\/\\\/kibrisdakik.com\\\/wp-content\\\/uploads\\\/2025\\\/04\\\/174524641429810be8faf-f99c-4578-808a-4840ae3307bf-scaled-740x420.jpg\",\"datePublished\":\"2025-04-21T16:23:04+00:00\",\"author\":{\"@id\":\"https:\\\/\\\/kibrisdakik.com\\\/#\\\/schema\\\/person\\\/9cd9d437bbb44f72b73ba127e06d8e79\"},\"breadcrumb\":{\"@id\":\"https:\\\/\\\/kibrisdakik.com\\\/?p=80724#breadcrumb\"},\"inLanguage\":\"tr\",\"potentialAction\":[{\"@type\":\"ReadAction\",\"target\":[\"https:\\\/\\\/kibrisdakik.com\\\/?p=80724\"]}]},{\"@type\":\"ImageObject\",\"inLanguage\":\"tr\",\"@id\":\"https:\\\/\\\/kibrisdakik.com\\\/?p=80724#primaryimage\",\"url\":\"https:\\\/\\\/kibrisdakik.com\\\/wp-content\\\/uploads\\\/2025\\\/04\\\/174524641429810be8faf-f99c-4578-808a-4840ae3307bf-scaled-740x420.jpg\",\"contentUrl\":\"https:\\\/\\\/kibrisdakik.com\\\/wp-content\\\/uploads\\\/2025\\\/04\\\/174524641429810be8faf-f99c-4578-808a-4840ae3307bf-scaled-740x420.jpg\",\"width\":2560,\"height\":1707},{\"@type\":\"BreadcrumbList\",\"@id\":\"https:\\\/\\\/kibrisdakik.com\\\/?p=80724#breadcrumb\",\"itemListElement\":[{\"@type\":\"ListItem\",\"position\":1,\"name\":\"Home\",\"item\":\"https:\\\/\\\/kibrisdakik.com\\\/\"},{\"@type\":\"ListItem\",\"position\":2,\"name\":\"Meclis Genel Kurulu\u2019nda K\u0131br\u0131s konusu g\u00fcndem oldu\"}]},{\"@type\":\"WebSite\",\"@id\":\"https:\\\/\\\/kibrisdakik.com\\\/#website\",\"url\":\"https:\\\/\\\/kibrisdakik.com\\\/\",\"name\":\"\",\"description\":\"Tam vaktinde haber\",\"potentialAction\":[{\"@type\":\"SearchAction\",\"target\":{\"@type\":\"EntryPoint\",\"urlTemplate\":\"https:\\\/\\\/kibrisdakik.com\\\/?s={search_term_string}\"},\"query-input\":{\"@type\":\"PropertyValueSpecification\",\"valueRequired\":true,\"valueName\":\"search_term_string\"}}],\"inLanguage\":\"tr\"},{\"@type\":\"Person\",\"@id\":\"https:\\\/\\\/kibrisdakik.com\\\/#\\\/schema\\\/person\\\/9cd9d437bbb44f72b73ba127e06d8e79\",\"name\":\"admin\",\"image\":{\"@type\":\"ImageObject\",\"inLanguage\":\"tr\",\"@id\":\"https:\\\/\\\/secure.gravatar.com\\\/avatar\\\/ccc17943b9d660506c869530f897617f7cb1c21a4bf30023f252596d83e1f007?s=96&d=mm&r=g\",\"url\":\"https:\\\/\\\/secure.gravatar.com\\\/avatar\\\/ccc17943b9d660506c869530f897617f7cb1c21a4bf30023f252596d83e1f007?s=96&d=mm&r=g\",\"contentUrl\":\"https:\\\/\\\/secure.gravatar.com\\\/avatar\\\/ccc17943b9d660506c869530f897617f7cb1c21a4bf30023f252596d83e1f007?s=96&d=mm&r=g\",\"caption\":\"admin\"},\"sameAs\":[\"https:\\\/\\\/kibrisdakik.com\"],\"url\":\"https:\\\/\\\/kibrisdakik.com\\\/?author=1\"}]}<\/script>\n<!-- \/ Yoast SEO plugin. -->","yoast_head_json":{"title":"Meclis Genel Kurulu\u2019nda K\u0131br\u0131s konusu g\u00fcndem oldu -","robots":{"index":"index","follow":"follow","max-snippet":"max-snippet:-1","max-image-preview":"max-image-preview:large","max-video-preview":"max-video-preview:-1"},"canonical":"https:\/\/kibrisdakik.com\/?p=80724","og_locale":"tr_TR","og_type":"article","og_title":"Meclis Genel Kurulu\u2019nda K\u0131br\u0131s konusu g\u00fcndem oldu -","og_description":"K\u0131br\u0131s sorunu konusunda meydana gelen son geli\u015fmeler Meclis Genel Kurulu\u2019nda da konu\u015fuldu\u2026 D\u0131\u015fi\u015fleri Bakan\u0131 Tahsin Ertu\u011frulo\u011flu, T\u00fcrk Devletleri Te\u015fkilat\u0131 ile ilgili can s\u0131kan bir geli\u015fme ya\u015fand\u0131\u011f\u0131n\u0131 ancak moral bozarak savunduklar\u0131 iki devlet politikas\u0131ndan vazge\u00e7mediklerini s\u00f6yledi. K\u0131br\u0131s sorunu konusunda meydana gelen son geli\u015fmeler Meclis Genel Kurulu\u2019nda da konu\u015fuldu. \u0130\u00e7t\u00fcz\u00fc\u011f\u00fcn 62\u2019nci maddesi taht\u0131nda s\u00f6z alan CTP Genel","og_url":"https:\/\/kibrisdakik.com\/?p=80724","article_published_time":"2025-04-21T16:23:04+00:00","og_image":[{"width":2560,"height":1707,"url":"https:\/\/kibrisdakik.com\/wp-content\/uploads\/2025\/04\/174524641429810be8faf-f99c-4578-808a-4840ae3307bf-scaled-740x420.jpg","type":"image\/jpeg"}],"author":"admin","twitter_card":"summary_large_image","twitter_misc":{"Yazan:":"admin","Tahmini okuma s\u00fcresi":"3 dakika"},"schema":{"@context":"https:\/\/schema.org","@graph":[{"@type":"Article","@id":"https:\/\/kibrisdakik.com\/?p=80724#article","isPartOf":{"@id":"https:\/\/kibrisdakik.com\/?p=80724"},"author":{"name":"admin","@id":"https:\/\/kibrisdakik.com\/#\/schema\/person\/9cd9d437bbb44f72b73ba127e06d8e79"},"headline":"Meclis Genel Kurulu\u2019nda K\u0131br\u0131s konusu g\u00fcndem oldu","datePublished":"2025-04-21T16:23:04+00:00","mainEntityOfPage":{"@id":"https:\/\/kibrisdakik.com\/?p=80724"},"wordCount":651,"commentCount":0,"image":{"@id":"https:\/\/kibrisdakik.com\/?p=80724#primaryimage"},"thumbnailUrl":"https:\/\/kibrisdakik.com\/wp-content\/uploads\/2025\/04\/174524641429810be8faf-f99c-4578-808a-4840ae3307bf-scaled-740x420.jpg","articleSection":["K\u0131br\u0131s","Man\u015fet"],"inLanguage":"tr","potentialAction":[{"@type":"CommentAction","name":"Comment","target":["https:\/\/kibrisdakik.com\/?p=80724#respond"]}]},{"@type":"WebPage","@id":"https:\/\/kibrisdakik.com\/?p=80724","url":"https:\/\/kibrisdakik.com\/?p=80724","name":"Meclis Genel Kurulu\u2019nda K\u0131br\u0131s konusu g\u00fcndem oldu -","isPartOf":{"@id":"https:\/\/kibrisdakik.com\/#website"},"primaryImageOfPage":{"@id":"https:\/\/kibrisdakik.com\/?p=80724#primaryimage"},"image":{"@id":"https:\/\/kibrisdakik.com\/?p=80724#primaryimage"},"thumbnailUrl":"https:\/\/kibrisdakik.com\/wp-content\/uploads\/2025\/04\/174524641429810be8faf-f99c-4578-808a-4840ae3307bf-scaled-740x420.jpg","datePublished":"2025-04-21T16:23:04+00:00","author":{"@id":"https:\/\/kibrisdakik.com\/#\/schema\/person\/9cd9d437bbb44f72b73ba127e06d8e79"},"breadcrumb":{"@id":"https:\/\/kibrisdakik.com\/?p=80724#breadcrumb"},"inLanguage":"tr","potentialAction":[{"@type":"ReadAction","target":["https:\/\/kibrisdakik.com\/?p=80724"]}]},{"@type":"ImageObject","inLanguage":"tr","@id":"https:\/\/kibrisdakik.com\/?p=80724#primaryimage","url":"https:\/\/kibrisdakik.com\/wp-content\/uploads\/2025\/04\/174524641429810be8faf-f99c-4578-808a-4840ae3307bf-scaled-740x420.jpg","contentUrl":"https:\/\/kibrisdakik.com\/wp-content\/uploads\/2025\/04\/174524641429810be8faf-f99c-4578-808a-4840ae3307bf-scaled-740x420.jpg","width":2560,"height":1707},{"@type":"BreadcrumbList","@id":"https:\/\/kibrisdakik.com\/?p=80724#breadcrumb","itemListElement":[{"@type":"ListItem","position":1,"name":"Home","item":"https:\/\/kibrisdakik.com\/"},{"@type":"ListItem","position":2,"name":"Meclis Genel Kurulu\u2019nda K\u0131br\u0131s konusu g\u00fcndem oldu"}]},{"@type":"WebSite","@id":"https:\/\/kibrisdakik.com\/#website","url":"https:\/\/kibrisdakik.com\/","name":"","description":"Tam vaktinde haber","potentialAction":[{"@type":"SearchAction","target":{"@type":"EntryPoint","urlTemplate":"https:\/\/kibrisdakik.com\/?s={search_term_string}"},"query-input":{"@type":"PropertyValueSpecification","valueRequired":true,"valueName":"search_term_string"}}],"inLanguage":"tr"},{"@type":"Person","@id":"https:\/\/kibrisdakik.com\/#\/schema\/person\/9cd9d437bbb44f72b73ba127e06d8e79","name":"admin","image":{"@type":"ImageObject","inLanguage":"tr","@id":"https:\/\/secure.gravatar.com\/avatar\/ccc17943b9d660506c869530f897617f7cb1c21a4bf30023f252596d83e1f007?s=96&d=mm&r=g","url":"https:\/\/secure.gravatar.com\/avatar\/ccc17943b9d660506c869530f897617f7cb1c21a4bf30023f252596d83e1f007?s=96&d=mm&r=g","contentUrl":"https:\/\/secure.gravatar.com\/avatar\/ccc17943b9d660506c869530f897617f7cb1c21a4bf30023f252596d83e1f007?s=96&d=mm&r=g","caption":"admin"},"sameAs":["https:\/\/kibrisdakik.com"],"url":"https:\/\/kibrisdakik.com\/?author=1"}]}},"_links":{"self":[{"href":"https:\/\/kibrisdakik.com\/index.php?rest_route=\/wp\/v2\/posts\/80724","targetHints":{"allow":["GET"]}}],"collection":[{"href":"https:\/\/kibrisdakik.com\/index.php?rest_route=\/wp\/v2\/posts"}],"about":[{"href":"https:\/\/kibrisdakik.com\/index.php?rest_route=\/wp\/v2\/types\/post"}],"author":[{"embeddable":true,"href":"https:\/\/kibrisdakik.com\/index.php?rest_route=\/wp\/v2\/users\/1"}],"replies":[{"embeddable":true,"href":"https:\/\/kibrisdakik.com\/index.php?rest_route=%2Fwp%2Fv2%2Fcomments&post=80724"}],"version-history":[{"count":0,"href":"https:\/\/kibrisdakik.com\/index.php?rest_route=\/wp\/v2\/posts\/80724\/revisions"}],"wp:featuredmedia":[{"embeddable":true,"href":"https:\/\/kibrisdakik.com\/index.php?rest_route=\/wp\/v2\/media\/80725"}],"wp:attachment":[{"href":"https:\/\/kibrisdakik.com\/index.php?rest_route=%2Fwp%2Fv2%2Fmedia&parent=80724"}],"wp:term":[{"taxonomy":"category","embeddable":true,"href":"https:\/\/kibrisdakik.com\/index.php?rest_route=%2Fwp%2Fv2%2Fcategories&post=80724"},{"taxonomy":"post_tag","embeddable":true,"href":"https:\/\/kibrisdakik.com\/index.php?rest_route=%2Fwp%2Fv2%2Ftags&post=80724"}],"curies":[{"name":"wp","href":"https:\/\/api.w.org\/{rel}","templated":true}]}}