{"id":80777,"date":"2025-04-22T13:42:29","date_gmt":"2025-04-22T10:42:29","guid":{"rendered":"https:\/\/kibrisdakik.com\/index.php\/2025\/04\/22\/ktos-ktoeos-orgutler-ve-siyasi-parti-temsilcileri-bekirpasa-lisesini-ziyaret-etti\/"},"modified":"2025-04-22T13:42:29","modified_gmt":"2025-04-22T10:42:29","slug":"ktos-ktoeos-orgutler-ve-siyasi-parti-temsilcileri-bekirpasa-lisesini-ziyaret-etti","status":"publish","type":"post","link":"https:\/\/kibrisdakik.com\/?p=80777","title":{"rendered":"KT\u00d6S; KTOE\u00d6S, \u00f6rg\u00fctler ve siyasi parti temsilcileri Bekirpa\u015fa Lisesi\u2019ni ziyaret etti"},"content":{"rendered":"<div>\n<div class=\"mariselle-image-container center\">\n                                            <\/div>\n<p style=\"font-weight: 300;\">K\u0131br\u0131s T\u00fcrk \u00d6\u011fretmenler Sendikas\u0131 (KT\u00d6S) ve K\u0131br\u0131s T\u00fcrk Orta E\u011fitim \u00d6\u011fretmenler Sendikas\u0131 (KTOE\u00d6S) ile onlara disiplin de\u011fi\u015fiklik t\u00fcz\u00fc\u011f\u00fcne y\u00f6nelik eylemlerinde destek veren \u00f6rg\u00fctler, siyasi parti ba\u015fkanlar\u0131 ile milletvekilleri bug\u00fcn Bekirpa\u015fa Lisesi\u2019ni ziyaret etti.<\/p>\n<p style=\"font-weight: 300;\">Disiplin de\u011fi\u015fiklik t\u00fcz\u00fc\u011f\u00fcn\u00fcn geri \u00e7ekilmesini isteyen heyette CTP Genel Ba\u015fkan\u0131 Tufan Erh\u00fcrman, TDP Genel Ba\u015fkan\u0131 Zeki \u00c7eler ile baz\u0131 CTP milletvekilleri de haz\u0131r bulundu.<\/p>\n<p style=\"font-weight: 300;\">G\u00f6r\u00fc\u015fmenin ard\u0131ndan konu\u015fan KTOE\u00d6S Ba\u015fkan\u0131 Selma Eylem, Bekirpa\u015fa Lisesi\u2019nde\u00a0<span style=\"font-weight: 300 !important;\">\u201ctehdite maruz kalan\u201d \u00f6\u011fretmenlere destek olmak amac\u0131yla s\u00f6z konusu ziyareti\u00a0<\/span><span style=\"font-weight: 300 !important;\">ger\u00e7ekle\u015ftirdiklerini s\u00f6yledi.<\/span><\/p>\n<p style=\"font-weight: 300;\">T\u00fcz\u00fck geri \u00e7ekilinceye kadar m\u00fccadeleye devam edilece\u011fini s\u00f6yleyen Eylem, okulu\u00a0<span style=\"font-weight: 300 !important;\">ziyaret ederek laik e\u011fitime ve \u00f6\u011fretmenlere destek veren herkese te\u015fekk\u00fcr etti.<\/span><\/p>\n<p style=\"font-weight: 300;\">KT\u00d6S Genel Sekreteri Burak Mavi\u015f de y\u00fcz y\u0131llard\u0131r \u00f6\u011fretmenlerin e\u011fitimin yan\u0131 s\u0131ra\u00a0<span style=\"font-weight: 300 !important;\">bu co\u011frafya da k\u00fclt\u00fcre ve kimli\u011fe sahip \u00e7\u0131kt\u0131\u011f\u0131n\u0131 ve \u00e7\u0131kmaya da devam etti\u011fini\u00a0<\/span><span style=\"font-weight: 300 !important;\">s\u00f6yledi.<\/span><\/p>\n<p style=\"font-weight: 300;\">KTOE\u00d6S Genel Sekreteri Tahir G\u00f6k\u00e7ebel ise, \u00f6\u011fretmenler \u00fczerindeki bask\u0131n\u0131n\u00a0<span style=\"font-weight: 300 !important;\">sistematik ve planl\u0131 oldu\u011funu iddia etti.<\/span><\/p>\n<p style=\"font-weight: 300;\">Bu s\u00fcrecin di\u011fer \u00e7ocuklar\u0131n e\u011fitim hakk\u0131n\u0131 \u00e7ald\u0131\u011f\u0131n\u0131 iddia eden G\u00f6k\u00e7ebel, laik e\u011fitim\u00a0<span style=\"font-weight: 300 !important;\">yap\u0131s\u0131ndan ve Atat\u00fcrk ilkelerinden taviz verilmeyece\u011fini s\u00f6yledi.<\/span><\/p>\n<p>\u00a0<\/p>\n<p>TAK\/BRT<\/p>\n<\/p><\/div>\n<p><script async\n                    defer\n                    crossorigin=\"anonymous\"\n                    src=\"https:\/\/connect.facebook.net\/tr_TR\/sdk.js#xfbml=1&#038;version=v3.3\"\n            ><\/script><\/p>\n","protected":false},"excerpt":{"rendered":"<p>K\u0131br\u0131s T\u00fcrk \u00d6\u011fretmenler Sendikas\u0131 (KT\u00d6S) ve K\u0131br\u0131s T\u00fcrk Orta E\u011fitim \u00d6\u011fretmenler Sendikas\u0131 (KTOE\u00d6S) ile onlara disiplin de\u011fi\u015fiklik t\u00fcz\u00fc\u011f\u00fcne y\u00f6nelik eylemlerinde destek veren \u00f6rg\u00fctler, siyasi parti ba\u015fkanlar\u0131 ile milletvekilleri bug\u00fcn Bekirpa\u015fa Lisesi\u2019ni ziyaret etti. Disiplin de\u011fi\u015fiklik t\u00fcz\u00fc\u011f\u00fcn\u00fcn geri \u00e7ekilmesini isteyen heyette CTP Genel Ba\u015fkan\u0131 Tufan Erh\u00fcrman, TDP Genel Ba\u015fkan\u0131 Zeki \u00c7eler ile baz\u0131 CTP milletvekilleri de<\/p>\n","protected":false},"author":1,"featured_media":80778,"comment_status":"open","ping_status":"open","sticky":false,"template":"","format":"standard","meta":{"footnotes":""},"categories":[81,101],"tags":[],"class_list":["post-80777","post","type-post","status-publish","format-standard","has-post-thumbnail","hentry","category-kibris","category-manset"],"yoast_head":"<!-- This site is optimized with the Yoast SEO plugin v27.5 - https:\/\/yoast.com\/product\/yoast-seo-wordpress\/ -->\n<title>KT\u00d6S; KTOE\u00d6S, \u00f6rg\u00fctler ve siyasi parti temsilcileri Bekirpa\u015fa Lisesi\u2019ni ziyaret etti -<\/title>\n<meta name=\"robots\" content=\"index, follow, max-snippet:-1, max-image-preview:large, max-video-preview:-1\" \/>\n<link rel=\"canonical\" href=\"https:\/\/kibrisdakik.com\/?p=80777\" \/>\n<meta property=\"og:locale\" content=\"tr_TR\" \/>\n<meta property=\"og:type\" content=\"article\" \/>\n<meta property=\"og:title\" content=\"KT\u00d6S; KTOE\u00d6S, \u00f6rg\u00fctler ve siyasi parti temsilcileri Bekirpa\u015fa Lisesi\u2019ni ziyaret etti -\" \/>\n<meta property=\"og:description\" content=\"K\u0131br\u0131s T\u00fcrk \u00d6\u011fretmenler Sendikas\u0131 (KT\u00d6S) ve K\u0131br\u0131s T\u00fcrk Orta E\u011fitim \u00d6\u011fretmenler Sendikas\u0131 (KTOE\u00d6S) ile onlara disiplin de\u011fi\u015fiklik t\u00fcz\u00fc\u011f\u00fcne y\u00f6nelik eylemlerinde destek veren \u00f6rg\u00fctler, siyasi parti ba\u015fkanlar\u0131 ile milletvekilleri bug\u00fcn Bekirpa\u015fa Lisesi\u2019ni ziyaret etti. Disiplin de\u011fi\u015fiklik t\u00fcz\u00fc\u011f\u00fcn\u00fcn geri \u00e7ekilmesini isteyen heyette CTP Genel Ba\u015fkan\u0131 Tufan Erh\u00fcrman, TDP Genel Ba\u015fkan\u0131 Zeki \u00c7eler ile baz\u0131 CTP milletvekilleri de\" \/>\n<meta property=\"og:url\" content=\"https:\/\/kibrisdakik.com\/?p=80777\" \/>\n<meta property=\"article:published_time\" content=\"2025-04-22T10:42:29+00:00\" \/>\n<meta property=\"og:image\" content=\"https:\/\/kibrisdakik.com\/wp-content\/uploads\/2025\/04\/InShot_20250422_135855505-scaled-740x420.jpg\" \/>\n\t<meta property=\"og:image:width\" content=\"2560\" \/>\n\t<meta property=\"og:image:height\" content=\"1439\" \/>\n\t<meta property=\"og:image:type\" content=\"image\/jpeg\" \/>\n<meta name=\"author\" content=\"admin\" \/>\n<meta name=\"twitter:card\" content=\"summary_large_image\" \/>\n<meta name=\"twitter:label1\" content=\"Yazan:\" \/>\n\t<meta name=\"twitter:data1\" content=\"admin\" \/>\n\t<meta name=\"twitter:label2\" content=\"Tahmini okuma s\u00fcresi\" \/>\n\t<meta name=\"twitter:data2\" content=\"1 dakika\" \/>\n<script type=\"application\/ld+json\" class=\"yoast-schema-graph\">{\"@context\":\"https:\\\/\\\/schema.org\",\"@graph\":[{\"@type\":\"Article\",\"@id\":\"https:\\\/\\\/kibrisdakik.com\\\/?p=80777#article\",\"isPartOf\":{\"@id\":\"https:\\\/\\\/kibrisdakik.com\\\/?p=80777\"},\"author\":{\"name\":\"admin\",\"@id\":\"https:\\\/\\\/kibrisdakik.com\\\/#\\\/schema\\\/person\\\/9cd9d437bbb44f72b73ba127e06d8e79\"},\"headline\":\"KT\u00d6S; KTOE\u00d6S, \u00f6rg\u00fctler ve siyasi parti temsilcileri Bekirpa\u015fa Lisesi\u2019ni ziyaret etti\",\"datePublished\":\"2025-04-22T10:42:29+00:00\",\"mainEntityOfPage\":{\"@id\":\"https:\\\/\\\/kibrisdakik.com\\\/?p=80777\"},\"wordCount\":259,\"commentCount\":0,\"image\":{\"@id\":\"https:\\\/\\\/kibrisdakik.com\\\/?p=80777#primaryimage\"},\"thumbnailUrl\":\"https:\\\/\\\/kibrisdakik.com\\\/wp-content\\\/uploads\\\/2025\\\/04\\\/InShot_20250422_135855505-scaled-740x420.jpg\",\"articleSection\":[\"K\u0131br\u0131s\",\"Man\u015fet\"],\"inLanguage\":\"tr\",\"potentialAction\":[{\"@type\":\"CommentAction\",\"name\":\"Comment\",\"target\":[\"https:\\\/\\\/kibrisdakik.com\\\/?p=80777#respond\"]}]},{\"@type\":\"WebPage\",\"@id\":\"https:\\\/\\\/kibrisdakik.com\\\/?p=80777\",\"url\":\"https:\\\/\\\/kibrisdakik.com\\\/?p=80777\",\"name\":\"KT\u00d6S; KTOE\u00d6S, \u00f6rg\u00fctler ve siyasi parti temsilcileri Bekirpa\u015fa Lisesi\u2019ni ziyaret etti -\",\"isPartOf\":{\"@id\":\"https:\\\/\\\/kibrisdakik.com\\\/#website\"},\"primaryImageOfPage\":{\"@id\":\"https:\\\/\\\/kibrisdakik.com\\\/?p=80777#primaryimage\"},\"image\":{\"@id\":\"https:\\\/\\\/kibrisdakik.com\\\/?p=80777#primaryimage\"},\"thumbnailUrl\":\"https:\\\/\\\/kibrisdakik.com\\\/wp-content\\\/uploads\\\/2025\\\/04\\\/InShot_20250422_135855505-scaled-740x420.jpg\",\"datePublished\":\"2025-04-22T10:42:29+00:00\",\"author\":{\"@id\":\"https:\\\/\\\/kibrisdakik.com\\\/#\\\/schema\\\/person\\\/9cd9d437bbb44f72b73ba127e06d8e79\"},\"breadcrumb\":{\"@id\":\"https:\\\/\\\/kibrisdakik.com\\\/?p=80777#breadcrumb\"},\"inLanguage\":\"tr\",\"potentialAction\":[{\"@type\":\"ReadAction\",\"target\":[\"https:\\\/\\\/kibrisdakik.com\\\/?p=80777\"]}]},{\"@type\":\"ImageObject\",\"inLanguage\":\"tr\",\"@id\":\"https:\\\/\\\/kibrisdakik.com\\\/?p=80777#primaryimage\",\"url\":\"https:\\\/\\\/kibrisdakik.com\\\/wp-content\\\/uploads\\\/2025\\\/04\\\/InShot_20250422_135855505-scaled-740x420.jpg\",\"contentUrl\":\"https:\\\/\\\/kibrisdakik.com\\\/wp-content\\\/uploads\\\/2025\\\/04\\\/InShot_20250422_135855505-scaled-740x420.jpg\",\"width\":2560,\"height\":1439},{\"@type\":\"BreadcrumbList\",\"@id\":\"https:\\\/\\\/kibrisdakik.com\\\/?p=80777#breadcrumb\",\"itemListElement\":[{\"@type\":\"ListItem\",\"position\":1,\"name\":\"Home\",\"item\":\"https:\\\/\\\/kibrisdakik.com\\\/\"},{\"@type\":\"ListItem\",\"position\":2,\"name\":\"KT\u00d6S; KTOE\u00d6S, \u00f6rg\u00fctler ve siyasi parti temsilcileri Bekirpa\u015fa Lisesi\u2019ni ziyaret etti\"}]},{\"@type\":\"WebSite\",\"@id\":\"https:\\\/\\\/kibrisdakik.com\\\/#website\",\"url\":\"https:\\\/\\\/kibrisdakik.com\\\/\",\"name\":\"\",\"description\":\"Tam vaktinde haber\",\"potentialAction\":[{\"@type\":\"SearchAction\",\"target\":{\"@type\":\"EntryPoint\",\"urlTemplate\":\"https:\\\/\\\/kibrisdakik.com\\\/?s={search_term_string}\"},\"query-input\":{\"@type\":\"PropertyValueSpecification\",\"valueRequired\":true,\"valueName\":\"search_term_string\"}}],\"inLanguage\":\"tr\"},{\"@type\":\"Person\",\"@id\":\"https:\\\/\\\/kibrisdakik.com\\\/#\\\/schema\\\/person\\\/9cd9d437bbb44f72b73ba127e06d8e79\",\"name\":\"admin\",\"image\":{\"@type\":\"ImageObject\",\"inLanguage\":\"tr\",\"@id\":\"https:\\\/\\\/secure.gravatar.com\\\/avatar\\\/ccc17943b9d660506c869530f897617f7cb1c21a4bf30023f252596d83e1f007?s=96&d=mm&r=g\",\"url\":\"https:\\\/\\\/secure.gravatar.com\\\/avatar\\\/ccc17943b9d660506c869530f897617f7cb1c21a4bf30023f252596d83e1f007?s=96&d=mm&r=g\",\"contentUrl\":\"https:\\\/\\\/secure.gravatar.com\\\/avatar\\\/ccc17943b9d660506c869530f897617f7cb1c21a4bf30023f252596d83e1f007?s=96&d=mm&r=g\",\"caption\":\"admin\"},\"sameAs\":[\"https:\\\/\\\/kibrisdakik.com\"],\"url\":\"https:\\\/\\\/kibrisdakik.com\\\/?author=1\"}]}<\/script>\n<!-- \/ Yoast SEO plugin. -->","yoast_head_json":{"title":"KT\u00d6S; KTOE\u00d6S, \u00f6rg\u00fctler ve siyasi parti temsilcileri Bekirpa\u015fa Lisesi\u2019ni ziyaret etti -","robots":{"index":"index","follow":"follow","max-snippet":"max-snippet:-1","max-image-preview":"max-image-preview:large","max-video-preview":"max-video-preview:-1"},"canonical":"https:\/\/kibrisdakik.com\/?p=80777","og_locale":"tr_TR","og_type":"article","og_title":"KT\u00d6S; KTOE\u00d6S, \u00f6rg\u00fctler ve siyasi parti temsilcileri Bekirpa\u015fa Lisesi\u2019ni ziyaret etti -","og_description":"K\u0131br\u0131s T\u00fcrk \u00d6\u011fretmenler Sendikas\u0131 (KT\u00d6S) ve K\u0131br\u0131s T\u00fcrk Orta E\u011fitim \u00d6\u011fretmenler Sendikas\u0131 (KTOE\u00d6S) ile onlara disiplin de\u011fi\u015fiklik t\u00fcz\u00fc\u011f\u00fcne y\u00f6nelik eylemlerinde destek veren \u00f6rg\u00fctler, siyasi parti ba\u015fkanlar\u0131 ile milletvekilleri bug\u00fcn Bekirpa\u015fa Lisesi\u2019ni ziyaret etti. Disiplin de\u011fi\u015fiklik t\u00fcz\u00fc\u011f\u00fcn\u00fcn geri \u00e7ekilmesini isteyen heyette CTP Genel Ba\u015fkan\u0131 Tufan Erh\u00fcrman, TDP Genel Ba\u015fkan\u0131 Zeki \u00c7eler ile baz\u0131 CTP milletvekilleri de","og_url":"https:\/\/kibrisdakik.com\/?p=80777","article_published_time":"2025-04-22T10:42:29+00:00","og_image":[{"width":2560,"height":1439,"url":"https:\/\/kibrisdakik.com\/wp-content\/uploads\/2025\/04\/InShot_20250422_135855505-scaled-740x420.jpg","type":"image\/jpeg"}],"author":"admin","twitter_card":"summary_large_image","twitter_misc":{"Yazan:":"admin","Tahmini okuma s\u00fcresi":"1 dakika"},"schema":{"@context":"https:\/\/schema.org","@graph":[{"@type":"Article","@id":"https:\/\/kibrisdakik.com\/?p=80777#article","isPartOf":{"@id":"https:\/\/kibrisdakik.com\/?p=80777"},"author":{"name":"admin","@id":"https:\/\/kibrisdakik.com\/#\/schema\/person\/9cd9d437bbb44f72b73ba127e06d8e79"},"headline":"KT\u00d6S; KTOE\u00d6S, \u00f6rg\u00fctler ve siyasi parti temsilcileri Bekirpa\u015fa Lisesi\u2019ni ziyaret etti","datePublished":"2025-04-22T10:42:29+00:00","mainEntityOfPage":{"@id":"https:\/\/kibrisdakik.com\/?p=80777"},"wordCount":259,"commentCount":0,"image":{"@id":"https:\/\/kibrisdakik.com\/?p=80777#primaryimage"},"thumbnailUrl":"https:\/\/kibrisdakik.com\/wp-content\/uploads\/2025\/04\/InShot_20250422_135855505-scaled-740x420.jpg","articleSection":["K\u0131br\u0131s","Man\u015fet"],"inLanguage":"tr","potentialAction":[{"@type":"CommentAction","name":"Comment","target":["https:\/\/kibrisdakik.com\/?p=80777#respond"]}]},{"@type":"WebPage","@id":"https:\/\/kibrisdakik.com\/?p=80777","url":"https:\/\/kibrisdakik.com\/?p=80777","name":"KT\u00d6S; KTOE\u00d6S, \u00f6rg\u00fctler ve siyasi parti temsilcileri Bekirpa\u015fa Lisesi\u2019ni ziyaret etti -","isPartOf":{"@id":"https:\/\/kibrisdakik.com\/#website"},"primaryImageOfPage":{"@id":"https:\/\/kibrisdakik.com\/?p=80777#primaryimage"},"image":{"@id":"https:\/\/kibrisdakik.com\/?p=80777#primaryimage"},"thumbnailUrl":"https:\/\/kibrisdakik.com\/wp-content\/uploads\/2025\/04\/InShot_20250422_135855505-scaled-740x420.jpg","datePublished":"2025-04-22T10:42:29+00:00","author":{"@id":"https:\/\/kibrisdakik.com\/#\/schema\/person\/9cd9d437bbb44f72b73ba127e06d8e79"},"breadcrumb":{"@id":"https:\/\/kibrisdakik.com\/?p=80777#breadcrumb"},"inLanguage":"tr","potentialAction":[{"@type":"ReadAction","target":["https:\/\/kibrisdakik.com\/?p=80777"]}]},{"@type":"ImageObject","inLanguage":"tr","@id":"https:\/\/kibrisdakik.com\/?p=80777#primaryimage","url":"https:\/\/kibrisdakik.com\/wp-content\/uploads\/2025\/04\/InShot_20250422_135855505-scaled-740x420.jpg","contentUrl":"https:\/\/kibrisdakik.com\/wp-content\/uploads\/2025\/04\/InShot_20250422_135855505-scaled-740x420.jpg","width":2560,"height":1439},{"@type":"BreadcrumbList","@id":"https:\/\/kibrisdakik.com\/?p=80777#breadcrumb","itemListElement":[{"@type":"ListItem","position":1,"name":"Home","item":"https:\/\/kibrisdakik.com\/"},{"@type":"ListItem","position":2,"name":"KT\u00d6S; KTOE\u00d6S, \u00f6rg\u00fctler ve siyasi parti temsilcileri Bekirpa\u015fa Lisesi\u2019ni ziyaret etti"}]},{"@type":"WebSite","@id":"https:\/\/kibrisdakik.com\/#website","url":"https:\/\/kibrisdakik.com\/","name":"","description":"Tam vaktinde haber","potentialAction":[{"@type":"SearchAction","target":{"@type":"EntryPoint","urlTemplate":"https:\/\/kibrisdakik.com\/?s={search_term_string}"},"query-input":{"@type":"PropertyValueSpecification","valueRequired":true,"valueName":"search_term_string"}}],"inLanguage":"tr"},{"@type":"Person","@id":"https:\/\/kibrisdakik.com\/#\/schema\/person\/9cd9d437bbb44f72b73ba127e06d8e79","name":"admin","image":{"@type":"ImageObject","inLanguage":"tr","@id":"https:\/\/secure.gravatar.com\/avatar\/ccc17943b9d660506c869530f897617f7cb1c21a4bf30023f252596d83e1f007?s=96&d=mm&r=g","url":"https:\/\/secure.gravatar.com\/avatar\/ccc17943b9d660506c869530f897617f7cb1c21a4bf30023f252596d83e1f007?s=96&d=mm&r=g","contentUrl":"https:\/\/secure.gravatar.com\/avatar\/ccc17943b9d660506c869530f897617f7cb1c21a4bf30023f252596d83e1f007?s=96&d=mm&r=g","caption":"admin"},"sameAs":["https:\/\/kibrisdakik.com"],"url":"https:\/\/kibrisdakik.com\/?author=1"}]}},"_links":{"self":[{"href":"https:\/\/kibrisdakik.com\/index.php?rest_route=\/wp\/v2\/posts\/80777","targetHints":{"allow":["GET"]}}],"collection":[{"href":"https:\/\/kibrisdakik.com\/index.php?rest_route=\/wp\/v2\/posts"}],"about":[{"href":"https:\/\/kibrisdakik.com\/index.php?rest_route=\/wp\/v2\/types\/post"}],"author":[{"embeddable":true,"href":"https:\/\/kibrisdakik.com\/index.php?rest_route=\/wp\/v2\/users\/1"}],"replies":[{"embeddable":true,"href":"https:\/\/kibrisdakik.com\/index.php?rest_route=%2Fwp%2Fv2%2Fcomments&post=80777"}],"version-history":[{"count":0,"href":"https:\/\/kibrisdakik.com\/index.php?rest_route=\/wp\/v2\/posts\/80777\/revisions"}],"wp:featuredmedia":[{"embeddable":true,"href":"https:\/\/kibrisdakik.com\/index.php?rest_route=\/wp\/v2\/media\/80778"}],"wp:attachment":[{"href":"https:\/\/kibrisdakik.com\/index.php?rest_route=%2Fwp%2Fv2%2Fmedia&parent=80777"}],"wp:term":[{"taxonomy":"category","embeddable":true,"href":"https:\/\/kibrisdakik.com\/index.php?rest_route=%2Fwp%2Fv2%2Fcategories&post=80777"},{"taxonomy":"post_tag","embeddable":true,"href":"https:\/\/kibrisdakik.com\/index.php?rest_route=%2Fwp%2Fv2%2Ftags&post=80777"}],"curies":[{"name":"wp","href":"https:\/\/api.w.org\/{rel}","templated":true}]}}