{"id":80796,"date":"2025-04-22T15:25:03","date_gmt":"2025-04-22T12:25:03","guid":{"rendered":"https:\/\/kibrisdakik.com\/index.php\/2025\/04\/22\/yeni-cumhuriyet-meclisinde-ilk-temsili-genel-kurul-cocuk-haklari-gundemiyle-yapildi\/"},"modified":"2025-04-22T15:25:03","modified_gmt":"2025-04-22T12:25:03","slug":"yeni-cumhuriyet-meclisinde-ilk-temsili-genel-kurul-cocuk-haklari-gundemiyle-yapildi","status":"publish","type":"post","link":"https:\/\/kibrisdakik.com\/?p=80796","title":{"rendered":"Yeni Cumhuriyet Meclisi\u2019nde ilk temsili Genel Kurul \u201c\u00c7ocuk Haklar\u0131\u201d g\u00fcndemiyle yap\u0131ld\u0131"},"content":{"rendered":"<div>\n<div class=\"mariselle-image-container none\">\n                                            <\/div>\n<p style=\"font-weight: 300;\"><span style=\"font-weight: 300 !important;\">23 Nisan Ulusal Egemenlik ve \u00c7ocuk Bayram\u0131 kutlamalar\u0131 \u00e7er\u00e7evesinde, yeni Cumhuriyet Meclisi\u2019nde 23 Nisan \u00d6zel Oturumu d\u00fczenlendi.<\/span><\/p>\n<p style=\"font-weight: 300;\"><span style=\"font-weight: 300 !important;\">\u201c\u00c7ocuk Haklar\u0131\u201d g\u00fcndemiyle ger\u00e7ekle\u015ftirilen ilk Genel Kurul toplant\u0131s\u0131na, \u00fclke genelindeki okullardan, Meclis\u2019teki milletvekili da\u011f\u0131l\u0131m\u0131na uygun \u015fekilde belirlenen 50 \u00f6\u011frenci kat\u0131ld\u0131. \u00d6\u011frenciler, milletvekillerinin koltuklar\u0131na oturarak s\u00f6z ald\u0131 ve g\u00f6r\u00fc\u015flerini Meclis k\u00fcrs\u00fcs\u00fcnden dile getirdi.<\/span><\/p>\n<p style=\"font-weight: 300;\"><span style=\"font-weight: 300 !important;\">Sayg\u0131 duru\u015fu ve \u0130stiklal Mar\u015f\u0131\u2019n\u0131n okunmas\u0131yla ba\u015flayan temsili Meclis Genel Kurulu\u2019nda \u00f6\u011frencilere, Cumhuriyet Meclisi Ba\u015fkan\u0131 Ziya \u00d6zt\u00fcrkler, baz\u0131 bakanlar, milletvekilleri ve \u00f6\u011fretmenler e\u015flik etti.<\/span><\/p>\n<p style=\"font-weight: 300;\"><span style=\"font-weight: 300 !important;\">\u2013 \u00d6zt\u00fcrkler:\u00a0\u201cYeni Meclis\u2019te ilk temsili oturum tarihi bir anlam ta\u015f\u0131yor\u201d<\/span><\/p>\n<p style=\"font-weight: 300;\"><span style=\"font-weight: 300 !important;\">Meclis Ba\u015fkan\u0131 Ziya \u00d6zt\u00fcrkler burada yapt\u0131\u011f\u0131 konu\u015fmada, 23 Nisan\u2019\u0131n hem T\u00fcrkiye B\u00fcy\u00fck Millet Meclisi\u2019nin kurulu\u015fu hem de d\u00fcnyada \u00e7ocuklara arma\u011fan edilen ilk ve tek bayram olmas\u0131 a\u00e7\u0131s\u0131ndan b\u00fcy\u00fck anlam ta\u015f\u0131d\u0131\u011f\u0131na dikkat \u00e7ekti.<\/span><\/p>\n<p style=\"font-weight: 300;\"><span style=\"font-weight: 300 !important;\">Yeni Meclis yerle\u015fkesinde ger\u00e7ekle\u015ftirilen ilk temsili oturumun tarihi bir anlam ta\u015f\u0131d\u0131\u011f\u0131na vurgu yapan \u00d6zt\u00fcrkler, \u201cBuras\u0131 \u00fclkenin Cumhuriyet Meclisi; kalbidir. Bug\u00fcn burada sizlerle birlikte olmak b\u00fcy\u00fck bir onurdur.\u201d ifadelerini kulland\u0131.<\/span><\/p>\n<p style=\"font-weight: 300;\"><span style=\"font-weight: 300 !important;\">Mustafa Kemal Atat\u00fcrk\u2019\u00fcn 1920 y\u0131l\u0131nda T\u00fcrkiye B\u00fcy\u00fck Millet Meclisi\u2019ni kurarak milletin iradesine, \u00f6zg\u00fcrl\u00fc\u011f\u00fcne ve demokrasiye olan inanc\u0131n\u0131 ortaya koydu\u011funu hat\u0131rlatan \u00d6zt\u00fcrkler, \u201cSevgili \u00e7ocuklar, sizler yar\u0131n\u0131n y\u00f6neticileri, bilim insanlar\u0131, \u00f6\u011fretmenleri ve liderlerisiniz. Bug\u00fcn bu koltuklarda temsili olarak oturuyorsunuz ama yar\u0131n e\u011fitim hayat\u0131n\u0131z\u0131 tamamlad\u0131\u011f\u0131n\u0131zda bu koltuklara ger\u00e7ek anlamda oturacak olan sizlersiniz.\u201d diye konu\u015ftu.<\/span><\/p>\n<p style=\"font-weight: 300;\"><span style=\"font-weight: 300 !important;\">Yeni Cumhuriyet Meclisi yerle\u015fkesinin sadece mimari olarak de\u011fil, ta\u015f\u0131d\u0131\u011f\u0131 anlam itibar\u0131yla da \u00f6zel bir yap\u0131 oldu\u011funa dikkat \u00e7eken Ziya \u00d6zt\u00fcrkler, bu eserin T\u00fcrkiye Cumhuriyeti taraf\u0131ndan Kuzey K\u0131br\u0131s T\u00fcrk Cumhuriyeti halk\u0131na arma\u011fan edildi\u011fini vurgulad\u0131 ve eme\u011fi ge\u00e7en herkese te\u015fekk\u00fcr etti.<\/span><\/p>\n<p style=\"font-weight: 300;\"><span style=\"font-weight: 300 !important;\">\u2013 Meclis Ba\u015fkan\u0131 Zen Ar\u0131buka oldu, Genel Kurul\u2019a ba\u015fkanl\u0131k etti<\/span><\/p>\n<p style=\"font-weight: 300;\"><span style=\"font-weight: 300 !important;\">\u00d6zt\u00fcrkler\u2019in konu\u015fmas\u0131n\u0131n ard\u0131ndan s\u00f6z\u00fc, Genel Kurul\u2019da ba\u015fkanl\u0131k g\u00f6revini y\u00fcr\u00fctecek<\/span><span style=\"font-weight: 300 !important;\">\u00a0Dr. Suat G\u00fcnsel Devlet \u0130lkokulu\u00a0<\/span><span style=\"font-weight: 300 !important;\">Lefko\u015fa<\/span><span style=\"font-weight: 300 !important;\">\u00a0\u00f6\u011frencisi Zen Ar\u0131buka ald\u0131.<\/span><\/p>\n<p style=\"font-weight: 300;\"><span style=\"font-weight: 300 !important;\">Meclis Ba\u015fkanl\u0131\u011f\u0131 koltu\u011fundan \u00f6\u011frencilere seslenen Ar\u0131buka, ilk olarak T\u00fcrk \u00c7ocu\u011funun And\u0131\u2019n\u0131 okudu, Genel Kurul\u2019daki milletvekili koltu\u011funda oturan \u00f6\u011frenciler de ona e\u015flik etti.<\/span><\/p>\n<p style=\"font-weight: 300;\"><span style=\"font-weight: 300 !important;\">Ard\u0131ndan g\u00fcn\u00fcn anlam ve \u00f6nemine ili\u015fkin bir konu\u015fma yapan Ar\u0131buka, \u201cEgemenli\u011fi, kay\u0131ts\u0131z \u015farts\u0131z milletin oldu\u011funu temsil eden bu aziz binada bug\u00fcn sizlerle birlikte olman\u0131n gururunu ya\u015f\u0131yorum.\u201d diyerek s\u00f6zlerine ba\u015flad\u0131.<\/span><\/p>\n<p style=\"font-weight: 300;\"><span style=\"font-weight: 300 !important;\">Cumhuriyet Meclisi Ba\u015fkanl\u0131\u011f\u0131 g\u00f6revini temsili olarak \u00fcstlenmi\u015f olmaktan b\u00fcy\u00fck k\u0131van\u00e7 duydu\u011funu ifade eden Ar\u0131buka, kendilerine bu imk\u00e2n\u0131 tan\u0131yanlara t\u00fcm arkada\u015flar\u0131 ad\u0131na te\u015fekk\u00fcr etti.<\/span><\/p>\n<p style=\"font-weight: 300;\"><span style=\"font-weight: 300 !important;\">\u201cBug\u00fcn ulu \u00f6nder Mustafa Kemal Atat\u00fcrk\u2019\u00fcn biz \u00e7ocuklara duydu\u011fu g\u00fcvenin en somut g\u00f6stergesidir.\u201d ifadelerine yer veren Ar\u0131buka, 23 Nisan\u2019\u0131n \u00f6zg\u00fcrl\u00fck, adalet ve e\u015fitli\u011fin teminat\u0131 olarak tarihe alt\u0131n harflerle kaz\u0131nm\u0131\u015f \u00f6zel bir g\u00fcn oldu\u011funu vurgulad\u0131.<\/span><\/p>\n<p style=\"font-weight: 300;\"><span style=\"font-weight: 300 !important;\">Ulu \u00f6nder Atat\u00fcrk\u2019\u00fcn \u00e7ocuklara verdi\u011fi \u00f6nemin alt\u0131n\u0131 \u00e7izen Ar\u0131buka, bu \u00f6zel g\u00fcn\u00fcn yaln\u0131zca T\u00fcrk \u00e7ocuklar\u0131na de\u011fil t\u00fcm d\u00fcnya \u00e7ocuklar\u0131na ve d\u00fcnya bar\u0131\u015f\u0131na ithaf edildi\u011fini s\u00f6yledi.<\/span><\/p>\n<p style=\"font-weight: 300;\"><span style=\"font-weight: 300 !important;\">Konu\u015fmas\u0131n\u0131n sonunda \u201cBu \u00fclkenin yar\u0131nlar\u0131 bizleriz.\u201d diyen Ar\u0131buka, gelece\u011fin liderleri, bilim insanlar\u0131, sanat\u00e7\u0131lar\u0131 ve bar\u0131\u015f el\u00e7ileri olma yolunda \u00e7ok \u00e7al\u0131\u015facaklar\u0131n\u0131 s\u00f6yledi.<\/span><\/p>\n<p style=\"font-weight: 300;\"><span style=\"font-weight: 300 !important;\">Ar\u0131buka, ulu \u00f6nder Mustafa Kemal Atat\u00fcrk\u2019e at\u0131fla, \u201cYolun yolumuzdur Atat\u00fcrk. A\u00e7t\u0131\u011f\u0131n yolda, g\u00f6sterdi\u011fin hedefe hi\u00e7 durmadan y\u00fcr\u00fcyece\u011fiz.\u201d s\u00f6zleriyle konu\u015fmas\u0131n\u0131 tamamlad\u0131.<\/span><\/p>\n<p style=\"font-weight: 300;\"><span style=\"font-weight: 300 !important;\">\u2013 \u00c7ocuk Haklar\u0131 Bildirgesi okundu, \u015fiir seslendirildi<\/span><\/p>\n<p style=\"font-weight: 300;\"><span style=\"font-weight: 300 !important;\">Genel Kurul toplant\u0131s\u0131 \u00c7ocuk Haklar\u0131 Bildirgesi\u2019nin okunmas\u0131yla devam etti. Bildirgeyi, Lefko\u015fa\u2018dan Levent \u0130lkokulu \u00f6\u011frencisi Arel G\u00fclseven okudu, Girne\u2019den Lapta \u0130lkokulu \u00f6\u011frencisi Leyla Lemis Keklik ise \u201cBenim \u0130ki Bayra\u011f\u0131m Var.\u201d isimli \u015fiiri seslendirdi.<\/span><\/p>\n<p style=\"font-weight: 300;\"><span style=\"font-weight: 300 !important;\">-23 Nisan \u00d6zel Oturumu, her il\u00e7eden bir \u00f6\u011frencinin konu\u015fmas\u0131yla devam etti<\/span><\/p>\n<p style=\"font-weight: 300;\"><span style=\"font-weight: 300 !important;\">Genel Kurul\u2019da s\u0131ras\u0131yla Lefko\u015fa De\u011firmenlik \u0130lkokulu \u00f6\u011frencisi Dilay G\u00fclbeniz, Gazima\u011fusa Alani\u00e7i \u0130lkokulu \u00f6\u011frencisi Nil A\u011fa, G\u00fczelyurt Kurtulu\u015f \u0130lkokulu\u2019ndan Ada \u00c7av\u011fa, Lefke Do\u011fanc\u0131 \u0130lkokulu \u00f6\u011frencisi Mira \u00d6zakdenizli, Dr. Suat G\u00fcnsel \u0130lkokulu\u00a0<\/span><span style=\"font-weight: 300 !important;\">\u0130skele\u2019den\u00a0<\/span><span style=\"font-weight: 300 !important;\">Akmet Muhammed \u00c7elebi ve Girne Esentepe \u0130lkokulu \u00f6\u011frencisi Meyra T\u00fcmkan s\u00f6z ald\u0131. \u00d6\u011frenciler, b\u00f6lgelerindeki ihtiya\u00e7lar\u0131 ve kar\u015f\u0131la\u015ft\u0131klar\u0131 sorunlar\u0131 aktararak \u00e7\u00f6z\u00fcm \u00f6nerilerini Meclis k\u00fcrs\u00fcs\u00fcnden payla\u015ft\u0131.<\/span><\/p>\n<p style=\"font-weight: 300;\"><span style=\"font-weight: 300 !important;\">Konu\u015fmalar\u0131n ard\u0131ndan 23 Nisan \u00d6zel Oturumu tamamland\u0131. Meclis Ba\u015fkan\u0131 Ziya \u00d6zt\u00fcrkler, milletvekilleri ve \u00e7ocuklar, 10. Y\u0131l Mar\u015f\u0131 e\u015fli\u011finde hat\u0131ra foto\u011fraf\u0131 \u00e7ektirdi. Program, Meclis bah\u00e7esinde d\u00fczenlenen etkinliklerle sona erdi.<\/span><\/p>\n<div class=\"mariselle-image-container none\">\n                <img loading=\"lazy\" decoding=\"async\" width=\"930\" height=\"422\" class=\"lazy-image\" alt=\"\" sizes=\"auto, (max-width: 930px) 100vw, 930px\" src=\"https:\/\/brtk.net\/wp-content\/uploads\/2025\/04\/22\/1745314351914YENI-MECLIS-23-NISAN-12.jpg?ver=c5229042611bb7e3b0882343a30ecf1e\" srcset=\"https:\/\/brtk.net\/wp-content\/uploads\/2025\/04\/22\/1745314351914YENI-MECLIS-23-NISAN-12.jpg?ver=c5229042611bb7e3b0882343a30ecf1e 930w, https:\/\/brtk.net\/wp-content\/uploads\/2025\/04\/22\/1745314351914YENI-MECLIS-23-NISAN-12-300x136.jpg?ver=0ecf343027ccffd0c0ed361fa35c96cd 300w, https:\/\/brtk.net\/wp-content\/uploads\/2025\/04\/22\/1745314351914YENI-MECLIS-23-NISAN-12-768x348.jpg?ver=0ecf343027ccffd0c0ed361fa35c96cd 768w\"\/>                            <\/div>\n<p>TAK\/BRT<\/p>\n<\/p><\/div>\n<p><script async\n                    defer\n                    crossorigin=\"anonymous\"\n                    src=\"https:\/\/connect.facebook.net\/tr_TR\/sdk.js#xfbml=1&#038;version=v3.3\"\n            ><\/script><\/p>\n","protected":false},"excerpt":{"rendered":"<p>23 Nisan Ulusal Egemenlik ve \u00c7ocuk Bayram\u0131 kutlamalar\u0131 \u00e7er\u00e7evesinde, yeni Cumhuriyet Meclisi\u2019nde 23 Nisan \u00d6zel Oturumu d\u00fczenlendi. \u201c\u00c7ocuk Haklar\u0131\u201d g\u00fcndemiyle ger\u00e7ekle\u015ftirilen ilk Genel Kurul toplant\u0131s\u0131na, \u00fclke genelindeki okullardan, Meclis\u2019teki milletvekili da\u011f\u0131l\u0131m\u0131na uygun \u015fekilde belirlenen 50 \u00f6\u011frenci kat\u0131ld\u0131. \u00d6\u011frenciler, milletvekillerinin koltuklar\u0131na oturarak s\u00f6z ald\u0131 ve g\u00f6r\u00fc\u015flerini Meclis k\u00fcrs\u00fcs\u00fcnden dile getirdi. Sayg\u0131 duru\u015fu ve \u0130stiklal Mar\u015f\u0131\u2019n\u0131n okunmas\u0131yla<\/p>\n","protected":false},"author":1,"featured_media":80797,"comment_status":"open","ping_status":"open","sticky":false,"template":"","format":"standard","meta":{"footnotes":""},"categories":[81,101],"tags":[],"class_list":["post-80796","post","type-post","status-publish","format-standard","has-post-thumbnail","hentry","category-kibris","category-manset"],"yoast_head":"<!-- This site is optimized with the Yoast SEO plugin v27.5 - https:\/\/yoast.com\/product\/yoast-seo-wordpress\/ -->\n<title>Yeni Cumhuriyet Meclisi\u2019nde ilk temsili Genel Kurul \u201c\u00c7ocuk Haklar\u0131\u201d g\u00fcndemiyle yap\u0131ld\u0131 -<\/title>\n<meta name=\"robots\" content=\"index, follow, max-snippet:-1, max-image-preview:large, max-video-preview:-1\" \/>\n<link rel=\"canonical\" href=\"https:\/\/kibrisdakik.com\/?p=80796\" \/>\n<meta property=\"og:locale\" content=\"tr_TR\" \/>\n<meta property=\"og:type\" content=\"article\" \/>\n<meta property=\"og:title\" content=\"Yeni Cumhuriyet Meclisi\u2019nde ilk temsili Genel Kurul \u201c\u00c7ocuk Haklar\u0131\u201d g\u00fcndemiyle yap\u0131ld\u0131 -\" \/>\n<meta property=\"og:description\" content=\"23 Nisan Ulusal Egemenlik ve \u00c7ocuk Bayram\u0131 kutlamalar\u0131 \u00e7er\u00e7evesinde, yeni Cumhuriyet Meclisi\u2019nde 23 Nisan \u00d6zel Oturumu d\u00fczenlendi. \u201c\u00c7ocuk Haklar\u0131\u201d g\u00fcndemiyle ger\u00e7ekle\u015ftirilen ilk Genel Kurul toplant\u0131s\u0131na, \u00fclke genelindeki okullardan, Meclis\u2019teki milletvekili da\u011f\u0131l\u0131m\u0131na uygun \u015fekilde belirlenen 50 \u00f6\u011frenci kat\u0131ld\u0131. \u00d6\u011frenciler, milletvekillerinin koltuklar\u0131na oturarak s\u00f6z ald\u0131 ve g\u00f6r\u00fc\u015flerini Meclis k\u00fcrs\u00fcs\u00fcnden dile getirdi. Sayg\u0131 duru\u015fu ve \u0130stiklal Mar\u015f\u0131\u2019n\u0131n okunmas\u0131yla\" \/>\n<meta property=\"og:url\" content=\"https:\/\/kibrisdakik.com\/?p=80796\" \/>\n<meta property=\"article:published_time\" content=\"2025-04-22T12:25:03+00:00\" \/>\n<meta property=\"og:image\" content=\"https:\/\/kibrisdakik.com\/wp-content\/uploads\/2025\/04\/1745317391679cocuk-meclisi-genel-kurulu-4-740x420.jpg\" \/>\n\t<meta property=\"og:image:width\" content=\"927\" \/>\n\t<meta property=\"og:image:height\" content=\"440\" \/>\n\t<meta property=\"og:image:type\" content=\"image\/jpeg\" \/>\n<meta name=\"author\" content=\"admin\" \/>\n<meta name=\"twitter:card\" content=\"summary_large_image\" \/>\n<meta name=\"twitter:label1\" content=\"Yazan:\" \/>\n\t<meta name=\"twitter:data1\" content=\"admin\" \/>\n\t<meta name=\"twitter:label2\" content=\"Tahmini okuma s\u00fcresi\" \/>\n\t<meta name=\"twitter:data2\" content=\"4 dakika\" \/>\n<script type=\"application\/ld+json\" class=\"yoast-schema-graph\">{\"@context\":\"https:\\\/\\\/schema.org\",\"@graph\":[{\"@type\":\"Article\",\"@id\":\"https:\\\/\\\/kibrisdakik.com\\\/?p=80796#article\",\"isPartOf\":{\"@id\":\"https:\\\/\\\/kibrisdakik.com\\\/?p=80796\"},\"author\":{\"name\":\"admin\",\"@id\":\"https:\\\/\\\/kibrisdakik.com\\\/#\\\/schema\\\/person\\\/9cd9d437bbb44f72b73ba127e06d8e79\"},\"headline\":\"Yeni Cumhuriyet Meclisi\u2019nde ilk temsili Genel Kurul \u201c\u00c7ocuk Haklar\u0131\u201d g\u00fcndemiyle yap\u0131ld\u0131\",\"datePublished\":\"2025-04-22T12:25:03+00:00\",\"mainEntityOfPage\":{\"@id\":\"https:\\\/\\\/kibrisdakik.com\\\/?p=80796\"},\"wordCount\":848,\"commentCount\":0,\"image\":{\"@id\":\"https:\\\/\\\/kibrisdakik.com\\\/?p=80796#primaryimage\"},\"thumbnailUrl\":\"https:\\\/\\\/kibrisdakik.com\\\/wp-content\\\/uploads\\\/2025\\\/04\\\/1745317391679cocuk-meclisi-genel-kurulu-4-740x420.jpg\",\"articleSection\":[\"K\u0131br\u0131s\",\"Man\u015fet\"],\"inLanguage\":\"tr\",\"potentialAction\":[{\"@type\":\"CommentAction\",\"name\":\"Comment\",\"target\":[\"https:\\\/\\\/kibrisdakik.com\\\/?p=80796#respond\"]}]},{\"@type\":\"WebPage\",\"@id\":\"https:\\\/\\\/kibrisdakik.com\\\/?p=80796\",\"url\":\"https:\\\/\\\/kibrisdakik.com\\\/?p=80796\",\"name\":\"Yeni Cumhuriyet Meclisi\u2019nde ilk temsili Genel Kurul \u201c\u00c7ocuk Haklar\u0131\u201d g\u00fcndemiyle yap\u0131ld\u0131 -\",\"isPartOf\":{\"@id\":\"https:\\\/\\\/kibrisdakik.com\\\/#website\"},\"primaryImageOfPage\":{\"@id\":\"https:\\\/\\\/kibrisdakik.com\\\/?p=80796#primaryimage\"},\"image\":{\"@id\":\"https:\\\/\\\/kibrisdakik.com\\\/?p=80796#primaryimage\"},\"thumbnailUrl\":\"https:\\\/\\\/kibrisdakik.com\\\/wp-content\\\/uploads\\\/2025\\\/04\\\/1745317391679cocuk-meclisi-genel-kurulu-4-740x420.jpg\",\"datePublished\":\"2025-04-22T12:25:03+00:00\",\"author\":{\"@id\":\"https:\\\/\\\/kibrisdakik.com\\\/#\\\/schema\\\/person\\\/9cd9d437bbb44f72b73ba127e06d8e79\"},\"breadcrumb\":{\"@id\":\"https:\\\/\\\/kibrisdakik.com\\\/?p=80796#breadcrumb\"},\"inLanguage\":\"tr\",\"potentialAction\":[{\"@type\":\"ReadAction\",\"target\":[\"https:\\\/\\\/kibrisdakik.com\\\/?p=80796\"]}]},{\"@type\":\"ImageObject\",\"inLanguage\":\"tr\",\"@id\":\"https:\\\/\\\/kibrisdakik.com\\\/?p=80796#primaryimage\",\"url\":\"https:\\\/\\\/kibrisdakik.com\\\/wp-content\\\/uploads\\\/2025\\\/04\\\/1745317391679cocuk-meclisi-genel-kurulu-4-740x420.jpg\",\"contentUrl\":\"https:\\\/\\\/kibrisdakik.com\\\/wp-content\\\/uploads\\\/2025\\\/04\\\/1745317391679cocuk-meclisi-genel-kurulu-4-740x420.jpg\",\"width\":927,\"height\":440},{\"@type\":\"BreadcrumbList\",\"@id\":\"https:\\\/\\\/kibrisdakik.com\\\/?p=80796#breadcrumb\",\"itemListElement\":[{\"@type\":\"ListItem\",\"position\":1,\"name\":\"Home\",\"item\":\"https:\\\/\\\/kibrisdakik.com\\\/\"},{\"@type\":\"ListItem\",\"position\":2,\"name\":\"Yeni Cumhuriyet Meclisi\u2019nde ilk temsili Genel Kurul \u201c\u00c7ocuk Haklar\u0131\u201d g\u00fcndemiyle yap\u0131ld\u0131\"}]},{\"@type\":\"WebSite\",\"@id\":\"https:\\\/\\\/kibrisdakik.com\\\/#website\",\"url\":\"https:\\\/\\\/kibrisdakik.com\\\/\",\"name\":\"\",\"description\":\"Tam vaktinde haber\",\"potentialAction\":[{\"@type\":\"SearchAction\",\"target\":{\"@type\":\"EntryPoint\",\"urlTemplate\":\"https:\\\/\\\/kibrisdakik.com\\\/?s={search_term_string}\"},\"query-input\":{\"@type\":\"PropertyValueSpecification\",\"valueRequired\":true,\"valueName\":\"search_term_string\"}}],\"inLanguage\":\"tr\"},{\"@type\":\"Person\",\"@id\":\"https:\\\/\\\/kibrisdakik.com\\\/#\\\/schema\\\/person\\\/9cd9d437bbb44f72b73ba127e06d8e79\",\"name\":\"admin\",\"image\":{\"@type\":\"ImageObject\",\"inLanguage\":\"tr\",\"@id\":\"https:\\\/\\\/secure.gravatar.com\\\/avatar\\\/ccc17943b9d660506c869530f897617f7cb1c21a4bf30023f252596d83e1f007?s=96&d=mm&r=g\",\"url\":\"https:\\\/\\\/secure.gravatar.com\\\/avatar\\\/ccc17943b9d660506c869530f897617f7cb1c21a4bf30023f252596d83e1f007?s=96&d=mm&r=g\",\"contentUrl\":\"https:\\\/\\\/secure.gravatar.com\\\/avatar\\\/ccc17943b9d660506c869530f897617f7cb1c21a4bf30023f252596d83e1f007?s=96&d=mm&r=g\",\"caption\":\"admin\"},\"sameAs\":[\"https:\\\/\\\/kibrisdakik.com\"],\"url\":\"https:\\\/\\\/kibrisdakik.com\\\/?author=1\"}]}<\/script>\n<!-- \/ Yoast SEO plugin. -->","yoast_head_json":{"title":"Yeni Cumhuriyet Meclisi\u2019nde ilk temsili Genel Kurul \u201c\u00c7ocuk Haklar\u0131\u201d g\u00fcndemiyle yap\u0131ld\u0131 -","robots":{"index":"index","follow":"follow","max-snippet":"max-snippet:-1","max-image-preview":"max-image-preview:large","max-video-preview":"max-video-preview:-1"},"canonical":"https:\/\/kibrisdakik.com\/?p=80796","og_locale":"tr_TR","og_type":"article","og_title":"Yeni Cumhuriyet Meclisi\u2019nde ilk temsili Genel Kurul \u201c\u00c7ocuk Haklar\u0131\u201d g\u00fcndemiyle yap\u0131ld\u0131 -","og_description":"23 Nisan Ulusal Egemenlik ve \u00c7ocuk Bayram\u0131 kutlamalar\u0131 \u00e7er\u00e7evesinde, yeni Cumhuriyet Meclisi\u2019nde 23 Nisan \u00d6zel Oturumu d\u00fczenlendi. \u201c\u00c7ocuk Haklar\u0131\u201d g\u00fcndemiyle ger\u00e7ekle\u015ftirilen ilk Genel Kurul toplant\u0131s\u0131na, \u00fclke genelindeki okullardan, Meclis\u2019teki milletvekili da\u011f\u0131l\u0131m\u0131na uygun \u015fekilde belirlenen 50 \u00f6\u011frenci kat\u0131ld\u0131. \u00d6\u011frenciler, milletvekillerinin koltuklar\u0131na oturarak s\u00f6z ald\u0131 ve g\u00f6r\u00fc\u015flerini Meclis k\u00fcrs\u00fcs\u00fcnden dile getirdi. Sayg\u0131 duru\u015fu ve \u0130stiklal Mar\u015f\u0131\u2019n\u0131n okunmas\u0131yla","og_url":"https:\/\/kibrisdakik.com\/?p=80796","article_published_time":"2025-04-22T12:25:03+00:00","og_image":[{"width":927,"height":440,"url":"https:\/\/kibrisdakik.com\/wp-content\/uploads\/2025\/04\/1745317391679cocuk-meclisi-genel-kurulu-4-740x420.jpg","type":"image\/jpeg"}],"author":"admin","twitter_card":"summary_large_image","twitter_misc":{"Yazan:":"admin","Tahmini okuma s\u00fcresi":"4 dakika"},"schema":{"@context":"https:\/\/schema.org","@graph":[{"@type":"Article","@id":"https:\/\/kibrisdakik.com\/?p=80796#article","isPartOf":{"@id":"https:\/\/kibrisdakik.com\/?p=80796"},"author":{"name":"admin","@id":"https:\/\/kibrisdakik.com\/#\/schema\/person\/9cd9d437bbb44f72b73ba127e06d8e79"},"headline":"Yeni Cumhuriyet Meclisi\u2019nde ilk temsili Genel Kurul \u201c\u00c7ocuk Haklar\u0131\u201d g\u00fcndemiyle yap\u0131ld\u0131","datePublished":"2025-04-22T12:25:03+00:00","mainEntityOfPage":{"@id":"https:\/\/kibrisdakik.com\/?p=80796"},"wordCount":848,"commentCount":0,"image":{"@id":"https:\/\/kibrisdakik.com\/?p=80796#primaryimage"},"thumbnailUrl":"https:\/\/kibrisdakik.com\/wp-content\/uploads\/2025\/04\/1745317391679cocuk-meclisi-genel-kurulu-4-740x420.jpg","articleSection":["K\u0131br\u0131s","Man\u015fet"],"inLanguage":"tr","potentialAction":[{"@type":"CommentAction","name":"Comment","target":["https:\/\/kibrisdakik.com\/?p=80796#respond"]}]},{"@type":"WebPage","@id":"https:\/\/kibrisdakik.com\/?p=80796","url":"https:\/\/kibrisdakik.com\/?p=80796","name":"Yeni Cumhuriyet Meclisi\u2019nde ilk temsili Genel Kurul \u201c\u00c7ocuk Haklar\u0131\u201d g\u00fcndemiyle yap\u0131ld\u0131 -","isPartOf":{"@id":"https:\/\/kibrisdakik.com\/#website"},"primaryImageOfPage":{"@id":"https:\/\/kibrisdakik.com\/?p=80796#primaryimage"},"image":{"@id":"https:\/\/kibrisdakik.com\/?p=80796#primaryimage"},"thumbnailUrl":"https:\/\/kibrisdakik.com\/wp-content\/uploads\/2025\/04\/1745317391679cocuk-meclisi-genel-kurulu-4-740x420.jpg","datePublished":"2025-04-22T12:25:03+00:00","author":{"@id":"https:\/\/kibrisdakik.com\/#\/schema\/person\/9cd9d437bbb44f72b73ba127e06d8e79"},"breadcrumb":{"@id":"https:\/\/kibrisdakik.com\/?p=80796#breadcrumb"},"inLanguage":"tr","potentialAction":[{"@type":"ReadAction","target":["https:\/\/kibrisdakik.com\/?p=80796"]}]},{"@type":"ImageObject","inLanguage":"tr","@id":"https:\/\/kibrisdakik.com\/?p=80796#primaryimage","url":"https:\/\/kibrisdakik.com\/wp-content\/uploads\/2025\/04\/1745317391679cocuk-meclisi-genel-kurulu-4-740x420.jpg","contentUrl":"https:\/\/kibrisdakik.com\/wp-content\/uploads\/2025\/04\/1745317391679cocuk-meclisi-genel-kurulu-4-740x420.jpg","width":927,"height":440},{"@type":"BreadcrumbList","@id":"https:\/\/kibrisdakik.com\/?p=80796#breadcrumb","itemListElement":[{"@type":"ListItem","position":1,"name":"Home","item":"https:\/\/kibrisdakik.com\/"},{"@type":"ListItem","position":2,"name":"Yeni Cumhuriyet Meclisi\u2019nde ilk temsili Genel Kurul \u201c\u00c7ocuk Haklar\u0131\u201d g\u00fcndemiyle yap\u0131ld\u0131"}]},{"@type":"WebSite","@id":"https:\/\/kibrisdakik.com\/#website","url":"https:\/\/kibrisdakik.com\/","name":"","description":"Tam vaktinde haber","potentialAction":[{"@type":"SearchAction","target":{"@type":"EntryPoint","urlTemplate":"https:\/\/kibrisdakik.com\/?s={search_term_string}"},"query-input":{"@type":"PropertyValueSpecification","valueRequired":true,"valueName":"search_term_string"}}],"inLanguage":"tr"},{"@type":"Person","@id":"https:\/\/kibrisdakik.com\/#\/schema\/person\/9cd9d437bbb44f72b73ba127e06d8e79","name":"admin","image":{"@type":"ImageObject","inLanguage":"tr","@id":"https:\/\/secure.gravatar.com\/avatar\/ccc17943b9d660506c869530f897617f7cb1c21a4bf30023f252596d83e1f007?s=96&d=mm&r=g","url":"https:\/\/secure.gravatar.com\/avatar\/ccc17943b9d660506c869530f897617f7cb1c21a4bf30023f252596d83e1f007?s=96&d=mm&r=g","contentUrl":"https:\/\/secure.gravatar.com\/avatar\/ccc17943b9d660506c869530f897617f7cb1c21a4bf30023f252596d83e1f007?s=96&d=mm&r=g","caption":"admin"},"sameAs":["https:\/\/kibrisdakik.com"],"url":"https:\/\/kibrisdakik.com\/?author=1"}]}},"_links":{"self":[{"href":"https:\/\/kibrisdakik.com\/index.php?rest_route=\/wp\/v2\/posts\/80796","targetHints":{"allow":["GET"]}}],"collection":[{"href":"https:\/\/kibrisdakik.com\/index.php?rest_route=\/wp\/v2\/posts"}],"about":[{"href":"https:\/\/kibrisdakik.com\/index.php?rest_route=\/wp\/v2\/types\/post"}],"author":[{"embeddable":true,"href":"https:\/\/kibrisdakik.com\/index.php?rest_route=\/wp\/v2\/users\/1"}],"replies":[{"embeddable":true,"href":"https:\/\/kibrisdakik.com\/index.php?rest_route=%2Fwp%2Fv2%2Fcomments&post=80796"}],"version-history":[{"count":0,"href":"https:\/\/kibrisdakik.com\/index.php?rest_route=\/wp\/v2\/posts\/80796\/revisions"}],"wp:featuredmedia":[{"embeddable":true,"href":"https:\/\/kibrisdakik.com\/index.php?rest_route=\/wp\/v2\/media\/80797"}],"wp:attachment":[{"href":"https:\/\/kibrisdakik.com\/index.php?rest_route=%2Fwp%2Fv2%2Fmedia&parent=80796"}],"wp:term":[{"taxonomy":"category","embeddable":true,"href":"https:\/\/kibrisdakik.com\/index.php?rest_route=%2Fwp%2Fv2%2Fcategories&post=80796"},{"taxonomy":"post_tag","embeddable":true,"href":"https:\/\/kibrisdakik.com\/index.php?rest_route=%2Fwp%2Fv2%2Ftags&post=80796"}],"curies":[{"name":"wp","href":"https:\/\/api.w.org\/{rel}","templated":true}]}}