{"id":80812,"date":"2025-04-22T16:29:15","date_gmt":"2025-04-22T13:29:15","guid":{"rendered":"https:\/\/kibrisdakik.com\/index.php\/2025\/04\/22\/milli-egitim-bakani-nazim-cavusoglu-bakanlik-koltugunu-arin-sahlana-devretti\/"},"modified":"2025-04-22T16:29:15","modified_gmt":"2025-04-22T13:29:15","slug":"milli-egitim-bakani-nazim-cavusoglu-bakanlik-koltugunu-arin-sahlana-devretti","status":"publish","type":"post","link":"https:\/\/kibrisdakik.com\/?p=80812","title":{"rendered":"Milli E\u011fitim Bakan\u0131 Naz\u0131m \u00c7avu\u015fo\u011flu Bakanl\u0131k koltu\u011funu Arin \u015eahlan\u2019a devretti"},"content":{"rendered":"<div>\n<div class=\"mariselle-image-container none\">\n                                            <\/div>\n<p style=\"font-weight: 300;\"><span style=\"font-weight: 300 !important;\">23 Nisan Ulusal Egemenlik ve \u00c7ocuk Bayram\u0131 kutlamalar\u0131 \u00e7er\u00e7evesinde Milli E\u011fitim Bakan\u0131 Naz\u0131m \u00c7avu\u015fo\u011flu, Bakanl\u0131k koltu\u011funu \u015eht. Hasan Cafer \u0130lkokulu \u00f6\u011frencisi Arin \u015eahlan\u2019a devretti.<\/span><\/p>\n<p style=\"font-weight: 300;\">9 Eyl\u00fcl \u0130lkokulu M\u00fcd\u00fcr\u00fc El\u00e7in Altan ba\u015fkanl\u0131\u011f\u0131nda Lefko\u015fa, Gazima\u011fusa, Girne, G\u00fczelyurt, Lefke ve \u0130skele\u2019den 16 \u00f6\u011frenci Milli E\u011fitim Bakan\u0131 Naz\u0131m \u00c7avu\u015fo\u011flu\u2019nu ziyaret etti.<\/p>\n<p style=\"font-weight: 300;\">Ziyarette, Bakan Naz\u0131m \u00c7avu\u015fo\u011flu \u00e7ocuklar\u0131n g\u00fcn\u00fcn\u00fc kutlayarak, onlara hediye da\u011f\u0131tt\u0131.<\/p>\n<p style=\"font-weight: 300;\">Kendisine \u00e7i\u00e7ek takdim eden \u00e7ocuklara, \u00e7i\u00e7eklerin yeni Bakan\u2019a takdim edilmesi gerekti\u011fini s\u00f6yleyen \u00c7avu\u015fo\u011flu, \u00e7i\u00e7ekleri Bakan koltu\u011funa oturan Arin \u015eahlan\u2019a verdi.<\/p>\n<p style=\"font-weight: 300;\">-\u00c7avu\u015fo\u011flu: \u201cDevletin t\u00fcm makamlar\u0131 \u00e7ocuklar i\u00e7in \u00e7al\u0131\u015f\u0131yor\u201d<\/p>\n<p style=\"font-weight: 300;\">Milli E\u011fitim Bakan\u0131 Naz\u0131m \u00c7avu\u015fo\u011flu konu\u015fmas\u0131nda, 23 Nisan\u2019\u0131n olu\u015fmas\u0131ndan 105 y\u0131l ge\u00e7ti\u011fini belirterek, 23 Nisan 1920\u2019de T\u00fcrkiye B\u00fcy\u00fck Millet Meclisi\u2019nin a\u00e7\u0131lmas\u0131yla egemenli\u011fin kay\u0131ts\u0131z \u015farts\u0131z milletin oldu\u011funu an\u0131msatt\u0131.<\/p>\n<p style=\"font-weight: 300;\">Atat\u00fcrk\u2019\u00fcn egemenli\u011fin g\u00fcvencesi olan \u00e7ocuklara 23 Nisan\u2019\u0131\u00a0 bayram olarak b\u0131rakt\u0131\u011f\u0131n\u0131 da kaydeden \u00c7avu\u015fo\u011flu, bayram dolay\u0131s\u0131yla \u00e7ocuklarla ilgili s\u0131k\u0131nt\u0131 ve planlar\u0131n payla\u015f\u0131ld\u0131\u011f\u0131n\u0131 ifade etti.<\/p>\n<p style=\"font-weight: 300;\">\u00c7avu\u015fo\u011flu, \u00e7ocuklar\u0131n gelece\u011fin \u00f6\u011fretmenleri, siyaset\u00e7ileri, bakanlar\u0131, milletvekilleri, doktorlar\u0131, m\u00fchendisleri olacaklar\u0131n\u0131 i\u015faret ederek, \u00f6\u011fretmenlerinin onlar\u0131 \u00e7ok iyi yeti\u015ftirdiklerini s\u00f6yledi.<\/p>\n<p style=\"font-weight: 300;\">\u00c7ocuklar\u0131n Atat\u00fcrk\u00e7\u00fc d\u00fc\u015f\u00fcnceye sahip, laik bir ya\u015famla b\u00fcy\u00fcd\u00fcklerini dile getiren \u00c7avu\u015fo\u011flu, \u00f6\u011frencilerin KKTC halk\u0131n\u0131 kendilerinden daha ileriye ta\u015f\u0131yaca\u011f\u0131na inan\u00e7 belirtti.<\/p>\n<p style=\"font-weight: 300;\">Bakan \u00c7avu\u015fo\u011flu, en b\u00fcy\u00fck gayelerinin daha sa\u011fl\u0131kl\u0131 nesiller yeti\u015ftirmek oldu\u011funu da aktararak, \u00f6\u011fretmenlerin ve devletin t\u00fcm makamlar\u0131n\u0131n \u00e7ocuklar i\u00e7in \u00e7al\u0131\u015ft\u0131klar\u0131n\u0131, \u00e7ocuklar\u0131n bu sayede b\u00fcy\u00fcy\u00fcp, geli\u015feceklerini ve \u00e7ocuklar geli\u015ftik\u00e7e halk\u0131n da geli\u015fece\u011fini ve daha mutlu, daha sa\u011fl\u0131kl\u0131 nesiller olacaklar\u0131n\u0131 s\u00f6yledi.<\/p>\n<p style=\"font-weight: 300;\">Konu\u015fmas\u0131nda, Atat\u00fcrk\u2019\u00fcn T\u00fcrkiye B\u00fcy\u00fck Millet Meclisi\u2019ni kurduktan sonra hayata ge\u00e7irdi\u011fi devrimlerini K\u0131br\u0131s T\u00fcrk halk\u0131n\u0131n en erken s\u00fcrede uygulamaya ba\u015flayan halk oldu\u011funa dikkat \u00e7eken \u00c7avu\u015fo\u011flu, bu d\u00fc\u015f\u00fcncelerin korucusu olduklar\u0131n\u0131 da kaydetti.<\/p>\n<p style=\"font-weight: 300;\">Naz\u0131m \u00c7avu\u015fo\u011flu, vizyonlar\u0131n\u0131n \u00e7ocuklar\u0131n Atat\u00fcrk\u00e7\u00fc d\u00fc\u015f\u00fcnceyle b\u00fcy\u00fcmeleri oldu\u011funu da s\u00f6yleyerek, \u00f6\u011frencilerin hem kendi \u00fclke insan\u0131na hem de d\u00fcnya insan\u0131na hizmet edebilmeleri i\u00e7in Mill\u00ee E\u011fitim Bakanl\u0131\u011f\u0131\u2019n\u0131n t\u00fcm kadrosuyla \u00e7al\u0131\u015ft\u0131\u011f\u0131n\u0131 belirtti.<\/p>\n<p style=\"font-weight: 300;\">Devletin en b\u00fcy\u00fck b\u00fct\u00e7esinin Mill\u00ee E\u011fitim Bakanl\u0131\u011f\u0131\u2019n\u0131n b\u00fct\u00e7esi oldu\u011funu \u00e7\u00fcnk\u00fc devletin en \u00f6nemli unsurunun, en g\u00fcvendi\u011fi, en \u00f6nemsedi\u011fi konunun \u00e7ocuklar oldu\u011funu i\u015faret eden \u00c7avu\u015fo\u011flu, \u201cSizler 10 sene sonra bu g\u00f6revlerde olacaks\u0131n\u0131z. Sizler daha iyisini yapacaks\u0131n\u0131z.\u201d dedi.<\/p>\n<p style=\"font-weight: 300;\">Konu\u015fmas\u0131nda, \u00e7ocuklar\u0131n yeti\u015fmesinde b\u00fcy\u00fck \u00f6neme sahip ba\u015fta Mustafa Kemal Atat\u00fcrk olmak \u00fczere t\u00fcm \u00f6\u011fretmenlere te\u015fekk\u00fcr eden \u00c7avu\u015fo\u011flu, \u201cK\u0131sa bir s\u00fcre sonra bu koltu\u011fa gelip oturacak olan sizlere koltu\u011fumu devretmek istiyorum.\u201d ifadesine yer verdi.<\/p>\n<p style=\"font-weight: 300;\">-Arin \u015eahlan, 23 Nisan\u2019\u0131n t\u00fcm d\u00fcnyaya sevgi ve bar\u0131\u015f getirmesini temenni etti<\/p>\n<p style=\"font-weight: 300;\">Atat\u00fcrk\u2019\u00fcn 23 Nisan tarihinde T\u00fcrkiye B\u00fcy\u00fck Millet Meclisi\u2019ni a\u00e7t\u0131\u011f\u0131n\u0131 dile getiren \u015eahlan, \u00e7ocuklar\u0131 milletin gelece\u011fi olarak g\u00f6rd\u00fc\u011f\u00fc i\u00e7in 23 Nisan\u2019\u0131 onlara hediye etti\u011fini belirtti.<\/p>\n<p style=\"font-weight: 300;\">\u015eahlan, 23 Nisan\u2019\u0131n t\u00fcm d\u00fcnyaya sevgi ve bar\u0131\u015f getirmesi temennisinde bulunarak, Atat\u00fcrk\u2019\u00fcn \u2018Ey y\u00fckselen yeni nesil, istikbal sizindir. Cumhuriyeti biz kurduk. onu y\u00fcceltecek ve s\u00fcrd\u00fcrecek sizlersiniz.\u2019 s\u00f6z\u00fcn\u00fcn e\u011fitimde \u0131\u015f\u0131k ve yol g\u00f6sterici oldu\u011funu da kaydetti.<\/p>\n<p style=\"font-weight: 300;\">Altan: \u201c\u00c7ocuklar \u00fclkeleri i\u00e7in \u00e7ok g\u00fczel \u015feyler yapabilirler\u201d<\/p>\n<p style=\"font-weight: 300;\">9 Eyl\u00fcl \u0130lkokulu M\u00fcd\u00fcr\u00fc El\u00e7in Altan kabulde yapt\u0131\u011f\u0131 konu\u015fmada, her b\u00f6lgeden \u00e7ocuklar\u0131n olmas\u0131n\u0131n kendileri i\u00e7in \u00e7ok anlaml\u0131 oldu\u011funu s\u00f6yleyerek, \u00e7ocuklar\u0131n Bakan \u00c7avu\u015fo\u011flu\u2019yla tan\u0131\u015fmas\u0131 ve\u00a0 \u00fclke i\u00e7in bir \u015feyler yapmay\u0131 d\u00fc\u015f\u00fcnmelerinin \u00f6nemini i\u015faret etti.<\/p>\n<p style=\"font-weight: 300;\">\u00c7ocuklar\u0131n \u00fclkeleri i\u00e7in \u00e7ok g\u00fczel \u015feyler yapabileceklerine de dikkat \u00e7eken Altan, Atat\u00fcrk\u2019\u00fcn izinde ilerleyerek, \u00e7a\u011fda\u015f, demokratik bir ortamda vatanlar\u0131na sahip \u00e7\u0131karak, sevgi, sayg\u0131, d\u00fcr\u00fcstl\u00fck, adalet i\u00e7erisinde y\u00fcr\u00fcyecek \u00e7ocuklara e\u011fitimciler olarak destek vereceklerinin alt\u0131n\u0131 \u00e7izdi.<\/p>\n<p style=\"font-weight: 300;\">Milli E\u011fitim Bakan Naz\u0131m \u00c7avu\u015fo\u011flu kabul\u00fcn sonunda \u00e7ocuklarla sohbet edip, isteklerini dinledi. \u015eht. Tuncer \u0130lkokulu\u2019ndan Nehir \u00d6zdemir kabulde, okullar\u0131nda futbol sahas\u0131 bulunmad\u0131\u011f\u0131n\u0131 belirterek, Bakan \u00c7avu\u015fo\u011flu\u2019ndan bu konuda destek istedi.<\/p>\n<p>\u00a0<\/p>\n<\/p><\/div>\n<p><script async\n                    defer\n                    crossorigin=\"anonymous\"\n                    src=\"https:\/\/connect.facebook.net\/tr_TR\/sdk.js#xfbml=1&#038;version=v3.3\"\n            ><\/script><\/p>\n","protected":false},"excerpt":{"rendered":"<p>23 Nisan Ulusal Egemenlik ve \u00c7ocuk Bayram\u0131 kutlamalar\u0131 \u00e7er\u00e7evesinde Milli E\u011fitim Bakan\u0131 Naz\u0131m \u00c7avu\u015fo\u011flu, Bakanl\u0131k koltu\u011funu \u015eht. Hasan Cafer \u0130lkokulu \u00f6\u011frencisi Arin \u015eahlan\u2019a devretti. 9 Eyl\u00fcl \u0130lkokulu M\u00fcd\u00fcr\u00fc El\u00e7in Altan ba\u015fkanl\u0131\u011f\u0131nda Lefko\u015fa, Gazima\u011fusa, Girne, G\u00fczelyurt, Lefke ve \u0130skele\u2019den 16 \u00f6\u011frenci Milli E\u011fitim Bakan\u0131 Naz\u0131m \u00c7avu\u015fo\u011flu\u2019nu ziyaret etti. Ziyarette, Bakan Naz\u0131m \u00c7avu\u015fo\u011flu \u00e7ocuklar\u0131n g\u00fcn\u00fcn\u00fc kutlayarak, onlara<\/p>\n","protected":false},"author":1,"featured_media":80813,"comment_status":"open","ping_status":"open","sticky":false,"template":"","format":"standard","meta":{"footnotes":""},"categories":[81,101],"tags":[],"class_list":["post-80812","post","type-post","status-publish","format-standard","has-post-thumbnail","hentry","category-kibris","category-manset"],"yoast_head":"<!-- This site is optimized with the Yoast SEO plugin v27.5 - https:\/\/yoast.com\/product\/yoast-seo-wordpress\/ -->\n<title>Milli E\u011fitim Bakan\u0131 Naz\u0131m \u00c7avu\u015fo\u011flu Bakanl\u0131k koltu\u011funu Arin \u015eahlan\u2019a devretti -<\/title>\n<meta name=\"robots\" content=\"index, follow, max-snippet:-1, max-image-preview:large, max-video-preview:-1\" \/>\n<link rel=\"canonical\" href=\"https:\/\/kibrisdakik.com\/?p=80812\" \/>\n<meta property=\"og:locale\" content=\"tr_TR\" \/>\n<meta property=\"og:type\" content=\"article\" \/>\n<meta property=\"og:title\" content=\"Milli E\u011fitim Bakan\u0131 Naz\u0131m \u00c7avu\u015fo\u011flu Bakanl\u0131k koltu\u011funu Arin \u015eahlan\u2019a devretti -\" \/>\n<meta property=\"og:description\" content=\"23 Nisan Ulusal Egemenlik ve \u00c7ocuk Bayram\u0131 kutlamalar\u0131 \u00e7er\u00e7evesinde Milli E\u011fitim Bakan\u0131 Naz\u0131m \u00c7avu\u015fo\u011flu, Bakanl\u0131k koltu\u011funu \u015eht. Hasan Cafer \u0130lkokulu \u00f6\u011frencisi Arin \u015eahlan\u2019a devretti. 9 Eyl\u00fcl \u0130lkokulu M\u00fcd\u00fcr\u00fc El\u00e7in Altan ba\u015fkanl\u0131\u011f\u0131nda Lefko\u015fa, Gazima\u011fusa, Girne, G\u00fczelyurt, Lefke ve \u0130skele\u2019den 16 \u00f6\u011frenci Milli E\u011fitim Bakan\u0131 Naz\u0131m \u00c7avu\u015fo\u011flu\u2019nu ziyaret etti. Ziyarette, Bakan Naz\u0131m \u00c7avu\u015fo\u011flu \u00e7ocuklar\u0131n g\u00fcn\u00fcn\u00fc kutlayarak, onlara\" \/>\n<meta property=\"og:url\" content=\"https:\/\/kibrisdakik.com\/?p=80812\" \/>\n<meta property=\"article:published_time\" content=\"2025-04-22T13:29:15+00:00\" \/>\n<meta property=\"og:image\" content=\"https:\/\/kibrisdakik.com\/wp-content\/uploads\/2025\/04\/1745316422357CAVUSOGLU-23-NISAN-COCUKLARI-ERO-3-740x420.jpeg\" \/>\n\t<meta property=\"og:image:width\" content=\"928\" \/>\n\t<meta property=\"og:image:height\" content=\"461\" \/>\n\t<meta property=\"og:image:type\" content=\"image\/jpeg\" \/>\n<meta name=\"author\" content=\"admin\" \/>\n<meta name=\"twitter:card\" content=\"summary_large_image\" \/>\n<meta name=\"twitter:label1\" content=\"Yazan:\" \/>\n\t<meta name=\"twitter:data1\" content=\"admin\" \/>\n\t<meta name=\"twitter:label2\" content=\"Tahmini okuma s\u00fcresi\" \/>\n\t<meta name=\"twitter:data2\" content=\"4 dakika\" \/>\n<script type=\"application\/ld+json\" class=\"yoast-schema-graph\">{\"@context\":\"https:\\\/\\\/schema.org\",\"@graph\":[{\"@type\":\"Article\",\"@id\":\"https:\\\/\\\/kibrisdakik.com\\\/?p=80812#article\",\"isPartOf\":{\"@id\":\"https:\\\/\\\/kibrisdakik.com\\\/?p=80812\"},\"author\":{\"name\":\"admin\",\"@id\":\"https:\\\/\\\/kibrisdakik.com\\\/#\\\/schema\\\/person\\\/9cd9d437bbb44f72b73ba127e06d8e79\"},\"headline\":\"Milli E\u011fitim Bakan\u0131 Naz\u0131m \u00c7avu\u015fo\u011flu Bakanl\u0131k koltu\u011funu Arin \u015eahlan\u2019a devretti\",\"datePublished\":\"2025-04-22T13:29:15+00:00\",\"mainEntityOfPage\":{\"@id\":\"https:\\\/\\\/kibrisdakik.com\\\/?p=80812\"},\"wordCount\":815,\"commentCount\":0,\"image\":{\"@id\":\"https:\\\/\\\/kibrisdakik.com\\\/?p=80812#primaryimage\"},\"thumbnailUrl\":\"https:\\\/\\\/kibrisdakik.com\\\/wp-content\\\/uploads\\\/2025\\\/04\\\/1745316422357CAVUSOGLU-23-NISAN-COCUKLARI-ERO-3-740x420.jpeg\",\"articleSection\":[\"K\u0131br\u0131s\",\"Man\u015fet\"],\"inLanguage\":\"tr\",\"potentialAction\":[{\"@type\":\"CommentAction\",\"name\":\"Comment\",\"target\":[\"https:\\\/\\\/kibrisdakik.com\\\/?p=80812#respond\"]}]},{\"@type\":\"WebPage\",\"@id\":\"https:\\\/\\\/kibrisdakik.com\\\/?p=80812\",\"url\":\"https:\\\/\\\/kibrisdakik.com\\\/?p=80812\",\"name\":\"Milli E\u011fitim Bakan\u0131 Naz\u0131m \u00c7avu\u015fo\u011flu Bakanl\u0131k koltu\u011funu Arin \u015eahlan\u2019a devretti -\",\"isPartOf\":{\"@id\":\"https:\\\/\\\/kibrisdakik.com\\\/#website\"},\"primaryImageOfPage\":{\"@id\":\"https:\\\/\\\/kibrisdakik.com\\\/?p=80812#primaryimage\"},\"image\":{\"@id\":\"https:\\\/\\\/kibrisdakik.com\\\/?p=80812#primaryimage\"},\"thumbnailUrl\":\"https:\\\/\\\/kibrisdakik.com\\\/wp-content\\\/uploads\\\/2025\\\/04\\\/1745316422357CAVUSOGLU-23-NISAN-COCUKLARI-ERO-3-740x420.jpeg\",\"datePublished\":\"2025-04-22T13:29:15+00:00\",\"author\":{\"@id\":\"https:\\\/\\\/kibrisdakik.com\\\/#\\\/schema\\\/person\\\/9cd9d437bbb44f72b73ba127e06d8e79\"},\"breadcrumb\":{\"@id\":\"https:\\\/\\\/kibrisdakik.com\\\/?p=80812#breadcrumb\"},\"inLanguage\":\"tr\",\"potentialAction\":[{\"@type\":\"ReadAction\",\"target\":[\"https:\\\/\\\/kibrisdakik.com\\\/?p=80812\"]}]},{\"@type\":\"ImageObject\",\"inLanguage\":\"tr\",\"@id\":\"https:\\\/\\\/kibrisdakik.com\\\/?p=80812#primaryimage\",\"url\":\"https:\\\/\\\/kibrisdakik.com\\\/wp-content\\\/uploads\\\/2025\\\/04\\\/1745316422357CAVUSOGLU-23-NISAN-COCUKLARI-ERO-3-740x420.jpeg\",\"contentUrl\":\"https:\\\/\\\/kibrisdakik.com\\\/wp-content\\\/uploads\\\/2025\\\/04\\\/1745316422357CAVUSOGLU-23-NISAN-COCUKLARI-ERO-3-740x420.jpeg\",\"width\":928,\"height\":461},{\"@type\":\"BreadcrumbList\",\"@id\":\"https:\\\/\\\/kibrisdakik.com\\\/?p=80812#breadcrumb\",\"itemListElement\":[{\"@type\":\"ListItem\",\"position\":1,\"name\":\"Home\",\"item\":\"https:\\\/\\\/kibrisdakik.com\\\/\"},{\"@type\":\"ListItem\",\"position\":2,\"name\":\"Milli E\u011fitim Bakan\u0131 Naz\u0131m \u00c7avu\u015fo\u011flu Bakanl\u0131k koltu\u011funu Arin \u015eahlan\u2019a devretti\"}]},{\"@type\":\"WebSite\",\"@id\":\"https:\\\/\\\/kibrisdakik.com\\\/#website\",\"url\":\"https:\\\/\\\/kibrisdakik.com\\\/\",\"name\":\"\",\"description\":\"Tam vaktinde haber\",\"potentialAction\":[{\"@type\":\"SearchAction\",\"target\":{\"@type\":\"EntryPoint\",\"urlTemplate\":\"https:\\\/\\\/kibrisdakik.com\\\/?s={search_term_string}\"},\"query-input\":{\"@type\":\"PropertyValueSpecification\",\"valueRequired\":true,\"valueName\":\"search_term_string\"}}],\"inLanguage\":\"tr\"},{\"@type\":\"Person\",\"@id\":\"https:\\\/\\\/kibrisdakik.com\\\/#\\\/schema\\\/person\\\/9cd9d437bbb44f72b73ba127e06d8e79\",\"name\":\"admin\",\"image\":{\"@type\":\"ImageObject\",\"inLanguage\":\"tr\",\"@id\":\"https:\\\/\\\/secure.gravatar.com\\\/avatar\\\/ccc17943b9d660506c869530f897617f7cb1c21a4bf30023f252596d83e1f007?s=96&d=mm&r=g\",\"url\":\"https:\\\/\\\/secure.gravatar.com\\\/avatar\\\/ccc17943b9d660506c869530f897617f7cb1c21a4bf30023f252596d83e1f007?s=96&d=mm&r=g\",\"contentUrl\":\"https:\\\/\\\/secure.gravatar.com\\\/avatar\\\/ccc17943b9d660506c869530f897617f7cb1c21a4bf30023f252596d83e1f007?s=96&d=mm&r=g\",\"caption\":\"admin\"},\"sameAs\":[\"https:\\\/\\\/kibrisdakik.com\"],\"url\":\"https:\\\/\\\/kibrisdakik.com\\\/?author=1\"}]}<\/script>\n<!-- \/ Yoast SEO plugin. -->","yoast_head_json":{"title":"Milli E\u011fitim Bakan\u0131 Naz\u0131m \u00c7avu\u015fo\u011flu Bakanl\u0131k koltu\u011funu Arin \u015eahlan\u2019a devretti -","robots":{"index":"index","follow":"follow","max-snippet":"max-snippet:-1","max-image-preview":"max-image-preview:large","max-video-preview":"max-video-preview:-1"},"canonical":"https:\/\/kibrisdakik.com\/?p=80812","og_locale":"tr_TR","og_type":"article","og_title":"Milli E\u011fitim Bakan\u0131 Naz\u0131m \u00c7avu\u015fo\u011flu Bakanl\u0131k koltu\u011funu Arin \u015eahlan\u2019a devretti -","og_description":"23 Nisan Ulusal Egemenlik ve \u00c7ocuk Bayram\u0131 kutlamalar\u0131 \u00e7er\u00e7evesinde Milli E\u011fitim Bakan\u0131 Naz\u0131m \u00c7avu\u015fo\u011flu, Bakanl\u0131k koltu\u011funu \u015eht. Hasan Cafer \u0130lkokulu \u00f6\u011frencisi Arin \u015eahlan\u2019a devretti. 9 Eyl\u00fcl \u0130lkokulu M\u00fcd\u00fcr\u00fc El\u00e7in Altan ba\u015fkanl\u0131\u011f\u0131nda Lefko\u015fa, Gazima\u011fusa, Girne, G\u00fczelyurt, Lefke ve \u0130skele\u2019den 16 \u00f6\u011frenci Milli E\u011fitim Bakan\u0131 Naz\u0131m \u00c7avu\u015fo\u011flu\u2019nu ziyaret etti. Ziyarette, Bakan Naz\u0131m \u00c7avu\u015fo\u011flu \u00e7ocuklar\u0131n g\u00fcn\u00fcn\u00fc kutlayarak, onlara","og_url":"https:\/\/kibrisdakik.com\/?p=80812","article_published_time":"2025-04-22T13:29:15+00:00","og_image":[{"width":928,"height":461,"url":"https:\/\/kibrisdakik.com\/wp-content\/uploads\/2025\/04\/1745316422357CAVUSOGLU-23-NISAN-COCUKLARI-ERO-3-740x420.jpeg","type":"image\/jpeg"}],"author":"admin","twitter_card":"summary_large_image","twitter_misc":{"Yazan:":"admin","Tahmini okuma s\u00fcresi":"4 dakika"},"schema":{"@context":"https:\/\/schema.org","@graph":[{"@type":"Article","@id":"https:\/\/kibrisdakik.com\/?p=80812#article","isPartOf":{"@id":"https:\/\/kibrisdakik.com\/?p=80812"},"author":{"name":"admin","@id":"https:\/\/kibrisdakik.com\/#\/schema\/person\/9cd9d437bbb44f72b73ba127e06d8e79"},"headline":"Milli E\u011fitim Bakan\u0131 Naz\u0131m \u00c7avu\u015fo\u011flu Bakanl\u0131k koltu\u011funu Arin \u015eahlan\u2019a devretti","datePublished":"2025-04-22T13:29:15+00:00","mainEntityOfPage":{"@id":"https:\/\/kibrisdakik.com\/?p=80812"},"wordCount":815,"commentCount":0,"image":{"@id":"https:\/\/kibrisdakik.com\/?p=80812#primaryimage"},"thumbnailUrl":"https:\/\/kibrisdakik.com\/wp-content\/uploads\/2025\/04\/1745316422357CAVUSOGLU-23-NISAN-COCUKLARI-ERO-3-740x420.jpeg","articleSection":["K\u0131br\u0131s","Man\u015fet"],"inLanguage":"tr","potentialAction":[{"@type":"CommentAction","name":"Comment","target":["https:\/\/kibrisdakik.com\/?p=80812#respond"]}]},{"@type":"WebPage","@id":"https:\/\/kibrisdakik.com\/?p=80812","url":"https:\/\/kibrisdakik.com\/?p=80812","name":"Milli E\u011fitim Bakan\u0131 Naz\u0131m \u00c7avu\u015fo\u011flu Bakanl\u0131k koltu\u011funu Arin \u015eahlan\u2019a devretti -","isPartOf":{"@id":"https:\/\/kibrisdakik.com\/#website"},"primaryImageOfPage":{"@id":"https:\/\/kibrisdakik.com\/?p=80812#primaryimage"},"image":{"@id":"https:\/\/kibrisdakik.com\/?p=80812#primaryimage"},"thumbnailUrl":"https:\/\/kibrisdakik.com\/wp-content\/uploads\/2025\/04\/1745316422357CAVUSOGLU-23-NISAN-COCUKLARI-ERO-3-740x420.jpeg","datePublished":"2025-04-22T13:29:15+00:00","author":{"@id":"https:\/\/kibrisdakik.com\/#\/schema\/person\/9cd9d437bbb44f72b73ba127e06d8e79"},"breadcrumb":{"@id":"https:\/\/kibrisdakik.com\/?p=80812#breadcrumb"},"inLanguage":"tr","potentialAction":[{"@type":"ReadAction","target":["https:\/\/kibrisdakik.com\/?p=80812"]}]},{"@type":"ImageObject","inLanguage":"tr","@id":"https:\/\/kibrisdakik.com\/?p=80812#primaryimage","url":"https:\/\/kibrisdakik.com\/wp-content\/uploads\/2025\/04\/1745316422357CAVUSOGLU-23-NISAN-COCUKLARI-ERO-3-740x420.jpeg","contentUrl":"https:\/\/kibrisdakik.com\/wp-content\/uploads\/2025\/04\/1745316422357CAVUSOGLU-23-NISAN-COCUKLARI-ERO-3-740x420.jpeg","width":928,"height":461},{"@type":"BreadcrumbList","@id":"https:\/\/kibrisdakik.com\/?p=80812#breadcrumb","itemListElement":[{"@type":"ListItem","position":1,"name":"Home","item":"https:\/\/kibrisdakik.com\/"},{"@type":"ListItem","position":2,"name":"Milli E\u011fitim Bakan\u0131 Naz\u0131m \u00c7avu\u015fo\u011flu Bakanl\u0131k koltu\u011funu Arin \u015eahlan\u2019a devretti"}]},{"@type":"WebSite","@id":"https:\/\/kibrisdakik.com\/#website","url":"https:\/\/kibrisdakik.com\/","name":"","description":"Tam vaktinde haber","potentialAction":[{"@type":"SearchAction","target":{"@type":"EntryPoint","urlTemplate":"https:\/\/kibrisdakik.com\/?s={search_term_string}"},"query-input":{"@type":"PropertyValueSpecification","valueRequired":true,"valueName":"search_term_string"}}],"inLanguage":"tr"},{"@type":"Person","@id":"https:\/\/kibrisdakik.com\/#\/schema\/person\/9cd9d437bbb44f72b73ba127e06d8e79","name":"admin","image":{"@type":"ImageObject","inLanguage":"tr","@id":"https:\/\/secure.gravatar.com\/avatar\/ccc17943b9d660506c869530f897617f7cb1c21a4bf30023f252596d83e1f007?s=96&d=mm&r=g","url":"https:\/\/secure.gravatar.com\/avatar\/ccc17943b9d660506c869530f897617f7cb1c21a4bf30023f252596d83e1f007?s=96&d=mm&r=g","contentUrl":"https:\/\/secure.gravatar.com\/avatar\/ccc17943b9d660506c869530f897617f7cb1c21a4bf30023f252596d83e1f007?s=96&d=mm&r=g","caption":"admin"},"sameAs":["https:\/\/kibrisdakik.com"],"url":"https:\/\/kibrisdakik.com\/?author=1"}]}},"_links":{"self":[{"href":"https:\/\/kibrisdakik.com\/index.php?rest_route=\/wp\/v2\/posts\/80812","targetHints":{"allow":["GET"]}}],"collection":[{"href":"https:\/\/kibrisdakik.com\/index.php?rest_route=\/wp\/v2\/posts"}],"about":[{"href":"https:\/\/kibrisdakik.com\/index.php?rest_route=\/wp\/v2\/types\/post"}],"author":[{"embeddable":true,"href":"https:\/\/kibrisdakik.com\/index.php?rest_route=\/wp\/v2\/users\/1"}],"replies":[{"embeddable":true,"href":"https:\/\/kibrisdakik.com\/index.php?rest_route=%2Fwp%2Fv2%2Fcomments&post=80812"}],"version-history":[{"count":0,"href":"https:\/\/kibrisdakik.com\/index.php?rest_route=\/wp\/v2\/posts\/80812\/revisions"}],"wp:featuredmedia":[{"embeddable":true,"href":"https:\/\/kibrisdakik.com\/index.php?rest_route=\/wp\/v2\/media\/80813"}],"wp:attachment":[{"href":"https:\/\/kibrisdakik.com\/index.php?rest_route=%2Fwp%2Fv2%2Fmedia&parent=80812"}],"wp:term":[{"taxonomy":"category","embeddable":true,"href":"https:\/\/kibrisdakik.com\/index.php?rest_route=%2Fwp%2Fv2%2Fcategories&post=80812"},{"taxonomy":"post_tag","embeddable":true,"href":"https:\/\/kibrisdakik.com\/index.php?rest_route=%2Fwp%2Fv2%2Ftags&post=80812"}],"curies":[{"name":"wp","href":"https:\/\/api.w.org\/{rel}","templated":true}]}}