{"id":80876,"date":"2025-04-23T10:04:20","date_gmt":"2025-04-23T07:04:20","guid":{"rendered":"https:\/\/kibrisdakik.com\/index.php\/2025\/04\/23\/23-nisan-ulusal-egemenlik-ve-cocuk-bayrami-nedeniyle-devlet-ve-hukumet-yetkilileri-mesaj-yayimladi\/"},"modified":"2025-04-23T10:04:20","modified_gmt":"2025-04-23T07:04:20","slug":"23-nisan-ulusal-egemenlik-ve-cocuk-bayrami-nedeniyle-devlet-ve-hukumet-yetkilileri-mesaj-yayimladi","status":"publish","type":"post","link":"https:\/\/kibrisdakik.com\/?p=80876","title":{"rendered":"23 Nisan Ulusal Egemenlik ve \u00c7ocuk Bayram\u0131 nedeniyle devlet ve h\u00fck\u00fcmet yetkilileri mesaj yay\u0131mlad\u0131"},"content":{"rendered":"<div>\n<div class=\"mariselle-image-container center\">\n                                            <\/div>\n<p>T\u00fcrkiye B\u00fcy\u00fck Millet Meclisi\u2019nin a\u00e7\u0131l\u0131\u015f\u0131n\u0131n 105\u2019inci y\u0131l d\u00f6n\u00fcm\u00fc ve 23 Nisan Ulusal Egemenlik ve \u00c7ocuk Bayram\u0131 nedeniyle devlet ve h\u00fck\u00fcmet yetkilileri  mesaj yay\u0131mlad\u0131.<\/p>\n<p>Cumhurba\u015fkan\u0131 Ersin Tatar, mesaj\u0131nda \u00e7ocuklar\u0131n bayram\u0131n\u0131 kutlayarak nice g\u00fczel yar\u0131nlar diledi.<\/p>\n<p>Tatar, \u201cEgemen bir halk de\u011filseniz, kendi kendinizi y\u00f6netemezsiniz<br \/>Kuzey K\u0131br\u0131s T\u00fcrk Cumhuriyeti\u2019ni en \u00fcst mertebeye ula\u015ft\u0131rana kadar m\u00fccadelemiz devam edecek\u201d dedi.<\/p>\n<p>Ba\u015fbakan \u00dcnal \u00dcstel de yay\u0131mlad\u0131\u011f\u0131 23 Nisan mesaj\u0131nda  sa\u011fl\u0131kl\u0131, e\u011fitimli ve \u00f6zg\u00fcveni y\u00fcksek nesillerin g\u00fc\u00e7l\u00fc bir \u00fclkenin temel ta\u015f\u0131 oldu\u011funu vurgulad\u0131.<\/p>\n<p>Ba\u015fbakan Yard\u0131mc\u0131s\u0131, Turizm, K\u00fclt\u00fcr, Gen\u00e7lik ve \u00c7evre Bakan\u0131 Fikri Atao\u011flu da mesaj\u0131nda \u00e7ocuklar\u0131n \u00e7a\u011fda\u015f, \u00f6zg\u00fcr ve mutlu bir toplumda ya\u015famas\u0131 i\u00e7in \u00e7al\u0131\u015fmaya devam ettiklerini s\u00f6yledi.<\/p>\n<\/p><\/div>\n<p><script async\n                    defer\n                    crossorigin=\"anonymous\"\n                    src=\"https:\/\/connect.facebook.net\/tr_TR\/sdk.js#xfbml=1&#038;version=v3.3\"\n            ><\/script><\/p>\n","protected":false},"excerpt":{"rendered":"<p>T\u00fcrkiye B\u00fcy\u00fck Millet Meclisi\u2019nin a\u00e7\u0131l\u0131\u015f\u0131n\u0131n 105\u2019inci y\u0131l d\u00f6n\u00fcm\u00fc ve 23 Nisan Ulusal Egemenlik ve \u00c7ocuk Bayram\u0131 nedeniyle devlet ve h\u00fck\u00fcmet yetkilileri mesaj yay\u0131mlad\u0131. Cumhurba\u015fkan\u0131 Ersin Tatar, mesaj\u0131nda \u00e7ocuklar\u0131n bayram\u0131n\u0131 kutlayarak nice g\u00fczel yar\u0131nlar diledi. Tatar, \u201cEgemen bir halk de\u011filseniz, kendi kendinizi y\u00f6netemezsinizKuzey K\u0131br\u0131s T\u00fcrk Cumhuriyeti\u2019ni en \u00fcst mertebeye ula\u015ft\u0131rana kadar m\u00fccadelemiz devam edecek\u201d dedi. Ba\u015fbakan<\/p>\n","protected":false},"author":1,"featured_media":5575,"comment_status":"open","ping_status":"open","sticky":false,"template":"","format":"standard","meta":{"footnotes":""},"categories":[81,101],"tags":[],"class_list":["post-80876","post","type-post","status-publish","format-standard","has-post-thumbnail","hentry","category-kibris","category-manset"],"yoast_head":"<!-- This site is optimized with the Yoast SEO plugin v27.4 - https:\/\/yoast.com\/product\/yoast-seo-wordpress\/ -->\n<title>23 Nisan Ulusal Egemenlik ve \u00c7ocuk Bayram\u0131 nedeniyle devlet ve h\u00fck\u00fcmet yetkilileri mesaj yay\u0131mlad\u0131 -<\/title>\n<meta name=\"robots\" content=\"index, follow, max-snippet:-1, max-image-preview:large, max-video-preview:-1\" \/>\n<link rel=\"canonical\" href=\"https:\/\/kibrisdakik.com\/?p=80876\" \/>\n<meta property=\"og:locale\" content=\"tr_TR\" \/>\n<meta property=\"og:type\" content=\"article\" \/>\n<meta property=\"og:title\" content=\"23 Nisan Ulusal Egemenlik ve \u00c7ocuk Bayram\u0131 nedeniyle devlet ve h\u00fck\u00fcmet yetkilileri mesaj yay\u0131mlad\u0131 -\" \/>\n<meta property=\"og:description\" content=\"T\u00fcrkiye B\u00fcy\u00fck Millet Meclisi\u2019nin a\u00e7\u0131l\u0131\u015f\u0131n\u0131n 105\u2019inci y\u0131l d\u00f6n\u00fcm\u00fc ve 23 Nisan Ulusal Egemenlik ve \u00c7ocuk Bayram\u0131 nedeniyle devlet ve h\u00fck\u00fcmet yetkilileri mesaj yay\u0131mlad\u0131. Cumhurba\u015fkan\u0131 Ersin Tatar, mesaj\u0131nda \u00e7ocuklar\u0131n bayram\u0131n\u0131 kutlayarak nice g\u00fczel yar\u0131nlar diledi. Tatar, \u201cEgemen bir halk de\u011filseniz, kendi kendinizi y\u00f6netemezsinizKuzey K\u0131br\u0131s T\u00fcrk Cumhuriyeti\u2019ni en \u00fcst mertebeye ula\u015ft\u0131rana kadar m\u00fccadelemiz devam edecek\u201d dedi. Ba\u015fbakan\" \/>\n<meta property=\"og:url\" content=\"https:\/\/kibrisdakik.com\/?p=80876\" \/>\n<meta property=\"article:published_time\" content=\"2025-04-23T07:04:20+00:00\" \/>\n<meta property=\"og:image\" content=\"https:\/\/kibrisdakik.com\/wp-content\/uploads\/2023\/04\/23-nisan-kutlu-olsun.jpg\" \/>\n\t<meta property=\"og:image:width\" content=\"736\" \/>\n\t<meta property=\"og:image:height\" content=\"384\" \/>\n\t<meta property=\"og:image:type\" content=\"image\/jpeg\" \/>\n<meta name=\"author\" content=\"admin\" \/>\n<meta name=\"twitter:card\" content=\"summary_large_image\" \/>\n<meta name=\"twitter:label1\" content=\"Yazan:\" \/>\n\t<meta name=\"twitter:data1\" content=\"admin\" \/>\n\t<meta name=\"twitter:label2\" content=\"Tahmini okuma s\u00fcresi\" \/>\n\t<meta name=\"twitter:data2\" content=\"1 dakika\" \/>\n<script type=\"application\/ld+json\" class=\"yoast-schema-graph\">{\"@context\":\"https:\\\/\\\/schema.org\",\"@graph\":[{\"@type\":\"Article\",\"@id\":\"https:\\\/\\\/kibrisdakik.com\\\/?p=80876#article\",\"isPartOf\":{\"@id\":\"https:\\\/\\\/kibrisdakik.com\\\/?p=80876\"},\"author\":{\"name\":\"admin\",\"@id\":\"https:\\\/\\\/kibrisdakik.com\\\/#\\\/schema\\\/person\\\/9cd9d437bbb44f72b73ba127e06d8e79\"},\"headline\":\"23 Nisan Ulusal Egemenlik ve \u00c7ocuk Bayram\u0131 nedeniyle devlet ve h\u00fck\u00fcmet yetkilileri mesaj yay\u0131mlad\u0131\",\"datePublished\":\"2025-04-23T07:04:20+00:00\",\"mainEntityOfPage\":{\"@id\":\"https:\\\/\\\/kibrisdakik.com\\\/?p=80876\"},\"wordCount\":167,\"commentCount\":0,\"image\":{\"@id\":\"https:\\\/\\\/kibrisdakik.com\\\/?p=80876#primaryimage\"},\"thumbnailUrl\":\"https:\\\/\\\/kibrisdakik.com\\\/wp-content\\\/uploads\\\/2023\\\/04\\\/23-nisan-kutlu-olsun.jpg\",\"articleSection\":[\"K\u0131br\u0131s\",\"Man\u015fet\"],\"inLanguage\":\"tr\",\"potentialAction\":[{\"@type\":\"CommentAction\",\"name\":\"Comment\",\"target\":[\"https:\\\/\\\/kibrisdakik.com\\\/?p=80876#respond\"]}]},{\"@type\":\"WebPage\",\"@id\":\"https:\\\/\\\/kibrisdakik.com\\\/?p=80876\",\"url\":\"https:\\\/\\\/kibrisdakik.com\\\/?p=80876\",\"name\":\"23 Nisan Ulusal Egemenlik ve \u00c7ocuk Bayram\u0131 nedeniyle devlet ve h\u00fck\u00fcmet yetkilileri mesaj yay\u0131mlad\u0131 -\",\"isPartOf\":{\"@id\":\"https:\\\/\\\/kibrisdakik.com\\\/#website\"},\"primaryImageOfPage\":{\"@id\":\"https:\\\/\\\/kibrisdakik.com\\\/?p=80876#primaryimage\"},\"image\":{\"@id\":\"https:\\\/\\\/kibrisdakik.com\\\/?p=80876#primaryimage\"},\"thumbnailUrl\":\"https:\\\/\\\/kibrisdakik.com\\\/wp-content\\\/uploads\\\/2023\\\/04\\\/23-nisan-kutlu-olsun.jpg\",\"datePublished\":\"2025-04-23T07:04:20+00:00\",\"author\":{\"@id\":\"https:\\\/\\\/kibrisdakik.com\\\/#\\\/schema\\\/person\\\/9cd9d437bbb44f72b73ba127e06d8e79\"},\"breadcrumb\":{\"@id\":\"https:\\\/\\\/kibrisdakik.com\\\/?p=80876#breadcrumb\"},\"inLanguage\":\"tr\",\"potentialAction\":[{\"@type\":\"ReadAction\",\"target\":[\"https:\\\/\\\/kibrisdakik.com\\\/?p=80876\"]}]},{\"@type\":\"ImageObject\",\"inLanguage\":\"tr\",\"@id\":\"https:\\\/\\\/kibrisdakik.com\\\/?p=80876#primaryimage\",\"url\":\"https:\\\/\\\/kibrisdakik.com\\\/wp-content\\\/uploads\\\/2023\\\/04\\\/23-nisan-kutlu-olsun.jpg\",\"contentUrl\":\"https:\\\/\\\/kibrisdakik.com\\\/wp-content\\\/uploads\\\/2023\\\/04\\\/23-nisan-kutlu-olsun.jpg\",\"width\":736,\"height\":384},{\"@type\":\"BreadcrumbList\",\"@id\":\"https:\\\/\\\/kibrisdakik.com\\\/?p=80876#breadcrumb\",\"itemListElement\":[{\"@type\":\"ListItem\",\"position\":1,\"name\":\"Home\",\"item\":\"https:\\\/\\\/kibrisdakik.com\\\/\"},{\"@type\":\"ListItem\",\"position\":2,\"name\":\"23 Nisan Ulusal Egemenlik ve \u00c7ocuk Bayram\u0131 nedeniyle devlet ve h\u00fck\u00fcmet yetkilileri mesaj yay\u0131mlad\u0131\"}]},{\"@type\":\"WebSite\",\"@id\":\"https:\\\/\\\/kibrisdakik.com\\\/#website\",\"url\":\"https:\\\/\\\/kibrisdakik.com\\\/\",\"name\":\"\",\"description\":\"Tam vaktinde haber\",\"potentialAction\":[{\"@type\":\"SearchAction\",\"target\":{\"@type\":\"EntryPoint\",\"urlTemplate\":\"https:\\\/\\\/kibrisdakik.com\\\/?s={search_term_string}\"},\"query-input\":{\"@type\":\"PropertyValueSpecification\",\"valueRequired\":true,\"valueName\":\"search_term_string\"}}],\"inLanguage\":\"tr\"},{\"@type\":\"Person\",\"@id\":\"https:\\\/\\\/kibrisdakik.com\\\/#\\\/schema\\\/person\\\/9cd9d437bbb44f72b73ba127e06d8e79\",\"name\":\"admin\",\"image\":{\"@type\":\"ImageObject\",\"inLanguage\":\"tr\",\"@id\":\"https:\\\/\\\/secure.gravatar.com\\\/avatar\\\/ccc17943b9d660506c869530f897617f7cb1c21a4bf30023f252596d83e1f007?s=96&d=mm&r=g\",\"url\":\"https:\\\/\\\/secure.gravatar.com\\\/avatar\\\/ccc17943b9d660506c869530f897617f7cb1c21a4bf30023f252596d83e1f007?s=96&d=mm&r=g\",\"contentUrl\":\"https:\\\/\\\/secure.gravatar.com\\\/avatar\\\/ccc17943b9d660506c869530f897617f7cb1c21a4bf30023f252596d83e1f007?s=96&d=mm&r=g\",\"caption\":\"admin\"},\"sameAs\":[\"https:\\\/\\\/kibrisdakik.com\"],\"url\":\"https:\\\/\\\/kibrisdakik.com\\\/?author=1\"}]}<\/script>\n<!-- \/ Yoast SEO plugin. -->","yoast_head_json":{"title":"23 Nisan Ulusal Egemenlik ve \u00c7ocuk Bayram\u0131 nedeniyle devlet ve h\u00fck\u00fcmet yetkilileri mesaj yay\u0131mlad\u0131 -","robots":{"index":"index","follow":"follow","max-snippet":"max-snippet:-1","max-image-preview":"max-image-preview:large","max-video-preview":"max-video-preview:-1"},"canonical":"https:\/\/kibrisdakik.com\/?p=80876","og_locale":"tr_TR","og_type":"article","og_title":"23 Nisan Ulusal Egemenlik ve \u00c7ocuk Bayram\u0131 nedeniyle devlet ve h\u00fck\u00fcmet yetkilileri mesaj yay\u0131mlad\u0131 -","og_description":"T\u00fcrkiye B\u00fcy\u00fck Millet Meclisi\u2019nin a\u00e7\u0131l\u0131\u015f\u0131n\u0131n 105\u2019inci y\u0131l d\u00f6n\u00fcm\u00fc ve 23 Nisan Ulusal Egemenlik ve \u00c7ocuk Bayram\u0131 nedeniyle devlet ve h\u00fck\u00fcmet yetkilileri mesaj yay\u0131mlad\u0131. Cumhurba\u015fkan\u0131 Ersin Tatar, mesaj\u0131nda \u00e7ocuklar\u0131n bayram\u0131n\u0131 kutlayarak nice g\u00fczel yar\u0131nlar diledi. Tatar, \u201cEgemen bir halk de\u011filseniz, kendi kendinizi y\u00f6netemezsinizKuzey K\u0131br\u0131s T\u00fcrk Cumhuriyeti\u2019ni en \u00fcst mertebeye ula\u015ft\u0131rana kadar m\u00fccadelemiz devam edecek\u201d dedi. Ba\u015fbakan","og_url":"https:\/\/kibrisdakik.com\/?p=80876","article_published_time":"2025-04-23T07:04:20+00:00","og_image":[{"width":736,"height":384,"url":"https:\/\/kibrisdakik.com\/wp-content\/uploads\/2023\/04\/23-nisan-kutlu-olsun.jpg","type":"image\/jpeg"}],"author":"admin","twitter_card":"summary_large_image","twitter_misc":{"Yazan:":"admin","Tahmini okuma s\u00fcresi":"1 dakika"},"schema":{"@context":"https:\/\/schema.org","@graph":[{"@type":"Article","@id":"https:\/\/kibrisdakik.com\/?p=80876#article","isPartOf":{"@id":"https:\/\/kibrisdakik.com\/?p=80876"},"author":{"name":"admin","@id":"https:\/\/kibrisdakik.com\/#\/schema\/person\/9cd9d437bbb44f72b73ba127e06d8e79"},"headline":"23 Nisan Ulusal Egemenlik ve \u00c7ocuk Bayram\u0131 nedeniyle devlet ve h\u00fck\u00fcmet yetkilileri mesaj yay\u0131mlad\u0131","datePublished":"2025-04-23T07:04:20+00:00","mainEntityOfPage":{"@id":"https:\/\/kibrisdakik.com\/?p=80876"},"wordCount":167,"commentCount":0,"image":{"@id":"https:\/\/kibrisdakik.com\/?p=80876#primaryimage"},"thumbnailUrl":"https:\/\/kibrisdakik.com\/wp-content\/uploads\/2023\/04\/23-nisan-kutlu-olsun.jpg","articleSection":["K\u0131br\u0131s","Man\u015fet"],"inLanguage":"tr","potentialAction":[{"@type":"CommentAction","name":"Comment","target":["https:\/\/kibrisdakik.com\/?p=80876#respond"]}]},{"@type":"WebPage","@id":"https:\/\/kibrisdakik.com\/?p=80876","url":"https:\/\/kibrisdakik.com\/?p=80876","name":"23 Nisan Ulusal Egemenlik ve \u00c7ocuk Bayram\u0131 nedeniyle devlet ve h\u00fck\u00fcmet yetkilileri mesaj yay\u0131mlad\u0131 -","isPartOf":{"@id":"https:\/\/kibrisdakik.com\/#website"},"primaryImageOfPage":{"@id":"https:\/\/kibrisdakik.com\/?p=80876#primaryimage"},"image":{"@id":"https:\/\/kibrisdakik.com\/?p=80876#primaryimage"},"thumbnailUrl":"https:\/\/kibrisdakik.com\/wp-content\/uploads\/2023\/04\/23-nisan-kutlu-olsun.jpg","datePublished":"2025-04-23T07:04:20+00:00","author":{"@id":"https:\/\/kibrisdakik.com\/#\/schema\/person\/9cd9d437bbb44f72b73ba127e06d8e79"},"breadcrumb":{"@id":"https:\/\/kibrisdakik.com\/?p=80876#breadcrumb"},"inLanguage":"tr","potentialAction":[{"@type":"ReadAction","target":["https:\/\/kibrisdakik.com\/?p=80876"]}]},{"@type":"ImageObject","inLanguage":"tr","@id":"https:\/\/kibrisdakik.com\/?p=80876#primaryimage","url":"https:\/\/kibrisdakik.com\/wp-content\/uploads\/2023\/04\/23-nisan-kutlu-olsun.jpg","contentUrl":"https:\/\/kibrisdakik.com\/wp-content\/uploads\/2023\/04\/23-nisan-kutlu-olsun.jpg","width":736,"height":384},{"@type":"BreadcrumbList","@id":"https:\/\/kibrisdakik.com\/?p=80876#breadcrumb","itemListElement":[{"@type":"ListItem","position":1,"name":"Home","item":"https:\/\/kibrisdakik.com\/"},{"@type":"ListItem","position":2,"name":"23 Nisan Ulusal Egemenlik ve \u00c7ocuk Bayram\u0131 nedeniyle devlet ve h\u00fck\u00fcmet yetkilileri mesaj yay\u0131mlad\u0131"}]},{"@type":"WebSite","@id":"https:\/\/kibrisdakik.com\/#website","url":"https:\/\/kibrisdakik.com\/","name":"","description":"Tam vaktinde haber","potentialAction":[{"@type":"SearchAction","target":{"@type":"EntryPoint","urlTemplate":"https:\/\/kibrisdakik.com\/?s={search_term_string}"},"query-input":{"@type":"PropertyValueSpecification","valueRequired":true,"valueName":"search_term_string"}}],"inLanguage":"tr"},{"@type":"Person","@id":"https:\/\/kibrisdakik.com\/#\/schema\/person\/9cd9d437bbb44f72b73ba127e06d8e79","name":"admin","image":{"@type":"ImageObject","inLanguage":"tr","@id":"https:\/\/secure.gravatar.com\/avatar\/ccc17943b9d660506c869530f897617f7cb1c21a4bf30023f252596d83e1f007?s=96&d=mm&r=g","url":"https:\/\/secure.gravatar.com\/avatar\/ccc17943b9d660506c869530f897617f7cb1c21a4bf30023f252596d83e1f007?s=96&d=mm&r=g","contentUrl":"https:\/\/secure.gravatar.com\/avatar\/ccc17943b9d660506c869530f897617f7cb1c21a4bf30023f252596d83e1f007?s=96&d=mm&r=g","caption":"admin"},"sameAs":["https:\/\/kibrisdakik.com"],"url":"https:\/\/kibrisdakik.com\/?author=1"}]}},"_links":{"self":[{"href":"https:\/\/kibrisdakik.com\/index.php?rest_route=\/wp\/v2\/posts\/80876","targetHints":{"allow":["GET"]}}],"collection":[{"href":"https:\/\/kibrisdakik.com\/index.php?rest_route=\/wp\/v2\/posts"}],"about":[{"href":"https:\/\/kibrisdakik.com\/index.php?rest_route=\/wp\/v2\/types\/post"}],"author":[{"embeddable":true,"href":"https:\/\/kibrisdakik.com\/index.php?rest_route=\/wp\/v2\/users\/1"}],"replies":[{"embeddable":true,"href":"https:\/\/kibrisdakik.com\/index.php?rest_route=%2Fwp%2Fv2%2Fcomments&post=80876"}],"version-history":[{"count":0,"href":"https:\/\/kibrisdakik.com\/index.php?rest_route=\/wp\/v2\/posts\/80876\/revisions"}],"wp:featuredmedia":[{"embeddable":true,"href":"https:\/\/kibrisdakik.com\/index.php?rest_route=\/wp\/v2\/media\/5575"}],"wp:attachment":[{"href":"https:\/\/kibrisdakik.com\/index.php?rest_route=%2Fwp%2Fv2%2Fmedia&parent=80876"}],"wp:term":[{"taxonomy":"category","embeddable":true,"href":"https:\/\/kibrisdakik.com\/index.php?rest_route=%2Fwp%2Fv2%2Fcategories&post=80876"},{"taxonomy":"post_tag","embeddable":true,"href":"https:\/\/kibrisdakik.com\/index.php?rest_route=%2Fwp%2Fv2%2Ftags&post=80876"}],"curies":[{"name":"wp","href":"https:\/\/api.w.org\/{rel}","templated":true}]}}