{"id":8088,"date":"2023-06-02T15:32:11","date_gmt":"2023-06-02T15:32:11","guid":{"rendered":"https:\/\/kibrisdakik.com\/index.php\/2023\/06\/02\/birkan-uzun-zirve-kosusu\/"},"modified":"2023-06-02T15:32:11","modified_gmt":"2023-06-02T15:32:11","slug":"birkan-uzun-zirve-kosusu","status":"publish","type":"post","link":"https:\/\/kibrisdakik.com\/?p=8088","title":{"rendered":"Birkan Uzun Zirve Ko\u015fusu"},"content":{"rendered":"<p> <br \/>\n<\/p>\n<div>\n<div class=\"mariselle-image-container center\">\n                <img width=\"1080\" height=\"1081\" class=\"lazy-image\" alt=\"\" decoding=\"async\" loading=\"lazy\" sizes=\"auto, (max-width: 1080px) 100vw, 1080px\" src=\"https:\/\/brtk.net\/wp-content\/uploads\/2023\/06\/02\/Birkan-Uzun-Zirve-Kosusu.jpg?ver=ad25aae9dd01fc4dfea9fe460c696bed\" srcset=\"https:\/\/brtk.net\/wp-content\/uploads\/2023\/06\/02\/Birkan-Uzun-Zirve-Kosusu.jpg?ver=ad25aae9dd01fc4dfea9fe460c696bed 1080w, https:\/\/brtk.net\/wp-content\/uploads\/2023\/06\/02\/Birkan-Uzun-Zirve-Kosusu-300x300.jpg?ver=ad25aae9dd01fc4dfea9fe460c696bed 300w, https:\/\/brtk.net\/wp-content\/uploads\/2023\/06\/02\/Birkan-Uzun-Zirve-Kosusu-1024x1024.jpg?ver=b0e8097a6b7af6e9f40e0a705f3f7646 1024w, https:\/\/brtk.net\/wp-content\/uploads\/2023\/06\/02\/Birkan-Uzun-Zirve-Kosusu-150x150.jpg?ver=b0e8097a6b7af6e9f40e0a705f3f7646 150w, https:\/\/brtk.net\/wp-content\/uploads\/2023\/06\/02\/Birkan-Uzun-Zirve-Kosusu-768x769.jpg?ver=b0e8097a6b7af6e9f40e0a705f3f7646 768w, https:\/\/brtk.net\/wp-content\/uploads\/2023\/06\/02\/Birkan-Uzun-Zirve-Kosusu-800x800.jpg?ver=6ac9eada19fa38b8a7fd4b1c78fd6ebb 800w\"\/>                            <\/div>\n<p>\nYar\u0131\u015f, Pazar g\u00fcn\u00fc Kozank\u00f6y-Kar\u015f\u0131yaka aras\u0131nda yap\u0131lacak<\/p>\n<p>Atletizm Federasyonu taraf\u0131ndan ge\u00e7ti\u011fimiz y\u0131l ilk kez d\u00fczenlenen Birkan Uzun Zirve Ko\u015fusu\u2019nun bu y\u0131l ikincisi d\u00fczenleniyor\u2026\u201d7 K\u0131ta 7 Zirve\u201d slogan\u0131yla \u00e7\u0131kt\u0131\u011f\u0131 yolda, d\u00fcnyan\u0131n en y\u00fcksek zirvelerine \u00e7\u0131kan son olarak da Antartika\u2019daki Vinson Da\u011f\u0131\u2019n\u0131n zirvesine ula\u015fma ba\u015far\u0131s\u0131 g\u00f6steren Uzun an\u0131s\u0131na organize edilen yar\u0131\u015f, 4 Haziran Pazar g\u00fcn\u00fc Selvili Tepe\u2019de ba\u015flayacak\u2026Kat\u0131l\u0131mc\u0131lar sabah saat 07.00\u2019de Kozan Restaurant \u00f6n\u00fcnde toplanacak\u2026Birkan Uzun\u2019un resminin oldu\u011fu meydanda saat 08.00\u2019de ba\u015flayacak yar\u0131\u015f, Kar\u015f\u0131yaka piknik alan\u0131nda sona erecek.<\/p>\n<\/p><\/div>\n<p><script async\n                    defer\n                    crossorigin=\"anonymous\"\n                    src=\"https:\/\/connect.facebook.net\/tr_TR\/sdk.js#xfbml=1&#038;version=v3.3\"\n            ><\/script><br \/>\n<br \/><br \/>\n<br \/><a href=\"https:\/\/brtk.net\/birkan-uzun-zirve-kosusu\/\"> <\/a><\/p>\n","protected":false},"excerpt":{"rendered":"<p>Yar\u0131\u015f, Pazar g\u00fcn\u00fc Kozank\u00f6y-Kar\u015f\u0131yaka aras\u0131nda yap\u0131lacak Atletizm Federasyonu taraf\u0131ndan ge\u00e7ti\u011fimiz y\u0131l ilk kez d\u00fczenlenen Birkan Uzun Zirve Ko\u015fusu\u2019nun bu y\u0131l ikincisi d\u00fczenleniyor\u2026\u201d7 K\u0131ta 7 Zirve\u201d slogan\u0131yla \u00e7\u0131kt\u0131\u011f\u0131 yolda, d\u00fcnyan\u0131n en y\u00fcksek zirvelerine \u00e7\u0131kan son olarak da Antartika\u2019daki Vinson Da\u011f\u0131\u2019n\u0131n zirvesine ula\u015fma ba\u015far\u0131s\u0131 g\u00f6steren Uzun an\u0131s\u0131na organize edilen yar\u0131\u015f, 4 Haziran Pazar g\u00fcn\u00fc Selvili Tepe\u2019de ba\u015flayacak\u2026Kat\u0131l\u0131mc\u0131lar<\/p>\n","protected":false},"author":1,"featured_media":8089,"comment_status":"open","ping_status":"open","sticky":false,"template":"","format":"standard","meta":{"footnotes":""},"categories":[85],"tags":[],"class_list":["post-8088","post","type-post","status-publish","format-standard","has-post-thumbnail","hentry","category-spor"],"yoast_head":"<!-- This site is optimized with the Yoast SEO plugin v27.5 - https:\/\/yoast.com\/product\/yoast-seo-wordpress\/ -->\n<title>Birkan Uzun Zirve Ko\u015fusu -<\/title>\n<meta name=\"robots\" content=\"index, follow, max-snippet:-1, max-image-preview:large, max-video-preview:-1\" \/>\n<link rel=\"canonical\" href=\"https:\/\/kibrisdakik.com\/?p=8088\" \/>\n<meta property=\"og:locale\" content=\"tr_TR\" \/>\n<meta property=\"og:type\" content=\"article\" \/>\n<meta property=\"og:title\" content=\"Birkan Uzun Zirve Ko\u015fusu -\" \/>\n<meta property=\"og:description\" content=\"Yar\u0131\u015f, Pazar g\u00fcn\u00fc Kozank\u00f6y-Kar\u015f\u0131yaka aras\u0131nda yap\u0131lacak Atletizm Federasyonu taraf\u0131ndan ge\u00e7ti\u011fimiz y\u0131l ilk kez d\u00fczenlenen Birkan Uzun Zirve Ko\u015fusu\u2019nun bu y\u0131l ikincisi d\u00fczenleniyor\u2026\u201d7 K\u0131ta 7 Zirve\u201d slogan\u0131yla \u00e7\u0131kt\u0131\u011f\u0131 yolda, d\u00fcnyan\u0131n en y\u00fcksek zirvelerine \u00e7\u0131kan son olarak da Antartika\u2019daki Vinson Da\u011f\u0131\u2019n\u0131n zirvesine ula\u015fma ba\u015far\u0131s\u0131 g\u00f6steren Uzun an\u0131s\u0131na organize edilen yar\u0131\u015f, 4 Haziran Pazar g\u00fcn\u00fc Selvili Tepe\u2019de ba\u015flayacak\u2026Kat\u0131l\u0131mc\u0131lar\" \/>\n<meta property=\"og:url\" content=\"https:\/\/kibrisdakik.com\/?p=8088\" \/>\n<meta property=\"article:published_time\" content=\"2023-06-02T15:32:11+00:00\" \/>\n<meta property=\"og:image\" content=\"https:\/\/kibrisdakik.com\/wp-content\/uploads\/2023\/06\/Birkan-Uzun-Zirve-Kosusu-740x420.jpg\" \/>\n\t<meta property=\"og:image:width\" content=\"1080\" \/>\n\t<meta property=\"og:image:height\" content=\"1081\" \/>\n\t<meta property=\"og:image:type\" content=\"image\/jpeg\" \/>\n<meta name=\"author\" content=\"admin\" \/>\n<meta name=\"twitter:card\" content=\"summary_large_image\" \/>\n<meta name=\"twitter:label1\" content=\"Yazan:\" \/>\n\t<meta name=\"twitter:data1\" content=\"admin\" \/>\n\t<meta name=\"twitter:label2\" content=\"Tahmini okuma s\u00fcresi\" \/>\n\t<meta name=\"twitter:data2\" content=\"1 dakika\" \/>\n<script type=\"application\/ld+json\" class=\"yoast-schema-graph\">{\"@context\":\"https:\\\/\\\/schema.org\",\"@graph\":[{\"@type\":\"Article\",\"@id\":\"https:\\\/\\\/kibrisdakik.com\\\/?p=8088#article\",\"isPartOf\":{\"@id\":\"https:\\\/\\\/kibrisdakik.com\\\/?p=8088\"},\"author\":{\"name\":\"admin\",\"@id\":\"https:\\\/\\\/kibrisdakik.com\\\/#\\\/schema\\\/person\\\/9cd9d437bbb44f72b73ba127e06d8e79\"},\"headline\":\"Birkan Uzun Zirve Ko\u015fusu\",\"datePublished\":\"2023-06-02T15:32:11+00:00\",\"mainEntityOfPage\":{\"@id\":\"https:\\\/\\\/kibrisdakik.com\\\/?p=8088\"},\"wordCount\":122,\"commentCount\":0,\"image\":{\"@id\":\"https:\\\/\\\/kibrisdakik.com\\\/?p=8088#primaryimage\"},\"thumbnailUrl\":\"https:\\\/\\\/kibrisdakik.com\\\/wp-content\\\/uploads\\\/2023\\\/06\\\/Birkan-Uzun-Zirve-Kosusu-740x420.jpg\",\"articleSection\":[\"Spor\"],\"inLanguage\":\"tr\",\"potentialAction\":[{\"@type\":\"CommentAction\",\"name\":\"Comment\",\"target\":[\"https:\\\/\\\/kibrisdakik.com\\\/?p=8088#respond\"]}]},{\"@type\":\"WebPage\",\"@id\":\"https:\\\/\\\/kibrisdakik.com\\\/?p=8088\",\"url\":\"https:\\\/\\\/kibrisdakik.com\\\/?p=8088\",\"name\":\"Birkan Uzun Zirve Ko\u015fusu -\",\"isPartOf\":{\"@id\":\"https:\\\/\\\/kibrisdakik.com\\\/#website\"},\"primaryImageOfPage\":{\"@id\":\"https:\\\/\\\/kibrisdakik.com\\\/?p=8088#primaryimage\"},\"image\":{\"@id\":\"https:\\\/\\\/kibrisdakik.com\\\/?p=8088#primaryimage\"},\"thumbnailUrl\":\"https:\\\/\\\/kibrisdakik.com\\\/wp-content\\\/uploads\\\/2023\\\/06\\\/Birkan-Uzun-Zirve-Kosusu-740x420.jpg\",\"datePublished\":\"2023-06-02T15:32:11+00:00\",\"author\":{\"@id\":\"https:\\\/\\\/kibrisdakik.com\\\/#\\\/schema\\\/person\\\/9cd9d437bbb44f72b73ba127e06d8e79\"},\"breadcrumb\":{\"@id\":\"https:\\\/\\\/kibrisdakik.com\\\/?p=8088#breadcrumb\"},\"inLanguage\":\"tr\",\"potentialAction\":[{\"@type\":\"ReadAction\",\"target\":[\"https:\\\/\\\/kibrisdakik.com\\\/?p=8088\"]}]},{\"@type\":\"ImageObject\",\"inLanguage\":\"tr\",\"@id\":\"https:\\\/\\\/kibrisdakik.com\\\/?p=8088#primaryimage\",\"url\":\"https:\\\/\\\/kibrisdakik.com\\\/wp-content\\\/uploads\\\/2023\\\/06\\\/Birkan-Uzun-Zirve-Kosusu-740x420.jpg\",\"contentUrl\":\"https:\\\/\\\/kibrisdakik.com\\\/wp-content\\\/uploads\\\/2023\\\/06\\\/Birkan-Uzun-Zirve-Kosusu-740x420.jpg\",\"width\":1080,\"height\":1081},{\"@type\":\"BreadcrumbList\",\"@id\":\"https:\\\/\\\/kibrisdakik.com\\\/?p=8088#breadcrumb\",\"itemListElement\":[{\"@type\":\"ListItem\",\"position\":1,\"name\":\"Home\",\"item\":\"https:\\\/\\\/kibrisdakik.com\\\/\"},{\"@type\":\"ListItem\",\"position\":2,\"name\":\"Birkan Uzun Zirve Ko\u015fusu\"}]},{\"@type\":\"WebSite\",\"@id\":\"https:\\\/\\\/kibrisdakik.com\\\/#website\",\"url\":\"https:\\\/\\\/kibrisdakik.com\\\/\",\"name\":\"\",\"description\":\"Tam vaktinde haber\",\"potentialAction\":[{\"@type\":\"SearchAction\",\"target\":{\"@type\":\"EntryPoint\",\"urlTemplate\":\"https:\\\/\\\/kibrisdakik.com\\\/?s={search_term_string}\"},\"query-input\":{\"@type\":\"PropertyValueSpecification\",\"valueRequired\":true,\"valueName\":\"search_term_string\"}}],\"inLanguage\":\"tr\"},{\"@type\":\"Person\",\"@id\":\"https:\\\/\\\/kibrisdakik.com\\\/#\\\/schema\\\/person\\\/9cd9d437bbb44f72b73ba127e06d8e79\",\"name\":\"admin\",\"image\":{\"@type\":\"ImageObject\",\"inLanguage\":\"tr\",\"@id\":\"https:\\\/\\\/secure.gravatar.com\\\/avatar\\\/ccc17943b9d660506c869530f897617f7cb1c21a4bf30023f252596d83e1f007?s=96&d=mm&r=g\",\"url\":\"https:\\\/\\\/secure.gravatar.com\\\/avatar\\\/ccc17943b9d660506c869530f897617f7cb1c21a4bf30023f252596d83e1f007?s=96&d=mm&r=g\",\"contentUrl\":\"https:\\\/\\\/secure.gravatar.com\\\/avatar\\\/ccc17943b9d660506c869530f897617f7cb1c21a4bf30023f252596d83e1f007?s=96&d=mm&r=g\",\"caption\":\"admin\"},\"sameAs\":[\"https:\\\/\\\/kibrisdakik.com\"],\"url\":\"https:\\\/\\\/kibrisdakik.com\\\/?author=1\"}]}<\/script>\n<!-- \/ Yoast SEO plugin. -->","yoast_head_json":{"title":"Birkan Uzun Zirve Ko\u015fusu -","robots":{"index":"index","follow":"follow","max-snippet":"max-snippet:-1","max-image-preview":"max-image-preview:large","max-video-preview":"max-video-preview:-1"},"canonical":"https:\/\/kibrisdakik.com\/?p=8088","og_locale":"tr_TR","og_type":"article","og_title":"Birkan Uzun Zirve Ko\u015fusu -","og_description":"Yar\u0131\u015f, Pazar g\u00fcn\u00fc Kozank\u00f6y-Kar\u015f\u0131yaka aras\u0131nda yap\u0131lacak Atletizm Federasyonu taraf\u0131ndan ge\u00e7ti\u011fimiz y\u0131l ilk kez d\u00fczenlenen Birkan Uzun Zirve Ko\u015fusu\u2019nun bu y\u0131l ikincisi d\u00fczenleniyor\u2026\u201d7 K\u0131ta 7 Zirve\u201d slogan\u0131yla \u00e7\u0131kt\u0131\u011f\u0131 yolda, d\u00fcnyan\u0131n en y\u00fcksek zirvelerine \u00e7\u0131kan son olarak da Antartika\u2019daki Vinson Da\u011f\u0131\u2019n\u0131n zirvesine ula\u015fma ba\u015far\u0131s\u0131 g\u00f6steren Uzun an\u0131s\u0131na organize edilen yar\u0131\u015f, 4 Haziran Pazar g\u00fcn\u00fc Selvili Tepe\u2019de ba\u015flayacak\u2026Kat\u0131l\u0131mc\u0131lar","og_url":"https:\/\/kibrisdakik.com\/?p=8088","article_published_time":"2023-06-02T15:32:11+00:00","og_image":[{"width":1080,"height":1081,"url":"https:\/\/kibrisdakik.com\/wp-content\/uploads\/2023\/06\/Birkan-Uzun-Zirve-Kosusu-740x420.jpg","type":"image\/jpeg"}],"author":"admin","twitter_card":"summary_large_image","twitter_misc":{"Yazan:":"admin","Tahmini okuma s\u00fcresi":"1 dakika"},"schema":{"@context":"https:\/\/schema.org","@graph":[{"@type":"Article","@id":"https:\/\/kibrisdakik.com\/?p=8088#article","isPartOf":{"@id":"https:\/\/kibrisdakik.com\/?p=8088"},"author":{"name":"admin","@id":"https:\/\/kibrisdakik.com\/#\/schema\/person\/9cd9d437bbb44f72b73ba127e06d8e79"},"headline":"Birkan Uzun Zirve Ko\u015fusu","datePublished":"2023-06-02T15:32:11+00:00","mainEntityOfPage":{"@id":"https:\/\/kibrisdakik.com\/?p=8088"},"wordCount":122,"commentCount":0,"image":{"@id":"https:\/\/kibrisdakik.com\/?p=8088#primaryimage"},"thumbnailUrl":"https:\/\/kibrisdakik.com\/wp-content\/uploads\/2023\/06\/Birkan-Uzun-Zirve-Kosusu-740x420.jpg","articleSection":["Spor"],"inLanguage":"tr","potentialAction":[{"@type":"CommentAction","name":"Comment","target":["https:\/\/kibrisdakik.com\/?p=8088#respond"]}]},{"@type":"WebPage","@id":"https:\/\/kibrisdakik.com\/?p=8088","url":"https:\/\/kibrisdakik.com\/?p=8088","name":"Birkan Uzun Zirve Ko\u015fusu -","isPartOf":{"@id":"https:\/\/kibrisdakik.com\/#website"},"primaryImageOfPage":{"@id":"https:\/\/kibrisdakik.com\/?p=8088#primaryimage"},"image":{"@id":"https:\/\/kibrisdakik.com\/?p=8088#primaryimage"},"thumbnailUrl":"https:\/\/kibrisdakik.com\/wp-content\/uploads\/2023\/06\/Birkan-Uzun-Zirve-Kosusu-740x420.jpg","datePublished":"2023-06-02T15:32:11+00:00","author":{"@id":"https:\/\/kibrisdakik.com\/#\/schema\/person\/9cd9d437bbb44f72b73ba127e06d8e79"},"breadcrumb":{"@id":"https:\/\/kibrisdakik.com\/?p=8088#breadcrumb"},"inLanguage":"tr","potentialAction":[{"@type":"ReadAction","target":["https:\/\/kibrisdakik.com\/?p=8088"]}]},{"@type":"ImageObject","inLanguage":"tr","@id":"https:\/\/kibrisdakik.com\/?p=8088#primaryimage","url":"https:\/\/kibrisdakik.com\/wp-content\/uploads\/2023\/06\/Birkan-Uzun-Zirve-Kosusu-740x420.jpg","contentUrl":"https:\/\/kibrisdakik.com\/wp-content\/uploads\/2023\/06\/Birkan-Uzun-Zirve-Kosusu-740x420.jpg","width":1080,"height":1081},{"@type":"BreadcrumbList","@id":"https:\/\/kibrisdakik.com\/?p=8088#breadcrumb","itemListElement":[{"@type":"ListItem","position":1,"name":"Home","item":"https:\/\/kibrisdakik.com\/"},{"@type":"ListItem","position":2,"name":"Birkan Uzun Zirve Ko\u015fusu"}]},{"@type":"WebSite","@id":"https:\/\/kibrisdakik.com\/#website","url":"https:\/\/kibrisdakik.com\/","name":"","description":"Tam vaktinde haber","potentialAction":[{"@type":"SearchAction","target":{"@type":"EntryPoint","urlTemplate":"https:\/\/kibrisdakik.com\/?s={search_term_string}"},"query-input":{"@type":"PropertyValueSpecification","valueRequired":true,"valueName":"search_term_string"}}],"inLanguage":"tr"},{"@type":"Person","@id":"https:\/\/kibrisdakik.com\/#\/schema\/person\/9cd9d437bbb44f72b73ba127e06d8e79","name":"admin","image":{"@type":"ImageObject","inLanguage":"tr","@id":"https:\/\/secure.gravatar.com\/avatar\/ccc17943b9d660506c869530f897617f7cb1c21a4bf30023f252596d83e1f007?s=96&d=mm&r=g","url":"https:\/\/secure.gravatar.com\/avatar\/ccc17943b9d660506c869530f897617f7cb1c21a4bf30023f252596d83e1f007?s=96&d=mm&r=g","contentUrl":"https:\/\/secure.gravatar.com\/avatar\/ccc17943b9d660506c869530f897617f7cb1c21a4bf30023f252596d83e1f007?s=96&d=mm&r=g","caption":"admin"},"sameAs":["https:\/\/kibrisdakik.com"],"url":"https:\/\/kibrisdakik.com\/?author=1"}]}},"_links":{"self":[{"href":"https:\/\/kibrisdakik.com\/index.php?rest_route=\/wp\/v2\/posts\/8088","targetHints":{"allow":["GET"]}}],"collection":[{"href":"https:\/\/kibrisdakik.com\/index.php?rest_route=\/wp\/v2\/posts"}],"about":[{"href":"https:\/\/kibrisdakik.com\/index.php?rest_route=\/wp\/v2\/types\/post"}],"author":[{"embeddable":true,"href":"https:\/\/kibrisdakik.com\/index.php?rest_route=\/wp\/v2\/users\/1"}],"replies":[{"embeddable":true,"href":"https:\/\/kibrisdakik.com\/index.php?rest_route=%2Fwp%2Fv2%2Fcomments&post=8088"}],"version-history":[{"count":0,"href":"https:\/\/kibrisdakik.com\/index.php?rest_route=\/wp\/v2\/posts\/8088\/revisions"}],"wp:featuredmedia":[{"embeddable":true,"href":"https:\/\/kibrisdakik.com\/index.php?rest_route=\/wp\/v2\/media\/8089"}],"wp:attachment":[{"href":"https:\/\/kibrisdakik.com\/index.php?rest_route=%2Fwp%2Fv2%2Fmedia&parent=8088"}],"wp:term":[{"taxonomy":"category","embeddable":true,"href":"https:\/\/kibrisdakik.com\/index.php?rest_route=%2Fwp%2Fv2%2Fcategories&post=8088"},{"taxonomy":"post_tag","embeddable":true,"href":"https:\/\/kibrisdakik.com\/index.php?rest_route=%2Fwp%2Fv2%2Ftags&post=8088"}],"curies":[{"name":"wp","href":"https:\/\/api.w.org\/{rel}","templated":true}]}}