{"id":80887,"date":"2025-04-23T11:40:05","date_gmt":"2025-04-23T08:40:05","guid":{"rendered":"https:\/\/kibrisdakik.com\/index.php\/2025\/04\/23\/23-nisan-ulusal-egemenlik-ve-cocuk-bayrami-torenlerle-kutlaniyor-lefkosa-ataturk-anitinda-toren-duzenlendi\/"},"modified":"2025-04-23T11:40:05","modified_gmt":"2025-04-23T08:40:05","slug":"23-nisan-ulusal-egemenlik-ve-cocuk-bayrami-torenlerle-kutlaniyor-lefkosa-ataturk-anitinda-toren-duzenlendi","status":"publish","type":"post","link":"https:\/\/kibrisdakik.com\/?p=80887","title":{"rendered":"23 Nisan Ulusal Egemenlik ve \u00c7ocuk Bayram\u0131 t\u00f6renlerle kutlan\u0131yor\u2026 Lefko\u015fa Atat\u00fcrk An\u0131t\u0131\u2019nda t\u00f6ren d\u00fczenlendi"},"content":{"rendered":"<div>\n<div class=\"mariselle-image-container center\">\n                                            <\/div>\n<p>T\u00fcrk milletinin ba\u011f\u0131ms\u0131zl\u0131k ve egemenlik m\u00fccadelesinin simgesi olan T\u00fcrkiye B\u00fcy\u00fck Millet Meclisi\u2019nin a\u00e7\u0131l\u0131\u015f\u0131n\u0131n 105. y\u0131l\u0131 ve Ulu \u00d6nder Mustafa Kemal Atat\u00fcrk\u2019\u00fcn d\u00fcnya \u00e7ocuklar\u0131na arma\u011fan etti\u011fi 23 Nisan Ulusal Egemenlik ve \u00c7ocuk Bayram\u0131, Kuzey K\u0131br\u0131s T\u00fcrk Cumhuriyeti\u2019nde co\u015fkulu t\u00f6renlerle kutlan\u0131yor.<\/p>\n<p>Bayram kutlamalar\u0131 kapsam\u0131nda, sabah saatlerinde Lefko\u015fa Atat\u00fcrk An\u0131t\u0131 \u00f6n\u00fcnde t\u00f6ren d\u00fczenlendi.<\/p>\n<p>T\u00f6rene; Cumhurba\u015fkan\u0131 Ersin Tatar, Ba\u015fbakan \u00dcnal \u00dcstel, Y\u00fcksek Mahkeme Ba\u015fkan\u0131 Bertan \u00d6zerda\u011f, 2\u2019nci Cumhurba\u015fkan\u0131 Mehmet Ali Talat, T\u00fcrkiye Cumhuriyeti Lefko\u015fa B\u00fcy\u00fckel\u00e7isi Ali Murat Ba\u015f\u00e7eri, KTBK Komutan\u0131 T\u00fcmgeneral Sebahattin K\u0131l\u0131n\u00e7, GKK Komutan\u0131 T\u00fcmgeneral \u0130lker G\u00f6rg\u00fcl\u00fc, Ana Muhalefet CTP Genel Ba\u015fkan\u0131 Tufan Erh\u00fcrman, bakanlar, milletvekilleri, \u00e7e\u015fitli kurum ve kurulu\u015f temsilcileri, siyasi parti ve dernek yetkilileri ile vatanda\u015flar kat\u0131ld\u0131.<\/p>\n<div class=\"mariselle-image-container center\">\n                <img loading=\"lazy\" decoding=\"async\" width=\"2560\" height=\"1707\" class=\"lazy-image\" alt=\"\" sizes=\"auto, (max-width: 2560px) 100vw, 2560px\" src=\"https:\/\/brtk.net\/wp-content\/uploads\/2025\/04\/23\/174539346806023-Nisan-Lefkosa-Ataturk-Aniti-Toren-5-scaled.jpg?ver=c3238af087c4b2a486069f835ad99844\" srcset=\"https:\/\/brtk.net\/wp-content\/uploads\/2025\/04\/23\/174539346806023-Nisan-Lefkosa-Ataturk-Aniti-Toren-5-scaled.jpg?ver=c3238af087c4b2a486069f835ad99844 2560w, https:\/\/brtk.net\/wp-content\/uploads\/2025\/04\/23\/174539346806023-Nisan-Lefkosa-Ataturk-Aniti-Toren-5-300x200.jpg?ver=2fc212753a805ac4a076c0a7de36f7d3 300w, https:\/\/brtk.net\/wp-content\/uploads\/2025\/04\/23\/174539346806023-Nisan-Lefkosa-Ataturk-Aniti-Toren-5-1024x683.jpg?ver=27e8f2989bb1de1ecd3df3f4cbfb7009 1024w, https:\/\/brtk.net\/wp-content\/uploads\/2025\/04\/23\/174539346806023-Nisan-Lefkosa-Ataturk-Aniti-Toren-5-768x512.jpg?ver=677a19e53f9006271360707a0a0fe3b9 768w, https:\/\/brtk.net\/wp-content\/uploads\/2025\/04\/23\/174539346806023-Nisan-Lefkosa-Ataturk-Aniti-Toren-5-1536x1024.jpg?ver=e7237f631d939319441fb503cb780edc 1536w, https:\/\/brtk.net\/wp-content\/uploads\/2025\/04\/23\/174539346806023-Nisan-Lefkosa-Ataturk-Aniti-Toren-5-2048x1365.jpg?ver=1d93c4bb4210a94b30fb422cef395045 2048w\"\/>                            <\/div>\n<p>T\u00f6ren, protokol s\u0131ras\u0131na g\u00f6re \u00e7elenklerin Atat\u00fcrk An\u0131t\u0131\u2019na sunulmas\u0131yla ba\u015flad\u0131. Ard\u0131ndan sayg\u0131 duru\u015funda bulunuldu ve \u0130stiklal Mar\u015f\u0131 e\u015fli\u011finde bayraklar g\u00f6ndere \u00e7ekildi.<\/p>\n<p>-Tatar: \u201cBug\u00fcn y\u00fcr\u00fct\u00fclen iki devletli siyasetin temelinde bu egemenlik bilinci yatmaktad\u0131r\u201d<\/p>\n<p>Cumhurba\u015fkan\u0131 Ersin Tatar, t\u00f6rende yapt\u0131\u011f\u0131 konu\u015fmada, egemenli\u011fin ve milli iradenin \u00f6nemine dikkat \u00e7ekerek, bug\u00fcn y\u00fcr\u00fct\u00fclen iki devletli siyasetin temelinde de bu egemenlik bilincinin yatt\u0131\u011f\u0131n\u0131 kaydetti.<\/p>\n<p>23 Nisan\u2019\u0131n hem \u00e7ocuklara hem de T\u00fcrk milletinin egemenli\u011fine adanm\u0131\u015f anlaml\u0131 bir bayram oldu\u011funu vurgulayan Tatar, T\u00fcrkiye B\u00fcy\u00fck Millet Meclisi\u2019nin a\u00e7\u0131l\u0131\u015f\u0131n\u0131n 105. y\u0131l d\u00f6n\u00fcm\u00fcn\u00fc ve B\u00fcy\u00fck \u00d6nder Mustafa Kemal Atat\u00fcrk\u2019\u00fcn \u00e7ocuklara arma\u011fan etti\u011fi Ulusal Egemenlik ve \u00c7ocuk Bayram\u0131\u2019n\u0131 Kuzey K\u0131br\u0131s T\u00fcrk Cumhuriyeti\u2019nde kutlamaktan b\u00fcy\u00fck onur duyduklar\u0131n\u0131 ifade etti.<\/p>\n<p>Konu\u015fmas\u0131nda, \u201cEgemenlik, kay\u0131ts\u0131z \u015farts\u0131z milletindir\u201d s\u00f6z\u00fcn\u00fc hat\u0131rlatan Tatar, T\u00fcrk milletinin tarih boyunca ba\u015fka milletlerin esareti alt\u0131nda ya\u015famay\u0131 reddederek, ba\u011f\u0131ms\u0131zl\u0131k u\u011fruna kararl\u0131l\u0131kla m\u00fccadele etti\u011fini; bu m\u00fccadelenin Kurtulu\u015f Sava\u015f\u0131\u2019yla ba\u015flay\u0131p, T\u00fcrkiye B\u00fcy\u00fck Millet Meclisi\u2019nin a\u00e7\u0131l\u0131\u015f\u0131 ve Cumhuriyet\u2019in ilan\u0131yla ta\u00e7land\u0131\u011f\u0131n\u0131 s\u00f6yledi.<\/p>\n<p>K\u0131br\u0131s T\u00fcrk halk\u0131n\u0131n da bu s\u00fcre\u00e7leri yak\u0131ndan takip etti\u011fini belirten Tatar, \u0130ngiliz s\u00f6m\u00fcrge y\u00f6netiminin bask\u0131c\u0131 ko\u015fullar\u0131na ra\u011fmen Atat\u00fcrk devrimlerinin bu topraklarda benimsenerek hayata ge\u00e7irildi\u011fini ve halk\u0131n Atat\u00fcrk\u00e7\u00fc d\u00fc\u015f\u00fcnceyle \u00e7a\u011fda\u015f, milliyet\u00e7i ve Anavatan\u2019a ba\u011fl\u0131 nesiller yeti\u015ftirme \u00e7abas\u0131nda oldu\u011funu vurgulad\u0131.<\/p>\n<p>1974 \u00f6ncesi verilen m\u00fccadele, 20 Temmuz 1974 K\u0131br\u0131s Bar\u0131\u015f Harek\u00e2t\u0131 ve sonras\u0131nda olu\u015fan yap\u0131n\u0131n, K\u0131br\u0131s T\u00fcrk halk\u0131n\u0131n kendi egemenli\u011fine sahip \u00e7\u0131kma iradesinin bir sonucu oldu\u011funu belirten Tatar, K\u0131br\u0131s T\u00fcrk halk\u0131n\u0131n Atat\u00fcrk\u2019\u00fcn izinden y\u00fcr\u00fcd\u00fc\u011f\u00fcn\u00fc ve gen\u00e7 nesillerin bu bilin\u00e7le yeti\u015ftirilece\u011fini ifade etti.<\/p>\n<p>T\u00fcm halk\u0131n 23 Nisan Ulusal Egemenlik ve \u00c7ocuk Bayram\u0131\u2019n\u0131 kutlayan Tatar, konu\u015fmas\u0131n\u0131, \u201cB\u00fcy\u00fck \u00d6nder Mustafa Kemal Atat\u00fcrk\u2019\u00fc, silah arkada\u015flar\u0131n\u0131 ve bu u\u011furda can veren \u015fehitlerimizi bir kez daha rahmet ve minnetle an\u0131yorum\u201d diyerek sonland\u0131rd\u0131.<\/p>\n<\/p><\/div>\n<p><script async\n                    defer\n                    crossorigin=\"anonymous\"\n                    src=\"https:\/\/connect.facebook.net\/tr_TR\/sdk.js#xfbml=1&#038;version=v3.3\"\n            ><\/script><\/p>\n","protected":false},"excerpt":{"rendered":"<p>T\u00fcrk milletinin ba\u011f\u0131ms\u0131zl\u0131k ve egemenlik m\u00fccadelesinin simgesi olan T\u00fcrkiye B\u00fcy\u00fck Millet Meclisi\u2019nin a\u00e7\u0131l\u0131\u015f\u0131n\u0131n 105. y\u0131l\u0131 ve Ulu \u00d6nder Mustafa Kemal Atat\u00fcrk\u2019\u00fcn d\u00fcnya \u00e7ocuklar\u0131na arma\u011fan etti\u011fi 23 Nisan Ulusal Egemenlik ve \u00c7ocuk Bayram\u0131, Kuzey K\u0131br\u0131s T\u00fcrk Cumhuriyeti\u2019nde co\u015fkulu t\u00f6renlerle kutlan\u0131yor. Bayram kutlamalar\u0131 kapsam\u0131nda, sabah saatlerinde Lefko\u015fa Atat\u00fcrk An\u0131t\u0131 \u00f6n\u00fcnde t\u00f6ren d\u00fczenlendi. T\u00f6rene; Cumhurba\u015fkan\u0131 Ersin Tatar, Ba\u015fbakan<\/p>\n","protected":false},"author":1,"featured_media":80888,"comment_status":"open","ping_status":"open","sticky":false,"template":"","format":"standard","meta":{"footnotes":""},"categories":[81,101],"tags":[],"class_list":["post-80887","post","type-post","status-publish","format-standard","has-post-thumbnail","hentry","category-kibris","category-manset"],"yoast_head":"<!-- This site is optimized with the Yoast SEO plugin v27.4 - https:\/\/yoast.com\/product\/yoast-seo-wordpress\/ -->\n<title>23 Nisan Ulusal Egemenlik ve \u00c7ocuk Bayram\u0131 t\u00f6renlerle kutlan\u0131yor\u2026 Lefko\u015fa Atat\u00fcrk An\u0131t\u0131\u2019nda t\u00f6ren d\u00fczenlendi -<\/title>\n<meta name=\"robots\" content=\"index, follow, max-snippet:-1, max-image-preview:large, max-video-preview:-1\" \/>\n<link rel=\"canonical\" href=\"https:\/\/kibrisdakik.com\/?p=80887\" \/>\n<meta property=\"og:locale\" content=\"tr_TR\" \/>\n<meta property=\"og:type\" content=\"article\" \/>\n<meta property=\"og:title\" content=\"23 Nisan Ulusal Egemenlik ve \u00c7ocuk Bayram\u0131 t\u00f6renlerle kutlan\u0131yor\u2026 Lefko\u015fa Atat\u00fcrk An\u0131t\u0131\u2019nda t\u00f6ren d\u00fczenlendi -\" \/>\n<meta property=\"og:description\" content=\"T\u00fcrk milletinin ba\u011f\u0131ms\u0131zl\u0131k ve egemenlik m\u00fccadelesinin simgesi olan T\u00fcrkiye B\u00fcy\u00fck Millet Meclisi\u2019nin a\u00e7\u0131l\u0131\u015f\u0131n\u0131n 105. y\u0131l\u0131 ve Ulu \u00d6nder Mustafa Kemal Atat\u00fcrk\u2019\u00fcn d\u00fcnya \u00e7ocuklar\u0131na arma\u011fan etti\u011fi 23 Nisan Ulusal Egemenlik ve \u00c7ocuk Bayram\u0131, Kuzey K\u0131br\u0131s T\u00fcrk Cumhuriyeti\u2019nde co\u015fkulu t\u00f6renlerle kutlan\u0131yor. Bayram kutlamalar\u0131 kapsam\u0131nda, sabah saatlerinde Lefko\u015fa Atat\u00fcrk An\u0131t\u0131 \u00f6n\u00fcnde t\u00f6ren d\u00fczenlendi. T\u00f6rene; Cumhurba\u015fkan\u0131 Ersin Tatar, Ba\u015fbakan\" \/>\n<meta property=\"og:url\" content=\"https:\/\/kibrisdakik.com\/?p=80887\" \/>\n<meta property=\"article:published_time\" content=\"2025-04-23T08:40:05+00:00\" \/>\n<meta property=\"og:image\" content=\"https:\/\/kibrisdakik.com\/wp-content\/uploads\/2025\/04\/174539346804623-Nisan-Lefkosa-Ataturk-Aniti-Toren-1-scaled-740x420.jpg\" \/>\n\t<meta property=\"og:image:width\" content=\"2560\" \/>\n\t<meta property=\"og:image:height\" content=\"1706\" \/>\n\t<meta property=\"og:image:type\" content=\"image\/jpeg\" \/>\n<meta name=\"author\" content=\"admin\" \/>\n<meta name=\"twitter:card\" content=\"summary_large_image\" \/>\n<meta name=\"twitter:label1\" content=\"Yazan:\" \/>\n\t<meta name=\"twitter:data1\" content=\"admin\" \/>\n\t<meta name=\"twitter:label2\" content=\"Tahmini okuma s\u00fcresi\" \/>\n\t<meta name=\"twitter:data2\" content=\"3 dakika\" \/>\n<script type=\"application\/ld+json\" class=\"yoast-schema-graph\">{\"@context\":\"https:\\\/\\\/schema.org\",\"@graph\":[{\"@type\":\"Article\",\"@id\":\"https:\\\/\\\/kibrisdakik.com\\\/?p=80887#article\",\"isPartOf\":{\"@id\":\"https:\\\/\\\/kibrisdakik.com\\\/?p=80887\"},\"author\":{\"name\":\"admin\",\"@id\":\"https:\\\/\\\/kibrisdakik.com\\\/#\\\/schema\\\/person\\\/9cd9d437bbb44f72b73ba127e06d8e79\"},\"headline\":\"23 Nisan Ulusal Egemenlik ve \u00c7ocuk Bayram\u0131 t\u00f6renlerle kutlan\u0131yor\u2026 Lefko\u015fa Atat\u00fcrk An\u0131t\u0131\u2019nda t\u00f6ren d\u00fczenlendi\",\"datePublished\":\"2025-04-23T08:40:05+00:00\",\"mainEntityOfPage\":{\"@id\":\"https:\\\/\\\/kibrisdakik.com\\\/?p=80887\"},\"wordCount\":591,\"commentCount\":0,\"image\":{\"@id\":\"https:\\\/\\\/kibrisdakik.com\\\/?p=80887#primaryimage\"},\"thumbnailUrl\":\"https:\\\/\\\/kibrisdakik.com\\\/wp-content\\\/uploads\\\/2025\\\/04\\\/174539346804623-Nisan-Lefkosa-Ataturk-Aniti-Toren-1-scaled-740x420.jpg\",\"articleSection\":[\"K\u0131br\u0131s\",\"Man\u015fet\"],\"inLanguage\":\"tr\",\"potentialAction\":[{\"@type\":\"CommentAction\",\"name\":\"Comment\",\"target\":[\"https:\\\/\\\/kibrisdakik.com\\\/?p=80887#respond\"]}]},{\"@type\":\"WebPage\",\"@id\":\"https:\\\/\\\/kibrisdakik.com\\\/?p=80887\",\"url\":\"https:\\\/\\\/kibrisdakik.com\\\/?p=80887\",\"name\":\"23 Nisan Ulusal Egemenlik ve \u00c7ocuk Bayram\u0131 t\u00f6renlerle kutlan\u0131yor\u2026 Lefko\u015fa Atat\u00fcrk An\u0131t\u0131\u2019nda t\u00f6ren d\u00fczenlendi -\",\"isPartOf\":{\"@id\":\"https:\\\/\\\/kibrisdakik.com\\\/#website\"},\"primaryImageOfPage\":{\"@id\":\"https:\\\/\\\/kibrisdakik.com\\\/?p=80887#primaryimage\"},\"image\":{\"@id\":\"https:\\\/\\\/kibrisdakik.com\\\/?p=80887#primaryimage\"},\"thumbnailUrl\":\"https:\\\/\\\/kibrisdakik.com\\\/wp-content\\\/uploads\\\/2025\\\/04\\\/174539346804623-Nisan-Lefkosa-Ataturk-Aniti-Toren-1-scaled-740x420.jpg\",\"datePublished\":\"2025-04-23T08:40:05+00:00\",\"author\":{\"@id\":\"https:\\\/\\\/kibrisdakik.com\\\/#\\\/schema\\\/person\\\/9cd9d437bbb44f72b73ba127e06d8e79\"},\"breadcrumb\":{\"@id\":\"https:\\\/\\\/kibrisdakik.com\\\/?p=80887#breadcrumb\"},\"inLanguage\":\"tr\",\"potentialAction\":[{\"@type\":\"ReadAction\",\"target\":[\"https:\\\/\\\/kibrisdakik.com\\\/?p=80887\"]}]},{\"@type\":\"ImageObject\",\"inLanguage\":\"tr\",\"@id\":\"https:\\\/\\\/kibrisdakik.com\\\/?p=80887#primaryimage\",\"url\":\"https:\\\/\\\/kibrisdakik.com\\\/wp-content\\\/uploads\\\/2025\\\/04\\\/174539346804623-Nisan-Lefkosa-Ataturk-Aniti-Toren-1-scaled-740x420.jpg\",\"contentUrl\":\"https:\\\/\\\/kibrisdakik.com\\\/wp-content\\\/uploads\\\/2025\\\/04\\\/174539346804623-Nisan-Lefkosa-Ataturk-Aniti-Toren-1-scaled-740x420.jpg\",\"width\":2560,\"height\":1706},{\"@type\":\"BreadcrumbList\",\"@id\":\"https:\\\/\\\/kibrisdakik.com\\\/?p=80887#breadcrumb\",\"itemListElement\":[{\"@type\":\"ListItem\",\"position\":1,\"name\":\"Home\",\"item\":\"https:\\\/\\\/kibrisdakik.com\\\/\"},{\"@type\":\"ListItem\",\"position\":2,\"name\":\"23 Nisan Ulusal Egemenlik ve \u00c7ocuk Bayram\u0131 t\u00f6renlerle kutlan\u0131yor\u2026 Lefko\u015fa Atat\u00fcrk An\u0131t\u0131\u2019nda t\u00f6ren d\u00fczenlendi\"}]},{\"@type\":\"WebSite\",\"@id\":\"https:\\\/\\\/kibrisdakik.com\\\/#website\",\"url\":\"https:\\\/\\\/kibrisdakik.com\\\/\",\"name\":\"\",\"description\":\"Tam vaktinde haber\",\"potentialAction\":[{\"@type\":\"SearchAction\",\"target\":{\"@type\":\"EntryPoint\",\"urlTemplate\":\"https:\\\/\\\/kibrisdakik.com\\\/?s={search_term_string}\"},\"query-input\":{\"@type\":\"PropertyValueSpecification\",\"valueRequired\":true,\"valueName\":\"search_term_string\"}}],\"inLanguage\":\"tr\"},{\"@type\":\"Person\",\"@id\":\"https:\\\/\\\/kibrisdakik.com\\\/#\\\/schema\\\/person\\\/9cd9d437bbb44f72b73ba127e06d8e79\",\"name\":\"admin\",\"image\":{\"@type\":\"ImageObject\",\"inLanguage\":\"tr\",\"@id\":\"https:\\\/\\\/secure.gravatar.com\\\/avatar\\\/ccc17943b9d660506c869530f897617f7cb1c21a4bf30023f252596d83e1f007?s=96&d=mm&r=g\",\"url\":\"https:\\\/\\\/secure.gravatar.com\\\/avatar\\\/ccc17943b9d660506c869530f897617f7cb1c21a4bf30023f252596d83e1f007?s=96&d=mm&r=g\",\"contentUrl\":\"https:\\\/\\\/secure.gravatar.com\\\/avatar\\\/ccc17943b9d660506c869530f897617f7cb1c21a4bf30023f252596d83e1f007?s=96&d=mm&r=g\",\"caption\":\"admin\"},\"sameAs\":[\"https:\\\/\\\/kibrisdakik.com\"],\"url\":\"https:\\\/\\\/kibrisdakik.com\\\/?author=1\"}]}<\/script>\n<!-- \/ Yoast SEO plugin. -->","yoast_head_json":{"title":"23 Nisan Ulusal Egemenlik ve \u00c7ocuk Bayram\u0131 t\u00f6renlerle kutlan\u0131yor\u2026 Lefko\u015fa Atat\u00fcrk An\u0131t\u0131\u2019nda t\u00f6ren d\u00fczenlendi -","robots":{"index":"index","follow":"follow","max-snippet":"max-snippet:-1","max-image-preview":"max-image-preview:large","max-video-preview":"max-video-preview:-1"},"canonical":"https:\/\/kibrisdakik.com\/?p=80887","og_locale":"tr_TR","og_type":"article","og_title":"23 Nisan Ulusal Egemenlik ve \u00c7ocuk Bayram\u0131 t\u00f6renlerle kutlan\u0131yor\u2026 Lefko\u015fa Atat\u00fcrk An\u0131t\u0131\u2019nda t\u00f6ren d\u00fczenlendi -","og_description":"T\u00fcrk milletinin ba\u011f\u0131ms\u0131zl\u0131k ve egemenlik m\u00fccadelesinin simgesi olan T\u00fcrkiye B\u00fcy\u00fck Millet Meclisi\u2019nin a\u00e7\u0131l\u0131\u015f\u0131n\u0131n 105. y\u0131l\u0131 ve Ulu \u00d6nder Mustafa Kemal Atat\u00fcrk\u2019\u00fcn d\u00fcnya \u00e7ocuklar\u0131na arma\u011fan etti\u011fi 23 Nisan Ulusal Egemenlik ve \u00c7ocuk Bayram\u0131, Kuzey K\u0131br\u0131s T\u00fcrk Cumhuriyeti\u2019nde co\u015fkulu t\u00f6renlerle kutlan\u0131yor. Bayram kutlamalar\u0131 kapsam\u0131nda, sabah saatlerinde Lefko\u015fa Atat\u00fcrk An\u0131t\u0131 \u00f6n\u00fcnde t\u00f6ren d\u00fczenlendi. T\u00f6rene; Cumhurba\u015fkan\u0131 Ersin Tatar, Ba\u015fbakan","og_url":"https:\/\/kibrisdakik.com\/?p=80887","article_published_time":"2025-04-23T08:40:05+00:00","og_image":[{"width":2560,"height":1706,"url":"https:\/\/kibrisdakik.com\/wp-content\/uploads\/2025\/04\/174539346804623-Nisan-Lefkosa-Ataturk-Aniti-Toren-1-scaled-740x420.jpg","type":"image\/jpeg"}],"author":"admin","twitter_card":"summary_large_image","twitter_misc":{"Yazan:":"admin","Tahmini okuma s\u00fcresi":"3 dakika"},"schema":{"@context":"https:\/\/schema.org","@graph":[{"@type":"Article","@id":"https:\/\/kibrisdakik.com\/?p=80887#article","isPartOf":{"@id":"https:\/\/kibrisdakik.com\/?p=80887"},"author":{"name":"admin","@id":"https:\/\/kibrisdakik.com\/#\/schema\/person\/9cd9d437bbb44f72b73ba127e06d8e79"},"headline":"23 Nisan Ulusal Egemenlik ve \u00c7ocuk Bayram\u0131 t\u00f6renlerle kutlan\u0131yor\u2026 Lefko\u015fa Atat\u00fcrk An\u0131t\u0131\u2019nda t\u00f6ren d\u00fczenlendi","datePublished":"2025-04-23T08:40:05+00:00","mainEntityOfPage":{"@id":"https:\/\/kibrisdakik.com\/?p=80887"},"wordCount":591,"commentCount":0,"image":{"@id":"https:\/\/kibrisdakik.com\/?p=80887#primaryimage"},"thumbnailUrl":"https:\/\/kibrisdakik.com\/wp-content\/uploads\/2025\/04\/174539346804623-Nisan-Lefkosa-Ataturk-Aniti-Toren-1-scaled-740x420.jpg","articleSection":["K\u0131br\u0131s","Man\u015fet"],"inLanguage":"tr","potentialAction":[{"@type":"CommentAction","name":"Comment","target":["https:\/\/kibrisdakik.com\/?p=80887#respond"]}]},{"@type":"WebPage","@id":"https:\/\/kibrisdakik.com\/?p=80887","url":"https:\/\/kibrisdakik.com\/?p=80887","name":"23 Nisan Ulusal Egemenlik ve \u00c7ocuk Bayram\u0131 t\u00f6renlerle kutlan\u0131yor\u2026 Lefko\u015fa Atat\u00fcrk An\u0131t\u0131\u2019nda t\u00f6ren d\u00fczenlendi -","isPartOf":{"@id":"https:\/\/kibrisdakik.com\/#website"},"primaryImageOfPage":{"@id":"https:\/\/kibrisdakik.com\/?p=80887#primaryimage"},"image":{"@id":"https:\/\/kibrisdakik.com\/?p=80887#primaryimage"},"thumbnailUrl":"https:\/\/kibrisdakik.com\/wp-content\/uploads\/2025\/04\/174539346804623-Nisan-Lefkosa-Ataturk-Aniti-Toren-1-scaled-740x420.jpg","datePublished":"2025-04-23T08:40:05+00:00","author":{"@id":"https:\/\/kibrisdakik.com\/#\/schema\/person\/9cd9d437bbb44f72b73ba127e06d8e79"},"breadcrumb":{"@id":"https:\/\/kibrisdakik.com\/?p=80887#breadcrumb"},"inLanguage":"tr","potentialAction":[{"@type":"ReadAction","target":["https:\/\/kibrisdakik.com\/?p=80887"]}]},{"@type":"ImageObject","inLanguage":"tr","@id":"https:\/\/kibrisdakik.com\/?p=80887#primaryimage","url":"https:\/\/kibrisdakik.com\/wp-content\/uploads\/2025\/04\/174539346804623-Nisan-Lefkosa-Ataturk-Aniti-Toren-1-scaled-740x420.jpg","contentUrl":"https:\/\/kibrisdakik.com\/wp-content\/uploads\/2025\/04\/174539346804623-Nisan-Lefkosa-Ataturk-Aniti-Toren-1-scaled-740x420.jpg","width":2560,"height":1706},{"@type":"BreadcrumbList","@id":"https:\/\/kibrisdakik.com\/?p=80887#breadcrumb","itemListElement":[{"@type":"ListItem","position":1,"name":"Home","item":"https:\/\/kibrisdakik.com\/"},{"@type":"ListItem","position":2,"name":"23 Nisan Ulusal Egemenlik ve \u00c7ocuk Bayram\u0131 t\u00f6renlerle kutlan\u0131yor\u2026 Lefko\u015fa Atat\u00fcrk An\u0131t\u0131\u2019nda t\u00f6ren d\u00fczenlendi"}]},{"@type":"WebSite","@id":"https:\/\/kibrisdakik.com\/#website","url":"https:\/\/kibrisdakik.com\/","name":"","description":"Tam vaktinde haber","potentialAction":[{"@type":"SearchAction","target":{"@type":"EntryPoint","urlTemplate":"https:\/\/kibrisdakik.com\/?s={search_term_string}"},"query-input":{"@type":"PropertyValueSpecification","valueRequired":true,"valueName":"search_term_string"}}],"inLanguage":"tr"},{"@type":"Person","@id":"https:\/\/kibrisdakik.com\/#\/schema\/person\/9cd9d437bbb44f72b73ba127e06d8e79","name":"admin","image":{"@type":"ImageObject","inLanguage":"tr","@id":"https:\/\/secure.gravatar.com\/avatar\/ccc17943b9d660506c869530f897617f7cb1c21a4bf30023f252596d83e1f007?s=96&d=mm&r=g","url":"https:\/\/secure.gravatar.com\/avatar\/ccc17943b9d660506c869530f897617f7cb1c21a4bf30023f252596d83e1f007?s=96&d=mm&r=g","contentUrl":"https:\/\/secure.gravatar.com\/avatar\/ccc17943b9d660506c869530f897617f7cb1c21a4bf30023f252596d83e1f007?s=96&d=mm&r=g","caption":"admin"},"sameAs":["https:\/\/kibrisdakik.com"],"url":"https:\/\/kibrisdakik.com\/?author=1"}]}},"_links":{"self":[{"href":"https:\/\/kibrisdakik.com\/index.php?rest_route=\/wp\/v2\/posts\/80887","targetHints":{"allow":["GET"]}}],"collection":[{"href":"https:\/\/kibrisdakik.com\/index.php?rest_route=\/wp\/v2\/posts"}],"about":[{"href":"https:\/\/kibrisdakik.com\/index.php?rest_route=\/wp\/v2\/types\/post"}],"author":[{"embeddable":true,"href":"https:\/\/kibrisdakik.com\/index.php?rest_route=\/wp\/v2\/users\/1"}],"replies":[{"embeddable":true,"href":"https:\/\/kibrisdakik.com\/index.php?rest_route=%2Fwp%2Fv2%2Fcomments&post=80887"}],"version-history":[{"count":0,"href":"https:\/\/kibrisdakik.com\/index.php?rest_route=\/wp\/v2\/posts\/80887\/revisions"}],"wp:featuredmedia":[{"embeddable":true,"href":"https:\/\/kibrisdakik.com\/index.php?rest_route=\/wp\/v2\/media\/80888"}],"wp:attachment":[{"href":"https:\/\/kibrisdakik.com\/index.php?rest_route=%2Fwp%2Fv2%2Fmedia&parent=80887"}],"wp:term":[{"taxonomy":"category","embeddable":true,"href":"https:\/\/kibrisdakik.com\/index.php?rest_route=%2Fwp%2Fv2%2Fcategories&post=80887"},{"taxonomy":"post_tag","embeddable":true,"href":"https:\/\/kibrisdakik.com\/index.php?rest_route=%2Fwp%2Fv2%2Ftags&post=80887"}],"curies":[{"name":"wp","href":"https:\/\/api.w.org\/{rel}","templated":true}]}}