{"id":80894,"date":"2025-04-23T12:59:00","date_gmt":"2025-04-23T09:59:00","guid":{"rendered":"https:\/\/kibrisdakik.com\/index.php\/2025\/04\/23\/lefkosa-ve-gazimagusada-2-ani-olum-vakasi\/"},"modified":"2025-04-23T12:59:00","modified_gmt":"2025-04-23T09:59:00","slug":"lefkosa-ve-gazimagusada-2-ani-olum-vakasi","status":"publish","type":"post","link":"https:\/\/kibrisdakik.com\/?p=80894","title":{"rendered":"Lefko\u015fa ve Gazima\u011fusa\u2019da 2 ani \u00f6l\u00fcm vakas\u0131"},"content":{"rendered":"<p><\/p>\n<div>\n<div class=\"mariselle-image-container center\">\n                <img loading=\"lazy\" decoding=\"async\" width=\"1280\" height=\"696\" class=\"lazy-image\" alt=\"\" sizes=\"auto, (max-width: 1280px) 100vw, 1280px\" src=\"https:\/\/brtk.net\/wp-content\/uploads\/2025\/04\/23\/1745398763905ANI-OLUM.jpg?ver=b55841b0374de52b96ab7e75f11b2722\" srcset=\"https:\/\/brtk.net\/wp-content\/uploads\/2025\/04\/23\/1745398763905ANI-OLUM.jpg?ver=b55841b0374de52b96ab7e75f11b2722 1280w, https:\/\/brtk.net\/wp-content\/uploads\/2025\/04\/23\/1745398763905ANI-OLUM-300x163.jpg?ver=b55841b0374de52b96ab7e75f11b2722 300w, https:\/\/brtk.net\/wp-content\/uploads\/2025\/04\/23\/1745398763905ANI-OLUM-1024x557.jpg?ver=b24747c4a138797c3ab50511a6b5328e 1024w, https:\/\/brtk.net\/wp-content\/uploads\/2025\/04\/23\/1745398763905ANI-OLUM-768x418.jpg?ver=b24747c4a138797c3ab50511a6b5328e 768w\"\/>                            <\/div>\n<p>Lefko\u015fa\u2019da ya\u015fayan 15 ya\u015f\u0131ndaki H\u00fcseyin De\u011fer ile Gazima\u011fusa\u2019da ya\u015fayan 84 ya\u015f\u0131ndaki Nadire Musao\u011flular\u0131 hayat\u0131n\u0131 kaybetti.<\/p>\n<p>Polis Bas\u0131n B\u00fclteni\u2019ne g\u00f6re, Duchenne Kas Distrofisi, solunum ve kalp yetmezli\u011fi rahats\u0131zl\u0131klar\u0131 bulunan H\u00fcseyin De\u011fer d\u00fcn ikametgah\u0131nda aniden fenala\u015ft\u0131. Lefko\u015fa Acil Durum Hastanesi \u00c7ocuk Acil Servisi\u2019ne kald\u0131r\u0131lan De\u011fer, yap\u0131lan t\u00fcm m\u00fcdahalelere ra\u011fmen kurtar\u0131lamad\u0131.<\/p>\n<p>Ayn\u0131 g\u00fcn saat 17.15 s\u0131ralar\u0131nda ise Gazima\u011fusa\u2019da ya\u015fayan Nadire Musao\u011flular\u0131, evinin oturma odas\u0131nda aniden rahats\u0131zlanarak ya\u015fam\u0131n\u0131 yitirdi. Yap\u0131lan ilk muayenede v\u00fccudunda darp veya cebir izine rastlanmad\u0131.<\/p>\n<p>De\u011fer ve Musao\u011flular\u0131\u2019n\u0131n kesin \u00f6l\u00fcm sebepleri, yap\u0131lacak otopsilerin ard\u0131ndan belli olacak. Polis soru\u015fturmas\u0131 devam ediyor.<\/p>\n<\/p><\/div>\n<p><script async\n                    defer\n                    crossorigin=\"anonymous\"\n                    src=\"https:\/\/connect.facebook.net\/tr_TR\/sdk.js#xfbml=1&#038;version=v3.3\"\n            ><\/script><\/p>\n","protected":false},"excerpt":{"rendered":"<p>Lefko\u015fa\u2019da ya\u015fayan 15 ya\u015f\u0131ndaki H\u00fcseyin De\u011fer ile Gazima\u011fusa\u2019da ya\u015fayan 84 ya\u015f\u0131ndaki Nadire Musao\u011flular\u0131 hayat\u0131n\u0131 kaybetti. Polis Bas\u0131n B\u00fclteni\u2019ne g\u00f6re, Duchenne Kas Distrofisi, solunum ve kalp yetmezli\u011fi rahats\u0131zl\u0131klar\u0131 bulunan H\u00fcseyin De\u011fer d\u00fcn ikametgah\u0131nda aniden fenala\u015ft\u0131. Lefko\u015fa Acil Durum Hastanesi \u00c7ocuk Acil Servisi\u2019ne kald\u0131r\u0131lan De\u011fer, yap\u0131lan t\u00fcm m\u00fcdahalelere ra\u011fmen kurtar\u0131lamad\u0131. Ayn\u0131 g\u00fcn saat 17.15 s\u0131ralar\u0131nda ise Gazima\u011fusa\u2019da<\/p>\n","protected":false},"author":1,"featured_media":80895,"comment_status":"open","ping_status":"open","sticky":false,"template":"","format":"standard","meta":{"footnotes":""},"categories":[1,101],"tags":[],"class_list":["post-80894","post","type-post","status-publish","format-standard","has-post-thumbnail","hentry","category-gundem","category-manset"],"yoast_head":"<!-- This site is optimized with the Yoast SEO plugin v27.4 - https:\/\/yoast.com\/product\/yoast-seo-wordpress\/ -->\n<title>Lefko\u015fa ve Gazima\u011fusa\u2019da 2 ani \u00f6l\u00fcm vakas\u0131 -<\/title>\n<meta name=\"robots\" content=\"index, follow, max-snippet:-1, max-image-preview:large, max-video-preview:-1\" \/>\n<link rel=\"canonical\" href=\"https:\/\/kibrisdakik.com\/?p=80894\" \/>\n<meta property=\"og:locale\" content=\"tr_TR\" \/>\n<meta property=\"og:type\" content=\"article\" \/>\n<meta property=\"og:title\" content=\"Lefko\u015fa ve Gazima\u011fusa\u2019da 2 ani \u00f6l\u00fcm vakas\u0131 -\" \/>\n<meta property=\"og:description\" content=\"Lefko\u015fa\u2019da ya\u015fayan 15 ya\u015f\u0131ndaki H\u00fcseyin De\u011fer ile Gazima\u011fusa\u2019da ya\u015fayan 84 ya\u015f\u0131ndaki Nadire Musao\u011flular\u0131 hayat\u0131n\u0131 kaybetti. Polis Bas\u0131n B\u00fclteni\u2019ne g\u00f6re, Duchenne Kas Distrofisi, solunum ve kalp yetmezli\u011fi rahats\u0131zl\u0131klar\u0131 bulunan H\u00fcseyin De\u011fer d\u00fcn ikametgah\u0131nda aniden fenala\u015ft\u0131. Lefko\u015fa Acil Durum Hastanesi \u00c7ocuk Acil Servisi\u2019ne kald\u0131r\u0131lan De\u011fer, yap\u0131lan t\u00fcm m\u00fcdahalelere ra\u011fmen kurtar\u0131lamad\u0131. Ayn\u0131 g\u00fcn saat 17.15 s\u0131ralar\u0131nda ise Gazima\u011fusa\u2019da\" \/>\n<meta property=\"og:url\" content=\"https:\/\/kibrisdakik.com\/?p=80894\" \/>\n<meta property=\"article:published_time\" content=\"2025-04-23T09:59:00+00:00\" \/>\n<meta property=\"og:image\" content=\"https:\/\/kibrisdakik.com\/wp-content\/uploads\/2025\/04\/1745398763905ANI-OLUM-740x420.jpg\" \/>\n\t<meta property=\"og:image:width\" content=\"1280\" \/>\n\t<meta property=\"og:image:height\" content=\"696\" \/>\n\t<meta property=\"og:image:type\" content=\"image\/jpeg\" \/>\n<meta name=\"author\" content=\"admin\" \/>\n<meta name=\"twitter:card\" content=\"summary_large_image\" \/>\n<meta name=\"twitter:label1\" content=\"Yazan:\" \/>\n\t<meta name=\"twitter:data1\" content=\"admin\" \/>\n\t<meta name=\"twitter:label2\" content=\"Tahmini okuma s\u00fcresi\" \/>\n\t<meta name=\"twitter:data2\" content=\"1 dakika\" \/>\n<script type=\"application\/ld+json\" class=\"yoast-schema-graph\">{\"@context\":\"https:\\\/\\\/schema.org\",\"@graph\":[{\"@type\":\"Article\",\"@id\":\"https:\\\/\\\/kibrisdakik.com\\\/?p=80894#article\",\"isPartOf\":{\"@id\":\"https:\\\/\\\/kibrisdakik.com\\\/?p=80894\"},\"author\":{\"name\":\"admin\",\"@id\":\"https:\\\/\\\/kibrisdakik.com\\\/#\\\/schema\\\/person\\\/9cd9d437bbb44f72b73ba127e06d8e79\"},\"headline\":\"Lefko\u015fa ve Gazima\u011fusa\u2019da 2 ani \u00f6l\u00fcm vakas\u0131\",\"datePublished\":\"2025-04-23T09:59:00+00:00\",\"mainEntityOfPage\":{\"@id\":\"https:\\\/\\\/kibrisdakik.com\\\/?p=80894\"},\"wordCount\":151,\"commentCount\":0,\"image\":{\"@id\":\"https:\\\/\\\/kibrisdakik.com\\\/?p=80894#primaryimage\"},\"thumbnailUrl\":\"https:\\\/\\\/kibrisdakik.com\\\/wp-content\\\/uploads\\\/2025\\\/04\\\/1745398763905ANI-OLUM-740x420.jpg\",\"articleSection\":[\"G\u00fcndem\",\"Man\u015fet\"],\"inLanguage\":\"tr\",\"potentialAction\":[{\"@type\":\"CommentAction\",\"name\":\"Comment\",\"target\":[\"https:\\\/\\\/kibrisdakik.com\\\/?p=80894#respond\"]}]},{\"@type\":\"WebPage\",\"@id\":\"https:\\\/\\\/kibrisdakik.com\\\/?p=80894\",\"url\":\"https:\\\/\\\/kibrisdakik.com\\\/?p=80894\",\"name\":\"Lefko\u015fa ve Gazima\u011fusa\u2019da 2 ani \u00f6l\u00fcm vakas\u0131 -\",\"isPartOf\":{\"@id\":\"https:\\\/\\\/kibrisdakik.com\\\/#website\"},\"primaryImageOfPage\":{\"@id\":\"https:\\\/\\\/kibrisdakik.com\\\/?p=80894#primaryimage\"},\"image\":{\"@id\":\"https:\\\/\\\/kibrisdakik.com\\\/?p=80894#primaryimage\"},\"thumbnailUrl\":\"https:\\\/\\\/kibrisdakik.com\\\/wp-content\\\/uploads\\\/2025\\\/04\\\/1745398763905ANI-OLUM-740x420.jpg\",\"datePublished\":\"2025-04-23T09:59:00+00:00\",\"author\":{\"@id\":\"https:\\\/\\\/kibrisdakik.com\\\/#\\\/schema\\\/person\\\/9cd9d437bbb44f72b73ba127e06d8e79\"},\"breadcrumb\":{\"@id\":\"https:\\\/\\\/kibrisdakik.com\\\/?p=80894#breadcrumb\"},\"inLanguage\":\"tr\",\"potentialAction\":[{\"@type\":\"ReadAction\",\"target\":[\"https:\\\/\\\/kibrisdakik.com\\\/?p=80894\"]}]},{\"@type\":\"ImageObject\",\"inLanguage\":\"tr\",\"@id\":\"https:\\\/\\\/kibrisdakik.com\\\/?p=80894#primaryimage\",\"url\":\"https:\\\/\\\/kibrisdakik.com\\\/wp-content\\\/uploads\\\/2025\\\/04\\\/1745398763905ANI-OLUM-740x420.jpg\",\"contentUrl\":\"https:\\\/\\\/kibrisdakik.com\\\/wp-content\\\/uploads\\\/2025\\\/04\\\/1745398763905ANI-OLUM-740x420.jpg\",\"width\":1280,\"height\":696},{\"@type\":\"BreadcrumbList\",\"@id\":\"https:\\\/\\\/kibrisdakik.com\\\/?p=80894#breadcrumb\",\"itemListElement\":[{\"@type\":\"ListItem\",\"position\":1,\"name\":\"Home\",\"item\":\"https:\\\/\\\/kibrisdakik.com\\\/\"},{\"@type\":\"ListItem\",\"position\":2,\"name\":\"Lefko\u015fa ve Gazima\u011fusa\u2019da 2 ani \u00f6l\u00fcm vakas\u0131\"}]},{\"@type\":\"WebSite\",\"@id\":\"https:\\\/\\\/kibrisdakik.com\\\/#website\",\"url\":\"https:\\\/\\\/kibrisdakik.com\\\/\",\"name\":\"\",\"description\":\"Tam vaktinde haber\",\"potentialAction\":[{\"@type\":\"SearchAction\",\"target\":{\"@type\":\"EntryPoint\",\"urlTemplate\":\"https:\\\/\\\/kibrisdakik.com\\\/?s={search_term_string}\"},\"query-input\":{\"@type\":\"PropertyValueSpecification\",\"valueRequired\":true,\"valueName\":\"search_term_string\"}}],\"inLanguage\":\"tr\"},{\"@type\":\"Person\",\"@id\":\"https:\\\/\\\/kibrisdakik.com\\\/#\\\/schema\\\/person\\\/9cd9d437bbb44f72b73ba127e06d8e79\",\"name\":\"admin\",\"image\":{\"@type\":\"ImageObject\",\"inLanguage\":\"tr\",\"@id\":\"https:\\\/\\\/secure.gravatar.com\\\/avatar\\\/ccc17943b9d660506c869530f897617f7cb1c21a4bf30023f252596d83e1f007?s=96&d=mm&r=g\",\"url\":\"https:\\\/\\\/secure.gravatar.com\\\/avatar\\\/ccc17943b9d660506c869530f897617f7cb1c21a4bf30023f252596d83e1f007?s=96&d=mm&r=g\",\"contentUrl\":\"https:\\\/\\\/secure.gravatar.com\\\/avatar\\\/ccc17943b9d660506c869530f897617f7cb1c21a4bf30023f252596d83e1f007?s=96&d=mm&r=g\",\"caption\":\"admin\"},\"sameAs\":[\"https:\\\/\\\/kibrisdakik.com\"],\"url\":\"https:\\\/\\\/kibrisdakik.com\\\/?author=1\"}]}<\/script>\n<!-- \/ Yoast SEO plugin. -->","yoast_head_json":{"title":"Lefko\u015fa ve Gazima\u011fusa\u2019da 2 ani \u00f6l\u00fcm vakas\u0131 -","robots":{"index":"index","follow":"follow","max-snippet":"max-snippet:-1","max-image-preview":"max-image-preview:large","max-video-preview":"max-video-preview:-1"},"canonical":"https:\/\/kibrisdakik.com\/?p=80894","og_locale":"tr_TR","og_type":"article","og_title":"Lefko\u015fa ve Gazima\u011fusa\u2019da 2 ani \u00f6l\u00fcm vakas\u0131 -","og_description":"Lefko\u015fa\u2019da ya\u015fayan 15 ya\u015f\u0131ndaki H\u00fcseyin De\u011fer ile Gazima\u011fusa\u2019da ya\u015fayan 84 ya\u015f\u0131ndaki Nadire Musao\u011flular\u0131 hayat\u0131n\u0131 kaybetti. Polis Bas\u0131n B\u00fclteni\u2019ne g\u00f6re, Duchenne Kas Distrofisi, solunum ve kalp yetmezli\u011fi rahats\u0131zl\u0131klar\u0131 bulunan H\u00fcseyin De\u011fer d\u00fcn ikametgah\u0131nda aniden fenala\u015ft\u0131. Lefko\u015fa Acil Durum Hastanesi \u00c7ocuk Acil Servisi\u2019ne kald\u0131r\u0131lan De\u011fer, yap\u0131lan t\u00fcm m\u00fcdahalelere ra\u011fmen kurtar\u0131lamad\u0131. Ayn\u0131 g\u00fcn saat 17.15 s\u0131ralar\u0131nda ise Gazima\u011fusa\u2019da","og_url":"https:\/\/kibrisdakik.com\/?p=80894","article_published_time":"2025-04-23T09:59:00+00:00","og_image":[{"width":1280,"height":696,"url":"https:\/\/kibrisdakik.com\/wp-content\/uploads\/2025\/04\/1745398763905ANI-OLUM-740x420.jpg","type":"image\/jpeg"}],"author":"admin","twitter_card":"summary_large_image","twitter_misc":{"Yazan:":"admin","Tahmini okuma s\u00fcresi":"1 dakika"},"schema":{"@context":"https:\/\/schema.org","@graph":[{"@type":"Article","@id":"https:\/\/kibrisdakik.com\/?p=80894#article","isPartOf":{"@id":"https:\/\/kibrisdakik.com\/?p=80894"},"author":{"name":"admin","@id":"https:\/\/kibrisdakik.com\/#\/schema\/person\/9cd9d437bbb44f72b73ba127e06d8e79"},"headline":"Lefko\u015fa ve Gazima\u011fusa\u2019da 2 ani \u00f6l\u00fcm vakas\u0131","datePublished":"2025-04-23T09:59:00+00:00","mainEntityOfPage":{"@id":"https:\/\/kibrisdakik.com\/?p=80894"},"wordCount":151,"commentCount":0,"image":{"@id":"https:\/\/kibrisdakik.com\/?p=80894#primaryimage"},"thumbnailUrl":"https:\/\/kibrisdakik.com\/wp-content\/uploads\/2025\/04\/1745398763905ANI-OLUM-740x420.jpg","articleSection":["G\u00fcndem","Man\u015fet"],"inLanguage":"tr","potentialAction":[{"@type":"CommentAction","name":"Comment","target":["https:\/\/kibrisdakik.com\/?p=80894#respond"]}]},{"@type":"WebPage","@id":"https:\/\/kibrisdakik.com\/?p=80894","url":"https:\/\/kibrisdakik.com\/?p=80894","name":"Lefko\u015fa ve Gazima\u011fusa\u2019da 2 ani \u00f6l\u00fcm vakas\u0131 -","isPartOf":{"@id":"https:\/\/kibrisdakik.com\/#website"},"primaryImageOfPage":{"@id":"https:\/\/kibrisdakik.com\/?p=80894#primaryimage"},"image":{"@id":"https:\/\/kibrisdakik.com\/?p=80894#primaryimage"},"thumbnailUrl":"https:\/\/kibrisdakik.com\/wp-content\/uploads\/2025\/04\/1745398763905ANI-OLUM-740x420.jpg","datePublished":"2025-04-23T09:59:00+00:00","author":{"@id":"https:\/\/kibrisdakik.com\/#\/schema\/person\/9cd9d437bbb44f72b73ba127e06d8e79"},"breadcrumb":{"@id":"https:\/\/kibrisdakik.com\/?p=80894#breadcrumb"},"inLanguage":"tr","potentialAction":[{"@type":"ReadAction","target":["https:\/\/kibrisdakik.com\/?p=80894"]}]},{"@type":"ImageObject","inLanguage":"tr","@id":"https:\/\/kibrisdakik.com\/?p=80894#primaryimage","url":"https:\/\/kibrisdakik.com\/wp-content\/uploads\/2025\/04\/1745398763905ANI-OLUM-740x420.jpg","contentUrl":"https:\/\/kibrisdakik.com\/wp-content\/uploads\/2025\/04\/1745398763905ANI-OLUM-740x420.jpg","width":1280,"height":696},{"@type":"BreadcrumbList","@id":"https:\/\/kibrisdakik.com\/?p=80894#breadcrumb","itemListElement":[{"@type":"ListItem","position":1,"name":"Home","item":"https:\/\/kibrisdakik.com\/"},{"@type":"ListItem","position":2,"name":"Lefko\u015fa ve Gazima\u011fusa\u2019da 2 ani \u00f6l\u00fcm vakas\u0131"}]},{"@type":"WebSite","@id":"https:\/\/kibrisdakik.com\/#website","url":"https:\/\/kibrisdakik.com\/","name":"","description":"Tam vaktinde haber","potentialAction":[{"@type":"SearchAction","target":{"@type":"EntryPoint","urlTemplate":"https:\/\/kibrisdakik.com\/?s={search_term_string}"},"query-input":{"@type":"PropertyValueSpecification","valueRequired":true,"valueName":"search_term_string"}}],"inLanguage":"tr"},{"@type":"Person","@id":"https:\/\/kibrisdakik.com\/#\/schema\/person\/9cd9d437bbb44f72b73ba127e06d8e79","name":"admin","image":{"@type":"ImageObject","inLanguage":"tr","@id":"https:\/\/secure.gravatar.com\/avatar\/ccc17943b9d660506c869530f897617f7cb1c21a4bf30023f252596d83e1f007?s=96&d=mm&r=g","url":"https:\/\/secure.gravatar.com\/avatar\/ccc17943b9d660506c869530f897617f7cb1c21a4bf30023f252596d83e1f007?s=96&d=mm&r=g","contentUrl":"https:\/\/secure.gravatar.com\/avatar\/ccc17943b9d660506c869530f897617f7cb1c21a4bf30023f252596d83e1f007?s=96&d=mm&r=g","caption":"admin"},"sameAs":["https:\/\/kibrisdakik.com"],"url":"https:\/\/kibrisdakik.com\/?author=1"}]}},"_links":{"self":[{"href":"https:\/\/kibrisdakik.com\/index.php?rest_route=\/wp\/v2\/posts\/80894","targetHints":{"allow":["GET"]}}],"collection":[{"href":"https:\/\/kibrisdakik.com\/index.php?rest_route=\/wp\/v2\/posts"}],"about":[{"href":"https:\/\/kibrisdakik.com\/index.php?rest_route=\/wp\/v2\/types\/post"}],"author":[{"embeddable":true,"href":"https:\/\/kibrisdakik.com\/index.php?rest_route=\/wp\/v2\/users\/1"}],"replies":[{"embeddable":true,"href":"https:\/\/kibrisdakik.com\/index.php?rest_route=%2Fwp%2Fv2%2Fcomments&post=80894"}],"version-history":[{"count":0,"href":"https:\/\/kibrisdakik.com\/index.php?rest_route=\/wp\/v2\/posts\/80894\/revisions"}],"wp:featuredmedia":[{"embeddable":true,"href":"https:\/\/kibrisdakik.com\/index.php?rest_route=\/wp\/v2\/media\/80895"}],"wp:attachment":[{"href":"https:\/\/kibrisdakik.com\/index.php?rest_route=%2Fwp%2Fv2%2Fmedia&parent=80894"}],"wp:term":[{"taxonomy":"category","embeddable":true,"href":"https:\/\/kibrisdakik.com\/index.php?rest_route=%2Fwp%2Fv2%2Fcategories&post=80894"},{"taxonomy":"post_tag","embeddable":true,"href":"https:\/\/kibrisdakik.com\/index.php?rest_route=%2Fwp%2Fv2%2Ftags&post=80894"}],"curies":[{"name":"wp","href":"https:\/\/api.w.org\/{rel}","templated":true}]}}