{"id":8090,"date":"2023-06-02T16:02:49","date_gmt":"2023-06-02T16:02:49","guid":{"rendered":"https:\/\/kibrisdakik.com\/index.php\/2023\/06\/02\/yuksekten-dustu-yasamini-yitirdi\/"},"modified":"2023-06-02T16:02:49","modified_gmt":"2023-06-02T16:02:49","slug":"yuksekten-dustu-yasamini-yitirdi","status":"publish","type":"post","link":"https:\/\/kibrisdakik.com\/?p=8090","title":{"rendered":"Y\u00fcksekten d\u00fc\u015ft\u00fc, ya\u015fam\u0131n\u0131 yitirdi"},"content":{"rendered":"<p><\/p>\n<div>\n<div class=\"mariselle-image-container center\">\n                <img width=\"460\" height=\"276\" class=\"lazy-image\" alt=\"\" decoding=\"async\" loading=\"lazy\" sizes=\"auto, (max-width: 460px) 100vw, 460px\" src=\"https:\/\/brtk.net\/wp-content\/uploads\/2023\/03\/29\/olum7-1.jpg?ver=37c1d7b0819ae453d2af3f38ff66d2ca\" srcset=\"https:\/\/brtk.net\/wp-content\/uploads\/2023\/03\/29\/olum7-1.jpg?ver=37c1d7b0819ae453d2af3f38ff66d2ca 460w, https:\/\/brtk.net\/wp-content\/uploads\/2023\/03\/29\/olum7-1-300x180.jpg?ver=37c1d7b0819ae453d2af3f38ff66d2ca 300w\"\/>                            <\/div>\n<p>Polis Bas\u0131n Subayl\u0131\u011f\u0131\u2019ndan yap\u0131lan a\u00e7\u0131klamaya g\u00f6re, Lefko\u015fa\u2019da sakin Plangji Yilyov Balkum, pencereden daire balkonuna ge\u00e7meye \u00e7al\u0131\u015ft\u0131\u011f\u0131 s\u0131rada dengesini kaybetmesi sonucu 18 metre y\u00fckseklikten d\u00fc\u015ft\u00fc.<\/p>\n<p>Polisten yap\u0131lan a\u00e7\u0131klamada, olay saat 02.00 s\u0131ralar\u0131nda Balkum\u2019un ikametgah\u0131n\u0131n anahtar\u0131n\u0131 kaybetti\u011fi gerek\u00e7esiyle, be\u015finci kattaki dairesine girebilmek maksad\u0131yla koridor bo\u015flu\u011fundaki pencereden dairesinin balkonuna ge\u00e7i\u015f yapt\u0131\u011f\u0131 s\u0131rada beton zemine d\u00fc\u015fmesiyle ger\u00e7ekle\u015fti.<\/p>\n<p>Balkum, t\u00fcm m\u00fcdahalelere ra\u011fmen ya\u015fam\u0131n\u0131 yitirirken, polisin olayla ilgili soru\u015fturmas\u0131 s\u00fcr\u00fcyor.<\/p>\n<\/p><\/div>\n<p><script async\n                    defer\n                    crossorigin=\"anonymous\"\n                    src=\"https:\/\/connect.facebook.net\/tr_TR\/sdk.js#xfbml=1&#038;version=v3.3\"\n            ><\/script><\/p>\n","protected":false},"excerpt":{"rendered":"<p>Polis Bas\u0131n Subayl\u0131\u011f\u0131\u2019ndan yap\u0131lan a\u00e7\u0131klamaya g\u00f6re, Lefko\u015fa\u2019da sakin Plangji Yilyov Balkum, pencereden daire balkonuna ge\u00e7meye \u00e7al\u0131\u015ft\u0131\u011f\u0131 s\u0131rada dengesini kaybetmesi sonucu 18 metre y\u00fckseklikten d\u00fc\u015ft\u00fc. Polisten yap\u0131lan a\u00e7\u0131klamada, olay saat 02.00 s\u0131ralar\u0131nda Balkum\u2019un ikametgah\u0131n\u0131n anahtar\u0131n\u0131 kaybetti\u011fi gerek\u00e7esiyle, be\u015finci kattaki dairesine girebilmek maksad\u0131yla koridor bo\u015flu\u011fundaki pencereden dairesinin balkonuna ge\u00e7i\u015f yapt\u0131\u011f\u0131 s\u0131rada beton zemine d\u00fc\u015fmesiyle ger\u00e7ekle\u015fti. Balkum, t\u00fcm<\/p>\n","protected":false},"author":1,"featured_media":3996,"comment_status":"open","ping_status":"open","sticky":false,"template":"","format":"standard","meta":{"footnotes":""},"categories":[1],"tags":[],"class_list":["post-8090","post","type-post","status-publish","format-standard","has-post-thumbnail","hentry","category-gundem"],"yoast_head":"<!-- This site is optimized with the Yoast SEO plugin v27.5 - https:\/\/yoast.com\/product\/yoast-seo-wordpress\/ -->\n<title>Y\u00fcksekten d\u00fc\u015ft\u00fc, ya\u015fam\u0131n\u0131 yitirdi -<\/title>\n<meta name=\"robots\" content=\"index, follow, max-snippet:-1, max-image-preview:large, max-video-preview:-1\" \/>\n<link rel=\"canonical\" href=\"https:\/\/kibrisdakik.com\/?p=8090\" \/>\n<meta property=\"og:locale\" content=\"tr_TR\" \/>\n<meta property=\"og:type\" content=\"article\" \/>\n<meta property=\"og:title\" content=\"Y\u00fcksekten d\u00fc\u015ft\u00fc, ya\u015fam\u0131n\u0131 yitirdi -\" \/>\n<meta property=\"og:description\" content=\"Polis Bas\u0131n Subayl\u0131\u011f\u0131\u2019ndan yap\u0131lan a\u00e7\u0131klamaya g\u00f6re, Lefko\u015fa\u2019da sakin Plangji Yilyov Balkum, pencereden daire balkonuna ge\u00e7meye \u00e7al\u0131\u015ft\u0131\u011f\u0131 s\u0131rada dengesini kaybetmesi sonucu 18 metre y\u00fckseklikten d\u00fc\u015ft\u00fc. Polisten yap\u0131lan a\u00e7\u0131klamada, olay saat 02.00 s\u0131ralar\u0131nda Balkum\u2019un ikametgah\u0131n\u0131n anahtar\u0131n\u0131 kaybetti\u011fi gerek\u00e7esiyle, be\u015finci kattaki dairesine girebilmek maksad\u0131yla koridor bo\u015flu\u011fundaki pencereden dairesinin balkonuna ge\u00e7i\u015f yapt\u0131\u011f\u0131 s\u0131rada beton zemine d\u00fc\u015fmesiyle ger\u00e7ekle\u015fti. Balkum, t\u00fcm\" \/>\n<meta property=\"og:url\" content=\"https:\/\/kibrisdakik.com\/?p=8090\" \/>\n<meta property=\"article:published_time\" content=\"2023-06-02T16:02:49+00:00\" \/>\n<meta property=\"og:image\" content=\"https:\/\/kibrisdakik.com\/wp-content\/uploads\/2023\/03\/olum-222.jpg\" \/>\n\t<meta property=\"og:image:width\" content=\"695\" \/>\n\t<meta property=\"og:image:height\" content=\"367\" \/>\n\t<meta property=\"og:image:type\" content=\"image\/jpeg\" \/>\n<meta name=\"author\" content=\"admin\" \/>\n<meta name=\"twitter:card\" content=\"summary_large_image\" \/>\n<meta name=\"twitter:label1\" content=\"Yazan:\" \/>\n\t<meta name=\"twitter:data1\" content=\"admin\" \/>\n\t<meta name=\"twitter:label2\" content=\"Tahmini okuma s\u00fcresi\" \/>\n\t<meta name=\"twitter:data2\" content=\"1 dakika\" \/>\n<script type=\"application\/ld+json\" class=\"yoast-schema-graph\">{\"@context\":\"https:\\\/\\\/schema.org\",\"@graph\":[{\"@type\":\"Article\",\"@id\":\"https:\\\/\\\/kibrisdakik.com\\\/?p=8090#article\",\"isPartOf\":{\"@id\":\"https:\\\/\\\/kibrisdakik.com\\\/?p=8090\"},\"author\":{\"name\":\"admin\",\"@id\":\"https:\\\/\\\/kibrisdakik.com\\\/#\\\/schema\\\/person\\\/9cd9d437bbb44f72b73ba127e06d8e79\"},\"headline\":\"Y\u00fcksekten d\u00fc\u015ft\u00fc, ya\u015fam\u0131n\u0131 yitirdi\",\"datePublished\":\"2023-06-02T16:02:49+00:00\",\"mainEntityOfPage\":{\"@id\":\"https:\\\/\\\/kibrisdakik.com\\\/?p=8090\"},\"wordCount\":109,\"commentCount\":0,\"image\":{\"@id\":\"https:\\\/\\\/kibrisdakik.com\\\/?p=8090#primaryimage\"},\"thumbnailUrl\":\"https:\\\/\\\/kibrisdakik.com\\\/wp-content\\\/uploads\\\/2023\\\/03\\\/olum-222.jpg\",\"articleSection\":[\"G\u00fcndem\"],\"inLanguage\":\"tr\",\"potentialAction\":[{\"@type\":\"CommentAction\",\"name\":\"Comment\",\"target\":[\"https:\\\/\\\/kibrisdakik.com\\\/?p=8090#respond\"]}]},{\"@type\":\"WebPage\",\"@id\":\"https:\\\/\\\/kibrisdakik.com\\\/?p=8090\",\"url\":\"https:\\\/\\\/kibrisdakik.com\\\/?p=8090\",\"name\":\"Y\u00fcksekten d\u00fc\u015ft\u00fc, ya\u015fam\u0131n\u0131 yitirdi -\",\"isPartOf\":{\"@id\":\"https:\\\/\\\/kibrisdakik.com\\\/#website\"},\"primaryImageOfPage\":{\"@id\":\"https:\\\/\\\/kibrisdakik.com\\\/?p=8090#primaryimage\"},\"image\":{\"@id\":\"https:\\\/\\\/kibrisdakik.com\\\/?p=8090#primaryimage\"},\"thumbnailUrl\":\"https:\\\/\\\/kibrisdakik.com\\\/wp-content\\\/uploads\\\/2023\\\/03\\\/olum-222.jpg\",\"datePublished\":\"2023-06-02T16:02:49+00:00\",\"author\":{\"@id\":\"https:\\\/\\\/kibrisdakik.com\\\/#\\\/schema\\\/person\\\/9cd9d437bbb44f72b73ba127e06d8e79\"},\"breadcrumb\":{\"@id\":\"https:\\\/\\\/kibrisdakik.com\\\/?p=8090#breadcrumb\"},\"inLanguage\":\"tr\",\"potentialAction\":[{\"@type\":\"ReadAction\",\"target\":[\"https:\\\/\\\/kibrisdakik.com\\\/?p=8090\"]}]},{\"@type\":\"ImageObject\",\"inLanguage\":\"tr\",\"@id\":\"https:\\\/\\\/kibrisdakik.com\\\/?p=8090#primaryimage\",\"url\":\"https:\\\/\\\/kibrisdakik.com\\\/wp-content\\\/uploads\\\/2023\\\/03\\\/olum-222.jpg\",\"contentUrl\":\"https:\\\/\\\/kibrisdakik.com\\\/wp-content\\\/uploads\\\/2023\\\/03\\\/olum-222.jpg\",\"width\":695,\"height\":367},{\"@type\":\"BreadcrumbList\",\"@id\":\"https:\\\/\\\/kibrisdakik.com\\\/?p=8090#breadcrumb\",\"itemListElement\":[{\"@type\":\"ListItem\",\"position\":1,\"name\":\"Home\",\"item\":\"https:\\\/\\\/kibrisdakik.com\\\/\"},{\"@type\":\"ListItem\",\"position\":2,\"name\":\"Y\u00fcksekten d\u00fc\u015ft\u00fc, ya\u015fam\u0131n\u0131 yitirdi\"}]},{\"@type\":\"WebSite\",\"@id\":\"https:\\\/\\\/kibrisdakik.com\\\/#website\",\"url\":\"https:\\\/\\\/kibrisdakik.com\\\/\",\"name\":\"\",\"description\":\"Tam vaktinde haber\",\"potentialAction\":[{\"@type\":\"SearchAction\",\"target\":{\"@type\":\"EntryPoint\",\"urlTemplate\":\"https:\\\/\\\/kibrisdakik.com\\\/?s={search_term_string}\"},\"query-input\":{\"@type\":\"PropertyValueSpecification\",\"valueRequired\":true,\"valueName\":\"search_term_string\"}}],\"inLanguage\":\"tr\"},{\"@type\":\"Person\",\"@id\":\"https:\\\/\\\/kibrisdakik.com\\\/#\\\/schema\\\/person\\\/9cd9d437bbb44f72b73ba127e06d8e79\",\"name\":\"admin\",\"image\":{\"@type\":\"ImageObject\",\"inLanguage\":\"tr\",\"@id\":\"https:\\\/\\\/secure.gravatar.com\\\/avatar\\\/ccc17943b9d660506c869530f897617f7cb1c21a4bf30023f252596d83e1f007?s=96&d=mm&r=g\",\"url\":\"https:\\\/\\\/secure.gravatar.com\\\/avatar\\\/ccc17943b9d660506c869530f897617f7cb1c21a4bf30023f252596d83e1f007?s=96&d=mm&r=g\",\"contentUrl\":\"https:\\\/\\\/secure.gravatar.com\\\/avatar\\\/ccc17943b9d660506c869530f897617f7cb1c21a4bf30023f252596d83e1f007?s=96&d=mm&r=g\",\"caption\":\"admin\"},\"sameAs\":[\"https:\\\/\\\/kibrisdakik.com\"],\"url\":\"https:\\\/\\\/kibrisdakik.com\\\/?author=1\"}]}<\/script>\n<!-- \/ Yoast SEO plugin. -->","yoast_head_json":{"title":"Y\u00fcksekten d\u00fc\u015ft\u00fc, ya\u015fam\u0131n\u0131 yitirdi -","robots":{"index":"index","follow":"follow","max-snippet":"max-snippet:-1","max-image-preview":"max-image-preview:large","max-video-preview":"max-video-preview:-1"},"canonical":"https:\/\/kibrisdakik.com\/?p=8090","og_locale":"tr_TR","og_type":"article","og_title":"Y\u00fcksekten d\u00fc\u015ft\u00fc, ya\u015fam\u0131n\u0131 yitirdi -","og_description":"Polis Bas\u0131n Subayl\u0131\u011f\u0131\u2019ndan yap\u0131lan a\u00e7\u0131klamaya g\u00f6re, Lefko\u015fa\u2019da sakin Plangji Yilyov Balkum, pencereden daire balkonuna ge\u00e7meye \u00e7al\u0131\u015ft\u0131\u011f\u0131 s\u0131rada dengesini kaybetmesi sonucu 18 metre y\u00fckseklikten d\u00fc\u015ft\u00fc. Polisten yap\u0131lan a\u00e7\u0131klamada, olay saat 02.00 s\u0131ralar\u0131nda Balkum\u2019un ikametgah\u0131n\u0131n anahtar\u0131n\u0131 kaybetti\u011fi gerek\u00e7esiyle, be\u015finci kattaki dairesine girebilmek maksad\u0131yla koridor bo\u015flu\u011fundaki pencereden dairesinin balkonuna ge\u00e7i\u015f yapt\u0131\u011f\u0131 s\u0131rada beton zemine d\u00fc\u015fmesiyle ger\u00e7ekle\u015fti. Balkum, t\u00fcm","og_url":"https:\/\/kibrisdakik.com\/?p=8090","article_published_time":"2023-06-02T16:02:49+00:00","og_image":[{"width":695,"height":367,"url":"https:\/\/kibrisdakik.com\/wp-content\/uploads\/2023\/03\/olum-222.jpg","type":"image\/jpeg"}],"author":"admin","twitter_card":"summary_large_image","twitter_misc":{"Yazan:":"admin","Tahmini okuma s\u00fcresi":"1 dakika"},"schema":{"@context":"https:\/\/schema.org","@graph":[{"@type":"Article","@id":"https:\/\/kibrisdakik.com\/?p=8090#article","isPartOf":{"@id":"https:\/\/kibrisdakik.com\/?p=8090"},"author":{"name":"admin","@id":"https:\/\/kibrisdakik.com\/#\/schema\/person\/9cd9d437bbb44f72b73ba127e06d8e79"},"headline":"Y\u00fcksekten d\u00fc\u015ft\u00fc, ya\u015fam\u0131n\u0131 yitirdi","datePublished":"2023-06-02T16:02:49+00:00","mainEntityOfPage":{"@id":"https:\/\/kibrisdakik.com\/?p=8090"},"wordCount":109,"commentCount":0,"image":{"@id":"https:\/\/kibrisdakik.com\/?p=8090#primaryimage"},"thumbnailUrl":"https:\/\/kibrisdakik.com\/wp-content\/uploads\/2023\/03\/olum-222.jpg","articleSection":["G\u00fcndem"],"inLanguage":"tr","potentialAction":[{"@type":"CommentAction","name":"Comment","target":["https:\/\/kibrisdakik.com\/?p=8090#respond"]}]},{"@type":"WebPage","@id":"https:\/\/kibrisdakik.com\/?p=8090","url":"https:\/\/kibrisdakik.com\/?p=8090","name":"Y\u00fcksekten d\u00fc\u015ft\u00fc, ya\u015fam\u0131n\u0131 yitirdi -","isPartOf":{"@id":"https:\/\/kibrisdakik.com\/#website"},"primaryImageOfPage":{"@id":"https:\/\/kibrisdakik.com\/?p=8090#primaryimage"},"image":{"@id":"https:\/\/kibrisdakik.com\/?p=8090#primaryimage"},"thumbnailUrl":"https:\/\/kibrisdakik.com\/wp-content\/uploads\/2023\/03\/olum-222.jpg","datePublished":"2023-06-02T16:02:49+00:00","author":{"@id":"https:\/\/kibrisdakik.com\/#\/schema\/person\/9cd9d437bbb44f72b73ba127e06d8e79"},"breadcrumb":{"@id":"https:\/\/kibrisdakik.com\/?p=8090#breadcrumb"},"inLanguage":"tr","potentialAction":[{"@type":"ReadAction","target":["https:\/\/kibrisdakik.com\/?p=8090"]}]},{"@type":"ImageObject","inLanguage":"tr","@id":"https:\/\/kibrisdakik.com\/?p=8090#primaryimage","url":"https:\/\/kibrisdakik.com\/wp-content\/uploads\/2023\/03\/olum-222.jpg","contentUrl":"https:\/\/kibrisdakik.com\/wp-content\/uploads\/2023\/03\/olum-222.jpg","width":695,"height":367},{"@type":"BreadcrumbList","@id":"https:\/\/kibrisdakik.com\/?p=8090#breadcrumb","itemListElement":[{"@type":"ListItem","position":1,"name":"Home","item":"https:\/\/kibrisdakik.com\/"},{"@type":"ListItem","position":2,"name":"Y\u00fcksekten d\u00fc\u015ft\u00fc, ya\u015fam\u0131n\u0131 yitirdi"}]},{"@type":"WebSite","@id":"https:\/\/kibrisdakik.com\/#website","url":"https:\/\/kibrisdakik.com\/","name":"","description":"Tam vaktinde haber","potentialAction":[{"@type":"SearchAction","target":{"@type":"EntryPoint","urlTemplate":"https:\/\/kibrisdakik.com\/?s={search_term_string}"},"query-input":{"@type":"PropertyValueSpecification","valueRequired":true,"valueName":"search_term_string"}}],"inLanguage":"tr"},{"@type":"Person","@id":"https:\/\/kibrisdakik.com\/#\/schema\/person\/9cd9d437bbb44f72b73ba127e06d8e79","name":"admin","image":{"@type":"ImageObject","inLanguage":"tr","@id":"https:\/\/secure.gravatar.com\/avatar\/ccc17943b9d660506c869530f897617f7cb1c21a4bf30023f252596d83e1f007?s=96&d=mm&r=g","url":"https:\/\/secure.gravatar.com\/avatar\/ccc17943b9d660506c869530f897617f7cb1c21a4bf30023f252596d83e1f007?s=96&d=mm&r=g","contentUrl":"https:\/\/secure.gravatar.com\/avatar\/ccc17943b9d660506c869530f897617f7cb1c21a4bf30023f252596d83e1f007?s=96&d=mm&r=g","caption":"admin"},"sameAs":["https:\/\/kibrisdakik.com"],"url":"https:\/\/kibrisdakik.com\/?author=1"}]}},"_links":{"self":[{"href":"https:\/\/kibrisdakik.com\/index.php?rest_route=\/wp\/v2\/posts\/8090","targetHints":{"allow":["GET"]}}],"collection":[{"href":"https:\/\/kibrisdakik.com\/index.php?rest_route=\/wp\/v2\/posts"}],"about":[{"href":"https:\/\/kibrisdakik.com\/index.php?rest_route=\/wp\/v2\/types\/post"}],"author":[{"embeddable":true,"href":"https:\/\/kibrisdakik.com\/index.php?rest_route=\/wp\/v2\/users\/1"}],"replies":[{"embeddable":true,"href":"https:\/\/kibrisdakik.com\/index.php?rest_route=%2Fwp%2Fv2%2Fcomments&post=8090"}],"version-history":[{"count":0,"href":"https:\/\/kibrisdakik.com\/index.php?rest_route=\/wp\/v2\/posts\/8090\/revisions"}],"wp:featuredmedia":[{"embeddable":true,"href":"https:\/\/kibrisdakik.com\/index.php?rest_route=\/wp\/v2\/media\/3996"}],"wp:attachment":[{"href":"https:\/\/kibrisdakik.com\/index.php?rest_route=%2Fwp%2Fv2%2Fmedia&parent=8090"}],"wp:term":[{"taxonomy":"category","embeddable":true,"href":"https:\/\/kibrisdakik.com\/index.php?rest_route=%2Fwp%2Fv2%2Fcategories&post=8090"},{"taxonomy":"post_tag","embeddable":true,"href":"https:\/\/kibrisdakik.com\/index.php?rest_route=%2Fwp%2Fv2%2Ftags&post=8090"}],"curies":[{"name":"wp","href":"https:\/\/api.w.org\/{rel}","templated":true}]}}