{"id":80982,"date":"2025-04-23T22:43:23","date_gmt":"2025-04-23T19:43:23","guid":{"rendered":"https:\/\/kibrisdakik.com\/index.php\/2025\/04\/23\/minarelikoyde-feci-kaza-1-ki%e1%b9%a3i-yasamini-yitirdi\/"},"modified":"2025-04-23T22:43:23","modified_gmt":"2025-04-23T19:43:23","slug":"minarelikoyde-feci-kaza-1-ki%e1%b9%a3i-yasamini-yitirdi","status":"publish","type":"post","link":"https:\/\/kibrisdakik.com\/?p=80982","title":{"rendered":"Minarelik\u00f6y\u2019de feci kaza: 1 ki\u1e63i ya\u0219am\u0131n\u0131 yitirdi"},"content":{"rendered":"<div>\n<div class=\"mariselle-image-container center\">\n                                            <\/div>\n<p>Polis Bas\u00edn Subayl\u0131\u0123\u0131\u2019ndan verilen bilgiye g\u00f6re bu ak\u1e63am saat 21.15 s\u0131ralar\u0131nda, Minarelik\u00f6y\u2019de \u015eht Mehmet Emin Caddesi \u00fczerinde, F\u0131rat ATAMT\u00dcRK (E-37) y\u00f6netimindeki ZD 122 plakal\u0131 motosiklet ile kuzey istikametine do\u011fru seyretti\u011fi esnada sola meyilli viraja geldi\u011fi zaman direksiyon hakimiyetini kaybederek yolun sa\u011f\u0131ndan \u00e7\u0131karak bir ikametgah\u0131n bah\u00e7e duvar\u0131na \u00e7arpm\u0131\u015ft\u0131r.<\/p>\n<p> Kaza sonucu motosiklette yolcu olarak bulunan Ali M\u0130NNO\u015e (E-35) olay yerinde ya\u015fam\u0131n\u0131 yitirirken, kazada yaralanan motosiklet s\u00fcr\u00fcc\u00fcs\u00fc F\u0131rat ATAMT\u00dcRK ise kald\u0131r\u0131ld\u0131\u011f\u0131 Lefko\u015fa Dr Burhan Nalbanto\u011flu Devlet Hastanesi\u2019nde tedavisi halen s\u00fcr\u00fcyor. <\/p>\n<p>Polisin kazayla ilgili soru\u015fturmas\u0131 devam ediyor.<\/p>\n<\/p><\/div>\n<p><script async\n                    defer\n                    crossorigin=\"anonymous\"\n                    src=\"https:\/\/connect.facebook.net\/tr_TR\/sdk.js#xfbml=1&#038;version=v3.3\"\n            ><\/script><\/p>\n","protected":false},"excerpt":{"rendered":"<p>Polis Bas\u00edn Subayl\u0131\u0123\u0131\u2019ndan verilen bilgiye g\u00f6re bu ak\u1e63am saat 21.15 s\u0131ralar\u0131nda, Minarelik\u00f6y\u2019de \u015eht Mehmet Emin Caddesi \u00fczerinde, F\u0131rat ATAMT\u00dcRK (E-37) y\u00f6netimindeki ZD 122 plakal\u0131 motosiklet ile kuzey istikametine do\u011fru seyretti\u011fi esnada sola meyilli viraja geldi\u011fi zaman direksiyon hakimiyetini kaybederek yolun sa\u011f\u0131ndan \u00e7\u0131karak bir ikametgah\u0131n bah\u00e7e duvar\u0131na \u00e7arpm\u0131\u015ft\u0131r. Kaza sonucu motosiklette yolcu olarak bulunan Ali M\u0130NNO\u015e<\/p>\n","protected":false},"author":1,"featured_media":80983,"comment_status":"open","ping_status":"open","sticky":false,"template":"","format":"standard","meta":{"footnotes":""},"categories":[81,101],"tags":[],"class_list":["post-80982","post","type-post","status-publish","format-standard","has-post-thumbnail","hentry","category-kibris","category-manset"],"yoast_head":"<!-- This site is optimized with the Yoast SEO plugin v27.4 - https:\/\/yoast.com\/product\/yoast-seo-wordpress\/ -->\n<title>Minarelik\u00f6y\u2019de feci kaza: 1 ki\u1e63i ya\u0219am\u0131n\u0131 yitirdi -<\/title>\n<meta name=\"robots\" content=\"index, follow, max-snippet:-1, max-image-preview:large, max-video-preview:-1\" \/>\n<link rel=\"canonical\" href=\"https:\/\/kibrisdakik.com\/?p=80982\" \/>\n<meta property=\"og:locale\" content=\"tr_TR\" \/>\n<meta property=\"og:type\" content=\"article\" \/>\n<meta property=\"og:title\" content=\"Minarelik\u00f6y\u2019de feci kaza: 1 ki\u1e63i ya\u0219am\u0131n\u0131 yitirdi -\" \/>\n<meta property=\"og:description\" content=\"Polis Bas\u00edn Subayl\u0131\u0123\u0131\u2019ndan verilen bilgiye g\u00f6re bu ak\u1e63am saat 21.15 s\u0131ralar\u0131nda, Minarelik\u00f6y\u2019de \u015eht Mehmet Emin Caddesi \u00fczerinde, F\u0131rat ATAMT\u00dcRK (E-37) y\u00f6netimindeki ZD 122 plakal\u0131 motosiklet ile kuzey istikametine do\u011fru seyretti\u011fi esnada sola meyilli viraja geldi\u011fi zaman direksiyon hakimiyetini kaybederek yolun sa\u011f\u0131ndan \u00e7\u0131karak bir ikametgah\u0131n bah\u00e7e duvar\u0131na \u00e7arpm\u0131\u015ft\u0131r. Kaza sonucu motosiklette yolcu olarak bulunan Ali M\u0130NNO\u015e\" \/>\n<meta property=\"og:url\" content=\"https:\/\/kibrisdakik.com\/?p=80982\" \/>\n<meta property=\"article:published_time\" content=\"2025-04-23T19:43:23+00:00\" \/>\n<meta property=\"og:image\" content=\"https:\/\/kibrisdakik.com\/wp-content\/uploads\/2025\/04\/Screenshot_20250423_225523_Facebook.jpg\" \/>\n\t<meta property=\"og:image:width\" content=\"579\" \/>\n\t<meta property=\"og:image:height\" content=\"286\" \/>\n\t<meta property=\"og:image:type\" content=\"image\/jpeg\" \/>\n<meta name=\"author\" content=\"admin\" \/>\n<meta name=\"twitter:card\" content=\"summary_large_image\" \/>\n<meta name=\"twitter:label1\" content=\"Yazan:\" \/>\n\t<meta name=\"twitter:data1\" content=\"admin\" \/>\n\t<meta name=\"twitter:label2\" content=\"Tahmini okuma s\u00fcresi\" \/>\n\t<meta name=\"twitter:data2\" content=\"1 dakika\" \/>\n<script type=\"application\/ld+json\" class=\"yoast-schema-graph\">{\"@context\":\"https:\\\/\\\/schema.org\",\"@graph\":[{\"@type\":\"Article\",\"@id\":\"https:\\\/\\\/kibrisdakik.com\\\/?p=80982#article\",\"isPartOf\":{\"@id\":\"https:\\\/\\\/kibrisdakik.com\\\/?p=80982\"},\"author\":{\"name\":\"admin\",\"@id\":\"https:\\\/\\\/kibrisdakik.com\\\/#\\\/schema\\\/person\\\/9cd9d437bbb44f72b73ba127e06d8e79\"},\"headline\":\"Minarelik\u00f6y\u2019de feci kaza: 1 ki\u1e63i ya\u0219am\u0131n\u0131 yitirdi\",\"datePublished\":\"2025-04-23T19:43:23+00:00\",\"mainEntityOfPage\":{\"@id\":\"https:\\\/\\\/kibrisdakik.com\\\/?p=80982\"},\"wordCount\":128,\"commentCount\":0,\"image\":{\"@id\":\"https:\\\/\\\/kibrisdakik.com\\\/?p=80982#primaryimage\"},\"thumbnailUrl\":\"https:\\\/\\\/kibrisdakik.com\\\/wp-content\\\/uploads\\\/2025\\\/04\\\/Screenshot_20250423_225523_Facebook.jpg\",\"articleSection\":[\"K\u0131br\u0131s\",\"Man\u015fet\"],\"inLanguage\":\"tr\",\"potentialAction\":[{\"@type\":\"CommentAction\",\"name\":\"Comment\",\"target\":[\"https:\\\/\\\/kibrisdakik.com\\\/?p=80982#respond\"]}]},{\"@type\":\"WebPage\",\"@id\":\"https:\\\/\\\/kibrisdakik.com\\\/?p=80982\",\"url\":\"https:\\\/\\\/kibrisdakik.com\\\/?p=80982\",\"name\":\"Minarelik\u00f6y\u2019de feci kaza: 1 ki\u1e63i ya\u0219am\u0131n\u0131 yitirdi -\",\"isPartOf\":{\"@id\":\"https:\\\/\\\/kibrisdakik.com\\\/#website\"},\"primaryImageOfPage\":{\"@id\":\"https:\\\/\\\/kibrisdakik.com\\\/?p=80982#primaryimage\"},\"image\":{\"@id\":\"https:\\\/\\\/kibrisdakik.com\\\/?p=80982#primaryimage\"},\"thumbnailUrl\":\"https:\\\/\\\/kibrisdakik.com\\\/wp-content\\\/uploads\\\/2025\\\/04\\\/Screenshot_20250423_225523_Facebook.jpg\",\"datePublished\":\"2025-04-23T19:43:23+00:00\",\"author\":{\"@id\":\"https:\\\/\\\/kibrisdakik.com\\\/#\\\/schema\\\/person\\\/9cd9d437bbb44f72b73ba127e06d8e79\"},\"breadcrumb\":{\"@id\":\"https:\\\/\\\/kibrisdakik.com\\\/?p=80982#breadcrumb\"},\"inLanguage\":\"tr\",\"potentialAction\":[{\"@type\":\"ReadAction\",\"target\":[\"https:\\\/\\\/kibrisdakik.com\\\/?p=80982\"]}]},{\"@type\":\"ImageObject\",\"inLanguage\":\"tr\",\"@id\":\"https:\\\/\\\/kibrisdakik.com\\\/?p=80982#primaryimage\",\"url\":\"https:\\\/\\\/kibrisdakik.com\\\/wp-content\\\/uploads\\\/2025\\\/04\\\/Screenshot_20250423_225523_Facebook.jpg\",\"contentUrl\":\"https:\\\/\\\/kibrisdakik.com\\\/wp-content\\\/uploads\\\/2025\\\/04\\\/Screenshot_20250423_225523_Facebook.jpg\",\"width\":579,\"height\":286},{\"@type\":\"BreadcrumbList\",\"@id\":\"https:\\\/\\\/kibrisdakik.com\\\/?p=80982#breadcrumb\",\"itemListElement\":[{\"@type\":\"ListItem\",\"position\":1,\"name\":\"Home\",\"item\":\"https:\\\/\\\/kibrisdakik.com\\\/\"},{\"@type\":\"ListItem\",\"position\":2,\"name\":\"Minarelik\u00f6y\u2019de feci kaza: 1 ki\u1e63i ya\u0219am\u0131n\u0131 yitirdi\"}]},{\"@type\":\"WebSite\",\"@id\":\"https:\\\/\\\/kibrisdakik.com\\\/#website\",\"url\":\"https:\\\/\\\/kibrisdakik.com\\\/\",\"name\":\"\",\"description\":\"Tam vaktinde haber\",\"potentialAction\":[{\"@type\":\"SearchAction\",\"target\":{\"@type\":\"EntryPoint\",\"urlTemplate\":\"https:\\\/\\\/kibrisdakik.com\\\/?s={search_term_string}\"},\"query-input\":{\"@type\":\"PropertyValueSpecification\",\"valueRequired\":true,\"valueName\":\"search_term_string\"}}],\"inLanguage\":\"tr\"},{\"@type\":\"Person\",\"@id\":\"https:\\\/\\\/kibrisdakik.com\\\/#\\\/schema\\\/person\\\/9cd9d437bbb44f72b73ba127e06d8e79\",\"name\":\"admin\",\"image\":{\"@type\":\"ImageObject\",\"inLanguage\":\"tr\",\"@id\":\"https:\\\/\\\/secure.gravatar.com\\\/avatar\\\/ccc17943b9d660506c869530f897617f7cb1c21a4bf30023f252596d83e1f007?s=96&d=mm&r=g\",\"url\":\"https:\\\/\\\/secure.gravatar.com\\\/avatar\\\/ccc17943b9d660506c869530f897617f7cb1c21a4bf30023f252596d83e1f007?s=96&d=mm&r=g\",\"contentUrl\":\"https:\\\/\\\/secure.gravatar.com\\\/avatar\\\/ccc17943b9d660506c869530f897617f7cb1c21a4bf30023f252596d83e1f007?s=96&d=mm&r=g\",\"caption\":\"admin\"},\"sameAs\":[\"https:\\\/\\\/kibrisdakik.com\"],\"url\":\"https:\\\/\\\/kibrisdakik.com\\\/?author=1\"}]}<\/script>\n<!-- \/ Yoast SEO plugin. -->","yoast_head_json":{"title":"Minarelik\u00f6y\u2019de feci kaza: 1 ki\u1e63i ya\u0219am\u0131n\u0131 yitirdi -","robots":{"index":"index","follow":"follow","max-snippet":"max-snippet:-1","max-image-preview":"max-image-preview:large","max-video-preview":"max-video-preview:-1"},"canonical":"https:\/\/kibrisdakik.com\/?p=80982","og_locale":"tr_TR","og_type":"article","og_title":"Minarelik\u00f6y\u2019de feci kaza: 1 ki\u1e63i ya\u0219am\u0131n\u0131 yitirdi -","og_description":"Polis Bas\u00edn Subayl\u0131\u0123\u0131\u2019ndan verilen bilgiye g\u00f6re bu ak\u1e63am saat 21.15 s\u0131ralar\u0131nda, Minarelik\u00f6y\u2019de \u015eht Mehmet Emin Caddesi \u00fczerinde, F\u0131rat ATAMT\u00dcRK (E-37) y\u00f6netimindeki ZD 122 plakal\u0131 motosiklet ile kuzey istikametine do\u011fru seyretti\u011fi esnada sola meyilli viraja geldi\u011fi zaman direksiyon hakimiyetini kaybederek yolun sa\u011f\u0131ndan \u00e7\u0131karak bir ikametgah\u0131n bah\u00e7e duvar\u0131na \u00e7arpm\u0131\u015ft\u0131r. Kaza sonucu motosiklette yolcu olarak bulunan Ali M\u0130NNO\u015e","og_url":"https:\/\/kibrisdakik.com\/?p=80982","article_published_time":"2025-04-23T19:43:23+00:00","og_image":[{"width":579,"height":286,"url":"https:\/\/kibrisdakik.com\/wp-content\/uploads\/2025\/04\/Screenshot_20250423_225523_Facebook.jpg","type":"image\/jpeg"}],"author":"admin","twitter_card":"summary_large_image","twitter_misc":{"Yazan:":"admin","Tahmini okuma s\u00fcresi":"1 dakika"},"schema":{"@context":"https:\/\/schema.org","@graph":[{"@type":"Article","@id":"https:\/\/kibrisdakik.com\/?p=80982#article","isPartOf":{"@id":"https:\/\/kibrisdakik.com\/?p=80982"},"author":{"name":"admin","@id":"https:\/\/kibrisdakik.com\/#\/schema\/person\/9cd9d437bbb44f72b73ba127e06d8e79"},"headline":"Minarelik\u00f6y\u2019de feci kaza: 1 ki\u1e63i ya\u0219am\u0131n\u0131 yitirdi","datePublished":"2025-04-23T19:43:23+00:00","mainEntityOfPage":{"@id":"https:\/\/kibrisdakik.com\/?p=80982"},"wordCount":128,"commentCount":0,"image":{"@id":"https:\/\/kibrisdakik.com\/?p=80982#primaryimage"},"thumbnailUrl":"https:\/\/kibrisdakik.com\/wp-content\/uploads\/2025\/04\/Screenshot_20250423_225523_Facebook.jpg","articleSection":["K\u0131br\u0131s","Man\u015fet"],"inLanguage":"tr","potentialAction":[{"@type":"CommentAction","name":"Comment","target":["https:\/\/kibrisdakik.com\/?p=80982#respond"]}]},{"@type":"WebPage","@id":"https:\/\/kibrisdakik.com\/?p=80982","url":"https:\/\/kibrisdakik.com\/?p=80982","name":"Minarelik\u00f6y\u2019de feci kaza: 1 ki\u1e63i ya\u0219am\u0131n\u0131 yitirdi -","isPartOf":{"@id":"https:\/\/kibrisdakik.com\/#website"},"primaryImageOfPage":{"@id":"https:\/\/kibrisdakik.com\/?p=80982#primaryimage"},"image":{"@id":"https:\/\/kibrisdakik.com\/?p=80982#primaryimage"},"thumbnailUrl":"https:\/\/kibrisdakik.com\/wp-content\/uploads\/2025\/04\/Screenshot_20250423_225523_Facebook.jpg","datePublished":"2025-04-23T19:43:23+00:00","author":{"@id":"https:\/\/kibrisdakik.com\/#\/schema\/person\/9cd9d437bbb44f72b73ba127e06d8e79"},"breadcrumb":{"@id":"https:\/\/kibrisdakik.com\/?p=80982#breadcrumb"},"inLanguage":"tr","potentialAction":[{"@type":"ReadAction","target":["https:\/\/kibrisdakik.com\/?p=80982"]}]},{"@type":"ImageObject","inLanguage":"tr","@id":"https:\/\/kibrisdakik.com\/?p=80982#primaryimage","url":"https:\/\/kibrisdakik.com\/wp-content\/uploads\/2025\/04\/Screenshot_20250423_225523_Facebook.jpg","contentUrl":"https:\/\/kibrisdakik.com\/wp-content\/uploads\/2025\/04\/Screenshot_20250423_225523_Facebook.jpg","width":579,"height":286},{"@type":"BreadcrumbList","@id":"https:\/\/kibrisdakik.com\/?p=80982#breadcrumb","itemListElement":[{"@type":"ListItem","position":1,"name":"Home","item":"https:\/\/kibrisdakik.com\/"},{"@type":"ListItem","position":2,"name":"Minarelik\u00f6y\u2019de feci kaza: 1 ki\u1e63i ya\u0219am\u0131n\u0131 yitirdi"}]},{"@type":"WebSite","@id":"https:\/\/kibrisdakik.com\/#website","url":"https:\/\/kibrisdakik.com\/","name":"","description":"Tam vaktinde haber","potentialAction":[{"@type":"SearchAction","target":{"@type":"EntryPoint","urlTemplate":"https:\/\/kibrisdakik.com\/?s={search_term_string}"},"query-input":{"@type":"PropertyValueSpecification","valueRequired":true,"valueName":"search_term_string"}}],"inLanguage":"tr"},{"@type":"Person","@id":"https:\/\/kibrisdakik.com\/#\/schema\/person\/9cd9d437bbb44f72b73ba127e06d8e79","name":"admin","image":{"@type":"ImageObject","inLanguage":"tr","@id":"https:\/\/secure.gravatar.com\/avatar\/ccc17943b9d660506c869530f897617f7cb1c21a4bf30023f252596d83e1f007?s=96&d=mm&r=g","url":"https:\/\/secure.gravatar.com\/avatar\/ccc17943b9d660506c869530f897617f7cb1c21a4bf30023f252596d83e1f007?s=96&d=mm&r=g","contentUrl":"https:\/\/secure.gravatar.com\/avatar\/ccc17943b9d660506c869530f897617f7cb1c21a4bf30023f252596d83e1f007?s=96&d=mm&r=g","caption":"admin"},"sameAs":["https:\/\/kibrisdakik.com"],"url":"https:\/\/kibrisdakik.com\/?author=1"}]}},"_links":{"self":[{"href":"https:\/\/kibrisdakik.com\/index.php?rest_route=\/wp\/v2\/posts\/80982","targetHints":{"allow":["GET"]}}],"collection":[{"href":"https:\/\/kibrisdakik.com\/index.php?rest_route=\/wp\/v2\/posts"}],"about":[{"href":"https:\/\/kibrisdakik.com\/index.php?rest_route=\/wp\/v2\/types\/post"}],"author":[{"embeddable":true,"href":"https:\/\/kibrisdakik.com\/index.php?rest_route=\/wp\/v2\/users\/1"}],"replies":[{"embeddable":true,"href":"https:\/\/kibrisdakik.com\/index.php?rest_route=%2Fwp%2Fv2%2Fcomments&post=80982"}],"version-history":[{"count":0,"href":"https:\/\/kibrisdakik.com\/index.php?rest_route=\/wp\/v2\/posts\/80982\/revisions"}],"wp:featuredmedia":[{"embeddable":true,"href":"https:\/\/kibrisdakik.com\/index.php?rest_route=\/wp\/v2\/media\/80983"}],"wp:attachment":[{"href":"https:\/\/kibrisdakik.com\/index.php?rest_route=%2Fwp%2Fv2%2Fmedia&parent=80982"}],"wp:term":[{"taxonomy":"category","embeddable":true,"href":"https:\/\/kibrisdakik.com\/index.php?rest_route=%2Fwp%2Fv2%2Fcategories&post=80982"},{"taxonomy":"post_tag","embeddable":true,"href":"https:\/\/kibrisdakik.com\/index.php?rest_route=%2Fwp%2Fv2%2Ftags&post=80982"}],"curies":[{"name":"wp","href":"https:\/\/api.w.org\/{rel}","templated":true}]}}