{"id":80985,"date":"2025-04-23T16:53:00","date_gmt":"2025-04-23T13:53:00","guid":{"rendered":"https:\/\/kibrisdakik.com\/index.php\/2025\/04\/23\/papa-franciscusun-naasi-taziye-ziyaretlerine-acildi\/"},"modified":"2025-04-23T16:53:00","modified_gmt":"2025-04-23T13:53:00","slug":"papa-franciscusun-naasi-taziye-ziyaretlerine-acildi","status":"publish","type":"post","link":"https:\/\/kibrisdakik.com\/?p=80985","title":{"rendered":"Papa Franciscus\u2019un naa\u015f\u0131 taziye ziyaretlerine a\u00e7\u0131ld\u0131"},"content":{"rendered":"<p><\/p>\n<div>\n<div class=\"mariselle-image-container center\">\n                <img loading=\"lazy\" decoding=\"async\" width=\"1145\" height=\"649\" class=\"lazy-image\" alt=\"\" sizes=\"auto, (max-width: 1145px) 100vw, 1145px\" src=\"https:\/\/brtk.net\/wp-content\/uploads\/2025\/04\/23\/1745410131487Ekran-goruntusu-2025-04-23-150843.png?ver=28efb9ec36af4440340da1aa13aee1d2\" srcset=\"https:\/\/brtk.net\/wp-content\/uploads\/2025\/04\/23\/1745410131487Ekran-goruntusu-2025-04-23-150843.png?ver=28efb9ec36af4440340da1aa13aee1d2 1145w, https:\/\/brtk.net\/wp-content\/uploads\/2025\/04\/23\/1745410131487Ekran-goruntusu-2025-04-23-150843-300x170.png?ver=0f3d5ba90a0b2da3a7166f3d501e6f35 300w, https:\/\/brtk.net\/wp-content\/uploads\/2025\/04\/23\/1745410131487Ekran-goruntusu-2025-04-23-150843-1024x580.png?ver=75b96bdf247b0fbd68292136fffc3029 1024w, https:\/\/brtk.net\/wp-content\/uploads\/2025\/04\/23\/1745410131487Ekran-goruntusu-2025-04-23-150843-768x435.png?ver=75b96bdf247b0fbd68292136fffc3029 768w\"\/>                            <\/div>\n<p>Vatikan\u2019da 21 Nisan\u2019da hayat\u0131n\u0131 kaybeden Katoliklerin ruhani lideri ve Vatikan Devlet Ba\u015fkan\u0131 Papa Franciscus\u2019un naa\u015f\u0131, Aziz Petrus Bazilikas\u0131\u2019na getirilerek taziye ziyaretlerine a\u00e7\u0131ld\u0131.<\/p>\n<p>Papa Franciscus\u2019un naa\u015f\u0131, bu sabah d\u00fczenlenen t\u00f6renle konutu olarak kulland\u0131\u011f\u0131 Santa Marta Misafirhanesi\u2019nden al\u0131narak, \u0130svi\u00e7reli muhaf\u0131zlar ve Katolik Kilisesinin rahipleri, ba\u015fpiskoposlar\u0131 ve kardinalleri e\u015fli\u011finde t\u00f6renle Aziz Petrus Bazilikas\u0131\u2019na getirildi.<\/p>\n<p>Naa\u015f\u0131n ta\u015f\u0131nd\u0131\u011f\u0131 s\u0131rada, bazilikayla ayn\u0131 ismi ta\u015f\u0131yan meydanda toplanan halk, Papa Franciscus\u2019u son kez g\u00f6rmeye \u00e7al\u0131\u015ft\u0131.<\/p>\n<p>A\u00e7\u0131k tabutta getirilen naa\u015f Aziz Petrus Bazilikas\u0131 i\u00e7inde taziye ziyaretlerine a\u00e7\u0131ld\u0131. \u00c7ok say\u0131da ki\u015fi, taziye i\u00e7in bazilikada s\u0131ra olu\u015fturdu.<\/p>\n<p>\u0130talya Cumhurba\u015fkan\u0131 Sergio Mattarella da d\u00fcn \u00f6zel olarak taziye ziyaretinde bulundu.<\/p>\n<p>Papa Franciscus i\u00e7in cenaze t\u00f6reni, 26 Nisan Cumartesi g\u00fcn\u00fc yap\u0131lacak.<\/p>\n<p>Cenaze t\u00f6reni i\u00e7in Roma\u2019da da g\u00fcvenlik \u00f6nlemlerinin art\u0131r\u0131ld\u0131\u011f\u0131 ve 2 bin g\u00fcvenlik g\u00f6revlisinin g\u00f6revlendirildi\u011fi ayr\u0131ca Roma hava sahas\u0131n\u0131n u\u00e7u\u015flara kapat\u0131laca\u011f\u0131 bas\u0131na yans\u0131d\u0131.<\/p>\n<p>\u2013 Papa Franciscus, bir s\u00fcredir sa\u011fl\u0131k sorunlar\u0131yla m\u00fccadele ediyordu<\/p>\n<p>\u015eubat ay\u0131nda ge\u00e7irdi\u011fi \u015fiddetli bron\u015fit nedeniyle 14 \u015eubat\u2019ta Roma\u2019daki Gemelli Hastanesine kald\u0131r\u0131lan, burada \u00e7ift tarafl\u0131 zat\u00fcrre te\u015fhisiyle 38 g\u00fcn boyunca tedavi g\u00f6ren Papa Franciscus, 23 Mart\u2019ta taburcu edilmi\u015fti.<\/p>\n<p>Papa\u2019n\u0131n taburcu edildikten sonra 2 ayl\u0131k nekahet d\u00f6neminde kalmas\u0131 gerekti\u011fi belirtilmi\u015fti.<\/p>\n<p>Papa Franciscus\u2019un doktorlar\u0131ndan Prof. Sergio Alfieri, 25 Mart\u2019ta Corriere della Sera gazetesine verdi\u011fi deme\u00e7te, Papa\u2019n\u0131n hastanede yatt\u0131\u011f\u0131 d\u00f6nemde 2 kez \u00f6l\u00fcmden d\u00f6nd\u00fc\u011f\u00fcn\u00fc a\u00e7\u0131klam\u0131\u015ft\u0131.<\/p>\n<p>Kardinal Joseph Farrell, 21 Nisan sabah\u0131 yapt\u0131\u011f\u0131 a\u00e7\u0131klamada, Papa Franciscus\u2019un yerel saatle 07.35\u2019te ya\u015fam\u0131n\u0131 yitirdi\u011fini duyurmu\u015ftu.<\/p>\n<p>Vatikan, d\u00fcn ak\u015fam Papa Franciscus\u2019un \u00f6l\u00fcm nedeninin \u201cinme ge\u00e7irme, komaya girme ve geri d\u00f6nd\u00fcr\u00fclemez kalp yetmezli\u011fi\u201d oldu\u011funu bildirmi\u015fti.<\/p>\n<\/p><\/div>\n<p><script async\n                    defer\n                    crossorigin=\"anonymous\"\n                    src=\"https:\/\/connect.facebook.net\/tr_TR\/sdk.js#xfbml=1&#038;version=v3.3\"\n            ><\/script><\/p>\n","protected":false},"excerpt":{"rendered":"<p>Vatikan\u2019da 21 Nisan\u2019da hayat\u0131n\u0131 kaybeden Katoliklerin ruhani lideri ve Vatikan Devlet Ba\u015fkan\u0131 Papa Franciscus\u2019un naa\u015f\u0131, Aziz Petrus Bazilikas\u0131\u2019na getirilerek taziye ziyaretlerine a\u00e7\u0131ld\u0131. Papa Franciscus\u2019un naa\u015f\u0131, bu sabah d\u00fczenlenen t\u00f6renle konutu olarak kulland\u0131\u011f\u0131 Santa Marta Misafirhanesi\u2019nden al\u0131narak, \u0130svi\u00e7reli muhaf\u0131zlar ve Katolik Kilisesinin rahipleri, ba\u015fpiskoposlar\u0131 ve kardinalleri e\u015fli\u011finde t\u00f6renle Aziz Petrus Bazilikas\u0131\u2019na getirildi. Naa\u015f\u0131n ta\u015f\u0131nd\u0131\u011f\u0131 s\u0131rada, bazilikayla<\/p>\n","protected":false},"author":1,"featured_media":80986,"comment_status":"open","ping_status":"open","sticky":false,"template":"","format":"standard","meta":{"footnotes":""},"categories":[1],"tags":[],"class_list":["post-80985","post","type-post","status-publish","format-standard","has-post-thumbnail","hentry","category-gundem"],"yoast_head":"<!-- This site is optimized with the Yoast SEO plugin v27.4 - https:\/\/yoast.com\/product\/yoast-seo-wordpress\/ -->\n<title>Papa Franciscus\u2019un naa\u015f\u0131 taziye ziyaretlerine a\u00e7\u0131ld\u0131 -<\/title>\n<meta name=\"robots\" content=\"index, follow, max-snippet:-1, max-image-preview:large, max-video-preview:-1\" \/>\n<link rel=\"canonical\" href=\"https:\/\/kibrisdakik.com\/?p=80985\" \/>\n<meta property=\"og:locale\" content=\"tr_TR\" \/>\n<meta property=\"og:type\" content=\"article\" \/>\n<meta property=\"og:title\" content=\"Papa Franciscus\u2019un naa\u015f\u0131 taziye ziyaretlerine a\u00e7\u0131ld\u0131 -\" \/>\n<meta property=\"og:description\" content=\"Vatikan\u2019da 21 Nisan\u2019da hayat\u0131n\u0131 kaybeden Katoliklerin ruhani lideri ve Vatikan Devlet Ba\u015fkan\u0131 Papa Franciscus\u2019un naa\u015f\u0131, Aziz Petrus Bazilikas\u0131\u2019na getirilerek taziye ziyaretlerine a\u00e7\u0131ld\u0131. Papa Franciscus\u2019un naa\u015f\u0131, bu sabah d\u00fczenlenen t\u00f6renle konutu olarak kulland\u0131\u011f\u0131 Santa Marta Misafirhanesi\u2019nden al\u0131narak, \u0130svi\u00e7reli muhaf\u0131zlar ve Katolik Kilisesinin rahipleri, ba\u015fpiskoposlar\u0131 ve kardinalleri e\u015fli\u011finde t\u00f6renle Aziz Petrus Bazilikas\u0131\u2019na getirildi. Naa\u015f\u0131n ta\u015f\u0131nd\u0131\u011f\u0131 s\u0131rada, bazilikayla\" \/>\n<meta property=\"og:url\" content=\"https:\/\/kibrisdakik.com\/?p=80985\" \/>\n<meta property=\"article:published_time\" content=\"2025-04-23T13:53:00+00:00\" \/>\n<meta property=\"og:image\" content=\"https:\/\/kibrisdakik.com\/wp-content\/uploads\/2025\/04\/1745410131487Ekran-goruntusu-2025-04-23-150843-740x420.png\" \/>\n\t<meta property=\"og:image:width\" content=\"1145\" \/>\n\t<meta property=\"og:image:height\" content=\"649\" \/>\n\t<meta property=\"og:image:type\" content=\"image\/png\" \/>\n<meta name=\"author\" content=\"admin\" \/>\n<meta name=\"twitter:card\" content=\"summary_large_image\" \/>\n<meta name=\"twitter:label1\" content=\"Yazan:\" \/>\n\t<meta name=\"twitter:data1\" content=\"admin\" \/>\n\t<meta name=\"twitter:label2\" content=\"Tahmini okuma s\u00fcresi\" \/>\n\t<meta name=\"twitter:data2\" content=\"2 dakika\" \/>\n<script type=\"application\/ld+json\" class=\"yoast-schema-graph\">{\"@context\":\"https:\\\/\\\/schema.org\",\"@graph\":[{\"@type\":\"Article\",\"@id\":\"https:\\\/\\\/kibrisdakik.com\\\/?p=80985#article\",\"isPartOf\":{\"@id\":\"https:\\\/\\\/kibrisdakik.com\\\/?p=80985\"},\"author\":{\"name\":\"admin\",\"@id\":\"https:\\\/\\\/kibrisdakik.com\\\/#\\\/schema\\\/person\\\/9cd9d437bbb44f72b73ba127e06d8e79\"},\"headline\":\"Papa Franciscus\u2019un naa\u015f\u0131 taziye ziyaretlerine a\u00e7\u0131ld\u0131\",\"datePublished\":\"2025-04-23T13:53:00+00:00\",\"mainEntityOfPage\":{\"@id\":\"https:\\\/\\\/kibrisdakik.com\\\/?p=80985\"},\"wordCount\":344,\"commentCount\":0,\"image\":{\"@id\":\"https:\\\/\\\/kibrisdakik.com\\\/?p=80985#primaryimage\"},\"thumbnailUrl\":\"https:\\\/\\\/kibrisdakik.com\\\/wp-content\\\/uploads\\\/2025\\\/04\\\/1745410131487Ekran-goruntusu-2025-04-23-150843-740x420.png\",\"articleSection\":[\"G\u00fcndem\"],\"inLanguage\":\"tr\",\"potentialAction\":[{\"@type\":\"CommentAction\",\"name\":\"Comment\",\"target\":[\"https:\\\/\\\/kibrisdakik.com\\\/?p=80985#respond\"]}]},{\"@type\":\"WebPage\",\"@id\":\"https:\\\/\\\/kibrisdakik.com\\\/?p=80985\",\"url\":\"https:\\\/\\\/kibrisdakik.com\\\/?p=80985\",\"name\":\"Papa Franciscus\u2019un naa\u015f\u0131 taziye ziyaretlerine a\u00e7\u0131ld\u0131 -\",\"isPartOf\":{\"@id\":\"https:\\\/\\\/kibrisdakik.com\\\/#website\"},\"primaryImageOfPage\":{\"@id\":\"https:\\\/\\\/kibrisdakik.com\\\/?p=80985#primaryimage\"},\"image\":{\"@id\":\"https:\\\/\\\/kibrisdakik.com\\\/?p=80985#primaryimage\"},\"thumbnailUrl\":\"https:\\\/\\\/kibrisdakik.com\\\/wp-content\\\/uploads\\\/2025\\\/04\\\/1745410131487Ekran-goruntusu-2025-04-23-150843-740x420.png\",\"datePublished\":\"2025-04-23T13:53:00+00:00\",\"author\":{\"@id\":\"https:\\\/\\\/kibrisdakik.com\\\/#\\\/schema\\\/person\\\/9cd9d437bbb44f72b73ba127e06d8e79\"},\"breadcrumb\":{\"@id\":\"https:\\\/\\\/kibrisdakik.com\\\/?p=80985#breadcrumb\"},\"inLanguage\":\"tr\",\"potentialAction\":[{\"@type\":\"ReadAction\",\"target\":[\"https:\\\/\\\/kibrisdakik.com\\\/?p=80985\"]}]},{\"@type\":\"ImageObject\",\"inLanguage\":\"tr\",\"@id\":\"https:\\\/\\\/kibrisdakik.com\\\/?p=80985#primaryimage\",\"url\":\"https:\\\/\\\/kibrisdakik.com\\\/wp-content\\\/uploads\\\/2025\\\/04\\\/1745410131487Ekran-goruntusu-2025-04-23-150843-740x420.png\",\"contentUrl\":\"https:\\\/\\\/kibrisdakik.com\\\/wp-content\\\/uploads\\\/2025\\\/04\\\/1745410131487Ekran-goruntusu-2025-04-23-150843-740x420.png\",\"width\":1145,\"height\":649},{\"@type\":\"BreadcrumbList\",\"@id\":\"https:\\\/\\\/kibrisdakik.com\\\/?p=80985#breadcrumb\",\"itemListElement\":[{\"@type\":\"ListItem\",\"position\":1,\"name\":\"Home\",\"item\":\"https:\\\/\\\/kibrisdakik.com\\\/\"},{\"@type\":\"ListItem\",\"position\":2,\"name\":\"Papa Franciscus\u2019un naa\u015f\u0131 taziye ziyaretlerine a\u00e7\u0131ld\u0131\"}]},{\"@type\":\"WebSite\",\"@id\":\"https:\\\/\\\/kibrisdakik.com\\\/#website\",\"url\":\"https:\\\/\\\/kibrisdakik.com\\\/\",\"name\":\"\",\"description\":\"Tam vaktinde haber\",\"potentialAction\":[{\"@type\":\"SearchAction\",\"target\":{\"@type\":\"EntryPoint\",\"urlTemplate\":\"https:\\\/\\\/kibrisdakik.com\\\/?s={search_term_string}\"},\"query-input\":{\"@type\":\"PropertyValueSpecification\",\"valueRequired\":true,\"valueName\":\"search_term_string\"}}],\"inLanguage\":\"tr\"},{\"@type\":\"Person\",\"@id\":\"https:\\\/\\\/kibrisdakik.com\\\/#\\\/schema\\\/person\\\/9cd9d437bbb44f72b73ba127e06d8e79\",\"name\":\"admin\",\"image\":{\"@type\":\"ImageObject\",\"inLanguage\":\"tr\",\"@id\":\"https:\\\/\\\/secure.gravatar.com\\\/avatar\\\/ccc17943b9d660506c869530f897617f7cb1c21a4bf30023f252596d83e1f007?s=96&d=mm&r=g\",\"url\":\"https:\\\/\\\/secure.gravatar.com\\\/avatar\\\/ccc17943b9d660506c869530f897617f7cb1c21a4bf30023f252596d83e1f007?s=96&d=mm&r=g\",\"contentUrl\":\"https:\\\/\\\/secure.gravatar.com\\\/avatar\\\/ccc17943b9d660506c869530f897617f7cb1c21a4bf30023f252596d83e1f007?s=96&d=mm&r=g\",\"caption\":\"admin\"},\"sameAs\":[\"https:\\\/\\\/kibrisdakik.com\"],\"url\":\"https:\\\/\\\/kibrisdakik.com\\\/?author=1\"}]}<\/script>\n<!-- \/ Yoast SEO plugin. -->","yoast_head_json":{"title":"Papa Franciscus\u2019un naa\u015f\u0131 taziye ziyaretlerine a\u00e7\u0131ld\u0131 -","robots":{"index":"index","follow":"follow","max-snippet":"max-snippet:-1","max-image-preview":"max-image-preview:large","max-video-preview":"max-video-preview:-1"},"canonical":"https:\/\/kibrisdakik.com\/?p=80985","og_locale":"tr_TR","og_type":"article","og_title":"Papa Franciscus\u2019un naa\u015f\u0131 taziye ziyaretlerine a\u00e7\u0131ld\u0131 -","og_description":"Vatikan\u2019da 21 Nisan\u2019da hayat\u0131n\u0131 kaybeden Katoliklerin ruhani lideri ve Vatikan Devlet Ba\u015fkan\u0131 Papa Franciscus\u2019un naa\u015f\u0131, Aziz Petrus Bazilikas\u0131\u2019na getirilerek taziye ziyaretlerine a\u00e7\u0131ld\u0131. Papa Franciscus\u2019un naa\u015f\u0131, bu sabah d\u00fczenlenen t\u00f6renle konutu olarak kulland\u0131\u011f\u0131 Santa Marta Misafirhanesi\u2019nden al\u0131narak, \u0130svi\u00e7reli muhaf\u0131zlar ve Katolik Kilisesinin rahipleri, ba\u015fpiskoposlar\u0131 ve kardinalleri e\u015fli\u011finde t\u00f6renle Aziz Petrus Bazilikas\u0131\u2019na getirildi. Naa\u015f\u0131n ta\u015f\u0131nd\u0131\u011f\u0131 s\u0131rada, bazilikayla","og_url":"https:\/\/kibrisdakik.com\/?p=80985","article_published_time":"2025-04-23T13:53:00+00:00","og_image":[{"width":1145,"height":649,"url":"https:\/\/kibrisdakik.com\/wp-content\/uploads\/2025\/04\/1745410131487Ekran-goruntusu-2025-04-23-150843-740x420.png","type":"image\/png"}],"author":"admin","twitter_card":"summary_large_image","twitter_misc":{"Yazan:":"admin","Tahmini okuma s\u00fcresi":"2 dakika"},"schema":{"@context":"https:\/\/schema.org","@graph":[{"@type":"Article","@id":"https:\/\/kibrisdakik.com\/?p=80985#article","isPartOf":{"@id":"https:\/\/kibrisdakik.com\/?p=80985"},"author":{"name":"admin","@id":"https:\/\/kibrisdakik.com\/#\/schema\/person\/9cd9d437bbb44f72b73ba127e06d8e79"},"headline":"Papa Franciscus\u2019un naa\u015f\u0131 taziye ziyaretlerine a\u00e7\u0131ld\u0131","datePublished":"2025-04-23T13:53:00+00:00","mainEntityOfPage":{"@id":"https:\/\/kibrisdakik.com\/?p=80985"},"wordCount":344,"commentCount":0,"image":{"@id":"https:\/\/kibrisdakik.com\/?p=80985#primaryimage"},"thumbnailUrl":"https:\/\/kibrisdakik.com\/wp-content\/uploads\/2025\/04\/1745410131487Ekran-goruntusu-2025-04-23-150843-740x420.png","articleSection":["G\u00fcndem"],"inLanguage":"tr","potentialAction":[{"@type":"CommentAction","name":"Comment","target":["https:\/\/kibrisdakik.com\/?p=80985#respond"]}]},{"@type":"WebPage","@id":"https:\/\/kibrisdakik.com\/?p=80985","url":"https:\/\/kibrisdakik.com\/?p=80985","name":"Papa Franciscus\u2019un naa\u015f\u0131 taziye ziyaretlerine a\u00e7\u0131ld\u0131 -","isPartOf":{"@id":"https:\/\/kibrisdakik.com\/#website"},"primaryImageOfPage":{"@id":"https:\/\/kibrisdakik.com\/?p=80985#primaryimage"},"image":{"@id":"https:\/\/kibrisdakik.com\/?p=80985#primaryimage"},"thumbnailUrl":"https:\/\/kibrisdakik.com\/wp-content\/uploads\/2025\/04\/1745410131487Ekran-goruntusu-2025-04-23-150843-740x420.png","datePublished":"2025-04-23T13:53:00+00:00","author":{"@id":"https:\/\/kibrisdakik.com\/#\/schema\/person\/9cd9d437bbb44f72b73ba127e06d8e79"},"breadcrumb":{"@id":"https:\/\/kibrisdakik.com\/?p=80985#breadcrumb"},"inLanguage":"tr","potentialAction":[{"@type":"ReadAction","target":["https:\/\/kibrisdakik.com\/?p=80985"]}]},{"@type":"ImageObject","inLanguage":"tr","@id":"https:\/\/kibrisdakik.com\/?p=80985#primaryimage","url":"https:\/\/kibrisdakik.com\/wp-content\/uploads\/2025\/04\/1745410131487Ekran-goruntusu-2025-04-23-150843-740x420.png","contentUrl":"https:\/\/kibrisdakik.com\/wp-content\/uploads\/2025\/04\/1745410131487Ekran-goruntusu-2025-04-23-150843-740x420.png","width":1145,"height":649},{"@type":"BreadcrumbList","@id":"https:\/\/kibrisdakik.com\/?p=80985#breadcrumb","itemListElement":[{"@type":"ListItem","position":1,"name":"Home","item":"https:\/\/kibrisdakik.com\/"},{"@type":"ListItem","position":2,"name":"Papa Franciscus\u2019un naa\u015f\u0131 taziye ziyaretlerine a\u00e7\u0131ld\u0131"}]},{"@type":"WebSite","@id":"https:\/\/kibrisdakik.com\/#website","url":"https:\/\/kibrisdakik.com\/","name":"","description":"Tam vaktinde haber","potentialAction":[{"@type":"SearchAction","target":{"@type":"EntryPoint","urlTemplate":"https:\/\/kibrisdakik.com\/?s={search_term_string}"},"query-input":{"@type":"PropertyValueSpecification","valueRequired":true,"valueName":"search_term_string"}}],"inLanguage":"tr"},{"@type":"Person","@id":"https:\/\/kibrisdakik.com\/#\/schema\/person\/9cd9d437bbb44f72b73ba127e06d8e79","name":"admin","image":{"@type":"ImageObject","inLanguage":"tr","@id":"https:\/\/secure.gravatar.com\/avatar\/ccc17943b9d660506c869530f897617f7cb1c21a4bf30023f252596d83e1f007?s=96&d=mm&r=g","url":"https:\/\/secure.gravatar.com\/avatar\/ccc17943b9d660506c869530f897617f7cb1c21a4bf30023f252596d83e1f007?s=96&d=mm&r=g","contentUrl":"https:\/\/secure.gravatar.com\/avatar\/ccc17943b9d660506c869530f897617f7cb1c21a4bf30023f252596d83e1f007?s=96&d=mm&r=g","caption":"admin"},"sameAs":["https:\/\/kibrisdakik.com"],"url":"https:\/\/kibrisdakik.com\/?author=1"}]}},"_links":{"self":[{"href":"https:\/\/kibrisdakik.com\/index.php?rest_route=\/wp\/v2\/posts\/80985","targetHints":{"allow":["GET"]}}],"collection":[{"href":"https:\/\/kibrisdakik.com\/index.php?rest_route=\/wp\/v2\/posts"}],"about":[{"href":"https:\/\/kibrisdakik.com\/index.php?rest_route=\/wp\/v2\/types\/post"}],"author":[{"embeddable":true,"href":"https:\/\/kibrisdakik.com\/index.php?rest_route=\/wp\/v2\/users\/1"}],"replies":[{"embeddable":true,"href":"https:\/\/kibrisdakik.com\/index.php?rest_route=%2Fwp%2Fv2%2Fcomments&post=80985"}],"version-history":[{"count":0,"href":"https:\/\/kibrisdakik.com\/index.php?rest_route=\/wp\/v2\/posts\/80985\/revisions"}],"wp:featuredmedia":[{"embeddable":true,"href":"https:\/\/kibrisdakik.com\/index.php?rest_route=\/wp\/v2\/media\/80986"}],"wp:attachment":[{"href":"https:\/\/kibrisdakik.com\/index.php?rest_route=%2Fwp%2Fv2%2Fmedia&parent=80985"}],"wp:term":[{"taxonomy":"category","embeddable":true,"href":"https:\/\/kibrisdakik.com\/index.php?rest_route=%2Fwp%2Fv2%2Fcategories&post=80985"},{"taxonomy":"post_tag","embeddable":true,"href":"https:\/\/kibrisdakik.com\/index.php?rest_route=%2Fwp%2Fv2%2Ftags&post=80985"}],"curies":[{"name":"wp","href":"https:\/\/api.w.org\/{rel}","templated":true}]}}