{"id":80998,"date":"2025-04-24T10:58:45","date_gmt":"2025-04-24T07:58:45","guid":{"rendered":"https:\/\/kibrisdakik.com\/index.php\/2025\/04\/24\/ataoglu-istanbuldaki-depremden-dolayi-turkiyeye-gecmis-olsun-dileklerini-iletti\/"},"modified":"2025-04-24T10:58:45","modified_gmt":"2025-04-24T07:58:45","slug":"ataoglu-istanbuldaki-depremden-dolayi-turkiyeye-gecmis-olsun-dileklerini-iletti","status":"publish","type":"post","link":"https:\/\/kibrisdakik.com\/?p=80998","title":{"rendered":"Atao\u011flu \u0130stanbul\u2019daki depremden dolay\u0131 T\u00fcrkiye\u2019ye ge\u00e7mi\u015f olsun dileklerini iletti"},"content":{"rendered":"<div>\n<div class=\"mariselle-image-container center\">\n                                            <\/div>\n<p>Ba\u015fbakan Yard\u0131mc\u0131s\u0131, Turizm, K\u00fclt\u00fcr, Gen\u00e7lik ve \u00c7evre Bakan\u0131, Demokrat Parti (DP) Genel Ba\u015fkan\u0131 Fikri Atao\u011flu, d\u00fcn ya\u015fanan depremden dolay\u0131 T\u00fcrkiye\u2019ye ge\u00e7mi\u015f olsun dileklerini iletti.<\/p>\n<p>Atao\u011flu mesaj\u0131nda \u201c\u0130stanbul Silivri ve \u00e7evresinde ya\u015fanan deprem nedeniyle b\u00fcy\u00fck bir \u00fcz\u00fcnt\u00fc i\u00e7erisindeyiz. Depremden etkilenen t\u00fcm karde\u015flerimize ge\u00e7mi\u015f olsun dileklerimi iletiyorum. Yaral\u0131 vatanda\u015flar\u0131m\u0131za acil \u015fifalar, zarar g\u00f6ren t\u00fcm ailelere sab\u0131r ve g\u00fc\u00e7 diliyorum.\u201d ifadelerine yer verdi.<\/p>\n<p>Anavatan T\u00fcrkiye\u2019nin her zaman oldu\u011fu gibi bu zorlu\u011fu da birlik ve dayan\u0131\u015fma i\u00e7inde a\u015faca\u011f\u0131na inan\u00e7 belirten Atao\u011flu, \u201cKuzey K\u0131br\u0131s T\u00fcrk Cumhuriyeti olarak kalbimiz ve dualar\u0131m\u0131z sizlerle. Bu t\u00fcr afetlerde dayan\u0131\u015fma ve birlik en b\u00fcy\u00fck g\u00fcc\u00fcm\u00fczd\u00fcr. Rabbim milletimizi her t\u00fcrl\u00fc felaketten korusun.\u201d dedi.<\/p>\n<\/p><\/div>\n<p><script async\n                    defer\n                    crossorigin=\"anonymous\"\n                    src=\"https:\/\/connect.facebook.net\/tr_TR\/sdk.js#xfbml=1&#038;version=v3.3\"\n            ><\/script><\/p>\n","protected":false},"excerpt":{"rendered":"<p>Ba\u015fbakan Yard\u0131mc\u0131s\u0131, Turizm, K\u00fclt\u00fcr, Gen\u00e7lik ve \u00c7evre Bakan\u0131, Demokrat Parti (DP) Genel Ba\u015fkan\u0131 Fikri Atao\u011flu, d\u00fcn ya\u015fanan depremden dolay\u0131 T\u00fcrkiye\u2019ye ge\u00e7mi\u015f olsun dileklerini iletti. Atao\u011flu mesaj\u0131nda \u201c\u0130stanbul Silivri ve \u00e7evresinde ya\u015fanan deprem nedeniyle b\u00fcy\u00fck bir \u00fcz\u00fcnt\u00fc i\u00e7erisindeyiz. Depremden etkilenen t\u00fcm karde\u015flerimize ge\u00e7mi\u015f olsun dileklerimi iletiyorum. Yaral\u0131 vatanda\u015flar\u0131m\u0131za acil \u015fifalar, zarar g\u00f6ren t\u00fcm ailelere sab\u0131r ve<\/p>\n","protected":false},"author":1,"featured_media":80999,"comment_status":"open","ping_status":"open","sticky":false,"template":"","format":"standard","meta":{"footnotes":""},"categories":[81,101],"tags":[],"class_list":["post-80998","post","type-post","status-publish","format-standard","has-post-thumbnail","hentry","category-kibris","category-manset"],"yoast_head":"<!-- This site is optimized with the Yoast SEO plugin v27.4 - https:\/\/yoast.com\/product\/yoast-seo-wordpress\/ -->\n<title>Atao\u011flu \u0130stanbul\u2019daki depremden dolay\u0131 T\u00fcrkiye\u2019ye ge\u00e7mi\u015f olsun dileklerini iletti -<\/title>\n<meta name=\"robots\" content=\"index, follow, max-snippet:-1, max-image-preview:large, max-video-preview:-1\" \/>\n<link rel=\"canonical\" href=\"https:\/\/kibrisdakik.com\/?p=80998\" \/>\n<meta property=\"og:locale\" content=\"tr_TR\" \/>\n<meta property=\"og:type\" content=\"article\" \/>\n<meta property=\"og:title\" content=\"Atao\u011flu \u0130stanbul\u2019daki depremden dolay\u0131 T\u00fcrkiye\u2019ye ge\u00e7mi\u015f olsun dileklerini iletti -\" \/>\n<meta property=\"og:description\" content=\"Ba\u015fbakan Yard\u0131mc\u0131s\u0131, Turizm, K\u00fclt\u00fcr, Gen\u00e7lik ve \u00c7evre Bakan\u0131, Demokrat Parti (DP) Genel Ba\u015fkan\u0131 Fikri Atao\u011flu, d\u00fcn ya\u015fanan depremden dolay\u0131 T\u00fcrkiye\u2019ye ge\u00e7mi\u015f olsun dileklerini iletti. Atao\u011flu mesaj\u0131nda \u201c\u0130stanbul Silivri ve \u00e7evresinde ya\u015fanan deprem nedeniyle b\u00fcy\u00fck bir \u00fcz\u00fcnt\u00fc i\u00e7erisindeyiz. Depremden etkilenen t\u00fcm karde\u015flerimize ge\u00e7mi\u015f olsun dileklerimi iletiyorum. Yaral\u0131 vatanda\u015flar\u0131m\u0131za acil \u015fifalar, zarar g\u00f6ren t\u00fcm ailelere sab\u0131r ve\" \/>\n<meta property=\"og:url\" content=\"https:\/\/kibrisdakik.com\/?p=80998\" \/>\n<meta property=\"article:published_time\" content=\"2025-04-24T07:58:45+00:00\" \/>\n<meta property=\"og:image\" content=\"https:\/\/kibrisdakik.com\/wp-content\/uploads\/2025\/04\/fikri-ataoglu-2-1.jpg\" \/>\n\t<meta property=\"og:image:width\" content=\"360\" \/>\n\t<meta property=\"og:image:height\" content=\"270\" \/>\n\t<meta property=\"og:image:type\" content=\"image\/jpeg\" \/>\n<meta name=\"author\" content=\"admin\" \/>\n<meta name=\"twitter:card\" content=\"summary_large_image\" \/>\n<meta name=\"twitter:label1\" content=\"Yazan:\" \/>\n\t<meta name=\"twitter:data1\" content=\"admin\" \/>\n\t<meta name=\"twitter:label2\" content=\"Tahmini okuma s\u00fcresi\" \/>\n\t<meta name=\"twitter:data2\" content=\"1 dakika\" \/>\n<script type=\"application\/ld+json\" class=\"yoast-schema-graph\">{\"@context\":\"https:\\\/\\\/schema.org\",\"@graph\":[{\"@type\":\"Article\",\"@id\":\"https:\\\/\\\/kibrisdakik.com\\\/?p=80998#article\",\"isPartOf\":{\"@id\":\"https:\\\/\\\/kibrisdakik.com\\\/?p=80998\"},\"author\":{\"name\":\"admin\",\"@id\":\"https:\\\/\\\/kibrisdakik.com\\\/#\\\/schema\\\/person\\\/9cd9d437bbb44f72b73ba127e06d8e79\"},\"headline\":\"Atao\u011flu \u0130stanbul\u2019daki depremden dolay\u0131 T\u00fcrkiye\u2019ye ge\u00e7mi\u015f olsun dileklerini iletti\",\"datePublished\":\"2025-04-24T07:58:45+00:00\",\"mainEntityOfPage\":{\"@id\":\"https:\\\/\\\/kibrisdakik.com\\\/?p=80998\"},\"wordCount\":168,\"commentCount\":0,\"image\":{\"@id\":\"https:\\\/\\\/kibrisdakik.com\\\/?p=80998#primaryimage\"},\"thumbnailUrl\":\"https:\\\/\\\/kibrisdakik.com\\\/wp-content\\\/uploads\\\/2025\\\/04\\\/fikri-ataoglu-2-1.jpg\",\"articleSection\":[\"K\u0131br\u0131s\",\"Man\u015fet\"],\"inLanguage\":\"tr\",\"potentialAction\":[{\"@type\":\"CommentAction\",\"name\":\"Comment\",\"target\":[\"https:\\\/\\\/kibrisdakik.com\\\/?p=80998#respond\"]}]},{\"@type\":\"WebPage\",\"@id\":\"https:\\\/\\\/kibrisdakik.com\\\/?p=80998\",\"url\":\"https:\\\/\\\/kibrisdakik.com\\\/?p=80998\",\"name\":\"Atao\u011flu \u0130stanbul\u2019daki depremden dolay\u0131 T\u00fcrkiye\u2019ye ge\u00e7mi\u015f olsun dileklerini iletti -\",\"isPartOf\":{\"@id\":\"https:\\\/\\\/kibrisdakik.com\\\/#website\"},\"primaryImageOfPage\":{\"@id\":\"https:\\\/\\\/kibrisdakik.com\\\/?p=80998#primaryimage\"},\"image\":{\"@id\":\"https:\\\/\\\/kibrisdakik.com\\\/?p=80998#primaryimage\"},\"thumbnailUrl\":\"https:\\\/\\\/kibrisdakik.com\\\/wp-content\\\/uploads\\\/2025\\\/04\\\/fikri-ataoglu-2-1.jpg\",\"datePublished\":\"2025-04-24T07:58:45+00:00\",\"author\":{\"@id\":\"https:\\\/\\\/kibrisdakik.com\\\/#\\\/schema\\\/person\\\/9cd9d437bbb44f72b73ba127e06d8e79\"},\"breadcrumb\":{\"@id\":\"https:\\\/\\\/kibrisdakik.com\\\/?p=80998#breadcrumb\"},\"inLanguage\":\"tr\",\"potentialAction\":[{\"@type\":\"ReadAction\",\"target\":[\"https:\\\/\\\/kibrisdakik.com\\\/?p=80998\"]}]},{\"@type\":\"ImageObject\",\"inLanguage\":\"tr\",\"@id\":\"https:\\\/\\\/kibrisdakik.com\\\/?p=80998#primaryimage\",\"url\":\"https:\\\/\\\/kibrisdakik.com\\\/wp-content\\\/uploads\\\/2025\\\/04\\\/fikri-ataoglu-2-1.jpg\",\"contentUrl\":\"https:\\\/\\\/kibrisdakik.com\\\/wp-content\\\/uploads\\\/2025\\\/04\\\/fikri-ataoglu-2-1.jpg\",\"width\":360,\"height\":270},{\"@type\":\"BreadcrumbList\",\"@id\":\"https:\\\/\\\/kibrisdakik.com\\\/?p=80998#breadcrumb\",\"itemListElement\":[{\"@type\":\"ListItem\",\"position\":1,\"name\":\"Home\",\"item\":\"https:\\\/\\\/kibrisdakik.com\\\/\"},{\"@type\":\"ListItem\",\"position\":2,\"name\":\"Atao\u011flu \u0130stanbul\u2019daki depremden dolay\u0131 T\u00fcrkiye\u2019ye ge\u00e7mi\u015f olsun dileklerini iletti\"}]},{\"@type\":\"WebSite\",\"@id\":\"https:\\\/\\\/kibrisdakik.com\\\/#website\",\"url\":\"https:\\\/\\\/kibrisdakik.com\\\/\",\"name\":\"\",\"description\":\"Tam vaktinde haber\",\"potentialAction\":[{\"@type\":\"SearchAction\",\"target\":{\"@type\":\"EntryPoint\",\"urlTemplate\":\"https:\\\/\\\/kibrisdakik.com\\\/?s={search_term_string}\"},\"query-input\":{\"@type\":\"PropertyValueSpecification\",\"valueRequired\":true,\"valueName\":\"search_term_string\"}}],\"inLanguage\":\"tr\"},{\"@type\":\"Person\",\"@id\":\"https:\\\/\\\/kibrisdakik.com\\\/#\\\/schema\\\/person\\\/9cd9d437bbb44f72b73ba127e06d8e79\",\"name\":\"admin\",\"image\":{\"@type\":\"ImageObject\",\"inLanguage\":\"tr\",\"@id\":\"https:\\\/\\\/secure.gravatar.com\\\/avatar\\\/ccc17943b9d660506c869530f897617f7cb1c21a4bf30023f252596d83e1f007?s=96&d=mm&r=g\",\"url\":\"https:\\\/\\\/secure.gravatar.com\\\/avatar\\\/ccc17943b9d660506c869530f897617f7cb1c21a4bf30023f252596d83e1f007?s=96&d=mm&r=g\",\"contentUrl\":\"https:\\\/\\\/secure.gravatar.com\\\/avatar\\\/ccc17943b9d660506c869530f897617f7cb1c21a4bf30023f252596d83e1f007?s=96&d=mm&r=g\",\"caption\":\"admin\"},\"sameAs\":[\"https:\\\/\\\/kibrisdakik.com\"],\"url\":\"https:\\\/\\\/kibrisdakik.com\\\/?author=1\"}]}<\/script>\n<!-- \/ Yoast SEO plugin. -->","yoast_head_json":{"title":"Atao\u011flu \u0130stanbul\u2019daki depremden dolay\u0131 T\u00fcrkiye\u2019ye ge\u00e7mi\u015f olsun dileklerini iletti -","robots":{"index":"index","follow":"follow","max-snippet":"max-snippet:-1","max-image-preview":"max-image-preview:large","max-video-preview":"max-video-preview:-1"},"canonical":"https:\/\/kibrisdakik.com\/?p=80998","og_locale":"tr_TR","og_type":"article","og_title":"Atao\u011flu \u0130stanbul\u2019daki depremden dolay\u0131 T\u00fcrkiye\u2019ye ge\u00e7mi\u015f olsun dileklerini iletti -","og_description":"Ba\u015fbakan Yard\u0131mc\u0131s\u0131, Turizm, K\u00fclt\u00fcr, Gen\u00e7lik ve \u00c7evre Bakan\u0131, Demokrat Parti (DP) Genel Ba\u015fkan\u0131 Fikri Atao\u011flu, d\u00fcn ya\u015fanan depremden dolay\u0131 T\u00fcrkiye\u2019ye ge\u00e7mi\u015f olsun dileklerini iletti. Atao\u011flu mesaj\u0131nda \u201c\u0130stanbul Silivri ve \u00e7evresinde ya\u015fanan deprem nedeniyle b\u00fcy\u00fck bir \u00fcz\u00fcnt\u00fc i\u00e7erisindeyiz. Depremden etkilenen t\u00fcm karde\u015flerimize ge\u00e7mi\u015f olsun dileklerimi iletiyorum. Yaral\u0131 vatanda\u015flar\u0131m\u0131za acil \u015fifalar, zarar g\u00f6ren t\u00fcm ailelere sab\u0131r ve","og_url":"https:\/\/kibrisdakik.com\/?p=80998","article_published_time":"2025-04-24T07:58:45+00:00","og_image":[{"width":360,"height":270,"url":"https:\/\/kibrisdakik.com\/wp-content\/uploads\/2025\/04\/fikri-ataoglu-2-1.jpg","type":"image\/jpeg"}],"author":"admin","twitter_card":"summary_large_image","twitter_misc":{"Yazan:":"admin","Tahmini okuma s\u00fcresi":"1 dakika"},"schema":{"@context":"https:\/\/schema.org","@graph":[{"@type":"Article","@id":"https:\/\/kibrisdakik.com\/?p=80998#article","isPartOf":{"@id":"https:\/\/kibrisdakik.com\/?p=80998"},"author":{"name":"admin","@id":"https:\/\/kibrisdakik.com\/#\/schema\/person\/9cd9d437bbb44f72b73ba127e06d8e79"},"headline":"Atao\u011flu \u0130stanbul\u2019daki depremden dolay\u0131 T\u00fcrkiye\u2019ye ge\u00e7mi\u015f olsun dileklerini iletti","datePublished":"2025-04-24T07:58:45+00:00","mainEntityOfPage":{"@id":"https:\/\/kibrisdakik.com\/?p=80998"},"wordCount":168,"commentCount":0,"image":{"@id":"https:\/\/kibrisdakik.com\/?p=80998#primaryimage"},"thumbnailUrl":"https:\/\/kibrisdakik.com\/wp-content\/uploads\/2025\/04\/fikri-ataoglu-2-1.jpg","articleSection":["K\u0131br\u0131s","Man\u015fet"],"inLanguage":"tr","potentialAction":[{"@type":"CommentAction","name":"Comment","target":["https:\/\/kibrisdakik.com\/?p=80998#respond"]}]},{"@type":"WebPage","@id":"https:\/\/kibrisdakik.com\/?p=80998","url":"https:\/\/kibrisdakik.com\/?p=80998","name":"Atao\u011flu \u0130stanbul\u2019daki depremden dolay\u0131 T\u00fcrkiye\u2019ye ge\u00e7mi\u015f olsun dileklerini iletti -","isPartOf":{"@id":"https:\/\/kibrisdakik.com\/#website"},"primaryImageOfPage":{"@id":"https:\/\/kibrisdakik.com\/?p=80998#primaryimage"},"image":{"@id":"https:\/\/kibrisdakik.com\/?p=80998#primaryimage"},"thumbnailUrl":"https:\/\/kibrisdakik.com\/wp-content\/uploads\/2025\/04\/fikri-ataoglu-2-1.jpg","datePublished":"2025-04-24T07:58:45+00:00","author":{"@id":"https:\/\/kibrisdakik.com\/#\/schema\/person\/9cd9d437bbb44f72b73ba127e06d8e79"},"breadcrumb":{"@id":"https:\/\/kibrisdakik.com\/?p=80998#breadcrumb"},"inLanguage":"tr","potentialAction":[{"@type":"ReadAction","target":["https:\/\/kibrisdakik.com\/?p=80998"]}]},{"@type":"ImageObject","inLanguage":"tr","@id":"https:\/\/kibrisdakik.com\/?p=80998#primaryimage","url":"https:\/\/kibrisdakik.com\/wp-content\/uploads\/2025\/04\/fikri-ataoglu-2-1.jpg","contentUrl":"https:\/\/kibrisdakik.com\/wp-content\/uploads\/2025\/04\/fikri-ataoglu-2-1.jpg","width":360,"height":270},{"@type":"BreadcrumbList","@id":"https:\/\/kibrisdakik.com\/?p=80998#breadcrumb","itemListElement":[{"@type":"ListItem","position":1,"name":"Home","item":"https:\/\/kibrisdakik.com\/"},{"@type":"ListItem","position":2,"name":"Atao\u011flu \u0130stanbul\u2019daki depremden dolay\u0131 T\u00fcrkiye\u2019ye ge\u00e7mi\u015f olsun dileklerini iletti"}]},{"@type":"WebSite","@id":"https:\/\/kibrisdakik.com\/#website","url":"https:\/\/kibrisdakik.com\/","name":"","description":"Tam vaktinde haber","potentialAction":[{"@type":"SearchAction","target":{"@type":"EntryPoint","urlTemplate":"https:\/\/kibrisdakik.com\/?s={search_term_string}"},"query-input":{"@type":"PropertyValueSpecification","valueRequired":true,"valueName":"search_term_string"}}],"inLanguage":"tr"},{"@type":"Person","@id":"https:\/\/kibrisdakik.com\/#\/schema\/person\/9cd9d437bbb44f72b73ba127e06d8e79","name":"admin","image":{"@type":"ImageObject","inLanguage":"tr","@id":"https:\/\/secure.gravatar.com\/avatar\/ccc17943b9d660506c869530f897617f7cb1c21a4bf30023f252596d83e1f007?s=96&d=mm&r=g","url":"https:\/\/secure.gravatar.com\/avatar\/ccc17943b9d660506c869530f897617f7cb1c21a4bf30023f252596d83e1f007?s=96&d=mm&r=g","contentUrl":"https:\/\/secure.gravatar.com\/avatar\/ccc17943b9d660506c869530f897617f7cb1c21a4bf30023f252596d83e1f007?s=96&d=mm&r=g","caption":"admin"},"sameAs":["https:\/\/kibrisdakik.com"],"url":"https:\/\/kibrisdakik.com\/?author=1"}]}},"_links":{"self":[{"href":"https:\/\/kibrisdakik.com\/index.php?rest_route=\/wp\/v2\/posts\/80998","targetHints":{"allow":["GET"]}}],"collection":[{"href":"https:\/\/kibrisdakik.com\/index.php?rest_route=\/wp\/v2\/posts"}],"about":[{"href":"https:\/\/kibrisdakik.com\/index.php?rest_route=\/wp\/v2\/types\/post"}],"author":[{"embeddable":true,"href":"https:\/\/kibrisdakik.com\/index.php?rest_route=\/wp\/v2\/users\/1"}],"replies":[{"embeddable":true,"href":"https:\/\/kibrisdakik.com\/index.php?rest_route=%2Fwp%2Fv2%2Fcomments&post=80998"}],"version-history":[{"count":0,"href":"https:\/\/kibrisdakik.com\/index.php?rest_route=\/wp\/v2\/posts\/80998\/revisions"}],"wp:featuredmedia":[{"embeddable":true,"href":"https:\/\/kibrisdakik.com\/index.php?rest_route=\/wp\/v2\/media\/80999"}],"wp:attachment":[{"href":"https:\/\/kibrisdakik.com\/index.php?rest_route=%2Fwp%2Fv2%2Fmedia&parent=80998"}],"wp:term":[{"taxonomy":"category","embeddable":true,"href":"https:\/\/kibrisdakik.com\/index.php?rest_route=%2Fwp%2Fv2%2Fcategories&post=80998"},{"taxonomy":"post_tag","embeddable":true,"href":"https:\/\/kibrisdakik.com\/index.php?rest_route=%2Fwp%2Fv2%2Ftags&post=80998"}],"curies":[{"name":"wp","href":"https:\/\/api.w.org\/{rel}","templated":true}]}}