{"id":81018,"date":"2025-04-24T14:35:23","date_gmt":"2025-04-24T11:35:23","guid":{"rendered":"https:\/\/kibrisdakik.com\/index.php\/2025\/04\/24\/ctp-genclik-orgutu-girne-ilcesinden-girne-ozel-egitim-merkezine-ziyaret\/"},"modified":"2025-04-24T14:35:23","modified_gmt":"2025-04-24T11:35:23","slug":"ctp-genclik-orgutu-girne-ilcesinden-girne-ozel-egitim-merkezine-ziyaret","status":"publish","type":"post","link":"https:\/\/kibrisdakik.com\/?p=81018","title":{"rendered":"CTP Gen\u00e7lik \u00d6rg\u00fct\u00fc Girne \u0130l\u00e7esinden Girne \u00d6zel E\u011fitim Merkezi\u2019ne ziyaret"},"content":{"rendered":"<div>\n<div class=\"mariselle-image-container none\">\n                                            <\/div>\n<p style=\"font-weight: 300;\"><span style=\"font-weight: 300 !important;\">Cumhuriyet\u00e7i T\u00fcrk Partisi (CTP) Gen\u00e7lik \u00d6rg\u00fct\u00fc Girne \u0130l\u00e7esi, 23 Nisan Ulusal Egemenlik ve \u00c7ocuk Bayram\u0131 vesilesiyle Girne \u00d6zel E\u011fitim Merkezi\u2019ni ziyaret etti.<\/span><\/p>\n<p style=\"font-weight: 300;\"><span style=\"font-weight: 300 !important;\">CTP Bas\u0131n B\u00fcrosu\u2019ndan yap\u0131lan yaz\u0131l\u0131 a\u00e7\u0131klamaya g\u00f6re, \u201cEn \u00f6zel \u00e7ocuklar\u0131m\u0131zla bir araya geldik; sevgiyle kar\u015f\u0131land\u0131k, birlikte g\u00fcl\u00fcmsedik ve kalplerimizi \u0131s\u0131tan anlar ya\u015fad\u0131k.\u201d a\u00e7\u0131klamas\u0131nda bulunan gen\u00e7lere, CTP \u00d6rg\u00fct Sekreteri Mehmet Kale Ki\u015fi de e\u015flik etti.<\/span><\/p>\n<p style=\"font-weight: 300;\"><span style=\"font-weight: 300 !important;\">Ziyaret, CTP Gen\u00e7lik \u00d6rg\u00fct\u00fc Girne \u0130l\u00e7e Ba\u015fkan\u0131 D\u00fcnay La\u00e7in Soyal ve CTP Gen\u00e7lik \u00d6rg\u00fct\u00fc Girne il\u00e7e y\u00f6neticilerinin kat\u0131l\u0131m\u0131yla ger\u00e7ekle\u015fti.<\/span><\/p>\n<p>\u00a0<\/p>\n<p>\u00a0<\/p>\n<\/p><\/div>\n<p><script async\n                    defer\n                    crossorigin=\"anonymous\"\n                    src=\"https:\/\/connect.facebook.net\/tr_TR\/sdk.js#xfbml=1&#038;version=v3.3\"\n            ><\/script><\/p>\n","protected":false},"excerpt":{"rendered":"<p>Cumhuriyet\u00e7i T\u00fcrk Partisi (CTP) Gen\u00e7lik \u00d6rg\u00fct\u00fc Girne \u0130l\u00e7esi, 23 Nisan Ulusal Egemenlik ve \u00c7ocuk Bayram\u0131 vesilesiyle Girne \u00d6zel E\u011fitim Merkezi\u2019ni ziyaret etti. CTP Bas\u0131n B\u00fcrosu\u2019ndan yap\u0131lan yaz\u0131l\u0131 a\u00e7\u0131klamaya g\u00f6re, \u201cEn \u00f6zel \u00e7ocuklar\u0131m\u0131zla bir araya geldik; sevgiyle kar\u015f\u0131land\u0131k, birlikte g\u00fcl\u00fcmsedik ve kalplerimizi \u0131s\u0131tan anlar ya\u015fad\u0131k.\u201d a\u00e7\u0131klamas\u0131nda bulunan gen\u00e7lere, CTP \u00d6rg\u00fct Sekreteri Mehmet Kale Ki\u015fi de e\u015flik<\/p>\n","protected":false},"author":1,"featured_media":81019,"comment_status":"open","ping_status":"open","sticky":false,"template":"","format":"standard","meta":{"footnotes":""},"categories":[81,101],"tags":[],"class_list":["post-81018","post","type-post","status-publish","format-standard","has-post-thumbnail","hentry","category-kibris","category-manset"],"yoast_head":"<!-- This site is optimized with the Yoast SEO plugin v27.5 - https:\/\/yoast.com\/product\/yoast-seo-wordpress\/ -->\n<title>CTP Gen\u00e7lik \u00d6rg\u00fct\u00fc Girne \u0130l\u00e7esinden Girne \u00d6zel E\u011fitim Merkezi\u2019ne ziyaret -<\/title>\n<meta name=\"robots\" content=\"index, follow, max-snippet:-1, max-image-preview:large, max-video-preview:-1\" \/>\n<link rel=\"canonical\" href=\"https:\/\/kibrisdakik.com\/?p=81018\" \/>\n<meta property=\"og:locale\" content=\"tr_TR\" \/>\n<meta property=\"og:type\" content=\"article\" \/>\n<meta property=\"og:title\" content=\"CTP Gen\u00e7lik \u00d6rg\u00fct\u00fc Girne \u0130l\u00e7esinden Girne \u00d6zel E\u011fitim Merkezi\u2019ne ziyaret -\" \/>\n<meta property=\"og:description\" content=\"Cumhuriyet\u00e7i T\u00fcrk Partisi (CTP) Gen\u00e7lik \u00d6rg\u00fct\u00fc Girne \u0130l\u00e7esi, 23 Nisan Ulusal Egemenlik ve \u00c7ocuk Bayram\u0131 vesilesiyle Girne \u00d6zel E\u011fitim Merkezi\u2019ni ziyaret etti. CTP Bas\u0131n B\u00fcrosu\u2019ndan yap\u0131lan yaz\u0131l\u0131 a\u00e7\u0131klamaya g\u00f6re, \u201cEn \u00f6zel \u00e7ocuklar\u0131m\u0131zla bir araya geldik; sevgiyle kar\u015f\u0131land\u0131k, birlikte g\u00fcl\u00fcmsedik ve kalplerimizi \u0131s\u0131tan anlar ya\u015fad\u0131k.\u201d a\u00e7\u0131klamas\u0131nda bulunan gen\u00e7lere, CTP \u00d6rg\u00fct Sekreteri Mehmet Kale Ki\u015fi de e\u015flik\" \/>\n<meta property=\"og:url\" content=\"https:\/\/kibrisdakik.com\/?p=81018\" \/>\n<meta property=\"article:published_time\" content=\"2025-04-24T11:35:23+00:00\" \/>\n<meta property=\"og:image\" content=\"https:\/\/kibrisdakik.com\/wp-content\/uploads\/2025\/04\/1745491989360CTP-Girne-Ilce-Gencler-740x420.jpeg\" \/>\n\t<meta property=\"og:image:width\" content=\"927\" \/>\n\t<meta property=\"og:image:height\" content=\"431\" \/>\n\t<meta property=\"og:image:type\" content=\"image\/jpeg\" \/>\n<meta name=\"author\" content=\"admin\" \/>\n<meta name=\"twitter:card\" content=\"summary_large_image\" \/>\n<meta name=\"twitter:label1\" content=\"Yazan:\" \/>\n\t<meta name=\"twitter:data1\" content=\"admin\" \/>\n\t<meta name=\"twitter:label2\" content=\"Tahmini okuma s\u00fcresi\" \/>\n\t<meta name=\"twitter:data2\" content=\"1 dakika\" \/>\n<script type=\"application\/ld+json\" class=\"yoast-schema-graph\">{\"@context\":\"https:\\\/\\\/schema.org\",\"@graph\":[{\"@type\":\"Article\",\"@id\":\"https:\\\/\\\/kibrisdakik.com\\\/?p=81018#article\",\"isPartOf\":{\"@id\":\"https:\\\/\\\/kibrisdakik.com\\\/?p=81018\"},\"author\":{\"name\":\"admin\",\"@id\":\"https:\\\/\\\/kibrisdakik.com\\\/#\\\/schema\\\/person\\\/9cd9d437bbb44f72b73ba127e06d8e79\"},\"headline\":\"CTP Gen\u00e7lik \u00d6rg\u00fct\u00fc Girne \u0130l\u00e7esinden Girne \u00d6zel E\u011fitim Merkezi\u2019ne ziyaret\",\"datePublished\":\"2025-04-24T11:35:23+00:00\",\"mainEntityOfPage\":{\"@id\":\"https:\\\/\\\/kibrisdakik.com\\\/?p=81018\"},\"wordCount\":133,\"commentCount\":0,\"image\":{\"@id\":\"https:\\\/\\\/kibrisdakik.com\\\/?p=81018#primaryimage\"},\"thumbnailUrl\":\"https:\\\/\\\/kibrisdakik.com\\\/wp-content\\\/uploads\\\/2025\\\/04\\\/1745491989360CTP-Girne-Ilce-Gencler-740x420.jpeg\",\"articleSection\":[\"K\u0131br\u0131s\",\"Man\u015fet\"],\"inLanguage\":\"tr\",\"potentialAction\":[{\"@type\":\"CommentAction\",\"name\":\"Comment\",\"target\":[\"https:\\\/\\\/kibrisdakik.com\\\/?p=81018#respond\"]}]},{\"@type\":\"WebPage\",\"@id\":\"https:\\\/\\\/kibrisdakik.com\\\/?p=81018\",\"url\":\"https:\\\/\\\/kibrisdakik.com\\\/?p=81018\",\"name\":\"CTP Gen\u00e7lik \u00d6rg\u00fct\u00fc Girne \u0130l\u00e7esinden Girne \u00d6zel E\u011fitim Merkezi\u2019ne ziyaret -\",\"isPartOf\":{\"@id\":\"https:\\\/\\\/kibrisdakik.com\\\/#website\"},\"primaryImageOfPage\":{\"@id\":\"https:\\\/\\\/kibrisdakik.com\\\/?p=81018#primaryimage\"},\"image\":{\"@id\":\"https:\\\/\\\/kibrisdakik.com\\\/?p=81018#primaryimage\"},\"thumbnailUrl\":\"https:\\\/\\\/kibrisdakik.com\\\/wp-content\\\/uploads\\\/2025\\\/04\\\/1745491989360CTP-Girne-Ilce-Gencler-740x420.jpeg\",\"datePublished\":\"2025-04-24T11:35:23+00:00\",\"author\":{\"@id\":\"https:\\\/\\\/kibrisdakik.com\\\/#\\\/schema\\\/person\\\/9cd9d437bbb44f72b73ba127e06d8e79\"},\"breadcrumb\":{\"@id\":\"https:\\\/\\\/kibrisdakik.com\\\/?p=81018#breadcrumb\"},\"inLanguage\":\"tr\",\"potentialAction\":[{\"@type\":\"ReadAction\",\"target\":[\"https:\\\/\\\/kibrisdakik.com\\\/?p=81018\"]}]},{\"@type\":\"ImageObject\",\"inLanguage\":\"tr\",\"@id\":\"https:\\\/\\\/kibrisdakik.com\\\/?p=81018#primaryimage\",\"url\":\"https:\\\/\\\/kibrisdakik.com\\\/wp-content\\\/uploads\\\/2025\\\/04\\\/1745491989360CTP-Girne-Ilce-Gencler-740x420.jpeg\",\"contentUrl\":\"https:\\\/\\\/kibrisdakik.com\\\/wp-content\\\/uploads\\\/2025\\\/04\\\/1745491989360CTP-Girne-Ilce-Gencler-740x420.jpeg\",\"width\":927,\"height\":431},{\"@type\":\"BreadcrumbList\",\"@id\":\"https:\\\/\\\/kibrisdakik.com\\\/?p=81018#breadcrumb\",\"itemListElement\":[{\"@type\":\"ListItem\",\"position\":1,\"name\":\"Home\",\"item\":\"https:\\\/\\\/kibrisdakik.com\\\/\"},{\"@type\":\"ListItem\",\"position\":2,\"name\":\"CTP Gen\u00e7lik \u00d6rg\u00fct\u00fc Girne \u0130l\u00e7esinden Girne \u00d6zel E\u011fitim Merkezi\u2019ne ziyaret\"}]},{\"@type\":\"WebSite\",\"@id\":\"https:\\\/\\\/kibrisdakik.com\\\/#website\",\"url\":\"https:\\\/\\\/kibrisdakik.com\\\/\",\"name\":\"\",\"description\":\"Tam vaktinde haber\",\"potentialAction\":[{\"@type\":\"SearchAction\",\"target\":{\"@type\":\"EntryPoint\",\"urlTemplate\":\"https:\\\/\\\/kibrisdakik.com\\\/?s={search_term_string}\"},\"query-input\":{\"@type\":\"PropertyValueSpecification\",\"valueRequired\":true,\"valueName\":\"search_term_string\"}}],\"inLanguage\":\"tr\"},{\"@type\":\"Person\",\"@id\":\"https:\\\/\\\/kibrisdakik.com\\\/#\\\/schema\\\/person\\\/9cd9d437bbb44f72b73ba127e06d8e79\",\"name\":\"admin\",\"image\":{\"@type\":\"ImageObject\",\"inLanguage\":\"tr\",\"@id\":\"https:\\\/\\\/secure.gravatar.com\\\/avatar\\\/ccc17943b9d660506c869530f897617f7cb1c21a4bf30023f252596d83e1f007?s=96&d=mm&r=g\",\"url\":\"https:\\\/\\\/secure.gravatar.com\\\/avatar\\\/ccc17943b9d660506c869530f897617f7cb1c21a4bf30023f252596d83e1f007?s=96&d=mm&r=g\",\"contentUrl\":\"https:\\\/\\\/secure.gravatar.com\\\/avatar\\\/ccc17943b9d660506c869530f897617f7cb1c21a4bf30023f252596d83e1f007?s=96&d=mm&r=g\",\"caption\":\"admin\"},\"sameAs\":[\"https:\\\/\\\/kibrisdakik.com\"],\"url\":\"https:\\\/\\\/kibrisdakik.com\\\/?author=1\"}]}<\/script>\n<!-- \/ Yoast SEO plugin. -->","yoast_head_json":{"title":"CTP Gen\u00e7lik \u00d6rg\u00fct\u00fc Girne \u0130l\u00e7esinden Girne \u00d6zel E\u011fitim Merkezi\u2019ne ziyaret -","robots":{"index":"index","follow":"follow","max-snippet":"max-snippet:-1","max-image-preview":"max-image-preview:large","max-video-preview":"max-video-preview:-1"},"canonical":"https:\/\/kibrisdakik.com\/?p=81018","og_locale":"tr_TR","og_type":"article","og_title":"CTP Gen\u00e7lik \u00d6rg\u00fct\u00fc Girne \u0130l\u00e7esinden Girne \u00d6zel E\u011fitim Merkezi\u2019ne ziyaret -","og_description":"Cumhuriyet\u00e7i T\u00fcrk Partisi (CTP) Gen\u00e7lik \u00d6rg\u00fct\u00fc Girne \u0130l\u00e7esi, 23 Nisan Ulusal Egemenlik ve \u00c7ocuk Bayram\u0131 vesilesiyle Girne \u00d6zel E\u011fitim Merkezi\u2019ni ziyaret etti. CTP Bas\u0131n B\u00fcrosu\u2019ndan yap\u0131lan yaz\u0131l\u0131 a\u00e7\u0131klamaya g\u00f6re, \u201cEn \u00f6zel \u00e7ocuklar\u0131m\u0131zla bir araya geldik; sevgiyle kar\u015f\u0131land\u0131k, birlikte g\u00fcl\u00fcmsedik ve kalplerimizi \u0131s\u0131tan anlar ya\u015fad\u0131k.\u201d a\u00e7\u0131klamas\u0131nda bulunan gen\u00e7lere, CTP \u00d6rg\u00fct Sekreteri Mehmet Kale Ki\u015fi de e\u015flik","og_url":"https:\/\/kibrisdakik.com\/?p=81018","article_published_time":"2025-04-24T11:35:23+00:00","og_image":[{"width":927,"height":431,"url":"https:\/\/kibrisdakik.com\/wp-content\/uploads\/2025\/04\/1745491989360CTP-Girne-Ilce-Gencler-740x420.jpeg","type":"image\/jpeg"}],"author":"admin","twitter_card":"summary_large_image","twitter_misc":{"Yazan:":"admin","Tahmini okuma s\u00fcresi":"1 dakika"},"schema":{"@context":"https:\/\/schema.org","@graph":[{"@type":"Article","@id":"https:\/\/kibrisdakik.com\/?p=81018#article","isPartOf":{"@id":"https:\/\/kibrisdakik.com\/?p=81018"},"author":{"name":"admin","@id":"https:\/\/kibrisdakik.com\/#\/schema\/person\/9cd9d437bbb44f72b73ba127e06d8e79"},"headline":"CTP Gen\u00e7lik \u00d6rg\u00fct\u00fc Girne \u0130l\u00e7esinden Girne \u00d6zel E\u011fitim Merkezi\u2019ne ziyaret","datePublished":"2025-04-24T11:35:23+00:00","mainEntityOfPage":{"@id":"https:\/\/kibrisdakik.com\/?p=81018"},"wordCount":133,"commentCount":0,"image":{"@id":"https:\/\/kibrisdakik.com\/?p=81018#primaryimage"},"thumbnailUrl":"https:\/\/kibrisdakik.com\/wp-content\/uploads\/2025\/04\/1745491989360CTP-Girne-Ilce-Gencler-740x420.jpeg","articleSection":["K\u0131br\u0131s","Man\u015fet"],"inLanguage":"tr","potentialAction":[{"@type":"CommentAction","name":"Comment","target":["https:\/\/kibrisdakik.com\/?p=81018#respond"]}]},{"@type":"WebPage","@id":"https:\/\/kibrisdakik.com\/?p=81018","url":"https:\/\/kibrisdakik.com\/?p=81018","name":"CTP Gen\u00e7lik \u00d6rg\u00fct\u00fc Girne \u0130l\u00e7esinden Girne \u00d6zel E\u011fitim Merkezi\u2019ne ziyaret -","isPartOf":{"@id":"https:\/\/kibrisdakik.com\/#website"},"primaryImageOfPage":{"@id":"https:\/\/kibrisdakik.com\/?p=81018#primaryimage"},"image":{"@id":"https:\/\/kibrisdakik.com\/?p=81018#primaryimage"},"thumbnailUrl":"https:\/\/kibrisdakik.com\/wp-content\/uploads\/2025\/04\/1745491989360CTP-Girne-Ilce-Gencler-740x420.jpeg","datePublished":"2025-04-24T11:35:23+00:00","author":{"@id":"https:\/\/kibrisdakik.com\/#\/schema\/person\/9cd9d437bbb44f72b73ba127e06d8e79"},"breadcrumb":{"@id":"https:\/\/kibrisdakik.com\/?p=81018#breadcrumb"},"inLanguage":"tr","potentialAction":[{"@type":"ReadAction","target":["https:\/\/kibrisdakik.com\/?p=81018"]}]},{"@type":"ImageObject","inLanguage":"tr","@id":"https:\/\/kibrisdakik.com\/?p=81018#primaryimage","url":"https:\/\/kibrisdakik.com\/wp-content\/uploads\/2025\/04\/1745491989360CTP-Girne-Ilce-Gencler-740x420.jpeg","contentUrl":"https:\/\/kibrisdakik.com\/wp-content\/uploads\/2025\/04\/1745491989360CTP-Girne-Ilce-Gencler-740x420.jpeg","width":927,"height":431},{"@type":"BreadcrumbList","@id":"https:\/\/kibrisdakik.com\/?p=81018#breadcrumb","itemListElement":[{"@type":"ListItem","position":1,"name":"Home","item":"https:\/\/kibrisdakik.com\/"},{"@type":"ListItem","position":2,"name":"CTP Gen\u00e7lik \u00d6rg\u00fct\u00fc Girne \u0130l\u00e7esinden Girne \u00d6zel E\u011fitim Merkezi\u2019ne ziyaret"}]},{"@type":"WebSite","@id":"https:\/\/kibrisdakik.com\/#website","url":"https:\/\/kibrisdakik.com\/","name":"","description":"Tam vaktinde haber","potentialAction":[{"@type":"SearchAction","target":{"@type":"EntryPoint","urlTemplate":"https:\/\/kibrisdakik.com\/?s={search_term_string}"},"query-input":{"@type":"PropertyValueSpecification","valueRequired":true,"valueName":"search_term_string"}}],"inLanguage":"tr"},{"@type":"Person","@id":"https:\/\/kibrisdakik.com\/#\/schema\/person\/9cd9d437bbb44f72b73ba127e06d8e79","name":"admin","image":{"@type":"ImageObject","inLanguage":"tr","@id":"https:\/\/secure.gravatar.com\/avatar\/ccc17943b9d660506c869530f897617f7cb1c21a4bf30023f252596d83e1f007?s=96&d=mm&r=g","url":"https:\/\/secure.gravatar.com\/avatar\/ccc17943b9d660506c869530f897617f7cb1c21a4bf30023f252596d83e1f007?s=96&d=mm&r=g","contentUrl":"https:\/\/secure.gravatar.com\/avatar\/ccc17943b9d660506c869530f897617f7cb1c21a4bf30023f252596d83e1f007?s=96&d=mm&r=g","caption":"admin"},"sameAs":["https:\/\/kibrisdakik.com"],"url":"https:\/\/kibrisdakik.com\/?author=1"}]}},"_links":{"self":[{"href":"https:\/\/kibrisdakik.com\/index.php?rest_route=\/wp\/v2\/posts\/81018","targetHints":{"allow":["GET"]}}],"collection":[{"href":"https:\/\/kibrisdakik.com\/index.php?rest_route=\/wp\/v2\/posts"}],"about":[{"href":"https:\/\/kibrisdakik.com\/index.php?rest_route=\/wp\/v2\/types\/post"}],"author":[{"embeddable":true,"href":"https:\/\/kibrisdakik.com\/index.php?rest_route=\/wp\/v2\/users\/1"}],"replies":[{"embeddable":true,"href":"https:\/\/kibrisdakik.com\/index.php?rest_route=%2Fwp%2Fv2%2Fcomments&post=81018"}],"version-history":[{"count":0,"href":"https:\/\/kibrisdakik.com\/index.php?rest_route=\/wp\/v2\/posts\/81018\/revisions"}],"wp:featuredmedia":[{"embeddable":true,"href":"https:\/\/kibrisdakik.com\/index.php?rest_route=\/wp\/v2\/media\/81019"}],"wp:attachment":[{"href":"https:\/\/kibrisdakik.com\/index.php?rest_route=%2Fwp%2Fv2%2Fmedia&parent=81018"}],"wp:term":[{"taxonomy":"category","embeddable":true,"href":"https:\/\/kibrisdakik.com\/index.php?rest_route=%2Fwp%2Fv2%2Fcategories&post=81018"},{"taxonomy":"post_tag","embeddable":true,"href":"https:\/\/kibrisdakik.com\/index.php?rest_route=%2Fwp%2Fv2%2Ftags&post=81018"}],"curies":[{"name":"wp","href":"https:\/\/api.w.org\/{rel}","templated":true}]}}