{"id":81036,"date":"2025-04-24T15:58:19","date_gmt":"2025-04-24T12:58:19","guid":{"rendered":"https:\/\/kibrisdakik.com\/index.php\/2025\/04\/24\/magusa-surici-dernegi-sahil-temizligi-yapti\/"},"modified":"2025-04-24T15:58:19","modified_gmt":"2025-04-24T12:58:19","slug":"magusa-surici-dernegi-sahil-temizligi-yapti","status":"publish","type":"post","link":"https:\/\/kibrisdakik.com\/?p=81036","title":{"rendered":"Ma\u011fusa Suri\u00e7i Derne\u011fi, sahil temizli\u011fi yapt\u0131"},"content":{"rendered":"<div>\n<div class=\"mariselle-image-container center\">\n                                            <\/div>\n<p>Ma\u011fusa Suri\u00e7i Derne\u011fi, 22 Nisan D\u00fcnya G\u00fcn\u00fc nedeniyle \u00c7anakkale Ortaokulu \u00f6\u011frencileriyle birlikte sahil temizli\u011fi yapt\u0131.<\/p>\n<p>Glapsides sahilinde yap\u0131lan sahil temizli\u011fi \u00f6ncesi Ma\u011fusa Suri\u00e7i Derne\u011fi Ba\u015fkan\u0131 Serdar Atai, BRT\u2019ye a\u00e7\u0131klama yapt\u0131.<br \/>Derne\u011fin rutin temizlik \u00e7al\u0131\u015fmalar\u0131 yapt\u0131\u011f\u0131n\u0131 dile getiren Atai, \u00c7anakkale Ortaokulu\u2019ndan gelen talep \u00fczerine i\u015fbirli\u011fi i\u00e7erinde plaj temizli\u011fi ger\u00e7ekle\u015ftirdiklerini s\u00f6yledi.<\/p>\n<p>\t\u00dclkede \u00e7evre kirlili\u011finin yayg\u0131n oldu\u011funu ifade eden Atai, \u00e7evreyi kirletenlere para cezas\u0131 verilmesi gerekti\u011fini vurgulad\u0131.<\/p>\n<p>\t\u00c7anakkale Ortaokulu M\u00fcd\u00fcr Muavini Mahmut Kara da, 25 onur kurulu \u00f6\u011frencisiyle birlikte sahil temizli\u011fine kat\u0131ld\u0131klar\u0131n\u0131 belirtti.<\/p>\n<\/p><\/div>\n<p><script async\n                    defer\n                    crossorigin=\"anonymous\"\n                    src=\"https:\/\/connect.facebook.net\/tr_TR\/sdk.js#xfbml=1&#038;version=v3.3\"\n            ><\/script><\/p>\n","protected":false},"excerpt":{"rendered":"<p>Ma\u011fusa Suri\u00e7i Derne\u011fi, 22 Nisan D\u00fcnya G\u00fcn\u00fc nedeniyle \u00c7anakkale Ortaokulu \u00f6\u011frencileriyle birlikte sahil temizli\u011fi yapt\u0131. Glapsides sahilinde yap\u0131lan sahil temizli\u011fi \u00f6ncesi Ma\u011fusa Suri\u00e7i Derne\u011fi Ba\u015fkan\u0131 Serdar Atai, BRT\u2019ye a\u00e7\u0131klama yapt\u0131.Derne\u011fin rutin temizlik \u00e7al\u0131\u015fmalar\u0131 yapt\u0131\u011f\u0131n\u0131 dile getiren Atai, \u00c7anakkale Ortaokulu\u2019ndan gelen talep \u00fczerine i\u015fbirli\u011fi i\u00e7erinde plaj temizli\u011fi ger\u00e7ekle\u015ftirdiklerini s\u00f6yledi. \u00dclkede \u00e7evre kirlili\u011finin yayg\u0131n oldu\u011funu ifade eden<\/p>\n","protected":false},"author":1,"featured_media":81037,"comment_status":"open","ping_status":"open","sticky":false,"template":"","format":"standard","meta":{"footnotes":""},"categories":[81,101],"tags":[],"class_list":["post-81036","post","type-post","status-publish","format-standard","has-post-thumbnail","hentry","category-kibris","category-manset"],"yoast_head":"<!-- This site is optimized with the Yoast SEO plugin v27.5 - https:\/\/yoast.com\/product\/yoast-seo-wordpress\/ -->\n<title>Ma\u011fusa Suri\u00e7i Derne\u011fi, sahil temizli\u011fi yapt\u0131 -<\/title>\n<meta name=\"robots\" content=\"index, follow, max-snippet:-1, max-image-preview:large, max-video-preview:-1\" \/>\n<link rel=\"canonical\" href=\"https:\/\/kibrisdakik.com\/?p=81036\" \/>\n<meta property=\"og:locale\" content=\"tr_TR\" \/>\n<meta property=\"og:type\" content=\"article\" \/>\n<meta property=\"og:title\" content=\"Ma\u011fusa Suri\u00e7i Derne\u011fi, sahil temizli\u011fi yapt\u0131 -\" \/>\n<meta property=\"og:description\" content=\"Ma\u011fusa Suri\u00e7i Derne\u011fi, 22 Nisan D\u00fcnya G\u00fcn\u00fc nedeniyle \u00c7anakkale Ortaokulu \u00f6\u011frencileriyle birlikte sahil temizli\u011fi yapt\u0131. Glapsides sahilinde yap\u0131lan sahil temizli\u011fi \u00f6ncesi Ma\u011fusa Suri\u00e7i Derne\u011fi Ba\u015fkan\u0131 Serdar Atai, BRT\u2019ye a\u00e7\u0131klama yapt\u0131.Derne\u011fin rutin temizlik \u00e7al\u0131\u015fmalar\u0131 yapt\u0131\u011f\u0131n\u0131 dile getiren Atai, \u00c7anakkale Ortaokulu\u2019ndan gelen talep \u00fczerine i\u015fbirli\u011fi i\u00e7erinde plaj temizli\u011fi ger\u00e7ekle\u015ftirdiklerini s\u00f6yledi. \u00dclkede \u00e7evre kirlili\u011finin yayg\u0131n oldu\u011funu ifade eden\" \/>\n<meta property=\"og:url\" content=\"https:\/\/kibrisdakik.com\/?p=81036\" \/>\n<meta property=\"article:published_time\" content=\"2025-04-24T12:58:19+00:00\" \/>\n<meta property=\"og:image\" content=\"https:\/\/kibrisdakik.com\/wp-content\/uploads\/2025\/04\/f34ee97e-4b36-4aab-af4c-d0993d82f5c9-740x420.jpg\" \/>\n\t<meta property=\"og:image:width\" content=\"1592\" \/>\n\t<meta property=\"og:image:height\" content=\"1024\" \/>\n\t<meta property=\"og:image:type\" content=\"image\/jpeg\" \/>\n<meta name=\"author\" content=\"admin\" \/>\n<meta name=\"twitter:card\" content=\"summary_large_image\" \/>\n<meta name=\"twitter:label1\" content=\"Yazan:\" \/>\n\t<meta name=\"twitter:data1\" content=\"admin\" \/>\n\t<meta name=\"twitter:label2\" content=\"Tahmini okuma s\u00fcresi\" \/>\n\t<meta name=\"twitter:data2\" content=\"1 dakika\" \/>\n<script type=\"application\/ld+json\" class=\"yoast-schema-graph\">{\"@context\":\"https:\\\/\\\/schema.org\",\"@graph\":[{\"@type\":\"Article\",\"@id\":\"https:\\\/\\\/kibrisdakik.com\\\/?p=81036#article\",\"isPartOf\":{\"@id\":\"https:\\\/\\\/kibrisdakik.com\\\/?p=81036\"},\"author\":{\"name\":\"admin\",\"@id\":\"https:\\\/\\\/kibrisdakik.com\\\/#\\\/schema\\\/person\\\/9cd9d437bbb44f72b73ba127e06d8e79\"},\"headline\":\"Ma\u011fusa Suri\u00e7i Derne\u011fi, sahil temizli\u011fi yapt\u0131\",\"datePublished\":\"2025-04-24T12:58:19+00:00\",\"mainEntityOfPage\":{\"@id\":\"https:\\\/\\\/kibrisdakik.com\\\/?p=81036\"},\"wordCount\":123,\"commentCount\":0,\"image\":{\"@id\":\"https:\\\/\\\/kibrisdakik.com\\\/?p=81036#primaryimage\"},\"thumbnailUrl\":\"https:\\\/\\\/kibrisdakik.com\\\/wp-content\\\/uploads\\\/2025\\\/04\\\/f34ee97e-4b36-4aab-af4c-d0993d82f5c9-740x420.jpg\",\"articleSection\":[\"K\u0131br\u0131s\",\"Man\u015fet\"],\"inLanguage\":\"tr\",\"potentialAction\":[{\"@type\":\"CommentAction\",\"name\":\"Comment\",\"target\":[\"https:\\\/\\\/kibrisdakik.com\\\/?p=81036#respond\"]}]},{\"@type\":\"WebPage\",\"@id\":\"https:\\\/\\\/kibrisdakik.com\\\/?p=81036\",\"url\":\"https:\\\/\\\/kibrisdakik.com\\\/?p=81036\",\"name\":\"Ma\u011fusa Suri\u00e7i Derne\u011fi, sahil temizli\u011fi yapt\u0131 -\",\"isPartOf\":{\"@id\":\"https:\\\/\\\/kibrisdakik.com\\\/#website\"},\"primaryImageOfPage\":{\"@id\":\"https:\\\/\\\/kibrisdakik.com\\\/?p=81036#primaryimage\"},\"image\":{\"@id\":\"https:\\\/\\\/kibrisdakik.com\\\/?p=81036#primaryimage\"},\"thumbnailUrl\":\"https:\\\/\\\/kibrisdakik.com\\\/wp-content\\\/uploads\\\/2025\\\/04\\\/f34ee97e-4b36-4aab-af4c-d0993d82f5c9-740x420.jpg\",\"datePublished\":\"2025-04-24T12:58:19+00:00\",\"author\":{\"@id\":\"https:\\\/\\\/kibrisdakik.com\\\/#\\\/schema\\\/person\\\/9cd9d437bbb44f72b73ba127e06d8e79\"},\"breadcrumb\":{\"@id\":\"https:\\\/\\\/kibrisdakik.com\\\/?p=81036#breadcrumb\"},\"inLanguage\":\"tr\",\"potentialAction\":[{\"@type\":\"ReadAction\",\"target\":[\"https:\\\/\\\/kibrisdakik.com\\\/?p=81036\"]}]},{\"@type\":\"ImageObject\",\"inLanguage\":\"tr\",\"@id\":\"https:\\\/\\\/kibrisdakik.com\\\/?p=81036#primaryimage\",\"url\":\"https:\\\/\\\/kibrisdakik.com\\\/wp-content\\\/uploads\\\/2025\\\/04\\\/f34ee97e-4b36-4aab-af4c-d0993d82f5c9-740x420.jpg\",\"contentUrl\":\"https:\\\/\\\/kibrisdakik.com\\\/wp-content\\\/uploads\\\/2025\\\/04\\\/f34ee97e-4b36-4aab-af4c-d0993d82f5c9-740x420.jpg\",\"width\":1592,\"height\":1024},{\"@type\":\"BreadcrumbList\",\"@id\":\"https:\\\/\\\/kibrisdakik.com\\\/?p=81036#breadcrumb\",\"itemListElement\":[{\"@type\":\"ListItem\",\"position\":1,\"name\":\"Home\",\"item\":\"https:\\\/\\\/kibrisdakik.com\\\/\"},{\"@type\":\"ListItem\",\"position\":2,\"name\":\"Ma\u011fusa Suri\u00e7i Derne\u011fi, sahil temizli\u011fi yapt\u0131\"}]},{\"@type\":\"WebSite\",\"@id\":\"https:\\\/\\\/kibrisdakik.com\\\/#website\",\"url\":\"https:\\\/\\\/kibrisdakik.com\\\/\",\"name\":\"\",\"description\":\"Tam vaktinde haber\",\"potentialAction\":[{\"@type\":\"SearchAction\",\"target\":{\"@type\":\"EntryPoint\",\"urlTemplate\":\"https:\\\/\\\/kibrisdakik.com\\\/?s={search_term_string}\"},\"query-input\":{\"@type\":\"PropertyValueSpecification\",\"valueRequired\":true,\"valueName\":\"search_term_string\"}}],\"inLanguage\":\"tr\"},{\"@type\":\"Person\",\"@id\":\"https:\\\/\\\/kibrisdakik.com\\\/#\\\/schema\\\/person\\\/9cd9d437bbb44f72b73ba127e06d8e79\",\"name\":\"admin\",\"image\":{\"@type\":\"ImageObject\",\"inLanguage\":\"tr\",\"@id\":\"https:\\\/\\\/secure.gravatar.com\\\/avatar\\\/ccc17943b9d660506c869530f897617f7cb1c21a4bf30023f252596d83e1f007?s=96&d=mm&r=g\",\"url\":\"https:\\\/\\\/secure.gravatar.com\\\/avatar\\\/ccc17943b9d660506c869530f897617f7cb1c21a4bf30023f252596d83e1f007?s=96&d=mm&r=g\",\"contentUrl\":\"https:\\\/\\\/secure.gravatar.com\\\/avatar\\\/ccc17943b9d660506c869530f897617f7cb1c21a4bf30023f252596d83e1f007?s=96&d=mm&r=g\",\"caption\":\"admin\"},\"sameAs\":[\"https:\\\/\\\/kibrisdakik.com\"],\"url\":\"https:\\\/\\\/kibrisdakik.com\\\/?author=1\"}]}<\/script>\n<!-- \/ Yoast SEO plugin. -->","yoast_head_json":{"title":"Ma\u011fusa Suri\u00e7i Derne\u011fi, sahil temizli\u011fi yapt\u0131 -","robots":{"index":"index","follow":"follow","max-snippet":"max-snippet:-1","max-image-preview":"max-image-preview:large","max-video-preview":"max-video-preview:-1"},"canonical":"https:\/\/kibrisdakik.com\/?p=81036","og_locale":"tr_TR","og_type":"article","og_title":"Ma\u011fusa Suri\u00e7i Derne\u011fi, sahil temizli\u011fi yapt\u0131 -","og_description":"Ma\u011fusa Suri\u00e7i Derne\u011fi, 22 Nisan D\u00fcnya G\u00fcn\u00fc nedeniyle \u00c7anakkale Ortaokulu \u00f6\u011frencileriyle birlikte sahil temizli\u011fi yapt\u0131. Glapsides sahilinde yap\u0131lan sahil temizli\u011fi \u00f6ncesi Ma\u011fusa Suri\u00e7i Derne\u011fi Ba\u015fkan\u0131 Serdar Atai, BRT\u2019ye a\u00e7\u0131klama yapt\u0131.Derne\u011fin rutin temizlik \u00e7al\u0131\u015fmalar\u0131 yapt\u0131\u011f\u0131n\u0131 dile getiren Atai, \u00c7anakkale Ortaokulu\u2019ndan gelen talep \u00fczerine i\u015fbirli\u011fi i\u00e7erinde plaj temizli\u011fi ger\u00e7ekle\u015ftirdiklerini s\u00f6yledi. \u00dclkede \u00e7evre kirlili\u011finin yayg\u0131n oldu\u011funu ifade eden","og_url":"https:\/\/kibrisdakik.com\/?p=81036","article_published_time":"2025-04-24T12:58:19+00:00","og_image":[{"width":1592,"height":1024,"url":"https:\/\/kibrisdakik.com\/wp-content\/uploads\/2025\/04\/f34ee97e-4b36-4aab-af4c-d0993d82f5c9-740x420.jpg","type":"image\/jpeg"}],"author":"admin","twitter_card":"summary_large_image","twitter_misc":{"Yazan:":"admin","Tahmini okuma s\u00fcresi":"1 dakika"},"schema":{"@context":"https:\/\/schema.org","@graph":[{"@type":"Article","@id":"https:\/\/kibrisdakik.com\/?p=81036#article","isPartOf":{"@id":"https:\/\/kibrisdakik.com\/?p=81036"},"author":{"name":"admin","@id":"https:\/\/kibrisdakik.com\/#\/schema\/person\/9cd9d437bbb44f72b73ba127e06d8e79"},"headline":"Ma\u011fusa Suri\u00e7i Derne\u011fi, sahil temizli\u011fi yapt\u0131","datePublished":"2025-04-24T12:58:19+00:00","mainEntityOfPage":{"@id":"https:\/\/kibrisdakik.com\/?p=81036"},"wordCount":123,"commentCount":0,"image":{"@id":"https:\/\/kibrisdakik.com\/?p=81036#primaryimage"},"thumbnailUrl":"https:\/\/kibrisdakik.com\/wp-content\/uploads\/2025\/04\/f34ee97e-4b36-4aab-af4c-d0993d82f5c9-740x420.jpg","articleSection":["K\u0131br\u0131s","Man\u015fet"],"inLanguage":"tr","potentialAction":[{"@type":"CommentAction","name":"Comment","target":["https:\/\/kibrisdakik.com\/?p=81036#respond"]}]},{"@type":"WebPage","@id":"https:\/\/kibrisdakik.com\/?p=81036","url":"https:\/\/kibrisdakik.com\/?p=81036","name":"Ma\u011fusa Suri\u00e7i Derne\u011fi, sahil temizli\u011fi yapt\u0131 -","isPartOf":{"@id":"https:\/\/kibrisdakik.com\/#website"},"primaryImageOfPage":{"@id":"https:\/\/kibrisdakik.com\/?p=81036#primaryimage"},"image":{"@id":"https:\/\/kibrisdakik.com\/?p=81036#primaryimage"},"thumbnailUrl":"https:\/\/kibrisdakik.com\/wp-content\/uploads\/2025\/04\/f34ee97e-4b36-4aab-af4c-d0993d82f5c9-740x420.jpg","datePublished":"2025-04-24T12:58:19+00:00","author":{"@id":"https:\/\/kibrisdakik.com\/#\/schema\/person\/9cd9d437bbb44f72b73ba127e06d8e79"},"breadcrumb":{"@id":"https:\/\/kibrisdakik.com\/?p=81036#breadcrumb"},"inLanguage":"tr","potentialAction":[{"@type":"ReadAction","target":["https:\/\/kibrisdakik.com\/?p=81036"]}]},{"@type":"ImageObject","inLanguage":"tr","@id":"https:\/\/kibrisdakik.com\/?p=81036#primaryimage","url":"https:\/\/kibrisdakik.com\/wp-content\/uploads\/2025\/04\/f34ee97e-4b36-4aab-af4c-d0993d82f5c9-740x420.jpg","contentUrl":"https:\/\/kibrisdakik.com\/wp-content\/uploads\/2025\/04\/f34ee97e-4b36-4aab-af4c-d0993d82f5c9-740x420.jpg","width":1592,"height":1024},{"@type":"BreadcrumbList","@id":"https:\/\/kibrisdakik.com\/?p=81036#breadcrumb","itemListElement":[{"@type":"ListItem","position":1,"name":"Home","item":"https:\/\/kibrisdakik.com\/"},{"@type":"ListItem","position":2,"name":"Ma\u011fusa Suri\u00e7i Derne\u011fi, sahil temizli\u011fi yapt\u0131"}]},{"@type":"WebSite","@id":"https:\/\/kibrisdakik.com\/#website","url":"https:\/\/kibrisdakik.com\/","name":"","description":"Tam vaktinde haber","potentialAction":[{"@type":"SearchAction","target":{"@type":"EntryPoint","urlTemplate":"https:\/\/kibrisdakik.com\/?s={search_term_string}"},"query-input":{"@type":"PropertyValueSpecification","valueRequired":true,"valueName":"search_term_string"}}],"inLanguage":"tr"},{"@type":"Person","@id":"https:\/\/kibrisdakik.com\/#\/schema\/person\/9cd9d437bbb44f72b73ba127e06d8e79","name":"admin","image":{"@type":"ImageObject","inLanguage":"tr","@id":"https:\/\/secure.gravatar.com\/avatar\/ccc17943b9d660506c869530f897617f7cb1c21a4bf30023f252596d83e1f007?s=96&d=mm&r=g","url":"https:\/\/secure.gravatar.com\/avatar\/ccc17943b9d660506c869530f897617f7cb1c21a4bf30023f252596d83e1f007?s=96&d=mm&r=g","contentUrl":"https:\/\/secure.gravatar.com\/avatar\/ccc17943b9d660506c869530f897617f7cb1c21a4bf30023f252596d83e1f007?s=96&d=mm&r=g","caption":"admin"},"sameAs":["https:\/\/kibrisdakik.com"],"url":"https:\/\/kibrisdakik.com\/?author=1"}]}},"_links":{"self":[{"href":"https:\/\/kibrisdakik.com\/index.php?rest_route=\/wp\/v2\/posts\/81036","targetHints":{"allow":["GET"]}}],"collection":[{"href":"https:\/\/kibrisdakik.com\/index.php?rest_route=\/wp\/v2\/posts"}],"about":[{"href":"https:\/\/kibrisdakik.com\/index.php?rest_route=\/wp\/v2\/types\/post"}],"author":[{"embeddable":true,"href":"https:\/\/kibrisdakik.com\/index.php?rest_route=\/wp\/v2\/users\/1"}],"replies":[{"embeddable":true,"href":"https:\/\/kibrisdakik.com\/index.php?rest_route=%2Fwp%2Fv2%2Fcomments&post=81036"}],"version-history":[{"count":0,"href":"https:\/\/kibrisdakik.com\/index.php?rest_route=\/wp\/v2\/posts\/81036\/revisions"}],"wp:featuredmedia":[{"embeddable":true,"href":"https:\/\/kibrisdakik.com\/index.php?rest_route=\/wp\/v2\/media\/81037"}],"wp:attachment":[{"href":"https:\/\/kibrisdakik.com\/index.php?rest_route=%2Fwp%2Fv2%2Fmedia&parent=81036"}],"wp:term":[{"taxonomy":"category","embeddable":true,"href":"https:\/\/kibrisdakik.com\/index.php?rest_route=%2Fwp%2Fv2%2Fcategories&post=81036"},{"taxonomy":"post_tag","embeddable":true,"href":"https:\/\/kibrisdakik.com\/index.php?rest_route=%2Fwp%2Fv2%2Ftags&post=81036"}],"curies":[{"name":"wp","href":"https:\/\/api.w.org\/{rel}","templated":true}]}}