{"id":81060,"date":"2025-04-24T18:14:05","date_gmt":"2025-04-24T15:14:05","guid":{"rendered":"https:\/\/kibrisdakik.com\/index.php\/2025\/04\/24\/tc-disisleri-bakani-fidan-turk-dunyasi-bir-butun-olarak-kibris-turkunun-yaninda-olmaya-devam-edecektir\/"},"modified":"2025-04-24T18:14:05","modified_gmt":"2025-04-24T15:14:05","slug":"tc-disisleri-bakani-fidan-turk-dunyasi-bir-butun-olarak-kibris-turkunun-yaninda-olmaya-devam-edecektir","status":"publish","type":"post","link":"https:\/\/kibrisdakik.com\/?p=81060","title":{"rendered":"TC D\u0131\u015fi\u015fleri Bakan\u0131 Fidan: \u201cT\u00fcrk d\u00fcnyas\u0131 bir b\u00fct\u00fcn olarak K\u0131br\u0131s T\u00fcrk\u00fc\u2019n\u00fcn yan\u0131nda olmaya devam edecektir\u201d"},"content":{"rendered":"<div>\n<div class=\"mariselle-image-container none\">\n                                            <\/div>\n<p style=\"font-weight: 300;\"><span style=\"font-weight: 300 !important;\">T\u00fcrkiye Cumhuriyeti D\u0131\u015fi\u015fleri Bakan\u0131 Hakan Fidan, \u201cT\u00fcrk d\u00fcnyas\u0131 bir b\u00fct\u00fcn olarak K\u0131br\u0131s T\u00fcrk\u00fc\u2019n\u00fcn yan\u0131nda olmaya devam edecektir. Bu konudaki politikalar\u0131m\u0131z\u0131 sab\u0131rla s\u00fcrd\u00fcrece\u011fiz.\u201d dedi.<\/span><\/p>\n<p style=\"font-weight: 300;\"><span style=\"font-weight: 300 !important;\">T\u00fcrkiye Cumhuriyeti D\u0131\u015fi\u015fleri Bakan\u0131 Hakan Fidan, Norve\u00e7 D\u0131\u015fi\u015fleri Bakan\u0131 Espen Barth Eide ile D\u0131\u015fi\u015fleri Bakanl\u0131\u011f\u0131ndaki g\u00f6r\u00fc\u015fmesinin ard\u0131ndan d\u00fczenlenen ortak bas\u0131n toplant\u0131s\u0131nda konu\u015ftu.<\/span><\/p>\n<p style=\"font-weight: 300;\"><span style=\"font-weight: 300 !important;\">Mevkida\u015f\u0131yla g\u00f6r\u00fc\u015fmesinde Filistin\u2019deki geli\u015fmeleri de de\u011ferlendirdiklerini kaydeden Fidan, \u201c\u0130srail\u2019in Gazze\u2019deki katliamlar\u0131 d\u00fcnyan\u0131n g\u00f6z\u00fc \u00f6n\u00fcnde t\u00fcm \u015fiddeti ile s\u00fcrmekte. Gazze\u2019ye insani yard\u0131mlar\u0131n giri\u015fine 50 g\u00fcnden fazla s\u00fcredir izin verilmiyor. A\u00e7l\u0131k ne bir silah ne bir siyasi pazarl\u0131k unsuru ne de bir cezaland\u0131rma arac\u0131 olarak kullan\u0131labilir. Gazze\u2019ye insani yard\u0131mlar\u0131n kesintisiz ve s\u00fcrekli bi\u00e7imde ula\u015ft\u0131r\u0131lmas\u0131 bir an \u00f6nce sa\u011flanmal\u0131d\u0131r.\u201d ifadelerini kulland\u0131.<\/span><\/p>\n<p style=\"font-weight: 300;\"><span style=\"font-weight: 300 !important;\">Fidan, hi\u00e7bir \u00fclkenin uluslararas\u0131 hukuktan \u00fcst\u00fcn olmad\u0131\u011f\u0131n\u0131 belirterek \u201c\u0130srail\u2019in hukuka ve insanl\u0131k vicdan\u0131na ayk\u0131r\u0131 eylemlerinin bir an \u00f6nce son bulmas\u0131 gerekti\u011fini\u201d vurgulad\u0131.<\/span><\/p>\n<p style=\"font-weight: 300;\"><span style=\"font-weight: 300 !important;\">Orta Asya devletlerinin K\u0131br\u0131s ba\u011flam\u0131nda att\u0131klar\u0131 son ad\u0131mlara dair g\u00f6r\u00fc\u015flerinin sorulmas\u0131 \u00fczerine Fidan, Orta Asya \u00fclkelerinin kapasite geli\u015fimi, \u00e7al\u0131\u015fma ve ilerlemelerinin k\u00fcresel akt\u00f6rlerin ve Avrupa Birli\u011fi\u2019nin (AB) dikkatini \u00e7ekti\u011fini belirtti.<\/span><\/p>\n<p style=\"font-weight: 300;\"><span style=\"font-weight: 300 !important;\">Fidan, bunun kendileri a\u00e7\u0131s\u0131ndan \u201canla\u015f\u0131labilir bir durum\u201d oldu\u011funu dile getirerek \u201cAncak bu kar\u015f\u0131l\u0131kl\u0131 ilginin AB taraf\u0131ndan istismar edilmeye \u00e7al\u0131\u015f\u0131ld\u0131\u011f\u0131n\u0131 g\u00f6rd\u00fc\u011f\u00fcm\u00fcz alanlar da var. Elbette biz bu geli\u015fmeleri t\u00fcm boyutlar\u0131yla yak\u0131ndan takip ediyoruz. Gerekli giri\u015fimleri yap\u0131yoruz. Dostlar\u0131m\u0131zla temas halindeyiz, g\u00f6r\u00fc\u015f al\u0131\u015fveri\u015fi halindeyiz, bilgilendirme halindeyiz.\u201d de\u011ferlendirmesinde bulundu.<\/span><\/p>\n<p style=\"font-weight: 300;\"><span style=\"font-weight: 300 !important;\">Bakan Fidan, \u201cT\u00fcrk d\u00fcnyas\u0131 idealine uygun bir bi\u00e7imde hareket etmeye\u201d devam edeceklerinin alt\u0131n\u0131 \u00e7izdi.<\/span><\/p>\n<p style=\"font-weight: 300;\"><span style=\"font-weight: 300 !important;\">Burada ba\u015fka bir sorunsal\u0131n oldu\u011funa i\u015faret eden Fidan, \u201cBu son olaydan hareketle aram\u0131z\u0131 bozmak isteyen baz\u0131 \u00e7evreler bu sorunu bizim a\u00e7\u0131ktan kamuoyunda tart\u0131\u015fmam\u0131z\u0131 istiyorlar. Biz prensip olarak ailevi konular\u0131 kamuoyu \u00f6n\u00fcnde tart\u0131\u015fmamay\u0131 tercih ediyoruz. T\u00fcrk d\u00fcnyas\u0131yla aram\u0131z\u0131 bozmak isteyenlerin manip\u00fclasyonlar\u0131 bu a\u00e7\u0131dan ba\u015far\u0131l\u0131 olmayacak.\u201d diye konu\u015ftu.<\/span><\/p>\n<p style=\"font-weight: 300;\"><span style=\"font-weight: 300 !important;\">-\u201cT\u00fcrk d\u00fcnyas\u0131 bir b\u00fct\u00fcn olarak K\u0131br\u0131s T\u00fcrk\u00fc\u2019n\u00fcn yan\u0131nda olmaya devam edecektir\u201d<\/span><\/p>\n<p style=\"font-weight: 300;\"><span style=\"font-weight: 300 !important;\">Fidan, \u00f6te yandan buradan \u201ch\u00fck\u00fcmete y\u00f6nelik negatif bir not y\u00fcklemeye \u00e7al\u0131\u015fanlar\u0131n \u00e7abalar\u0131n\u0131n da\u201d ba\u015far\u0131l\u0131 olmayaca\u011f\u0131n\u0131 belirterek durduklar\u0131 yerin, att\u0131klar\u0131 ad\u0131mlar\u0131n ve T\u00fcrkiye\u2019nin istikametinin belli oldu\u011funu dile getirdi.<\/span><\/p>\n<p style=\"font-weight: 300;\"><span style=\"font-weight: 300 !important;\">Bu konuda sa\u011fduyuyla hareket etmeye ve her t\u00fcrl\u00fc konuyu aile meclisinde ele almaya devam edeceklerini vurgulayan Fidan, \u201cBu konudaki pozisyonumuz nettir. K\u0131br\u0131s T\u00fcrkleri de b\u00fcy\u00fck T\u00fcrk d\u00fcnyas\u0131 ailesinin asli ve ayr\u0131lmaz bir unsurudur. Bu ger\u00e7ek de asla de\u011fi\u015fmeyecek. T\u00fcrk d\u00fcnyas\u0131 bir b\u00fct\u00fcn olarak K\u0131br\u0131s T\u00fcrk\u00fc\u2019n\u00fcn yan\u0131nda olmaya devam edecektir. Bu konudaki politikalar\u0131m\u0131z\u0131 sab\u0131rla s\u00fcrd\u00fcrece\u011fiz.\u201d ifadelerine yer verdi.<\/span><\/p>\n<p style=\"font-weight: 300;\"><span style=\"font-weight: 300 !important;\">Fidan, herkesin ayn\u0131 anlay\u0131\u015f ve kararl\u0131l\u0131kla hareket etmesinin aileyi daha da b\u00fcy\u00fctece\u011fini ve g\u00fc\u00e7lendirece\u011fini s\u00f6yledi.<\/span><\/p>\n<p style=\"font-weight: 300;\"><span style=\"font-weight: 300 !important;\">-Norve\u00e7 D\u0131\u015fi\u015fleri Bakan\u0131 Eide<\/span><\/p>\n<p style=\"font-weight: 300;\"><span style=\"font-weight: 300 !important;\">Norve\u00e7 D\u0131\u015fi\u015fleri Bakan\u0131 Espen Barth Eide de konu\u015fmas\u0131nda, \u0130srail\u2019in Filistin\u2019e sald\u0131r\u0131lar\u0131n\u0131n k\u00fcresel \u00f6l\u00e7ekteki etkilerine ili\u015fkin konu\u015fan Eide, \u00fclkesinin \u0130srail-Filistin meselesiyle ilgili hi\u00e7bir zaman sessiz kalmad\u0131\u011f\u0131na i\u015faret etti.<\/span><\/p>\n<p style=\"font-weight: 300;\"><span style=\"font-weight: 300 !important;\">Eide, Norve\u00e7\u2019in ate\u015fkes \u00e7a\u011fr\u0131s\u0131 yapan ilk \u00fclkelerden biri oldu\u011funu vurgulayarak, \u201c\u2018\u0130srail\u2019in 7 Ekim sald\u0131r\u0131lar\u0131na g\u00f6sterdi\u011fi tepki, uluslararas\u0131 insan haklar\u0131 kanunlar\u0131n\u0131n veya orant\u0131sall\u0131\u011f\u0131n \u00e7ok \u00f6tesine ge\u00e7ti.\u2019 diyen ilk \u00fclkelerden biriyiz.\u201d dedi.<\/span><\/p>\n<p style=\"font-weight: 300;\"><span style=\"font-weight: 300 !important;\">Bu konuda tutarl\u0131 olman\u0131n son derece \u00f6nemli oldu\u011funu belirten Eide, \u201cUluslararas\u0131 insan haklar\u0131n\u0131, kanunlar\u0131n\u0131, hukukunu savunmam\u0131z gerekiyor. Bu kurallar\u0131n her noktada uygulanmas\u0131 gerekti\u011fine inan\u0131yoruz.\u201d diye konu\u015ftu.<\/span><\/p>\n<p style=\"font-weight: 300;\"><span style=\"font-weight: 300 !important;\">Eide, \u0130srail\u2019in yapt\u0131\u011f\u0131 ihlalleri \u201cson derece a\u015f\u0131r\u0131 ve endi\u015fe verici\u201d \u015feklinde tan\u0131mlayarak, \u201c\u00c7\u00fcnk\u00fc Filistin halk\u0131nda bir\u00e7ok gereksiz ac\u0131ya yol a\u00e7\u0131yor.\u201d ifadesini kulland\u0131.<\/span><\/p>\n<p style=\"font-weight: 300;\"><span style=\"font-weight: 300 !important;\">\u00dclkesinin hem Uluslararas\u0131 Ceza Mahkemesi\u2019nde (UCM) hem de Uluslararas\u0131 Adalet Divan\u0131\u2019nda (UAD) \u00fcyeli\u011fini kullanarak belli hususlar\u0131 g\u00fcndeme getirdi\u011fini aktaran Eide, \u201cGazze\u2019de bir ate\u015fkesin olmas\u0131 gerekti\u011fine inan\u0131yoruz.\u201d de\u011ferlendirmesini yapt\u0131.<\/span><\/p>\n<p style=\"font-weight: 300;\"><span style=\"font-weight: 300 !important;\">Eide, tek \u00e7\u00f6z\u00fcm\u00fcn \u201ciki devletli \u00e7\u00f6z\u00fcm\u201d oldu\u011funu d\u00fc\u015f\u00fcnd\u00fc\u011f\u00fcn\u00fc ifade ederek, \u201cBunun tek alternatifi ilelebet \u015fiddettir. Bu da \u00e7ok k\u00f6t\u00fc bir durum. \u0130srail i\u00e7in de bu k\u00f6t\u00fc. Bu durum onlar\u0131n kom\u015fular\u0131yla ili\u015fkilerini de etkileyecek bir durum.\u201d \u015feklinde konu\u015ftu.<\/span><\/p>\n<p style=\"font-weight: 300;\"><span style=\"font-weight: 300 !important;\">Bakan Eide, \u0130srail\u2019in Filistin\u2019e sald\u0131r\u0131lar\u0131nda sessiz kalan \u00fclkelere ili\u015fkin, \u201cBa\u015fkalar\u0131n\u0131n sessizli\u011fi beni de endi\u015felendiriyor. Bat\u0131\u2019daki bir\u00e7ok mevkida\u015f\u0131m\u0131n net bi\u00e7imde g\u00f6r\u00fc\u015fle<\/span><\/p>\n<\/p><\/div>\n<p><script async\n                    defer\n                    crossorigin=\"anonymous\"\n                    src=\"https:\/\/connect.facebook.net\/tr_TR\/sdk.js#xfbml=1&#038;version=v3.3\"\n            ><\/script><\/p>\n","protected":false},"excerpt":{"rendered":"<p>T\u00fcrkiye Cumhuriyeti D\u0131\u015fi\u015fleri Bakan\u0131 Hakan Fidan, \u201cT\u00fcrk d\u00fcnyas\u0131 bir b\u00fct\u00fcn olarak K\u0131br\u0131s T\u00fcrk\u00fc\u2019n\u00fcn yan\u0131nda olmaya devam edecektir. Bu konudaki politikalar\u0131m\u0131z\u0131 sab\u0131rla s\u00fcrd\u00fcrece\u011fiz.\u201d dedi. T\u00fcrkiye Cumhuriyeti D\u0131\u015fi\u015fleri Bakan\u0131 Hakan Fidan, Norve\u00e7 D\u0131\u015fi\u015fleri Bakan\u0131 Espen Barth Eide ile D\u0131\u015fi\u015fleri Bakanl\u0131\u011f\u0131ndaki g\u00f6r\u00fc\u015fmesinin ard\u0131ndan d\u00fczenlenen ortak bas\u0131n toplant\u0131s\u0131nda konu\u015ftu. Mevkida\u015f\u0131yla g\u00f6r\u00fc\u015fmesinde Filistin\u2019deki geli\u015fmeleri de de\u011ferlendirdiklerini kaydeden Fidan, \u201c\u0130srail\u2019in Gazze\u2019deki<\/p>\n","protected":false},"author":1,"featured_media":81061,"comment_status":"open","ping_status":"open","sticky":false,"template":"","format":"standard","meta":{"footnotes":""},"categories":[81,101],"tags":[],"class_list":["post-81060","post","type-post","status-publish","format-standard","has-post-thumbnail","hentry","category-kibris","category-manset"],"yoast_head":"<!-- This site is optimized with the Yoast SEO plugin v27.4 - https:\/\/yoast.com\/product\/yoast-seo-wordpress\/ -->\n<title>TC D\u0131\u015fi\u015fleri Bakan\u0131 Fidan: \u201cT\u00fcrk d\u00fcnyas\u0131 bir b\u00fct\u00fcn olarak K\u0131br\u0131s T\u00fcrk\u00fc\u2019n\u00fcn yan\u0131nda olmaya devam edecektir\u201d -<\/title>\n<meta name=\"robots\" content=\"index, follow, max-snippet:-1, max-image-preview:large, max-video-preview:-1\" \/>\n<link rel=\"canonical\" href=\"https:\/\/kibrisdakik.com\/?p=81060\" \/>\n<meta property=\"og:locale\" content=\"tr_TR\" \/>\n<meta property=\"og:type\" content=\"article\" \/>\n<meta property=\"og:title\" content=\"TC D\u0131\u015fi\u015fleri Bakan\u0131 Fidan: \u201cT\u00fcrk d\u00fcnyas\u0131 bir b\u00fct\u00fcn olarak K\u0131br\u0131s T\u00fcrk\u00fc\u2019n\u00fcn yan\u0131nda olmaya devam edecektir\u201d -\" \/>\n<meta property=\"og:description\" content=\"T\u00fcrkiye Cumhuriyeti D\u0131\u015fi\u015fleri Bakan\u0131 Hakan Fidan, \u201cT\u00fcrk d\u00fcnyas\u0131 bir b\u00fct\u00fcn olarak K\u0131br\u0131s T\u00fcrk\u00fc\u2019n\u00fcn yan\u0131nda olmaya devam edecektir. Bu konudaki politikalar\u0131m\u0131z\u0131 sab\u0131rla s\u00fcrd\u00fcrece\u011fiz.\u201d dedi. T\u00fcrkiye Cumhuriyeti D\u0131\u015fi\u015fleri Bakan\u0131 Hakan Fidan, Norve\u00e7 D\u0131\u015fi\u015fleri Bakan\u0131 Espen Barth Eide ile D\u0131\u015fi\u015fleri Bakanl\u0131\u011f\u0131ndaki g\u00f6r\u00fc\u015fmesinin ard\u0131ndan d\u00fczenlenen ortak bas\u0131n toplant\u0131s\u0131nda konu\u015ftu. Mevkida\u015f\u0131yla g\u00f6r\u00fc\u015fmesinde Filistin\u2019deki geli\u015fmeleri de de\u011ferlendirdiklerini kaydeden Fidan, \u201c\u0130srail\u2019in Gazze\u2019deki\" \/>\n<meta property=\"og:url\" content=\"https:\/\/kibrisdakik.com\/?p=81060\" \/>\n<meta property=\"article:published_time\" content=\"2025-04-24T15:14:05+00:00\" \/>\n<meta property=\"og:image\" content=\"https:\/\/kibrisdakik.com\/wp-content\/uploads\/2025\/04\/fidan-2-740x420.jpg\" \/>\n\t<meta property=\"og:image:width\" content=\"750\" \/>\n\t<meta property=\"og:image:height\" content=\"500\" \/>\n\t<meta property=\"og:image:type\" content=\"image\/jpeg\" \/>\n<meta name=\"author\" content=\"admin\" \/>\n<meta name=\"twitter:card\" content=\"summary_large_image\" \/>\n<meta name=\"twitter:label1\" content=\"Yazan:\" \/>\n\t<meta name=\"twitter:data1\" content=\"admin\" \/>\n\t<meta name=\"twitter:label2\" content=\"Tahmini okuma s\u00fcresi\" \/>\n\t<meta name=\"twitter:data2\" content=\"4 dakika\" \/>\n<script type=\"application\/ld+json\" class=\"yoast-schema-graph\">{\"@context\":\"https:\\\/\\\/schema.org\",\"@graph\":[{\"@type\":\"Article\",\"@id\":\"https:\\\/\\\/kibrisdakik.com\\\/?p=81060#article\",\"isPartOf\":{\"@id\":\"https:\\\/\\\/kibrisdakik.com\\\/?p=81060\"},\"author\":{\"name\":\"admin\",\"@id\":\"https:\\\/\\\/kibrisdakik.com\\\/#\\\/schema\\\/person\\\/9cd9d437bbb44f72b73ba127e06d8e79\"},\"headline\":\"TC D\u0131\u015fi\u015fleri Bakan\u0131 Fidan: \u201cT\u00fcrk d\u00fcnyas\u0131 bir b\u00fct\u00fcn olarak K\u0131br\u0131s T\u00fcrk\u00fc\u2019n\u00fcn yan\u0131nda olmaya devam edecektir\u201d\",\"datePublished\":\"2025-04-24T15:14:05+00:00\",\"mainEntityOfPage\":{\"@id\":\"https:\\\/\\\/kibrisdakik.com\\\/?p=81060\"},\"wordCount\":889,\"commentCount\":0,\"image\":{\"@id\":\"https:\\\/\\\/kibrisdakik.com\\\/?p=81060#primaryimage\"},\"thumbnailUrl\":\"https:\\\/\\\/kibrisdakik.com\\\/wp-content\\\/uploads\\\/2025\\\/04\\\/fidan-2-740x420.jpg\",\"articleSection\":[\"K\u0131br\u0131s\",\"Man\u015fet\"],\"inLanguage\":\"tr\",\"potentialAction\":[{\"@type\":\"CommentAction\",\"name\":\"Comment\",\"target\":[\"https:\\\/\\\/kibrisdakik.com\\\/?p=81060#respond\"]}]},{\"@type\":\"WebPage\",\"@id\":\"https:\\\/\\\/kibrisdakik.com\\\/?p=81060\",\"url\":\"https:\\\/\\\/kibrisdakik.com\\\/?p=81060\",\"name\":\"TC D\u0131\u015fi\u015fleri Bakan\u0131 Fidan: \u201cT\u00fcrk d\u00fcnyas\u0131 bir b\u00fct\u00fcn olarak K\u0131br\u0131s T\u00fcrk\u00fc\u2019n\u00fcn yan\u0131nda olmaya devam edecektir\u201d -\",\"isPartOf\":{\"@id\":\"https:\\\/\\\/kibrisdakik.com\\\/#website\"},\"primaryImageOfPage\":{\"@id\":\"https:\\\/\\\/kibrisdakik.com\\\/?p=81060#primaryimage\"},\"image\":{\"@id\":\"https:\\\/\\\/kibrisdakik.com\\\/?p=81060#primaryimage\"},\"thumbnailUrl\":\"https:\\\/\\\/kibrisdakik.com\\\/wp-content\\\/uploads\\\/2025\\\/04\\\/fidan-2-740x420.jpg\",\"datePublished\":\"2025-04-24T15:14:05+00:00\",\"author\":{\"@id\":\"https:\\\/\\\/kibrisdakik.com\\\/#\\\/schema\\\/person\\\/9cd9d437bbb44f72b73ba127e06d8e79\"},\"breadcrumb\":{\"@id\":\"https:\\\/\\\/kibrisdakik.com\\\/?p=81060#breadcrumb\"},\"inLanguage\":\"tr\",\"potentialAction\":[{\"@type\":\"ReadAction\",\"target\":[\"https:\\\/\\\/kibrisdakik.com\\\/?p=81060\"]}]},{\"@type\":\"ImageObject\",\"inLanguage\":\"tr\",\"@id\":\"https:\\\/\\\/kibrisdakik.com\\\/?p=81060#primaryimage\",\"url\":\"https:\\\/\\\/kibrisdakik.com\\\/wp-content\\\/uploads\\\/2025\\\/04\\\/fidan-2-740x420.jpg\",\"contentUrl\":\"https:\\\/\\\/kibrisdakik.com\\\/wp-content\\\/uploads\\\/2025\\\/04\\\/fidan-2-740x420.jpg\",\"width\":750,\"height\":500},{\"@type\":\"BreadcrumbList\",\"@id\":\"https:\\\/\\\/kibrisdakik.com\\\/?p=81060#breadcrumb\",\"itemListElement\":[{\"@type\":\"ListItem\",\"position\":1,\"name\":\"Home\",\"item\":\"https:\\\/\\\/kibrisdakik.com\\\/\"},{\"@type\":\"ListItem\",\"position\":2,\"name\":\"TC D\u0131\u015fi\u015fleri Bakan\u0131 Fidan: \u201cT\u00fcrk d\u00fcnyas\u0131 bir b\u00fct\u00fcn olarak K\u0131br\u0131s T\u00fcrk\u00fc\u2019n\u00fcn yan\u0131nda olmaya devam edecektir\u201d\"}]},{\"@type\":\"WebSite\",\"@id\":\"https:\\\/\\\/kibrisdakik.com\\\/#website\",\"url\":\"https:\\\/\\\/kibrisdakik.com\\\/\",\"name\":\"\",\"description\":\"Tam vaktinde haber\",\"potentialAction\":[{\"@type\":\"SearchAction\",\"target\":{\"@type\":\"EntryPoint\",\"urlTemplate\":\"https:\\\/\\\/kibrisdakik.com\\\/?s={search_term_string}\"},\"query-input\":{\"@type\":\"PropertyValueSpecification\",\"valueRequired\":true,\"valueName\":\"search_term_string\"}}],\"inLanguage\":\"tr\"},{\"@type\":\"Person\",\"@id\":\"https:\\\/\\\/kibrisdakik.com\\\/#\\\/schema\\\/person\\\/9cd9d437bbb44f72b73ba127e06d8e79\",\"name\":\"admin\",\"image\":{\"@type\":\"ImageObject\",\"inLanguage\":\"tr\",\"@id\":\"https:\\\/\\\/secure.gravatar.com\\\/avatar\\\/ccc17943b9d660506c869530f897617f7cb1c21a4bf30023f252596d83e1f007?s=96&d=mm&r=g\",\"url\":\"https:\\\/\\\/secure.gravatar.com\\\/avatar\\\/ccc17943b9d660506c869530f897617f7cb1c21a4bf30023f252596d83e1f007?s=96&d=mm&r=g\",\"contentUrl\":\"https:\\\/\\\/secure.gravatar.com\\\/avatar\\\/ccc17943b9d660506c869530f897617f7cb1c21a4bf30023f252596d83e1f007?s=96&d=mm&r=g\",\"caption\":\"admin\"},\"sameAs\":[\"https:\\\/\\\/kibrisdakik.com\"],\"url\":\"https:\\\/\\\/kibrisdakik.com\\\/?author=1\"}]}<\/script>\n<!-- \/ Yoast SEO plugin. -->","yoast_head_json":{"title":"TC D\u0131\u015fi\u015fleri Bakan\u0131 Fidan: \u201cT\u00fcrk d\u00fcnyas\u0131 bir b\u00fct\u00fcn olarak K\u0131br\u0131s T\u00fcrk\u00fc\u2019n\u00fcn yan\u0131nda olmaya devam edecektir\u201d -","robots":{"index":"index","follow":"follow","max-snippet":"max-snippet:-1","max-image-preview":"max-image-preview:large","max-video-preview":"max-video-preview:-1"},"canonical":"https:\/\/kibrisdakik.com\/?p=81060","og_locale":"tr_TR","og_type":"article","og_title":"TC D\u0131\u015fi\u015fleri Bakan\u0131 Fidan: \u201cT\u00fcrk d\u00fcnyas\u0131 bir b\u00fct\u00fcn olarak K\u0131br\u0131s T\u00fcrk\u00fc\u2019n\u00fcn yan\u0131nda olmaya devam edecektir\u201d -","og_description":"T\u00fcrkiye Cumhuriyeti D\u0131\u015fi\u015fleri Bakan\u0131 Hakan Fidan, \u201cT\u00fcrk d\u00fcnyas\u0131 bir b\u00fct\u00fcn olarak K\u0131br\u0131s T\u00fcrk\u00fc\u2019n\u00fcn yan\u0131nda olmaya devam edecektir. Bu konudaki politikalar\u0131m\u0131z\u0131 sab\u0131rla s\u00fcrd\u00fcrece\u011fiz.\u201d dedi. T\u00fcrkiye Cumhuriyeti D\u0131\u015fi\u015fleri Bakan\u0131 Hakan Fidan, Norve\u00e7 D\u0131\u015fi\u015fleri Bakan\u0131 Espen Barth Eide ile D\u0131\u015fi\u015fleri Bakanl\u0131\u011f\u0131ndaki g\u00f6r\u00fc\u015fmesinin ard\u0131ndan d\u00fczenlenen ortak bas\u0131n toplant\u0131s\u0131nda konu\u015ftu. Mevkida\u015f\u0131yla g\u00f6r\u00fc\u015fmesinde Filistin\u2019deki geli\u015fmeleri de de\u011ferlendirdiklerini kaydeden Fidan, \u201c\u0130srail\u2019in Gazze\u2019deki","og_url":"https:\/\/kibrisdakik.com\/?p=81060","article_published_time":"2025-04-24T15:14:05+00:00","og_image":[{"width":750,"height":500,"url":"https:\/\/kibrisdakik.com\/wp-content\/uploads\/2025\/04\/fidan-2-740x420.jpg","type":"image\/jpeg"}],"author":"admin","twitter_card":"summary_large_image","twitter_misc":{"Yazan:":"admin","Tahmini okuma s\u00fcresi":"4 dakika"},"schema":{"@context":"https:\/\/schema.org","@graph":[{"@type":"Article","@id":"https:\/\/kibrisdakik.com\/?p=81060#article","isPartOf":{"@id":"https:\/\/kibrisdakik.com\/?p=81060"},"author":{"name":"admin","@id":"https:\/\/kibrisdakik.com\/#\/schema\/person\/9cd9d437bbb44f72b73ba127e06d8e79"},"headline":"TC D\u0131\u015fi\u015fleri Bakan\u0131 Fidan: \u201cT\u00fcrk d\u00fcnyas\u0131 bir b\u00fct\u00fcn olarak K\u0131br\u0131s T\u00fcrk\u00fc\u2019n\u00fcn yan\u0131nda olmaya devam edecektir\u201d","datePublished":"2025-04-24T15:14:05+00:00","mainEntityOfPage":{"@id":"https:\/\/kibrisdakik.com\/?p=81060"},"wordCount":889,"commentCount":0,"image":{"@id":"https:\/\/kibrisdakik.com\/?p=81060#primaryimage"},"thumbnailUrl":"https:\/\/kibrisdakik.com\/wp-content\/uploads\/2025\/04\/fidan-2-740x420.jpg","articleSection":["K\u0131br\u0131s","Man\u015fet"],"inLanguage":"tr","potentialAction":[{"@type":"CommentAction","name":"Comment","target":["https:\/\/kibrisdakik.com\/?p=81060#respond"]}]},{"@type":"WebPage","@id":"https:\/\/kibrisdakik.com\/?p=81060","url":"https:\/\/kibrisdakik.com\/?p=81060","name":"TC D\u0131\u015fi\u015fleri Bakan\u0131 Fidan: \u201cT\u00fcrk d\u00fcnyas\u0131 bir b\u00fct\u00fcn olarak K\u0131br\u0131s T\u00fcrk\u00fc\u2019n\u00fcn yan\u0131nda olmaya devam edecektir\u201d -","isPartOf":{"@id":"https:\/\/kibrisdakik.com\/#website"},"primaryImageOfPage":{"@id":"https:\/\/kibrisdakik.com\/?p=81060#primaryimage"},"image":{"@id":"https:\/\/kibrisdakik.com\/?p=81060#primaryimage"},"thumbnailUrl":"https:\/\/kibrisdakik.com\/wp-content\/uploads\/2025\/04\/fidan-2-740x420.jpg","datePublished":"2025-04-24T15:14:05+00:00","author":{"@id":"https:\/\/kibrisdakik.com\/#\/schema\/person\/9cd9d437bbb44f72b73ba127e06d8e79"},"breadcrumb":{"@id":"https:\/\/kibrisdakik.com\/?p=81060#breadcrumb"},"inLanguage":"tr","potentialAction":[{"@type":"ReadAction","target":["https:\/\/kibrisdakik.com\/?p=81060"]}]},{"@type":"ImageObject","inLanguage":"tr","@id":"https:\/\/kibrisdakik.com\/?p=81060#primaryimage","url":"https:\/\/kibrisdakik.com\/wp-content\/uploads\/2025\/04\/fidan-2-740x420.jpg","contentUrl":"https:\/\/kibrisdakik.com\/wp-content\/uploads\/2025\/04\/fidan-2-740x420.jpg","width":750,"height":500},{"@type":"BreadcrumbList","@id":"https:\/\/kibrisdakik.com\/?p=81060#breadcrumb","itemListElement":[{"@type":"ListItem","position":1,"name":"Home","item":"https:\/\/kibrisdakik.com\/"},{"@type":"ListItem","position":2,"name":"TC D\u0131\u015fi\u015fleri Bakan\u0131 Fidan: \u201cT\u00fcrk d\u00fcnyas\u0131 bir b\u00fct\u00fcn olarak K\u0131br\u0131s T\u00fcrk\u00fc\u2019n\u00fcn yan\u0131nda olmaya devam edecektir\u201d"}]},{"@type":"WebSite","@id":"https:\/\/kibrisdakik.com\/#website","url":"https:\/\/kibrisdakik.com\/","name":"","description":"Tam vaktinde haber","potentialAction":[{"@type":"SearchAction","target":{"@type":"EntryPoint","urlTemplate":"https:\/\/kibrisdakik.com\/?s={search_term_string}"},"query-input":{"@type":"PropertyValueSpecification","valueRequired":true,"valueName":"search_term_string"}}],"inLanguage":"tr"},{"@type":"Person","@id":"https:\/\/kibrisdakik.com\/#\/schema\/person\/9cd9d437bbb44f72b73ba127e06d8e79","name":"admin","image":{"@type":"ImageObject","inLanguage":"tr","@id":"https:\/\/secure.gravatar.com\/avatar\/ccc17943b9d660506c869530f897617f7cb1c21a4bf30023f252596d83e1f007?s=96&d=mm&r=g","url":"https:\/\/secure.gravatar.com\/avatar\/ccc17943b9d660506c869530f897617f7cb1c21a4bf30023f252596d83e1f007?s=96&d=mm&r=g","contentUrl":"https:\/\/secure.gravatar.com\/avatar\/ccc17943b9d660506c869530f897617f7cb1c21a4bf30023f252596d83e1f007?s=96&d=mm&r=g","caption":"admin"},"sameAs":["https:\/\/kibrisdakik.com"],"url":"https:\/\/kibrisdakik.com\/?author=1"}]}},"_links":{"self":[{"href":"https:\/\/kibrisdakik.com\/index.php?rest_route=\/wp\/v2\/posts\/81060","targetHints":{"allow":["GET"]}}],"collection":[{"href":"https:\/\/kibrisdakik.com\/index.php?rest_route=\/wp\/v2\/posts"}],"about":[{"href":"https:\/\/kibrisdakik.com\/index.php?rest_route=\/wp\/v2\/types\/post"}],"author":[{"embeddable":true,"href":"https:\/\/kibrisdakik.com\/index.php?rest_route=\/wp\/v2\/users\/1"}],"replies":[{"embeddable":true,"href":"https:\/\/kibrisdakik.com\/index.php?rest_route=%2Fwp%2Fv2%2Fcomments&post=81060"}],"version-history":[{"count":0,"href":"https:\/\/kibrisdakik.com\/index.php?rest_route=\/wp\/v2\/posts\/81060\/revisions"}],"wp:featuredmedia":[{"embeddable":true,"href":"https:\/\/kibrisdakik.com\/index.php?rest_route=\/wp\/v2\/media\/81061"}],"wp:attachment":[{"href":"https:\/\/kibrisdakik.com\/index.php?rest_route=%2Fwp%2Fv2%2Fmedia&parent=81060"}],"wp:term":[{"taxonomy":"category","embeddable":true,"href":"https:\/\/kibrisdakik.com\/index.php?rest_route=%2Fwp%2Fv2%2Fcategories&post=81060"},{"taxonomy":"post_tag","embeddable":true,"href":"https:\/\/kibrisdakik.com\/index.php?rest_route=%2Fwp%2Fv2%2Ftags&post=81060"}],"curies":[{"name":"wp","href":"https:\/\/api.w.org\/{rel}","templated":true}]}}