{"id":81067,"date":"2025-04-24T19:30:08","date_gmt":"2025-04-24T16:30:08","guid":{"rendered":"https:\/\/kibrisdakik.com\/index.php\/2025\/04\/24\/tc-disisleri-bakani-fidan-rumlar-ve-avrupa-birligi-ne-derse-desin-tukenmis-federasyon-modeli-artik-masadan-kalkmis-durumda\/"},"modified":"2025-04-24T19:30:08","modified_gmt":"2025-04-24T16:30:08","slug":"tc-disisleri-bakani-fidan-rumlar-ve-avrupa-birligi-ne-derse-desin-tukenmis-federasyon-modeli-artik-masadan-kalkmis-durumda","status":"publish","type":"post","link":"https:\/\/kibrisdakik.com\/?p=81067","title":{"rendered":"TC D\u0131\u015fi\u015fleri Bakan\u0131 Fidan: \u201cRumlar ve Avrupa Birli\u011fi ne derse desin, t\u00fckenmi\u015f federasyon modeli art\u0131k masadan kalkm\u0131\u015f durumda\u201d"},"content":{"rendered":"<div>\n<div class=\"mariselle-image-container center\">\n                                            <\/div>\n<p>T\u00fcrkiye Cumhuriyeti D\u0131\u015fi\u015fleri Bakan\u0131 Hakan Fidan, K\u0131br\u0131s konusunda, \u201cRumlar ve Avrupa Birli\u011fi ne derse desin, t\u00fckenmi\u015f federasyon modeli art\u0131k masadan kalkm\u0131\u015f durumda.\u201d dedi. <\/p>\n<p>Bakan Fidan, Norve\u00e7 D\u0131\u015fi\u015fleri Bakan\u0131 Espen Barth Eide ile D\u0131\u015fi\u015fleri Bakanl\u0131\u011f\u0131ndaki g\u00f6r\u00fc\u015fmesinin ard\u0131ndan d\u00fczenlenen ortak bas\u0131n toplant\u0131s\u0131nda konu\u015ftu; KKTC ile ilgili son g\u00fcnlerde ortaya at\u0131lan baz\u0131 iddialar de\u011ferlendirdi.<\/p>\n<p>Fidan, Cumhurba\u015fkan\u0131 Recep Tayyip Erdo\u011fan\u2019\u0131n liderli\u011finde son y\u0131llarda T\u00fcrk d\u00fcnyas\u0131n\u0131n kurumsalla\u015fmas\u0131yla ilgili at\u0131lan ad\u0131mlar\u0131n tarihteki di\u011fer ad\u0131mlarla k\u0131yasland\u0131\u011f\u0131nda devasa ad\u0131mlar oldu\u011funa dikkati \u00e7ekerek, T\u00fcrkiye\u2019nin Sovyetler Birli\u011fi d\u00f6neminde de, bug\u00fcn ba\u011f\u0131ms\u0131z T\u00fcrk cumhuriyetleri varken de T\u00fcrk d\u00fcnyas\u0131 ideali oldu\u011funu ve bundan sonra da T\u00fcrk d\u00fcnyas\u0131 ideali olmaya her zaman devam edece\u011fini vurgulad\u0131.<\/p>\n<p>\u2013 \u201cOlmayan bir problemi varm\u0131\u015f gibi ortaya koyma \u00e7abas\u0131\u2026\u201d<\/p>\n<p>Kuzey K\u0131br\u0131s T\u00fcrk Cumhuriyeti (KKTC) ile ilgili olan baz\u0131 son g\u00fcnlerde baz\u0131 \u00e7evrelerin ortaya att\u0131\u011f\u0131 iddialara de\u011finen Fidan, \u015f\u00f6yle devam etti:<\/p>\n<p>\u201cCumhurba\u015fkan\u0131\u2019m\u0131z\u0131n bu konudaki hassasiyeti ortada. Bakanl\u0131k olarak, h\u00fck\u00fcmet olarak bizim ortaya koydu\u011fumuz \u00e7al\u0131\u015fmalar, \u00e7abalar ortada. KKTC ile ortaya koydu\u011fumuz \u00e7al\u0131\u015fmalar, \u00e7abalar ortada. Ama b\u00fct\u00fcn bunlar olmas\u0131na ra\u011fmen hala olmayan bir sorunu \u00fcretmeye \u00e7al\u0131\u015fmak, olmayan bir problemi varm\u0131\u015f gibi ortaya koyma \u00e7abas\u0131 asl\u0131nda bu konuda gayret g\u00f6steren odaklar\u0131n ne kadar \u00e7aresizlik ve a\u00e7maz i\u00e7erisinde oldu\u011funu da g\u00f6steriyor.\u201d<\/p>\n<p>2017\u2019deki Crans-Montana s\u00fcrecine de\u011finen Fidan, KKTC\u2019nin o g\u00fcnden sonra federasyon modelinden \u00e7ekildi\u011fini, kendilerinin de sonu\u00e7 vermeyecek m\u00fczakerelerle vakit kaybetmeyeceklerini defaatle ifade ettiklerini aktard\u0131.<\/p>\n<p>Fidan, \u201cVe ondan sonra iki devletli \u00e7\u00f6z\u00fcm modeli ortaya konuldu ve biz bu modelin arkas\u0131nda durmaya devam ettik. Ge\u00e7ti\u011fimiz mart ay\u0131nda Cenevre\u2019de yap\u0131lan toplant\u0131da federal model BM taraf\u0131ndan telaffuz dahi edilmedi. Bunun yerine biz adadaki iki taraf\u0131n i\u015fbirli\u011fi yapabilece\u011fi alanlar \u00fczerinde durduk.\u201d diye konu\u015ftu.<\/p>\n<p>\u2013 \u201cRumlar ve Avrupa Birli\u011fi ne derse desin, t\u00fckenmi\u015f federasyon modeli art\u0131k masadan kalkm\u0131\u015f durumda\u201d<\/p>\n<p>Ada\u2019da dondurulmu\u015f bir sorun oldu\u011funu, iki taraf\u0131n da kendi s\u0131n\u0131rlar\u0131 i\u00e7inde kendi idarelerinin y\u00f6netimi alt\u0131nda ya\u015famaya devam etti\u011fini belirten Fidan, iki taraf\u0131n birbirlerine kar\u015f\u0131 koyduklar\u0131 kar\u015f\u0131l\u0131kl\u0131 izolasyonun adan\u0131n topyekun refah\u0131n\u0131 etkiler durumda olmaya ba\u015flad\u0131\u011f\u0131n\u0131 s\u00f6yledi.<\/p>\n<p>Fidan, Ada\u2019daki i\u015fbirli\u011fi ruhunun artt\u0131r\u0131lmas\u0131n\u0131n \u00f6nemli oldu\u011fu konusunda Birle\u015fmi\u015f Milletler\u2019in vizyonuyla \u00f6rt\u00fc\u015ft\u00fcklerini ifade ettiklerini belirterek, \u015funlar\u0131 kaydetti:<\/p>\n<p>\u201cRumlar ve Avrupa Birli\u011fi ne derse desin, t\u00fckenmi\u015f federasyon modeli art\u0131k masadan kalkm\u0131\u015f durumda. Bu modelde biliyorsunuz Rumlar taraf\u0131ndan ortadan kald\u0131r\u0131ld\u0131. Ama K\u0131br\u0131s T\u00fcrklerinin daha fazla izolasyonunu hedef alan daha fazla imkans\u0131zl\u0131klar i\u00e7erisinde bo\u011fu\u015fmas\u0131na sebep olan bir m\u00fczakere s\u00fcreci, bir \u00e7\u00f6z\u00fcm s\u00fcreci, bir anla\u015fma s\u00fcreci bizim hi\u00e7bir \u015fekilde kabul edece\u011fimiz bir yakla\u015f\u0131m de\u011fildir. Tabii ki K\u0131br\u0131s T\u00fcrklerinin biz iradesine sayg\u0131 duyuyoruz. Onlar\u0131n kendi se\u00e7imleri, kendi tercihleri ortada. Ama biz garant\u00f6r \u00fclke olarak, ana vatan olarak kendi g\u00f6r\u00fc\u015flerimizi, kendi tavr\u0131m\u0131z\u0131 her zaman b\u00fcy\u00fck bir netlikle ortaya koyuyoruz. Biz bu konuda son derece netiz.\u201d<\/p>\n<p>\u2013 \u201cK\u0131ta sahanl\u0131\u011f\u0131m\u0131za sondaj yap\u0131ld\u0131\u011f\u0131 iddias\u0131 ger\u00e7ek d\u0131\u015f\u0131d\u0131r\u201d<\/p>\n<p>K\u0131ta sahanl\u0131\u011f\u0131 konusunda BM\u2019nin yan\u0131 s\u0131ra Yunanistan ile de g\u00f6r\u00fc\u015ft\u00fcklerini belirten Fidan, g\u00f6r\u00fc\u015flerini kar\u015f\u0131l\u0131kl\u0131 sayg\u0131 temelinde ortaya koyduklar\u0131n\u0131, adada bar\u0131\u015f\u0131n, refah\u0131n ve s\u00fcrd\u00fcr\u00fclebilir kalk\u0131nman\u0131n olmas\u0131n\u0131 hedeflemenin ba\u015fka yollar\u0131n\u0131n da oldu\u011funu ve bu konudaki yap\u0131c\u0131 politikalar\u0131na devam edeceklerini kaydederek, \u201cAma bu haklar\u0131m\u0131zdan vazge\u00e7ece\u011fimiz manas\u0131na da gelmiyor.\u201d dedi.<\/p>\n<p>Fidan, T\u00fcrkiye\u2019nin Do\u011fu Akdeniz\u2019deki hak ve \u00e7\u0131karlar\u0131n\u0131 sonuna dek korudu\u011funu vurgulad\u0131.<\/p>\n<p>\u201cK\u0131ta sahanl\u0131\u011f\u0131m\u0131za sondaj yap\u0131ld\u0131\u011f\u0131 iddias\u0131 ger\u00e7ek d\u0131\u015f\u0131d\u0131r. \u00d6te yandan biz Do\u011fu Akdeniz\u2019deki k\u0131ta sahanl\u0131\u011f\u0131m\u0131z i\u00e7erisinde sismik ara\u015ft\u0131rmalar yapt\u0131k, sondaj kuyular\u0131 da a\u00e7t\u0131k. Sondaj ve hidrokarbon arama konusundaki \u00f6nceliklerimiz bilimsel temellidir.\u201d diyen Fidan, K\u0131br\u0131s, Ege ve Do\u011fu Akdeniz\u2019de tek tarafl\u0131 herhangi bir ad\u0131ma veya oldubittiye izin vermeyeceklerini herkesin bildi\u011fini dile getirdi.<\/p>\n<\/p><\/div>\n<p><script async\n                    defer\n                    crossorigin=\"anonymous\"\n                    src=\"https:\/\/connect.facebook.net\/tr_TR\/sdk.js#xfbml=1&#038;version=v3.3\"\n            ><\/script><\/p>\n","protected":false},"excerpt":{"rendered":"<p>T\u00fcrkiye Cumhuriyeti D\u0131\u015fi\u015fleri Bakan\u0131 Hakan Fidan, K\u0131br\u0131s konusunda, \u201cRumlar ve Avrupa Birli\u011fi ne derse desin, t\u00fckenmi\u015f federasyon modeli art\u0131k masadan kalkm\u0131\u015f durumda.\u201d dedi. Bakan Fidan, Norve\u00e7 D\u0131\u015fi\u015fleri Bakan\u0131 Espen Barth Eide ile D\u0131\u015fi\u015fleri Bakanl\u0131\u011f\u0131ndaki g\u00f6r\u00fc\u015fmesinin ard\u0131ndan d\u00fczenlenen ortak bas\u0131n toplant\u0131s\u0131nda konu\u015ftu; KKTC ile ilgili son g\u00fcnlerde ortaya at\u0131lan baz\u0131 iddialar de\u011ferlendirdi. Fidan, Cumhurba\u015fkan\u0131 Recep Tayyip<\/p>\n","protected":false},"author":1,"featured_media":81068,"comment_status":"open","ping_status":"open","sticky":false,"template":"","format":"standard","meta":{"footnotes":""},"categories":[81,101],"tags":[],"class_list":["post-81067","post","type-post","status-publish","format-standard","has-post-thumbnail","hentry","category-kibris","category-manset"],"yoast_head":"<!-- This site is optimized with the Yoast SEO plugin v27.4 - https:\/\/yoast.com\/product\/yoast-seo-wordpress\/ -->\n<title>TC D\u0131\u015fi\u015fleri Bakan\u0131 Fidan: \u201cRumlar ve Avrupa Birli\u011fi ne derse desin, t\u00fckenmi\u015f federasyon modeli art\u0131k masadan kalkm\u0131\u015f durumda\u201d -<\/title>\n<meta name=\"robots\" content=\"index, follow, max-snippet:-1, max-image-preview:large, max-video-preview:-1\" \/>\n<link rel=\"canonical\" href=\"https:\/\/kibrisdakik.com\/?p=81067\" \/>\n<meta property=\"og:locale\" content=\"tr_TR\" \/>\n<meta property=\"og:type\" content=\"article\" \/>\n<meta property=\"og:title\" content=\"TC D\u0131\u015fi\u015fleri Bakan\u0131 Fidan: \u201cRumlar ve Avrupa Birli\u011fi ne derse desin, t\u00fckenmi\u015f federasyon modeli art\u0131k masadan kalkm\u0131\u015f durumda\u201d -\" \/>\n<meta property=\"og:description\" content=\"T\u00fcrkiye Cumhuriyeti D\u0131\u015fi\u015fleri Bakan\u0131 Hakan Fidan, K\u0131br\u0131s konusunda, \u201cRumlar ve Avrupa Birli\u011fi ne derse desin, t\u00fckenmi\u015f federasyon modeli art\u0131k masadan kalkm\u0131\u015f durumda.\u201d dedi. Bakan Fidan, Norve\u00e7 D\u0131\u015fi\u015fleri Bakan\u0131 Espen Barth Eide ile D\u0131\u015fi\u015fleri Bakanl\u0131\u011f\u0131ndaki g\u00f6r\u00fc\u015fmesinin ard\u0131ndan d\u00fczenlenen ortak bas\u0131n toplant\u0131s\u0131nda konu\u015ftu; KKTC ile ilgili son g\u00fcnlerde ortaya at\u0131lan baz\u0131 iddialar de\u011ferlendirdi. Fidan, Cumhurba\u015fkan\u0131 Recep Tayyip\" \/>\n<meta property=\"og:url\" content=\"https:\/\/kibrisdakik.com\/?p=81067\" \/>\n<meta property=\"article:published_time\" content=\"2025-04-24T16:30:08+00:00\" \/>\n<meta property=\"og:image\" content=\"https:\/\/kibrisdakik.com\/wp-content\/uploads\/2025\/04\/hakan-fidan-740x420.jpg\" \/>\n\t<meta property=\"og:image:width\" content=\"750\" \/>\n\t<meta property=\"og:image:height\" content=\"500\" \/>\n\t<meta property=\"og:image:type\" content=\"image\/jpeg\" \/>\n<meta name=\"author\" content=\"admin\" \/>\n<meta name=\"twitter:card\" content=\"summary_large_image\" \/>\n<meta name=\"twitter:label1\" content=\"Yazan:\" \/>\n\t<meta name=\"twitter:data1\" content=\"admin\" \/>\n\t<meta name=\"twitter:label2\" content=\"Tahmini okuma s\u00fcresi\" \/>\n\t<meta name=\"twitter:data2\" content=\"4 dakika\" \/>\n<script type=\"application\/ld+json\" class=\"yoast-schema-graph\">{\"@context\":\"https:\\\/\\\/schema.org\",\"@graph\":[{\"@type\":\"Article\",\"@id\":\"https:\\\/\\\/kibrisdakik.com\\\/?p=81067#article\",\"isPartOf\":{\"@id\":\"https:\\\/\\\/kibrisdakik.com\\\/?p=81067\"},\"author\":{\"name\":\"admin\",\"@id\":\"https:\\\/\\\/kibrisdakik.com\\\/#\\\/schema\\\/person\\\/9cd9d437bbb44f72b73ba127e06d8e79\"},\"headline\":\"TC D\u0131\u015fi\u015fleri Bakan\u0131 Fidan: \u201cRumlar ve Avrupa Birli\u011fi ne derse desin, t\u00fckenmi\u015f federasyon modeli art\u0131k masadan kalkm\u0131\u015f durumda\u201d\",\"datePublished\":\"2025-04-24T16:30:08+00:00\",\"mainEntityOfPage\":{\"@id\":\"https:\\\/\\\/kibrisdakik.com\\\/?p=81067\"},\"wordCount\":792,\"commentCount\":0,\"image\":{\"@id\":\"https:\\\/\\\/kibrisdakik.com\\\/?p=81067#primaryimage\"},\"thumbnailUrl\":\"https:\\\/\\\/kibrisdakik.com\\\/wp-content\\\/uploads\\\/2025\\\/04\\\/hakan-fidan-740x420.jpg\",\"articleSection\":[\"K\u0131br\u0131s\",\"Man\u015fet\"],\"inLanguage\":\"tr\",\"potentialAction\":[{\"@type\":\"CommentAction\",\"name\":\"Comment\",\"target\":[\"https:\\\/\\\/kibrisdakik.com\\\/?p=81067#respond\"]}]},{\"@type\":\"WebPage\",\"@id\":\"https:\\\/\\\/kibrisdakik.com\\\/?p=81067\",\"url\":\"https:\\\/\\\/kibrisdakik.com\\\/?p=81067\",\"name\":\"TC D\u0131\u015fi\u015fleri Bakan\u0131 Fidan: \u201cRumlar ve Avrupa Birli\u011fi ne derse desin, t\u00fckenmi\u015f federasyon modeli art\u0131k masadan kalkm\u0131\u015f durumda\u201d -\",\"isPartOf\":{\"@id\":\"https:\\\/\\\/kibrisdakik.com\\\/#website\"},\"primaryImageOfPage\":{\"@id\":\"https:\\\/\\\/kibrisdakik.com\\\/?p=81067#primaryimage\"},\"image\":{\"@id\":\"https:\\\/\\\/kibrisdakik.com\\\/?p=81067#primaryimage\"},\"thumbnailUrl\":\"https:\\\/\\\/kibrisdakik.com\\\/wp-content\\\/uploads\\\/2025\\\/04\\\/hakan-fidan-740x420.jpg\",\"datePublished\":\"2025-04-24T16:30:08+00:00\",\"author\":{\"@id\":\"https:\\\/\\\/kibrisdakik.com\\\/#\\\/schema\\\/person\\\/9cd9d437bbb44f72b73ba127e06d8e79\"},\"breadcrumb\":{\"@id\":\"https:\\\/\\\/kibrisdakik.com\\\/?p=81067#breadcrumb\"},\"inLanguage\":\"tr\",\"potentialAction\":[{\"@type\":\"ReadAction\",\"target\":[\"https:\\\/\\\/kibrisdakik.com\\\/?p=81067\"]}]},{\"@type\":\"ImageObject\",\"inLanguage\":\"tr\",\"@id\":\"https:\\\/\\\/kibrisdakik.com\\\/?p=81067#primaryimage\",\"url\":\"https:\\\/\\\/kibrisdakik.com\\\/wp-content\\\/uploads\\\/2025\\\/04\\\/hakan-fidan-740x420.jpg\",\"contentUrl\":\"https:\\\/\\\/kibrisdakik.com\\\/wp-content\\\/uploads\\\/2025\\\/04\\\/hakan-fidan-740x420.jpg\",\"width\":750,\"height\":500},{\"@type\":\"BreadcrumbList\",\"@id\":\"https:\\\/\\\/kibrisdakik.com\\\/?p=81067#breadcrumb\",\"itemListElement\":[{\"@type\":\"ListItem\",\"position\":1,\"name\":\"Home\",\"item\":\"https:\\\/\\\/kibrisdakik.com\\\/\"},{\"@type\":\"ListItem\",\"position\":2,\"name\":\"TC D\u0131\u015fi\u015fleri Bakan\u0131 Fidan: \u201cRumlar ve Avrupa Birli\u011fi ne derse desin, t\u00fckenmi\u015f federasyon modeli art\u0131k masadan kalkm\u0131\u015f durumda\u201d\"}]},{\"@type\":\"WebSite\",\"@id\":\"https:\\\/\\\/kibrisdakik.com\\\/#website\",\"url\":\"https:\\\/\\\/kibrisdakik.com\\\/\",\"name\":\"\",\"description\":\"Tam vaktinde haber\",\"potentialAction\":[{\"@type\":\"SearchAction\",\"target\":{\"@type\":\"EntryPoint\",\"urlTemplate\":\"https:\\\/\\\/kibrisdakik.com\\\/?s={search_term_string}\"},\"query-input\":{\"@type\":\"PropertyValueSpecification\",\"valueRequired\":true,\"valueName\":\"search_term_string\"}}],\"inLanguage\":\"tr\"},{\"@type\":\"Person\",\"@id\":\"https:\\\/\\\/kibrisdakik.com\\\/#\\\/schema\\\/person\\\/9cd9d437bbb44f72b73ba127e06d8e79\",\"name\":\"admin\",\"image\":{\"@type\":\"ImageObject\",\"inLanguage\":\"tr\",\"@id\":\"https:\\\/\\\/secure.gravatar.com\\\/avatar\\\/ccc17943b9d660506c869530f897617f7cb1c21a4bf30023f252596d83e1f007?s=96&d=mm&r=g\",\"url\":\"https:\\\/\\\/secure.gravatar.com\\\/avatar\\\/ccc17943b9d660506c869530f897617f7cb1c21a4bf30023f252596d83e1f007?s=96&d=mm&r=g\",\"contentUrl\":\"https:\\\/\\\/secure.gravatar.com\\\/avatar\\\/ccc17943b9d660506c869530f897617f7cb1c21a4bf30023f252596d83e1f007?s=96&d=mm&r=g\",\"caption\":\"admin\"},\"sameAs\":[\"https:\\\/\\\/kibrisdakik.com\"],\"url\":\"https:\\\/\\\/kibrisdakik.com\\\/?author=1\"}]}<\/script>\n<!-- \/ Yoast SEO plugin. -->","yoast_head_json":{"title":"TC D\u0131\u015fi\u015fleri Bakan\u0131 Fidan: \u201cRumlar ve Avrupa Birli\u011fi ne derse desin, t\u00fckenmi\u015f federasyon modeli art\u0131k masadan kalkm\u0131\u015f durumda\u201d -","robots":{"index":"index","follow":"follow","max-snippet":"max-snippet:-1","max-image-preview":"max-image-preview:large","max-video-preview":"max-video-preview:-1"},"canonical":"https:\/\/kibrisdakik.com\/?p=81067","og_locale":"tr_TR","og_type":"article","og_title":"TC D\u0131\u015fi\u015fleri Bakan\u0131 Fidan: \u201cRumlar ve Avrupa Birli\u011fi ne derse desin, t\u00fckenmi\u015f federasyon modeli art\u0131k masadan kalkm\u0131\u015f durumda\u201d -","og_description":"T\u00fcrkiye Cumhuriyeti D\u0131\u015fi\u015fleri Bakan\u0131 Hakan Fidan, K\u0131br\u0131s konusunda, \u201cRumlar ve Avrupa Birli\u011fi ne derse desin, t\u00fckenmi\u015f federasyon modeli art\u0131k masadan kalkm\u0131\u015f durumda.\u201d dedi. Bakan Fidan, Norve\u00e7 D\u0131\u015fi\u015fleri Bakan\u0131 Espen Barth Eide ile D\u0131\u015fi\u015fleri Bakanl\u0131\u011f\u0131ndaki g\u00f6r\u00fc\u015fmesinin ard\u0131ndan d\u00fczenlenen ortak bas\u0131n toplant\u0131s\u0131nda konu\u015ftu; KKTC ile ilgili son g\u00fcnlerde ortaya at\u0131lan baz\u0131 iddialar de\u011ferlendirdi. Fidan, Cumhurba\u015fkan\u0131 Recep Tayyip","og_url":"https:\/\/kibrisdakik.com\/?p=81067","article_published_time":"2025-04-24T16:30:08+00:00","og_image":[{"width":750,"height":500,"url":"https:\/\/kibrisdakik.com\/wp-content\/uploads\/2025\/04\/hakan-fidan-740x420.jpg","type":"image\/jpeg"}],"author":"admin","twitter_card":"summary_large_image","twitter_misc":{"Yazan:":"admin","Tahmini okuma s\u00fcresi":"4 dakika"},"schema":{"@context":"https:\/\/schema.org","@graph":[{"@type":"Article","@id":"https:\/\/kibrisdakik.com\/?p=81067#article","isPartOf":{"@id":"https:\/\/kibrisdakik.com\/?p=81067"},"author":{"name":"admin","@id":"https:\/\/kibrisdakik.com\/#\/schema\/person\/9cd9d437bbb44f72b73ba127e06d8e79"},"headline":"TC D\u0131\u015fi\u015fleri Bakan\u0131 Fidan: \u201cRumlar ve Avrupa Birli\u011fi ne derse desin, t\u00fckenmi\u015f federasyon modeli art\u0131k masadan kalkm\u0131\u015f durumda\u201d","datePublished":"2025-04-24T16:30:08+00:00","mainEntityOfPage":{"@id":"https:\/\/kibrisdakik.com\/?p=81067"},"wordCount":792,"commentCount":0,"image":{"@id":"https:\/\/kibrisdakik.com\/?p=81067#primaryimage"},"thumbnailUrl":"https:\/\/kibrisdakik.com\/wp-content\/uploads\/2025\/04\/hakan-fidan-740x420.jpg","articleSection":["K\u0131br\u0131s","Man\u015fet"],"inLanguage":"tr","potentialAction":[{"@type":"CommentAction","name":"Comment","target":["https:\/\/kibrisdakik.com\/?p=81067#respond"]}]},{"@type":"WebPage","@id":"https:\/\/kibrisdakik.com\/?p=81067","url":"https:\/\/kibrisdakik.com\/?p=81067","name":"TC D\u0131\u015fi\u015fleri Bakan\u0131 Fidan: \u201cRumlar ve Avrupa Birli\u011fi ne derse desin, t\u00fckenmi\u015f federasyon modeli art\u0131k masadan kalkm\u0131\u015f durumda\u201d -","isPartOf":{"@id":"https:\/\/kibrisdakik.com\/#website"},"primaryImageOfPage":{"@id":"https:\/\/kibrisdakik.com\/?p=81067#primaryimage"},"image":{"@id":"https:\/\/kibrisdakik.com\/?p=81067#primaryimage"},"thumbnailUrl":"https:\/\/kibrisdakik.com\/wp-content\/uploads\/2025\/04\/hakan-fidan-740x420.jpg","datePublished":"2025-04-24T16:30:08+00:00","author":{"@id":"https:\/\/kibrisdakik.com\/#\/schema\/person\/9cd9d437bbb44f72b73ba127e06d8e79"},"breadcrumb":{"@id":"https:\/\/kibrisdakik.com\/?p=81067#breadcrumb"},"inLanguage":"tr","potentialAction":[{"@type":"ReadAction","target":["https:\/\/kibrisdakik.com\/?p=81067"]}]},{"@type":"ImageObject","inLanguage":"tr","@id":"https:\/\/kibrisdakik.com\/?p=81067#primaryimage","url":"https:\/\/kibrisdakik.com\/wp-content\/uploads\/2025\/04\/hakan-fidan-740x420.jpg","contentUrl":"https:\/\/kibrisdakik.com\/wp-content\/uploads\/2025\/04\/hakan-fidan-740x420.jpg","width":750,"height":500},{"@type":"BreadcrumbList","@id":"https:\/\/kibrisdakik.com\/?p=81067#breadcrumb","itemListElement":[{"@type":"ListItem","position":1,"name":"Home","item":"https:\/\/kibrisdakik.com\/"},{"@type":"ListItem","position":2,"name":"TC D\u0131\u015fi\u015fleri Bakan\u0131 Fidan: \u201cRumlar ve Avrupa Birli\u011fi ne derse desin, t\u00fckenmi\u015f federasyon modeli art\u0131k masadan kalkm\u0131\u015f durumda\u201d"}]},{"@type":"WebSite","@id":"https:\/\/kibrisdakik.com\/#website","url":"https:\/\/kibrisdakik.com\/","name":"","description":"Tam vaktinde haber","potentialAction":[{"@type":"SearchAction","target":{"@type":"EntryPoint","urlTemplate":"https:\/\/kibrisdakik.com\/?s={search_term_string}"},"query-input":{"@type":"PropertyValueSpecification","valueRequired":true,"valueName":"search_term_string"}}],"inLanguage":"tr"},{"@type":"Person","@id":"https:\/\/kibrisdakik.com\/#\/schema\/person\/9cd9d437bbb44f72b73ba127e06d8e79","name":"admin","image":{"@type":"ImageObject","inLanguage":"tr","@id":"https:\/\/secure.gravatar.com\/avatar\/ccc17943b9d660506c869530f897617f7cb1c21a4bf30023f252596d83e1f007?s=96&d=mm&r=g","url":"https:\/\/secure.gravatar.com\/avatar\/ccc17943b9d660506c869530f897617f7cb1c21a4bf30023f252596d83e1f007?s=96&d=mm&r=g","contentUrl":"https:\/\/secure.gravatar.com\/avatar\/ccc17943b9d660506c869530f897617f7cb1c21a4bf30023f252596d83e1f007?s=96&d=mm&r=g","caption":"admin"},"sameAs":["https:\/\/kibrisdakik.com"],"url":"https:\/\/kibrisdakik.com\/?author=1"}]}},"_links":{"self":[{"href":"https:\/\/kibrisdakik.com\/index.php?rest_route=\/wp\/v2\/posts\/81067","targetHints":{"allow":["GET"]}}],"collection":[{"href":"https:\/\/kibrisdakik.com\/index.php?rest_route=\/wp\/v2\/posts"}],"about":[{"href":"https:\/\/kibrisdakik.com\/index.php?rest_route=\/wp\/v2\/types\/post"}],"author":[{"embeddable":true,"href":"https:\/\/kibrisdakik.com\/index.php?rest_route=\/wp\/v2\/users\/1"}],"replies":[{"embeddable":true,"href":"https:\/\/kibrisdakik.com\/index.php?rest_route=%2Fwp%2Fv2%2Fcomments&post=81067"}],"version-history":[{"count":0,"href":"https:\/\/kibrisdakik.com\/index.php?rest_route=\/wp\/v2\/posts\/81067\/revisions"}],"wp:featuredmedia":[{"embeddable":true,"href":"https:\/\/kibrisdakik.com\/index.php?rest_route=\/wp\/v2\/media\/81068"}],"wp:attachment":[{"href":"https:\/\/kibrisdakik.com\/index.php?rest_route=%2Fwp%2Fv2%2Fmedia&parent=81067"}],"wp:term":[{"taxonomy":"category","embeddable":true,"href":"https:\/\/kibrisdakik.com\/index.php?rest_route=%2Fwp%2Fv2%2Fcategories&post=81067"},{"taxonomy":"post_tag","embeddable":true,"href":"https:\/\/kibrisdakik.com\/index.php?rest_route=%2Fwp%2Fv2%2Ftags&post=81067"}],"curies":[{"name":"wp","href":"https:\/\/api.w.org\/{rel}","templated":true}]}}