{"id":81086,"date":"2025-04-24T17:27:00","date_gmt":"2025-04-24T14:27:00","guid":{"rendered":"https:\/\/kibrisdakik.com\/index.php\/2025\/04\/24\/15-yasindaki-huseyin-degerin-olum-nedeni-tetkikler-sonucunda-belirlenecek\/"},"modified":"2025-04-24T17:27:00","modified_gmt":"2025-04-24T14:27:00","slug":"15-yasindaki-huseyin-degerin-olum-nedeni-tetkikler-sonucunda-belirlenecek","status":"publish","type":"post","link":"https:\/\/kibrisdakik.com\/?p=81086","title":{"rendered":"15 ya\u015f\u0131ndaki H\u00fcseyin De\u011fer\u2019in \u00f6l\u00fcm nedeni tetkikler sonucunda belirlenecek"},"content":{"rendered":"<p><\/p>\n<div>\n<div class=\"mariselle-image-container none\">\n                <img loading=\"lazy\" decoding=\"async\" width=\"1280\" height=\"777\" class=\"lazy-image\" alt=\"\" sizes=\"auto, (max-width: 1280px) 100vw, 1280px\" src=\"https:\/\/brtk.net\/wp-content\/uploads\/2025\/04\/15\/1744720132073kktc-polis-2.jpg?ver=c7923ecb3d411b42a7d833e70fea7a8c\" srcset=\"https:\/\/brtk.net\/wp-content\/uploads\/2025\/04\/15\/1744720132073kktc-polis-2.jpg?ver=c7923ecb3d411b42a7d833e70fea7a8c 1280w, https:\/\/brtk.net\/wp-content\/uploads\/2025\/04\/15\/1744720132073kktc-polis-2-300x182.jpg?ver=c7923ecb3d411b42a7d833e70fea7a8c 300w, https:\/\/brtk.net\/wp-content\/uploads\/2025\/04\/15\/1744720132073kktc-polis-2-1024x622.jpg?ver=c7923ecb3d411b42a7d833e70fea7a8c 1024w, https:\/\/brtk.net\/wp-content\/uploads\/2025\/04\/15\/1744720132073kktc-polis-2-768x466.jpg?ver=c7923ecb3d411b42a7d833e70fea7a8c 768w\"\/>                            <\/div>\n<p style=\"font-weight: 300;\">Lefko\u015fa\u2019da ikamet etti\u011fi evde aniden rahats\u0131zlanan, kald\u0131r\u0131ld\u0131\u011f\u0131 Lefko\u015fa Acil Durum Hastanesi \u00c7ocuk Acil Servisi\u2019nde yap\u0131lan t\u00fcm m\u00fcdahalelere ra\u011fmen kurtar\u0131lamayarak ya\u015fam\u0131n\u0131 yitiren 15 ya\u015f\u0131ndaki H\u00fcseyin De\u011fer\u2019in \u00f6l\u00fcm nedeninin tetkikler sonucunda belirlenece\u011fi a\u00e7\u0131kland\u0131.<\/p>\n<p style=\"font-weight: 300;\"><span style=\"font-weight: 300 !important;\">Polis Bas\u0131n Subayl\u0131\u011f\u0131\u2019ndan yap\u0131lan a\u00e7\u0131klamada \u201cH\u00fcseyin De\u011fer\u2019in yap\u0131lan otopsisinde, \u00f6l\u00fcm sebebinin yap\u0131lacak tetkikler sonucunda tespit edilece\u011fi belirlenmi\u015ftir\u201d denildi.<\/span><\/p>\n<p>\u00a0<\/p>\n<\/p><\/div>\n<p><script async\n                    defer\n                    crossorigin=\"anonymous\"\n                    src=\"https:\/\/connect.facebook.net\/tr_TR\/sdk.js#xfbml=1&#038;version=v3.3\"\n            ><\/script><\/p>\n","protected":false},"excerpt":{"rendered":"<p>Lefko\u015fa\u2019da ikamet etti\u011fi evde aniden rahats\u0131zlanan, kald\u0131r\u0131ld\u0131\u011f\u0131 Lefko\u015fa Acil Durum Hastanesi \u00c7ocuk Acil Servisi\u2019nde yap\u0131lan t\u00fcm m\u00fcdahalelere ra\u011fmen kurtar\u0131lamayarak ya\u015fam\u0131n\u0131 yitiren 15 ya\u015f\u0131ndaki H\u00fcseyin De\u011fer\u2019in \u00f6l\u00fcm nedeninin tetkikler sonucunda belirlenece\u011fi a\u00e7\u0131kland\u0131. Polis Bas\u0131n Subayl\u0131\u011f\u0131\u2019ndan yap\u0131lan a\u00e7\u0131klamada \u201cH\u00fcseyin De\u011fer\u2019in yap\u0131lan otopsisinde, \u00f6l\u00fcm sebebinin yap\u0131lacak tetkikler sonucunda tespit edilece\u011fi belirlenmi\u015ftir\u201d denildi. \u00a0<\/p>\n","protected":false},"author":1,"featured_media":80269,"comment_status":"open","ping_status":"open","sticky":false,"template":"","format":"standard","meta":{"footnotes":""},"categories":[1,101],"tags":[],"class_list":["post-81086","post","type-post","status-publish","format-standard","has-post-thumbnail","hentry","category-gundem","category-manset"],"yoast_head":"<!-- This site is optimized with the Yoast SEO plugin v27.4 - https:\/\/yoast.com\/product\/yoast-seo-wordpress\/ -->\n<title>15 ya\u015f\u0131ndaki H\u00fcseyin De\u011fer\u2019in \u00f6l\u00fcm nedeni tetkikler sonucunda belirlenecek -<\/title>\n<meta name=\"robots\" content=\"index, follow, max-snippet:-1, max-image-preview:large, max-video-preview:-1\" \/>\n<link rel=\"canonical\" href=\"https:\/\/kibrisdakik.com\/?p=81086\" \/>\n<meta property=\"og:locale\" content=\"tr_TR\" \/>\n<meta property=\"og:type\" content=\"article\" \/>\n<meta property=\"og:title\" content=\"15 ya\u015f\u0131ndaki H\u00fcseyin De\u011fer\u2019in \u00f6l\u00fcm nedeni tetkikler sonucunda belirlenecek -\" \/>\n<meta property=\"og:description\" content=\"Lefko\u015fa\u2019da ikamet etti\u011fi evde aniden rahats\u0131zlanan, kald\u0131r\u0131ld\u0131\u011f\u0131 Lefko\u015fa Acil Durum Hastanesi \u00c7ocuk Acil Servisi\u2019nde yap\u0131lan t\u00fcm m\u00fcdahalelere ra\u011fmen kurtar\u0131lamayarak ya\u015fam\u0131n\u0131 yitiren 15 ya\u015f\u0131ndaki H\u00fcseyin De\u011fer\u2019in \u00f6l\u00fcm nedeninin tetkikler sonucunda belirlenece\u011fi a\u00e7\u0131kland\u0131. Polis Bas\u0131n Subayl\u0131\u011f\u0131\u2019ndan yap\u0131lan a\u00e7\u0131klamada \u201cH\u00fcseyin De\u011fer\u2019in yap\u0131lan otopsisinde, \u00f6l\u00fcm sebebinin yap\u0131lacak tetkikler sonucunda tespit edilece\u011fi belirlenmi\u015ftir\u201d denildi. \u00a0\" \/>\n<meta property=\"og:url\" content=\"https:\/\/kibrisdakik.com\/?p=81086\" \/>\n<meta property=\"article:published_time\" content=\"2025-04-24T14:27:00+00:00\" \/>\n<meta property=\"og:image\" content=\"https:\/\/kibrisdakik.com\/wp-content\/uploads\/2025\/04\/1744720132073kktc-polis-2-740x420.jpg\" \/>\n\t<meta property=\"og:image:width\" content=\"1280\" \/>\n\t<meta property=\"og:image:height\" content=\"777\" \/>\n\t<meta property=\"og:image:type\" content=\"image\/jpeg\" \/>\n<meta name=\"author\" content=\"admin\" \/>\n<meta name=\"twitter:card\" content=\"summary_large_image\" \/>\n<meta name=\"twitter:label1\" content=\"Yazan:\" \/>\n\t<meta name=\"twitter:data1\" content=\"admin\" \/>\n<script type=\"application\/ld+json\" class=\"yoast-schema-graph\">{\"@context\":\"https:\\\/\\\/schema.org\",\"@graph\":[{\"@type\":\"Article\",\"@id\":\"https:\\\/\\\/kibrisdakik.com\\\/?p=81086#article\",\"isPartOf\":{\"@id\":\"https:\\\/\\\/kibrisdakik.com\\\/?p=81086\"},\"author\":{\"name\":\"admin\",\"@id\":\"https:\\\/\\\/kibrisdakik.com\\\/#\\\/schema\\\/person\\\/9cd9d437bbb44f72b73ba127e06d8e79\"},\"headline\":\"15 ya\u015f\u0131ndaki H\u00fcseyin De\u011fer\u2019in \u00f6l\u00fcm nedeni tetkikler sonucunda belirlenecek\",\"datePublished\":\"2025-04-24T14:27:00+00:00\",\"mainEntityOfPage\":{\"@id\":\"https:\\\/\\\/kibrisdakik.com\\\/?p=81086\"},\"wordCount\":95,\"commentCount\":0,\"image\":{\"@id\":\"https:\\\/\\\/kibrisdakik.com\\\/?p=81086#primaryimage\"},\"thumbnailUrl\":\"https:\\\/\\\/kibrisdakik.com\\\/wp-content\\\/uploads\\\/2025\\\/04\\\/1744720132073kktc-polis-2-740x420.jpg\",\"articleSection\":[\"G\u00fcndem\",\"Man\u015fet\"],\"inLanguage\":\"tr\",\"potentialAction\":[{\"@type\":\"CommentAction\",\"name\":\"Comment\",\"target\":[\"https:\\\/\\\/kibrisdakik.com\\\/?p=81086#respond\"]}]},{\"@type\":\"WebPage\",\"@id\":\"https:\\\/\\\/kibrisdakik.com\\\/?p=81086\",\"url\":\"https:\\\/\\\/kibrisdakik.com\\\/?p=81086\",\"name\":\"15 ya\u015f\u0131ndaki H\u00fcseyin De\u011fer\u2019in \u00f6l\u00fcm nedeni tetkikler sonucunda belirlenecek -\",\"isPartOf\":{\"@id\":\"https:\\\/\\\/kibrisdakik.com\\\/#website\"},\"primaryImageOfPage\":{\"@id\":\"https:\\\/\\\/kibrisdakik.com\\\/?p=81086#primaryimage\"},\"image\":{\"@id\":\"https:\\\/\\\/kibrisdakik.com\\\/?p=81086#primaryimage\"},\"thumbnailUrl\":\"https:\\\/\\\/kibrisdakik.com\\\/wp-content\\\/uploads\\\/2025\\\/04\\\/1744720132073kktc-polis-2-740x420.jpg\",\"datePublished\":\"2025-04-24T14:27:00+00:00\",\"author\":{\"@id\":\"https:\\\/\\\/kibrisdakik.com\\\/#\\\/schema\\\/person\\\/9cd9d437bbb44f72b73ba127e06d8e79\"},\"breadcrumb\":{\"@id\":\"https:\\\/\\\/kibrisdakik.com\\\/?p=81086#breadcrumb\"},\"inLanguage\":\"tr\",\"potentialAction\":[{\"@type\":\"ReadAction\",\"target\":[\"https:\\\/\\\/kibrisdakik.com\\\/?p=81086\"]}]},{\"@type\":\"ImageObject\",\"inLanguage\":\"tr\",\"@id\":\"https:\\\/\\\/kibrisdakik.com\\\/?p=81086#primaryimage\",\"url\":\"https:\\\/\\\/kibrisdakik.com\\\/wp-content\\\/uploads\\\/2025\\\/04\\\/1744720132073kktc-polis-2-740x420.jpg\",\"contentUrl\":\"https:\\\/\\\/kibrisdakik.com\\\/wp-content\\\/uploads\\\/2025\\\/04\\\/1744720132073kktc-polis-2-740x420.jpg\",\"width\":1280,\"height\":777},{\"@type\":\"BreadcrumbList\",\"@id\":\"https:\\\/\\\/kibrisdakik.com\\\/?p=81086#breadcrumb\",\"itemListElement\":[{\"@type\":\"ListItem\",\"position\":1,\"name\":\"Home\",\"item\":\"https:\\\/\\\/kibrisdakik.com\\\/\"},{\"@type\":\"ListItem\",\"position\":2,\"name\":\"15 ya\u015f\u0131ndaki H\u00fcseyin De\u011fer\u2019in \u00f6l\u00fcm nedeni tetkikler sonucunda belirlenecek\"}]},{\"@type\":\"WebSite\",\"@id\":\"https:\\\/\\\/kibrisdakik.com\\\/#website\",\"url\":\"https:\\\/\\\/kibrisdakik.com\\\/\",\"name\":\"\",\"description\":\"Tam vaktinde haber\",\"potentialAction\":[{\"@type\":\"SearchAction\",\"target\":{\"@type\":\"EntryPoint\",\"urlTemplate\":\"https:\\\/\\\/kibrisdakik.com\\\/?s={search_term_string}\"},\"query-input\":{\"@type\":\"PropertyValueSpecification\",\"valueRequired\":true,\"valueName\":\"search_term_string\"}}],\"inLanguage\":\"tr\"},{\"@type\":\"Person\",\"@id\":\"https:\\\/\\\/kibrisdakik.com\\\/#\\\/schema\\\/person\\\/9cd9d437bbb44f72b73ba127e06d8e79\",\"name\":\"admin\",\"image\":{\"@type\":\"ImageObject\",\"inLanguage\":\"tr\",\"@id\":\"https:\\\/\\\/secure.gravatar.com\\\/avatar\\\/ccc17943b9d660506c869530f897617f7cb1c21a4bf30023f252596d83e1f007?s=96&d=mm&r=g\",\"url\":\"https:\\\/\\\/secure.gravatar.com\\\/avatar\\\/ccc17943b9d660506c869530f897617f7cb1c21a4bf30023f252596d83e1f007?s=96&d=mm&r=g\",\"contentUrl\":\"https:\\\/\\\/secure.gravatar.com\\\/avatar\\\/ccc17943b9d660506c869530f897617f7cb1c21a4bf30023f252596d83e1f007?s=96&d=mm&r=g\",\"caption\":\"admin\"},\"sameAs\":[\"https:\\\/\\\/kibrisdakik.com\"],\"url\":\"https:\\\/\\\/kibrisdakik.com\\\/?author=1\"}]}<\/script>\n<!-- \/ Yoast SEO plugin. -->","yoast_head_json":{"title":"15 ya\u015f\u0131ndaki H\u00fcseyin De\u011fer\u2019in \u00f6l\u00fcm nedeni tetkikler sonucunda belirlenecek -","robots":{"index":"index","follow":"follow","max-snippet":"max-snippet:-1","max-image-preview":"max-image-preview:large","max-video-preview":"max-video-preview:-1"},"canonical":"https:\/\/kibrisdakik.com\/?p=81086","og_locale":"tr_TR","og_type":"article","og_title":"15 ya\u015f\u0131ndaki H\u00fcseyin De\u011fer\u2019in \u00f6l\u00fcm nedeni tetkikler sonucunda belirlenecek -","og_description":"Lefko\u015fa\u2019da ikamet etti\u011fi evde aniden rahats\u0131zlanan, kald\u0131r\u0131ld\u0131\u011f\u0131 Lefko\u015fa Acil Durum Hastanesi \u00c7ocuk Acil Servisi\u2019nde yap\u0131lan t\u00fcm m\u00fcdahalelere ra\u011fmen kurtar\u0131lamayarak ya\u015fam\u0131n\u0131 yitiren 15 ya\u015f\u0131ndaki H\u00fcseyin De\u011fer\u2019in \u00f6l\u00fcm nedeninin tetkikler sonucunda belirlenece\u011fi a\u00e7\u0131kland\u0131. Polis Bas\u0131n Subayl\u0131\u011f\u0131\u2019ndan yap\u0131lan a\u00e7\u0131klamada \u201cH\u00fcseyin De\u011fer\u2019in yap\u0131lan otopsisinde, \u00f6l\u00fcm sebebinin yap\u0131lacak tetkikler sonucunda tespit edilece\u011fi belirlenmi\u015ftir\u201d denildi. \u00a0","og_url":"https:\/\/kibrisdakik.com\/?p=81086","article_published_time":"2025-04-24T14:27:00+00:00","og_image":[{"width":1280,"height":777,"url":"https:\/\/kibrisdakik.com\/wp-content\/uploads\/2025\/04\/1744720132073kktc-polis-2-740x420.jpg","type":"image\/jpeg"}],"author":"admin","twitter_card":"summary_large_image","twitter_misc":{"Yazan:":"admin"},"schema":{"@context":"https:\/\/schema.org","@graph":[{"@type":"Article","@id":"https:\/\/kibrisdakik.com\/?p=81086#article","isPartOf":{"@id":"https:\/\/kibrisdakik.com\/?p=81086"},"author":{"name":"admin","@id":"https:\/\/kibrisdakik.com\/#\/schema\/person\/9cd9d437bbb44f72b73ba127e06d8e79"},"headline":"15 ya\u015f\u0131ndaki H\u00fcseyin De\u011fer\u2019in \u00f6l\u00fcm nedeni tetkikler sonucunda belirlenecek","datePublished":"2025-04-24T14:27:00+00:00","mainEntityOfPage":{"@id":"https:\/\/kibrisdakik.com\/?p=81086"},"wordCount":95,"commentCount":0,"image":{"@id":"https:\/\/kibrisdakik.com\/?p=81086#primaryimage"},"thumbnailUrl":"https:\/\/kibrisdakik.com\/wp-content\/uploads\/2025\/04\/1744720132073kktc-polis-2-740x420.jpg","articleSection":["G\u00fcndem","Man\u015fet"],"inLanguage":"tr","potentialAction":[{"@type":"CommentAction","name":"Comment","target":["https:\/\/kibrisdakik.com\/?p=81086#respond"]}]},{"@type":"WebPage","@id":"https:\/\/kibrisdakik.com\/?p=81086","url":"https:\/\/kibrisdakik.com\/?p=81086","name":"15 ya\u015f\u0131ndaki H\u00fcseyin De\u011fer\u2019in \u00f6l\u00fcm nedeni tetkikler sonucunda belirlenecek -","isPartOf":{"@id":"https:\/\/kibrisdakik.com\/#website"},"primaryImageOfPage":{"@id":"https:\/\/kibrisdakik.com\/?p=81086#primaryimage"},"image":{"@id":"https:\/\/kibrisdakik.com\/?p=81086#primaryimage"},"thumbnailUrl":"https:\/\/kibrisdakik.com\/wp-content\/uploads\/2025\/04\/1744720132073kktc-polis-2-740x420.jpg","datePublished":"2025-04-24T14:27:00+00:00","author":{"@id":"https:\/\/kibrisdakik.com\/#\/schema\/person\/9cd9d437bbb44f72b73ba127e06d8e79"},"breadcrumb":{"@id":"https:\/\/kibrisdakik.com\/?p=81086#breadcrumb"},"inLanguage":"tr","potentialAction":[{"@type":"ReadAction","target":["https:\/\/kibrisdakik.com\/?p=81086"]}]},{"@type":"ImageObject","inLanguage":"tr","@id":"https:\/\/kibrisdakik.com\/?p=81086#primaryimage","url":"https:\/\/kibrisdakik.com\/wp-content\/uploads\/2025\/04\/1744720132073kktc-polis-2-740x420.jpg","contentUrl":"https:\/\/kibrisdakik.com\/wp-content\/uploads\/2025\/04\/1744720132073kktc-polis-2-740x420.jpg","width":1280,"height":777},{"@type":"BreadcrumbList","@id":"https:\/\/kibrisdakik.com\/?p=81086#breadcrumb","itemListElement":[{"@type":"ListItem","position":1,"name":"Home","item":"https:\/\/kibrisdakik.com\/"},{"@type":"ListItem","position":2,"name":"15 ya\u015f\u0131ndaki H\u00fcseyin De\u011fer\u2019in \u00f6l\u00fcm nedeni tetkikler sonucunda belirlenecek"}]},{"@type":"WebSite","@id":"https:\/\/kibrisdakik.com\/#website","url":"https:\/\/kibrisdakik.com\/","name":"","description":"Tam vaktinde haber","potentialAction":[{"@type":"SearchAction","target":{"@type":"EntryPoint","urlTemplate":"https:\/\/kibrisdakik.com\/?s={search_term_string}"},"query-input":{"@type":"PropertyValueSpecification","valueRequired":true,"valueName":"search_term_string"}}],"inLanguage":"tr"},{"@type":"Person","@id":"https:\/\/kibrisdakik.com\/#\/schema\/person\/9cd9d437bbb44f72b73ba127e06d8e79","name":"admin","image":{"@type":"ImageObject","inLanguage":"tr","@id":"https:\/\/secure.gravatar.com\/avatar\/ccc17943b9d660506c869530f897617f7cb1c21a4bf30023f252596d83e1f007?s=96&d=mm&r=g","url":"https:\/\/secure.gravatar.com\/avatar\/ccc17943b9d660506c869530f897617f7cb1c21a4bf30023f252596d83e1f007?s=96&d=mm&r=g","contentUrl":"https:\/\/secure.gravatar.com\/avatar\/ccc17943b9d660506c869530f897617f7cb1c21a4bf30023f252596d83e1f007?s=96&d=mm&r=g","caption":"admin"},"sameAs":["https:\/\/kibrisdakik.com"],"url":"https:\/\/kibrisdakik.com\/?author=1"}]}},"_links":{"self":[{"href":"https:\/\/kibrisdakik.com\/index.php?rest_route=\/wp\/v2\/posts\/81086","targetHints":{"allow":["GET"]}}],"collection":[{"href":"https:\/\/kibrisdakik.com\/index.php?rest_route=\/wp\/v2\/posts"}],"about":[{"href":"https:\/\/kibrisdakik.com\/index.php?rest_route=\/wp\/v2\/types\/post"}],"author":[{"embeddable":true,"href":"https:\/\/kibrisdakik.com\/index.php?rest_route=\/wp\/v2\/users\/1"}],"replies":[{"embeddable":true,"href":"https:\/\/kibrisdakik.com\/index.php?rest_route=%2Fwp%2Fv2%2Fcomments&post=81086"}],"version-history":[{"count":0,"href":"https:\/\/kibrisdakik.com\/index.php?rest_route=\/wp\/v2\/posts\/81086\/revisions"}],"wp:featuredmedia":[{"embeddable":true,"href":"https:\/\/kibrisdakik.com\/index.php?rest_route=\/wp\/v2\/media\/80269"}],"wp:attachment":[{"href":"https:\/\/kibrisdakik.com\/index.php?rest_route=%2Fwp%2Fv2%2Fmedia&parent=81086"}],"wp:term":[{"taxonomy":"category","embeddable":true,"href":"https:\/\/kibrisdakik.com\/index.php?rest_route=%2Fwp%2Fv2%2Fcategories&post=81086"},{"taxonomy":"post_tag","embeddable":true,"href":"https:\/\/kibrisdakik.com\/index.php?rest_route=%2Fwp%2Fv2%2Ftags&post=81086"}],"curies":[{"name":"wp","href":"https:\/\/api.w.org\/{rel}","templated":true}]}}