{"id":81088,"date":"2025-04-24T22:03:54","date_gmt":"2025-04-24T19:03:54","guid":{"rendered":"https:\/\/kibrisdakik.com\/index.php\/2025\/04\/24\/sendikalar-eylem-atesini-bu-kez-guzelyurtta-yakti\/"},"modified":"2025-04-24T22:03:54","modified_gmt":"2025-04-24T19:03:54","slug":"sendikalar-eylem-atesini-bu-kez-guzelyurtta-yakti","status":"publish","type":"post","link":"https:\/\/kibrisdakik.com\/?p=81088","title":{"rendered":"Sendikalar eylem ate\u015fini bu kez G\u00fczelyurt\u2019ta yakt\u0131"},"content":{"rendered":"<div>\n<div class=\"mariselle-image-container center\">\n                                            <\/div>\n<p>Disiplin t\u00fcz\u00fc\u011f\u00fcnde yap\u0131lan de\u011fi\u015fiklikle okullardaki ba\u015f\u00f6rt\u00fcs\u00fc kullan\u0131m\u0131na y\u00f6nelik yeni bir d\u00fczenleme getirilmesine kar\u015f\u0131 eylemler devam ediyor.<\/p>\n<p>Bu \u00e7er\u00e7evede s\u00f6z konusu de\u011fi\u015fikli\u011fe kar\u015f\u0131 \u00e7\u0131kan sendika, \u00f6rg\u00fct ve baz\u0131 siyasi parti temsilcileri G\u00fczelyurt\u2019ta eylem yapt\u0131.<\/p>\n<p>G\u00fczelyurt Otob\u00fcs Terminali \u00d6n\u00fcnde yer alan eylem, HAK-SEN ve Ba\u011f\u0131ms\u0131zl\u0131k Yolu organizasyonuyla ger\u00e7ekle\u015ftirildi.<\/p>\n<p>KT\u00d6S ve KTOE\u00d6S \u00f6nc\u00fcl\u00fc\u011f\u00fcnde, 70 civar\u0131 \u00f6rg\u00fct\u00fcn deste\u011fiyle ger\u00e7ekle\u015ftirilen eylem, HAK-SEN Ba\u015fkan\u0131 Salih Er\u015fangil\u2019in konu\u015fmas\u0131yla ba\u015flad\u0131.<\/p>\n<p>Er\u015fangil, \u00f6rg\u00fctler olarak \u00f6\u011fretmenlerin ba\u015flatt\u0131\u011f\u0131 m\u00fccadelenin destek\u00e7isi olduklar\u0131n\u0131 ifade ederek, bu de\u011fi\u015fikli\u011fi kabul etmediklerini ve dayatmalara kar\u015f\u0131 durmaya devam edeceklerini s\u00f6yledi.<\/p>\n<p>Ba\u011f\u0131ms\u0131zl\u0131k Yolu Genel Sekreteri Umut Ersoy ise k\u0131z \u00e7ocuklar\u0131n\u0131n ba\u015f\u0131n\u0131n zorla kapat\u0131lmaya \u00e7al\u0131\u015f\u0131ld\u0131\u011f\u0131n\u0131 savunarak, \u00e7ocuk istismar\u0131na ve siyasal \u0130slamc\u0131lara kar\u015f\u0131 m\u00fccadeleyi s\u00fcrd\u00fcreceklerini belirtti.<\/p>\n<\/p><\/div>\n<p><script async\n                    defer\n                    crossorigin=\"anonymous\"\n                    src=\"https:\/\/connect.facebook.net\/tr_TR\/sdk.js#xfbml=1&#038;version=v3.3\"\n            ><\/script><\/p>\n","protected":false},"excerpt":{"rendered":"<p>Disiplin t\u00fcz\u00fc\u011f\u00fcnde yap\u0131lan de\u011fi\u015fiklikle okullardaki ba\u015f\u00f6rt\u00fcs\u00fc kullan\u0131m\u0131na y\u00f6nelik yeni bir d\u00fczenleme getirilmesine kar\u015f\u0131 eylemler devam ediyor. Bu \u00e7er\u00e7evede s\u00f6z konusu de\u011fi\u015fikli\u011fe kar\u015f\u0131 \u00e7\u0131kan sendika, \u00f6rg\u00fct ve baz\u0131 siyasi parti temsilcileri G\u00fczelyurt\u2019ta eylem yapt\u0131. G\u00fczelyurt Otob\u00fcs Terminali \u00d6n\u00fcnde yer alan eylem, HAK-SEN ve Ba\u011f\u0131ms\u0131zl\u0131k Yolu organizasyonuyla ger\u00e7ekle\u015ftirildi. KT\u00d6S ve KTOE\u00d6S \u00f6nc\u00fcl\u00fc\u011f\u00fcnde, 70 civar\u0131 \u00f6rg\u00fct\u00fcn deste\u011fiyle ger\u00e7ekle\u015ftirilen<\/p>\n","protected":false},"author":1,"featured_media":81089,"comment_status":"open","ping_status":"open","sticky":false,"template":"","format":"standard","meta":{"footnotes":""},"categories":[81,101],"tags":[],"class_list":["post-81088","post","type-post","status-publish","format-standard","has-post-thumbnail","hentry","category-kibris","category-manset"],"yoast_head":"<!-- This site is optimized with the Yoast SEO plugin v27.4 - https:\/\/yoast.com\/product\/yoast-seo-wordpress\/ -->\n<title>Sendikalar eylem ate\u015fini bu kez G\u00fczelyurt\u2019ta yakt\u0131 -<\/title>\n<meta name=\"robots\" content=\"index, follow, max-snippet:-1, max-image-preview:large, max-video-preview:-1\" \/>\n<link rel=\"canonical\" href=\"https:\/\/kibrisdakik.com\/?p=81088\" \/>\n<meta property=\"og:locale\" content=\"tr_TR\" \/>\n<meta property=\"og:type\" content=\"article\" \/>\n<meta property=\"og:title\" content=\"Sendikalar eylem ate\u015fini bu kez G\u00fczelyurt\u2019ta yakt\u0131 -\" \/>\n<meta property=\"og:description\" content=\"Disiplin t\u00fcz\u00fc\u011f\u00fcnde yap\u0131lan de\u011fi\u015fiklikle okullardaki ba\u015f\u00f6rt\u00fcs\u00fc kullan\u0131m\u0131na y\u00f6nelik yeni bir d\u00fczenleme getirilmesine kar\u015f\u0131 eylemler devam ediyor. Bu \u00e7er\u00e7evede s\u00f6z konusu de\u011fi\u015fikli\u011fe kar\u015f\u0131 \u00e7\u0131kan sendika, \u00f6rg\u00fct ve baz\u0131 siyasi parti temsilcileri G\u00fczelyurt\u2019ta eylem yapt\u0131. G\u00fczelyurt Otob\u00fcs Terminali \u00d6n\u00fcnde yer alan eylem, HAK-SEN ve Ba\u011f\u0131ms\u0131zl\u0131k Yolu organizasyonuyla ger\u00e7ekle\u015ftirildi. KT\u00d6S ve KTOE\u00d6S \u00f6nc\u00fcl\u00fc\u011f\u00fcnde, 70 civar\u0131 \u00f6rg\u00fct\u00fcn deste\u011fiyle ger\u00e7ekle\u015ftirilen\" \/>\n<meta property=\"og:url\" content=\"https:\/\/kibrisdakik.com\/?p=81088\" \/>\n<meta property=\"article:published_time\" content=\"2025-04-24T19:03:54+00:00\" \/>\n<meta property=\"og:image\" content=\"https:\/\/kibrisdakik.com\/wp-content\/uploads\/2025\/04\/23155-scaled-740x420.jpg\" \/>\n\t<meta property=\"og:image:width\" content=\"2560\" \/>\n\t<meta property=\"og:image:height\" content=\"1438\" \/>\n\t<meta property=\"og:image:type\" content=\"image\/jpeg\" \/>\n<meta name=\"author\" content=\"admin\" \/>\n<meta name=\"twitter:card\" content=\"summary_large_image\" \/>\n<meta name=\"twitter:label1\" content=\"Yazan:\" \/>\n\t<meta name=\"twitter:data1\" content=\"admin\" \/>\n\t<meta name=\"twitter:label2\" content=\"Tahmini okuma s\u00fcresi\" \/>\n\t<meta name=\"twitter:data2\" content=\"1 dakika\" \/>\n<script type=\"application\/ld+json\" class=\"yoast-schema-graph\">{\"@context\":\"https:\\\/\\\/schema.org\",\"@graph\":[{\"@type\":\"Article\",\"@id\":\"https:\\\/\\\/kibrisdakik.com\\\/?p=81088#article\",\"isPartOf\":{\"@id\":\"https:\\\/\\\/kibrisdakik.com\\\/?p=81088\"},\"author\":{\"name\":\"admin\",\"@id\":\"https:\\\/\\\/kibrisdakik.com\\\/#\\\/schema\\\/person\\\/9cd9d437bbb44f72b73ba127e06d8e79\"},\"headline\":\"Sendikalar eylem ate\u015fini bu kez G\u00fczelyurt\u2019ta yakt\u0131\",\"datePublished\":\"2025-04-24T19:03:54+00:00\",\"mainEntityOfPage\":{\"@id\":\"https:\\\/\\\/kibrisdakik.com\\\/?p=81088\"},\"wordCount\":183,\"commentCount\":0,\"image\":{\"@id\":\"https:\\\/\\\/kibrisdakik.com\\\/?p=81088#primaryimage\"},\"thumbnailUrl\":\"https:\\\/\\\/kibrisdakik.com\\\/wp-content\\\/uploads\\\/2025\\\/04\\\/23155-scaled-740x420.jpg\",\"articleSection\":[\"K\u0131br\u0131s\",\"Man\u015fet\"],\"inLanguage\":\"tr\",\"potentialAction\":[{\"@type\":\"CommentAction\",\"name\":\"Comment\",\"target\":[\"https:\\\/\\\/kibrisdakik.com\\\/?p=81088#respond\"]}]},{\"@type\":\"WebPage\",\"@id\":\"https:\\\/\\\/kibrisdakik.com\\\/?p=81088\",\"url\":\"https:\\\/\\\/kibrisdakik.com\\\/?p=81088\",\"name\":\"Sendikalar eylem ate\u015fini bu kez G\u00fczelyurt\u2019ta yakt\u0131 -\",\"isPartOf\":{\"@id\":\"https:\\\/\\\/kibrisdakik.com\\\/#website\"},\"primaryImageOfPage\":{\"@id\":\"https:\\\/\\\/kibrisdakik.com\\\/?p=81088#primaryimage\"},\"image\":{\"@id\":\"https:\\\/\\\/kibrisdakik.com\\\/?p=81088#primaryimage\"},\"thumbnailUrl\":\"https:\\\/\\\/kibrisdakik.com\\\/wp-content\\\/uploads\\\/2025\\\/04\\\/23155-scaled-740x420.jpg\",\"datePublished\":\"2025-04-24T19:03:54+00:00\",\"author\":{\"@id\":\"https:\\\/\\\/kibrisdakik.com\\\/#\\\/schema\\\/person\\\/9cd9d437bbb44f72b73ba127e06d8e79\"},\"breadcrumb\":{\"@id\":\"https:\\\/\\\/kibrisdakik.com\\\/?p=81088#breadcrumb\"},\"inLanguage\":\"tr\",\"potentialAction\":[{\"@type\":\"ReadAction\",\"target\":[\"https:\\\/\\\/kibrisdakik.com\\\/?p=81088\"]}]},{\"@type\":\"ImageObject\",\"inLanguage\":\"tr\",\"@id\":\"https:\\\/\\\/kibrisdakik.com\\\/?p=81088#primaryimage\",\"url\":\"https:\\\/\\\/kibrisdakik.com\\\/wp-content\\\/uploads\\\/2025\\\/04\\\/23155-scaled-740x420.jpg\",\"contentUrl\":\"https:\\\/\\\/kibrisdakik.com\\\/wp-content\\\/uploads\\\/2025\\\/04\\\/23155-scaled-740x420.jpg\",\"width\":2560,\"height\":1438},{\"@type\":\"BreadcrumbList\",\"@id\":\"https:\\\/\\\/kibrisdakik.com\\\/?p=81088#breadcrumb\",\"itemListElement\":[{\"@type\":\"ListItem\",\"position\":1,\"name\":\"Home\",\"item\":\"https:\\\/\\\/kibrisdakik.com\\\/\"},{\"@type\":\"ListItem\",\"position\":2,\"name\":\"Sendikalar eylem ate\u015fini bu kez G\u00fczelyurt\u2019ta yakt\u0131\"}]},{\"@type\":\"WebSite\",\"@id\":\"https:\\\/\\\/kibrisdakik.com\\\/#website\",\"url\":\"https:\\\/\\\/kibrisdakik.com\\\/\",\"name\":\"\",\"description\":\"Tam vaktinde haber\",\"potentialAction\":[{\"@type\":\"SearchAction\",\"target\":{\"@type\":\"EntryPoint\",\"urlTemplate\":\"https:\\\/\\\/kibrisdakik.com\\\/?s={search_term_string}\"},\"query-input\":{\"@type\":\"PropertyValueSpecification\",\"valueRequired\":true,\"valueName\":\"search_term_string\"}}],\"inLanguage\":\"tr\"},{\"@type\":\"Person\",\"@id\":\"https:\\\/\\\/kibrisdakik.com\\\/#\\\/schema\\\/person\\\/9cd9d437bbb44f72b73ba127e06d8e79\",\"name\":\"admin\",\"image\":{\"@type\":\"ImageObject\",\"inLanguage\":\"tr\",\"@id\":\"https:\\\/\\\/secure.gravatar.com\\\/avatar\\\/ccc17943b9d660506c869530f897617f7cb1c21a4bf30023f252596d83e1f007?s=96&d=mm&r=g\",\"url\":\"https:\\\/\\\/secure.gravatar.com\\\/avatar\\\/ccc17943b9d660506c869530f897617f7cb1c21a4bf30023f252596d83e1f007?s=96&d=mm&r=g\",\"contentUrl\":\"https:\\\/\\\/secure.gravatar.com\\\/avatar\\\/ccc17943b9d660506c869530f897617f7cb1c21a4bf30023f252596d83e1f007?s=96&d=mm&r=g\",\"caption\":\"admin\"},\"sameAs\":[\"https:\\\/\\\/kibrisdakik.com\"],\"url\":\"https:\\\/\\\/kibrisdakik.com\\\/?author=1\"}]}<\/script>\n<!-- \/ Yoast SEO plugin. -->","yoast_head_json":{"title":"Sendikalar eylem ate\u015fini bu kez G\u00fczelyurt\u2019ta yakt\u0131 -","robots":{"index":"index","follow":"follow","max-snippet":"max-snippet:-1","max-image-preview":"max-image-preview:large","max-video-preview":"max-video-preview:-1"},"canonical":"https:\/\/kibrisdakik.com\/?p=81088","og_locale":"tr_TR","og_type":"article","og_title":"Sendikalar eylem ate\u015fini bu kez G\u00fczelyurt\u2019ta yakt\u0131 -","og_description":"Disiplin t\u00fcz\u00fc\u011f\u00fcnde yap\u0131lan de\u011fi\u015fiklikle okullardaki ba\u015f\u00f6rt\u00fcs\u00fc kullan\u0131m\u0131na y\u00f6nelik yeni bir d\u00fczenleme getirilmesine kar\u015f\u0131 eylemler devam ediyor. Bu \u00e7er\u00e7evede s\u00f6z konusu de\u011fi\u015fikli\u011fe kar\u015f\u0131 \u00e7\u0131kan sendika, \u00f6rg\u00fct ve baz\u0131 siyasi parti temsilcileri G\u00fczelyurt\u2019ta eylem yapt\u0131. G\u00fczelyurt Otob\u00fcs Terminali \u00d6n\u00fcnde yer alan eylem, HAK-SEN ve Ba\u011f\u0131ms\u0131zl\u0131k Yolu organizasyonuyla ger\u00e7ekle\u015ftirildi. KT\u00d6S ve KTOE\u00d6S \u00f6nc\u00fcl\u00fc\u011f\u00fcnde, 70 civar\u0131 \u00f6rg\u00fct\u00fcn deste\u011fiyle ger\u00e7ekle\u015ftirilen","og_url":"https:\/\/kibrisdakik.com\/?p=81088","article_published_time":"2025-04-24T19:03:54+00:00","og_image":[{"width":2560,"height":1438,"url":"https:\/\/kibrisdakik.com\/wp-content\/uploads\/2025\/04\/23155-scaled-740x420.jpg","type":"image\/jpeg"}],"author":"admin","twitter_card":"summary_large_image","twitter_misc":{"Yazan:":"admin","Tahmini okuma s\u00fcresi":"1 dakika"},"schema":{"@context":"https:\/\/schema.org","@graph":[{"@type":"Article","@id":"https:\/\/kibrisdakik.com\/?p=81088#article","isPartOf":{"@id":"https:\/\/kibrisdakik.com\/?p=81088"},"author":{"name":"admin","@id":"https:\/\/kibrisdakik.com\/#\/schema\/person\/9cd9d437bbb44f72b73ba127e06d8e79"},"headline":"Sendikalar eylem ate\u015fini bu kez G\u00fczelyurt\u2019ta yakt\u0131","datePublished":"2025-04-24T19:03:54+00:00","mainEntityOfPage":{"@id":"https:\/\/kibrisdakik.com\/?p=81088"},"wordCount":183,"commentCount":0,"image":{"@id":"https:\/\/kibrisdakik.com\/?p=81088#primaryimage"},"thumbnailUrl":"https:\/\/kibrisdakik.com\/wp-content\/uploads\/2025\/04\/23155-scaled-740x420.jpg","articleSection":["K\u0131br\u0131s","Man\u015fet"],"inLanguage":"tr","potentialAction":[{"@type":"CommentAction","name":"Comment","target":["https:\/\/kibrisdakik.com\/?p=81088#respond"]}]},{"@type":"WebPage","@id":"https:\/\/kibrisdakik.com\/?p=81088","url":"https:\/\/kibrisdakik.com\/?p=81088","name":"Sendikalar eylem ate\u015fini bu kez G\u00fczelyurt\u2019ta yakt\u0131 -","isPartOf":{"@id":"https:\/\/kibrisdakik.com\/#website"},"primaryImageOfPage":{"@id":"https:\/\/kibrisdakik.com\/?p=81088#primaryimage"},"image":{"@id":"https:\/\/kibrisdakik.com\/?p=81088#primaryimage"},"thumbnailUrl":"https:\/\/kibrisdakik.com\/wp-content\/uploads\/2025\/04\/23155-scaled-740x420.jpg","datePublished":"2025-04-24T19:03:54+00:00","author":{"@id":"https:\/\/kibrisdakik.com\/#\/schema\/person\/9cd9d437bbb44f72b73ba127e06d8e79"},"breadcrumb":{"@id":"https:\/\/kibrisdakik.com\/?p=81088#breadcrumb"},"inLanguage":"tr","potentialAction":[{"@type":"ReadAction","target":["https:\/\/kibrisdakik.com\/?p=81088"]}]},{"@type":"ImageObject","inLanguage":"tr","@id":"https:\/\/kibrisdakik.com\/?p=81088#primaryimage","url":"https:\/\/kibrisdakik.com\/wp-content\/uploads\/2025\/04\/23155-scaled-740x420.jpg","contentUrl":"https:\/\/kibrisdakik.com\/wp-content\/uploads\/2025\/04\/23155-scaled-740x420.jpg","width":2560,"height":1438},{"@type":"BreadcrumbList","@id":"https:\/\/kibrisdakik.com\/?p=81088#breadcrumb","itemListElement":[{"@type":"ListItem","position":1,"name":"Home","item":"https:\/\/kibrisdakik.com\/"},{"@type":"ListItem","position":2,"name":"Sendikalar eylem ate\u015fini bu kez G\u00fczelyurt\u2019ta yakt\u0131"}]},{"@type":"WebSite","@id":"https:\/\/kibrisdakik.com\/#website","url":"https:\/\/kibrisdakik.com\/","name":"","description":"Tam vaktinde haber","potentialAction":[{"@type":"SearchAction","target":{"@type":"EntryPoint","urlTemplate":"https:\/\/kibrisdakik.com\/?s={search_term_string}"},"query-input":{"@type":"PropertyValueSpecification","valueRequired":true,"valueName":"search_term_string"}}],"inLanguage":"tr"},{"@type":"Person","@id":"https:\/\/kibrisdakik.com\/#\/schema\/person\/9cd9d437bbb44f72b73ba127e06d8e79","name":"admin","image":{"@type":"ImageObject","inLanguage":"tr","@id":"https:\/\/secure.gravatar.com\/avatar\/ccc17943b9d660506c869530f897617f7cb1c21a4bf30023f252596d83e1f007?s=96&d=mm&r=g","url":"https:\/\/secure.gravatar.com\/avatar\/ccc17943b9d660506c869530f897617f7cb1c21a4bf30023f252596d83e1f007?s=96&d=mm&r=g","contentUrl":"https:\/\/secure.gravatar.com\/avatar\/ccc17943b9d660506c869530f897617f7cb1c21a4bf30023f252596d83e1f007?s=96&d=mm&r=g","caption":"admin"},"sameAs":["https:\/\/kibrisdakik.com"],"url":"https:\/\/kibrisdakik.com\/?author=1"}]}},"_links":{"self":[{"href":"https:\/\/kibrisdakik.com\/index.php?rest_route=\/wp\/v2\/posts\/81088","targetHints":{"allow":["GET"]}}],"collection":[{"href":"https:\/\/kibrisdakik.com\/index.php?rest_route=\/wp\/v2\/posts"}],"about":[{"href":"https:\/\/kibrisdakik.com\/index.php?rest_route=\/wp\/v2\/types\/post"}],"author":[{"embeddable":true,"href":"https:\/\/kibrisdakik.com\/index.php?rest_route=\/wp\/v2\/users\/1"}],"replies":[{"embeddable":true,"href":"https:\/\/kibrisdakik.com\/index.php?rest_route=%2Fwp%2Fv2%2Fcomments&post=81088"}],"version-history":[{"count":0,"href":"https:\/\/kibrisdakik.com\/index.php?rest_route=\/wp\/v2\/posts\/81088\/revisions"}],"wp:featuredmedia":[{"embeddable":true,"href":"https:\/\/kibrisdakik.com\/index.php?rest_route=\/wp\/v2\/media\/81089"}],"wp:attachment":[{"href":"https:\/\/kibrisdakik.com\/index.php?rest_route=%2Fwp%2Fv2%2Fmedia&parent=81088"}],"wp:term":[{"taxonomy":"category","embeddable":true,"href":"https:\/\/kibrisdakik.com\/index.php?rest_route=%2Fwp%2Fv2%2Fcategories&post=81088"},{"taxonomy":"post_tag","embeddable":true,"href":"https:\/\/kibrisdakik.com\/index.php?rest_route=%2Fwp%2Fv2%2Ftags&post=81088"}],"curies":[{"name":"wp","href":"https:\/\/api.w.org\/{rel}","templated":true}]}}