{"id":81112,"date":"2025-04-25T13:49:19","date_gmt":"2025-04-25T10:49:19","guid":{"rendered":"https:\/\/kibrisdakik.com\/index.php\/2025\/04\/25\/teknofest-2025-drone-sampiyonasinin-ilk-etabi-yarin-kktcde-basliyor\/"},"modified":"2025-04-25T13:49:19","modified_gmt":"2025-04-25T10:49:19","slug":"teknofest-2025-drone-sampiyonasinin-ilk-etabi-yarin-kktcde-basliyor","status":"publish","type":"post","link":"https:\/\/kibrisdakik.com\/?p=81112","title":{"rendered":"TEKNOFEST 2025 Drone \u015eampiyonas\u0131\u2019n\u0131n ilk etab\u0131 yar\u0131n KKTC\u2019de ba\u015fl\u0131yor"},"content":{"rendered":"<div>\n<div class=\"mariselle-image-container center\">\n                                            <\/div>\n<p>TEKNOFEST Drone \u015eampiyonas\u0131\u2019n\u0131n ilk etab\u0131, yar\u0131n ve 27 Nisan\u2019da  Yak\u0131n Do\u011fu \u00dcniversitesi Kamp\u00fcs\u00fc NEU Event Park\u2019ta ger\u00e7ekle\u015ftirilecek.<\/p>\n<p>TEKNOFEST\u2019ten yap\u0131lan a\u00e7\u0131klamaya g\u00f6re, y\u00fcr\u00fct\u00fcc\u00fcl\u00fc\u011f\u00fcn\u00fc STM\u2019nin \u00fcstlendi\u011fi TEKNOFEST Drone \u015eampiyonas\u0131\u2019nda bireysel pilotlar, FPV sistemli yar\u0131\u015f dronlar\u0131yla m\u00fccadele edecek.<\/p>\n<p>Yar\u0131\u015fmaya kat\u0131lan dronlar, 180 milimetre ile 250 milimetre \u00e7ap\u0131nda, maksimum 6S (22.2V) batarya voltaj\u0131nda \u00e7al\u0131\u015fan ve karbon fiber \u00e7er\u00e7eve \u00f6zelliklerine sahip olacak.<\/p>\n<p>U\u00e7u\u015flar, yaln\u0131zca analog video iletim sistemine sahip dronlar ile ger\u00e7ekle\u015ftirilecek. Yar\u0131\u015fmada HD sistem kullan\u0131m\u0131na izin verilmeyecek.<\/p>\n<p>Frekans \u00e7ak\u0131\u015fmalar\u0131n\u0131 \u00f6nlemek amac\u0131yla pilotlar, organizasyonun belirledi\u011fi VTX frekanslar\u0131nda yar\u0131\u015facak ve VTX \u00e7\u0131k\u0131\u015f g\u00fcc\u00fc 25 mW ile s\u0131n\u0131rland\u0131r\u0131lacak.<\/p>\n<p>Yar\u0131\u015fmac\u0131lar, \u201cquadcopter\u201dlerini yar\u0131\u015f \u00f6ncesinde ESC, u\u00e7u\u015f kontrolc\u00fcs\u00fc, motor, pervane ve al\u0131c\u0131 gibi t\u00fcm sistem bile\u015fenleriyle birlikte organizasyonun teknik gerekliliklerine uygun \u015fekilde haz\u0131rlayacak.<\/p>\n<p>G\u00fcvenlik riski ta\u015f\u0131yan ya da kurallara uygun olmayan dronlar, teknik kurul taraf\u0131ndan yar\u0131\u015fmaya dahil edilmezken yar\u0131\u015f s\u00fcresince t\u00fcm pilotlardan belirlenen teknik ve g\u00fcvenlik kurallar\u0131na eksiksiz uymalar\u0131 istenecek.<\/p>\n<p>\u2013 T\u00fcm etaplar\u0131n sonunda dereceye giren yar\u0131\u015fmac\u0131, uluslararas\u0131 arenada T\u00fcrkiye\u2019yi temsil edecek<\/p>\n<p>Eleme usul\u00fcne dayal\u0131 ger\u00e7ekle\u015ftirilecek yar\u0131\u015fmada ilk olarak s\u0131ralama turlar\u0131 yap\u0131lacak, ard\u0131ndan en iyi dereceyi elde eden pilotlar eleme turlar\u0131nda yar\u0131\u015facak.<\/p>\n<p>T\u00fcm etaplar\u0131n sonunda dereceye giren yar\u0131\u015fmac\u0131, uluslararas\u0131 arenada T\u00fcrkiye\u2019yi temsil edecek World Drone Cup\u2019a kat\u0131lma hakk\u0131 kazanacak.<\/p>\n<p>Bu y\u0131l 182 tak\u0131m\u0131n ba\u015fvurdu\u011fu yar\u0131\u015fmada \u00f6n de\u011ferlendirme s\u00fcrecini ba\u015far\u0131yla tamamlayan 32 tak\u0131m, ilk etap olan KKTC aya\u011f\u0131nda yar\u0131\u015facak.<\/p>\n<p>T\u00fcrkiye\u2019nin 14 ilinden gelecek gen\u00e7 teknoloji tutkunlar\u0131, dron \u015fampiyonas\u0131nda m\u00fccadele edecek.<\/p>\n<p>Her yar\u0131\u015fmac\u0131ya malzeme deste\u011fi olarak bir set motorun sa\u011fland\u0131\u011f\u0131 \u015fampiyona kapsam\u0131nda birinciye 30 bin lira, ikinciye 20 bin lira ve \u00fc\u00e7\u00fcnc\u00fcye 10 bin lira para \u00f6d\u00fcl\u00fc verilecek.<\/p>\n<\/p><\/div>\n<p><script async\n                    defer\n                    crossorigin=\"anonymous\"\n                    src=\"https:\/\/connect.facebook.net\/tr_TR\/sdk.js#xfbml=1&#038;version=v3.3\"\n            ><\/script><\/p>\n","protected":false},"excerpt":{"rendered":"<p>TEKNOFEST Drone \u015eampiyonas\u0131\u2019n\u0131n ilk etab\u0131, yar\u0131n ve 27 Nisan\u2019da Yak\u0131n Do\u011fu \u00dcniversitesi Kamp\u00fcs\u00fc NEU Event Park\u2019ta ger\u00e7ekle\u015ftirilecek. TEKNOFEST\u2019ten yap\u0131lan a\u00e7\u0131klamaya g\u00f6re, y\u00fcr\u00fct\u00fcc\u00fcl\u00fc\u011f\u00fcn\u00fc STM\u2019nin \u00fcstlendi\u011fi TEKNOFEST Drone \u015eampiyonas\u0131\u2019nda bireysel pilotlar, FPV sistemli yar\u0131\u015f dronlar\u0131yla m\u00fccadele edecek. Yar\u0131\u015fmaya kat\u0131lan dronlar, 180 milimetre ile 250 milimetre \u00e7ap\u0131nda, maksimum 6S (22.2V) batarya voltaj\u0131nda \u00e7al\u0131\u015fan ve karbon fiber \u00e7er\u00e7eve \u00f6zelliklerine<\/p>\n","protected":false},"author":1,"featured_media":81113,"comment_status":"open","ping_status":"open","sticky":false,"template":"","format":"standard","meta":{"footnotes":""},"categories":[81,101],"tags":[],"class_list":["post-81112","post","type-post","status-publish","format-standard","has-post-thumbnail","hentry","category-kibris","category-manset"],"yoast_head":"<!-- This site is optimized with the Yoast SEO plugin v27.5 - https:\/\/yoast.com\/product\/yoast-seo-wordpress\/ -->\n<title>TEKNOFEST 2025 Drone \u015eampiyonas\u0131\u2019n\u0131n ilk etab\u0131 yar\u0131n KKTC\u2019de ba\u015fl\u0131yor -<\/title>\n<meta name=\"robots\" content=\"index, follow, max-snippet:-1, max-image-preview:large, max-video-preview:-1\" \/>\n<link rel=\"canonical\" href=\"https:\/\/kibrisdakik.com\/?p=81112\" \/>\n<meta property=\"og:locale\" content=\"tr_TR\" \/>\n<meta property=\"og:type\" content=\"article\" \/>\n<meta property=\"og:title\" content=\"TEKNOFEST 2025 Drone \u015eampiyonas\u0131\u2019n\u0131n ilk etab\u0131 yar\u0131n KKTC\u2019de ba\u015fl\u0131yor -\" \/>\n<meta property=\"og:description\" content=\"TEKNOFEST Drone \u015eampiyonas\u0131\u2019n\u0131n ilk etab\u0131, yar\u0131n ve 27 Nisan\u2019da Yak\u0131n Do\u011fu \u00dcniversitesi Kamp\u00fcs\u00fc NEU Event Park\u2019ta ger\u00e7ekle\u015ftirilecek. TEKNOFEST\u2019ten yap\u0131lan a\u00e7\u0131klamaya g\u00f6re, y\u00fcr\u00fct\u00fcc\u00fcl\u00fc\u011f\u00fcn\u00fc STM\u2019nin \u00fcstlendi\u011fi TEKNOFEST Drone \u015eampiyonas\u0131\u2019nda bireysel pilotlar, FPV sistemli yar\u0131\u015f dronlar\u0131yla m\u00fccadele edecek. Yar\u0131\u015fmaya kat\u0131lan dronlar, 180 milimetre ile 250 milimetre \u00e7ap\u0131nda, maksimum 6S (22.2V) batarya voltaj\u0131nda \u00e7al\u0131\u015fan ve karbon fiber \u00e7er\u00e7eve \u00f6zelliklerine\" \/>\n<meta property=\"og:url\" content=\"https:\/\/kibrisdakik.com\/?p=81112\" \/>\n<meta property=\"article:published_time\" content=\"2025-04-25T10:49:19+00:00\" \/>\n<meta property=\"og:image\" content=\"https:\/\/kibrisdakik.com\/wp-content\/uploads\/2025\/04\/1745576277115thumbs_b_c_3845cdad53aa6dd0975261beb5a6ccfd-740x420.jpg\" \/>\n\t<meta property=\"og:image:width\" content=\"864\" \/>\n\t<meta property=\"og:image:height\" content=\"486\" \/>\n\t<meta property=\"og:image:type\" content=\"image\/jpeg\" \/>\n<meta name=\"author\" content=\"admin\" \/>\n<meta name=\"twitter:card\" content=\"summary_large_image\" \/>\n<meta name=\"twitter:label1\" content=\"Yazan:\" \/>\n\t<meta name=\"twitter:data1\" content=\"admin\" \/>\n\t<meta name=\"twitter:label2\" content=\"Tahmini okuma s\u00fcresi\" \/>\n\t<meta name=\"twitter:data2\" content=\"2 dakika\" \/>\n<script type=\"application\/ld+json\" class=\"yoast-schema-graph\">{\"@context\":\"https:\\\/\\\/schema.org\",\"@graph\":[{\"@type\":\"Article\",\"@id\":\"https:\\\/\\\/kibrisdakik.com\\\/?p=81112#article\",\"isPartOf\":{\"@id\":\"https:\\\/\\\/kibrisdakik.com\\\/?p=81112\"},\"author\":{\"name\":\"admin\",\"@id\":\"https:\\\/\\\/kibrisdakik.com\\\/#\\\/schema\\\/person\\\/9cd9d437bbb44f72b73ba127e06d8e79\"},\"headline\":\"TEKNOFEST 2025 Drone \u015eampiyonas\u0131\u2019n\u0131n ilk etab\u0131 yar\u0131n KKTC\u2019de ba\u015fl\u0131yor\",\"datePublished\":\"2025-04-25T10:49:19+00:00\",\"mainEntityOfPage\":{\"@id\":\"https:\\\/\\\/kibrisdakik.com\\\/?p=81112\"},\"wordCount\":360,\"commentCount\":0,\"image\":{\"@id\":\"https:\\\/\\\/kibrisdakik.com\\\/?p=81112#primaryimage\"},\"thumbnailUrl\":\"https:\\\/\\\/kibrisdakik.com\\\/wp-content\\\/uploads\\\/2025\\\/04\\\/1745576277115thumbs_b_c_3845cdad53aa6dd0975261beb5a6ccfd-740x420.jpg\",\"articleSection\":[\"K\u0131br\u0131s\",\"Man\u015fet\"],\"inLanguage\":\"tr\",\"potentialAction\":[{\"@type\":\"CommentAction\",\"name\":\"Comment\",\"target\":[\"https:\\\/\\\/kibrisdakik.com\\\/?p=81112#respond\"]}]},{\"@type\":\"WebPage\",\"@id\":\"https:\\\/\\\/kibrisdakik.com\\\/?p=81112\",\"url\":\"https:\\\/\\\/kibrisdakik.com\\\/?p=81112\",\"name\":\"TEKNOFEST 2025 Drone \u015eampiyonas\u0131\u2019n\u0131n ilk etab\u0131 yar\u0131n KKTC\u2019de ba\u015fl\u0131yor -\",\"isPartOf\":{\"@id\":\"https:\\\/\\\/kibrisdakik.com\\\/#website\"},\"primaryImageOfPage\":{\"@id\":\"https:\\\/\\\/kibrisdakik.com\\\/?p=81112#primaryimage\"},\"image\":{\"@id\":\"https:\\\/\\\/kibrisdakik.com\\\/?p=81112#primaryimage\"},\"thumbnailUrl\":\"https:\\\/\\\/kibrisdakik.com\\\/wp-content\\\/uploads\\\/2025\\\/04\\\/1745576277115thumbs_b_c_3845cdad53aa6dd0975261beb5a6ccfd-740x420.jpg\",\"datePublished\":\"2025-04-25T10:49:19+00:00\",\"author\":{\"@id\":\"https:\\\/\\\/kibrisdakik.com\\\/#\\\/schema\\\/person\\\/9cd9d437bbb44f72b73ba127e06d8e79\"},\"breadcrumb\":{\"@id\":\"https:\\\/\\\/kibrisdakik.com\\\/?p=81112#breadcrumb\"},\"inLanguage\":\"tr\",\"potentialAction\":[{\"@type\":\"ReadAction\",\"target\":[\"https:\\\/\\\/kibrisdakik.com\\\/?p=81112\"]}]},{\"@type\":\"ImageObject\",\"inLanguage\":\"tr\",\"@id\":\"https:\\\/\\\/kibrisdakik.com\\\/?p=81112#primaryimage\",\"url\":\"https:\\\/\\\/kibrisdakik.com\\\/wp-content\\\/uploads\\\/2025\\\/04\\\/1745576277115thumbs_b_c_3845cdad53aa6dd0975261beb5a6ccfd-740x420.jpg\",\"contentUrl\":\"https:\\\/\\\/kibrisdakik.com\\\/wp-content\\\/uploads\\\/2025\\\/04\\\/1745576277115thumbs_b_c_3845cdad53aa6dd0975261beb5a6ccfd-740x420.jpg\",\"width\":864,\"height\":486},{\"@type\":\"BreadcrumbList\",\"@id\":\"https:\\\/\\\/kibrisdakik.com\\\/?p=81112#breadcrumb\",\"itemListElement\":[{\"@type\":\"ListItem\",\"position\":1,\"name\":\"Home\",\"item\":\"https:\\\/\\\/kibrisdakik.com\\\/\"},{\"@type\":\"ListItem\",\"position\":2,\"name\":\"TEKNOFEST 2025 Drone \u015eampiyonas\u0131\u2019n\u0131n ilk etab\u0131 yar\u0131n KKTC\u2019de ba\u015fl\u0131yor\"}]},{\"@type\":\"WebSite\",\"@id\":\"https:\\\/\\\/kibrisdakik.com\\\/#website\",\"url\":\"https:\\\/\\\/kibrisdakik.com\\\/\",\"name\":\"\",\"description\":\"Tam vaktinde haber\",\"potentialAction\":[{\"@type\":\"SearchAction\",\"target\":{\"@type\":\"EntryPoint\",\"urlTemplate\":\"https:\\\/\\\/kibrisdakik.com\\\/?s={search_term_string}\"},\"query-input\":{\"@type\":\"PropertyValueSpecification\",\"valueRequired\":true,\"valueName\":\"search_term_string\"}}],\"inLanguage\":\"tr\"},{\"@type\":\"Person\",\"@id\":\"https:\\\/\\\/kibrisdakik.com\\\/#\\\/schema\\\/person\\\/9cd9d437bbb44f72b73ba127e06d8e79\",\"name\":\"admin\",\"image\":{\"@type\":\"ImageObject\",\"inLanguage\":\"tr\",\"@id\":\"https:\\\/\\\/secure.gravatar.com\\\/avatar\\\/ccc17943b9d660506c869530f897617f7cb1c21a4bf30023f252596d83e1f007?s=96&d=mm&r=g\",\"url\":\"https:\\\/\\\/secure.gravatar.com\\\/avatar\\\/ccc17943b9d660506c869530f897617f7cb1c21a4bf30023f252596d83e1f007?s=96&d=mm&r=g\",\"contentUrl\":\"https:\\\/\\\/secure.gravatar.com\\\/avatar\\\/ccc17943b9d660506c869530f897617f7cb1c21a4bf30023f252596d83e1f007?s=96&d=mm&r=g\",\"caption\":\"admin\"},\"sameAs\":[\"https:\\\/\\\/kibrisdakik.com\"],\"url\":\"https:\\\/\\\/kibrisdakik.com\\\/?author=1\"}]}<\/script>\n<!-- \/ Yoast SEO plugin. -->","yoast_head_json":{"title":"TEKNOFEST 2025 Drone \u015eampiyonas\u0131\u2019n\u0131n ilk etab\u0131 yar\u0131n KKTC\u2019de ba\u015fl\u0131yor -","robots":{"index":"index","follow":"follow","max-snippet":"max-snippet:-1","max-image-preview":"max-image-preview:large","max-video-preview":"max-video-preview:-1"},"canonical":"https:\/\/kibrisdakik.com\/?p=81112","og_locale":"tr_TR","og_type":"article","og_title":"TEKNOFEST 2025 Drone \u015eampiyonas\u0131\u2019n\u0131n ilk etab\u0131 yar\u0131n KKTC\u2019de ba\u015fl\u0131yor -","og_description":"TEKNOFEST Drone \u015eampiyonas\u0131\u2019n\u0131n ilk etab\u0131, yar\u0131n ve 27 Nisan\u2019da Yak\u0131n Do\u011fu \u00dcniversitesi Kamp\u00fcs\u00fc NEU Event Park\u2019ta ger\u00e7ekle\u015ftirilecek. TEKNOFEST\u2019ten yap\u0131lan a\u00e7\u0131klamaya g\u00f6re, y\u00fcr\u00fct\u00fcc\u00fcl\u00fc\u011f\u00fcn\u00fc STM\u2019nin \u00fcstlendi\u011fi TEKNOFEST Drone \u015eampiyonas\u0131\u2019nda bireysel pilotlar, FPV sistemli yar\u0131\u015f dronlar\u0131yla m\u00fccadele edecek. Yar\u0131\u015fmaya kat\u0131lan dronlar, 180 milimetre ile 250 milimetre \u00e7ap\u0131nda, maksimum 6S (22.2V) batarya voltaj\u0131nda \u00e7al\u0131\u015fan ve karbon fiber \u00e7er\u00e7eve \u00f6zelliklerine","og_url":"https:\/\/kibrisdakik.com\/?p=81112","article_published_time":"2025-04-25T10:49:19+00:00","og_image":[{"width":864,"height":486,"url":"https:\/\/kibrisdakik.com\/wp-content\/uploads\/2025\/04\/1745576277115thumbs_b_c_3845cdad53aa6dd0975261beb5a6ccfd-740x420.jpg","type":"image\/jpeg"}],"author":"admin","twitter_card":"summary_large_image","twitter_misc":{"Yazan:":"admin","Tahmini okuma s\u00fcresi":"2 dakika"},"schema":{"@context":"https:\/\/schema.org","@graph":[{"@type":"Article","@id":"https:\/\/kibrisdakik.com\/?p=81112#article","isPartOf":{"@id":"https:\/\/kibrisdakik.com\/?p=81112"},"author":{"name":"admin","@id":"https:\/\/kibrisdakik.com\/#\/schema\/person\/9cd9d437bbb44f72b73ba127e06d8e79"},"headline":"TEKNOFEST 2025 Drone \u015eampiyonas\u0131\u2019n\u0131n ilk etab\u0131 yar\u0131n KKTC\u2019de ba\u015fl\u0131yor","datePublished":"2025-04-25T10:49:19+00:00","mainEntityOfPage":{"@id":"https:\/\/kibrisdakik.com\/?p=81112"},"wordCount":360,"commentCount":0,"image":{"@id":"https:\/\/kibrisdakik.com\/?p=81112#primaryimage"},"thumbnailUrl":"https:\/\/kibrisdakik.com\/wp-content\/uploads\/2025\/04\/1745576277115thumbs_b_c_3845cdad53aa6dd0975261beb5a6ccfd-740x420.jpg","articleSection":["K\u0131br\u0131s","Man\u015fet"],"inLanguage":"tr","potentialAction":[{"@type":"CommentAction","name":"Comment","target":["https:\/\/kibrisdakik.com\/?p=81112#respond"]}]},{"@type":"WebPage","@id":"https:\/\/kibrisdakik.com\/?p=81112","url":"https:\/\/kibrisdakik.com\/?p=81112","name":"TEKNOFEST 2025 Drone \u015eampiyonas\u0131\u2019n\u0131n ilk etab\u0131 yar\u0131n KKTC\u2019de ba\u015fl\u0131yor -","isPartOf":{"@id":"https:\/\/kibrisdakik.com\/#website"},"primaryImageOfPage":{"@id":"https:\/\/kibrisdakik.com\/?p=81112#primaryimage"},"image":{"@id":"https:\/\/kibrisdakik.com\/?p=81112#primaryimage"},"thumbnailUrl":"https:\/\/kibrisdakik.com\/wp-content\/uploads\/2025\/04\/1745576277115thumbs_b_c_3845cdad53aa6dd0975261beb5a6ccfd-740x420.jpg","datePublished":"2025-04-25T10:49:19+00:00","author":{"@id":"https:\/\/kibrisdakik.com\/#\/schema\/person\/9cd9d437bbb44f72b73ba127e06d8e79"},"breadcrumb":{"@id":"https:\/\/kibrisdakik.com\/?p=81112#breadcrumb"},"inLanguage":"tr","potentialAction":[{"@type":"ReadAction","target":["https:\/\/kibrisdakik.com\/?p=81112"]}]},{"@type":"ImageObject","inLanguage":"tr","@id":"https:\/\/kibrisdakik.com\/?p=81112#primaryimage","url":"https:\/\/kibrisdakik.com\/wp-content\/uploads\/2025\/04\/1745576277115thumbs_b_c_3845cdad53aa6dd0975261beb5a6ccfd-740x420.jpg","contentUrl":"https:\/\/kibrisdakik.com\/wp-content\/uploads\/2025\/04\/1745576277115thumbs_b_c_3845cdad53aa6dd0975261beb5a6ccfd-740x420.jpg","width":864,"height":486},{"@type":"BreadcrumbList","@id":"https:\/\/kibrisdakik.com\/?p=81112#breadcrumb","itemListElement":[{"@type":"ListItem","position":1,"name":"Home","item":"https:\/\/kibrisdakik.com\/"},{"@type":"ListItem","position":2,"name":"TEKNOFEST 2025 Drone \u015eampiyonas\u0131\u2019n\u0131n ilk etab\u0131 yar\u0131n KKTC\u2019de ba\u015fl\u0131yor"}]},{"@type":"WebSite","@id":"https:\/\/kibrisdakik.com\/#website","url":"https:\/\/kibrisdakik.com\/","name":"","description":"Tam vaktinde haber","potentialAction":[{"@type":"SearchAction","target":{"@type":"EntryPoint","urlTemplate":"https:\/\/kibrisdakik.com\/?s={search_term_string}"},"query-input":{"@type":"PropertyValueSpecification","valueRequired":true,"valueName":"search_term_string"}}],"inLanguage":"tr"},{"@type":"Person","@id":"https:\/\/kibrisdakik.com\/#\/schema\/person\/9cd9d437bbb44f72b73ba127e06d8e79","name":"admin","image":{"@type":"ImageObject","inLanguage":"tr","@id":"https:\/\/secure.gravatar.com\/avatar\/ccc17943b9d660506c869530f897617f7cb1c21a4bf30023f252596d83e1f007?s=96&d=mm&r=g","url":"https:\/\/secure.gravatar.com\/avatar\/ccc17943b9d660506c869530f897617f7cb1c21a4bf30023f252596d83e1f007?s=96&d=mm&r=g","contentUrl":"https:\/\/secure.gravatar.com\/avatar\/ccc17943b9d660506c869530f897617f7cb1c21a4bf30023f252596d83e1f007?s=96&d=mm&r=g","caption":"admin"},"sameAs":["https:\/\/kibrisdakik.com"],"url":"https:\/\/kibrisdakik.com\/?author=1"}]}},"_links":{"self":[{"href":"https:\/\/kibrisdakik.com\/index.php?rest_route=\/wp\/v2\/posts\/81112","targetHints":{"allow":["GET"]}}],"collection":[{"href":"https:\/\/kibrisdakik.com\/index.php?rest_route=\/wp\/v2\/posts"}],"about":[{"href":"https:\/\/kibrisdakik.com\/index.php?rest_route=\/wp\/v2\/types\/post"}],"author":[{"embeddable":true,"href":"https:\/\/kibrisdakik.com\/index.php?rest_route=\/wp\/v2\/users\/1"}],"replies":[{"embeddable":true,"href":"https:\/\/kibrisdakik.com\/index.php?rest_route=%2Fwp%2Fv2%2Fcomments&post=81112"}],"version-history":[{"count":0,"href":"https:\/\/kibrisdakik.com\/index.php?rest_route=\/wp\/v2\/posts\/81112\/revisions"}],"wp:featuredmedia":[{"embeddable":true,"href":"https:\/\/kibrisdakik.com\/index.php?rest_route=\/wp\/v2\/media\/81113"}],"wp:attachment":[{"href":"https:\/\/kibrisdakik.com\/index.php?rest_route=%2Fwp%2Fv2%2Fmedia&parent=81112"}],"wp:term":[{"taxonomy":"category","embeddable":true,"href":"https:\/\/kibrisdakik.com\/index.php?rest_route=%2Fwp%2Fv2%2Fcategories&post=81112"},{"taxonomy":"post_tag","embeddable":true,"href":"https:\/\/kibrisdakik.com\/index.php?rest_route=%2Fwp%2Fv2%2Ftags&post=81112"}],"curies":[{"name":"wp","href":"https:\/\/api.w.org\/{rel}","templated":true}]}}