{"id":81122,"date":"2025-04-25T14:55:52","date_gmt":"2025-04-25T11:55:52","guid":{"rendered":"https:\/\/kibrisdakik.com\/index.php\/2025\/04\/25\/ulkede-ilk-ana-arilar-uretildi\/"},"modified":"2025-04-25T14:55:52","modified_gmt":"2025-04-25T11:55:52","slug":"ulkede-ilk-ana-arilar-uretildi","status":"publish","type":"post","link":"https:\/\/kibrisdakik.com\/?p=81122","title":{"rendered":"\u00dclkede ilk ana ar\u0131lar \u00fcretildi"},"content":{"rendered":"<div>\n<div class=\"mariselle-image-container center\">\n                                            <\/div>\n<p>\u0130skele Belediyesi Ana Ar\u0131 \u00dcretim Tesisince narenciye \u00e7i\u00e7e\u011finden yararlanmak maksad\u0131yla G\u00fczelyurt\u2019a g\u00f6t\u00fcr\u00fclen kovanlarda ilk ana ar\u0131lar \u00fcretildi; ilk ana ar\u0131lar \u00f6n\u00fcm\u00fczdeki g\u00fcnlerde ar\u0131c\u0131l\u0131kla u\u011fra\u015fanlara da\u011f\u0131t\u0131lmaya ba\u015flanacak.<\/p>\n<p>\u0130skele Belediyesi\u2019nden yap\u0131lan yaz\u0131l\u0131 a\u00e7\u0131klamaya g\u00f6re, \u0130skele Belediyesi ile Kuzey K\u0131br\u0131s Ar\u0131c\u0131lar Birli\u011fi aras\u0131ndaki i\u015f birli\u011fi protokol\u00fc ilk meyvesini verdi. 20 g\u00fcn sonra Mersinlik k\u00f6y\u00fcnde bulunan tesise getirilecek kovanlarda Eyl\u00fcl sonuna kadar ana ar\u0131 \u00fcretimine devam edilecek. Bu y\u0131l talebin tamam\u0131 kar\u015f\u0131lanmayacak ancak gelecek y\u0131l t\u00fcm ana ar\u0131lar\u0131n KKTC\u2019de \u00fcretilmesi hedefleniyor.<\/p>\n<div class=\"mariselle-image-container center\">\n                <img loading=\"lazy\" decoding=\"async\" width=\"1620\" height=\"1080\" class=\"lazy-image\" alt=\"\" sizes=\"auto, (max-width: 1620px) 100vw, 1620px\" src=\"https:\/\/brtk.net\/wp-content\/uploads\/2025\/04\/25\/1745579160495ILK-ANA-ARILAR-URETILDI2.jpg?ver=836ab532be519971cdf62f15f27cc0dd\" srcset=\"https:\/\/brtk.net\/wp-content\/uploads\/2025\/04\/25\/1745579160495ILK-ANA-ARILAR-URETILDI2.jpg?ver=836ab532be519971cdf62f15f27cc0dd 1620w, https:\/\/brtk.net\/wp-content\/uploads\/2025\/04\/25\/1745579160495ILK-ANA-ARILAR-URETILDI2-300x200.jpg?ver=d0f89c5f053bd7f80c23f6bf3eb0e6de 300w, https:\/\/brtk.net\/wp-content\/uploads\/2025\/04\/25\/1745579160495ILK-ANA-ARILAR-URETILDI2-1024x683.jpg?ver=d0f89c5f053bd7f80c23f6bf3eb0e6de 1024w, https:\/\/brtk.net\/wp-content\/uploads\/2025\/04\/25\/1745579160495ILK-ANA-ARILAR-URETILDI2-768x512.jpg?ver=d0f89c5f053bd7f80c23f6bf3eb0e6de 768w, https:\/\/brtk.net\/wp-content\/uploads\/2025\/04\/25\/1745579160495ILK-ANA-ARILAR-URETILDI2-1536x1024.jpg?ver=866c7df6d77d189e48532ae0024ba6b9 1536w\"\/>                            <\/div>\n<p>Ge\u00e7ti\u011fimiz g\u00fcn G\u00fczelyurt\u2019a giderek \u00e7al\u0131\u015fmalar\u0131 izleyen ve ilk ana ar\u0131lar\u0131 yerinde g\u00f6zlemleyen \u0130skele Belediye Ba\u015fkan\u0131 Hasan Sad\u0131ko\u011flu, \u00fclke ar\u0131c\u0131l\u0131\u011f\u0131n\u0131n geli\u015fmesi ve kalk\u0131nmas\u0131 a\u00e7\u0131s\u0131ndan ana ara \u00fcretiminin \u00f6nemini vurgulad\u0131. Ba\u015fkan Sad\u0131ko\u011flu, 10 bin ana ar\u0131n\u0131n gerekti\u011fine dikkat \u00e7ekti ve ilk etapta yakla\u015f\u0131k 2 bin 500 kadar ana ar\u0131n\u0131n \u00fclkede \u00fcretilece\u011fini kaydetti.<\/p>\n<p>Yeni olmas\u0131na ra\u011fmen b\u00fcy\u00fck \u00e7al\u0131\u015fmalar\u0131 \u00f6nemli bir geli\u015fme olarak nitelendiren Ba\u015fkan Sad\u0131ko\u011flu \u00f6n\u00fcm\u00fczdeki y\u0131l, ana ar\u0131 \u00fcretiminin tamam\u0131n\u0131 KKTC\u2019de \u00fcretmeyi hedeflediklerini vurgulad\u0131.<\/p>\n<p>Ar\u0131c\u0131l\u0131\u011f\u0131n, d\u00fcnyan\u0131n di\u011fer \u00fclkelerinde oldu\u011fu gibi KKTC\u2019de de h\u0131zl\u0131 geli\u015fim g\u00f6steren bir sekt\u00f6r oldu\u011funu da belirten Sad\u0131ko\u011flu, \u00fclkede ar\u0131c\u0131l\u0131kla u\u011fra\u015fanlara ana ar\u0131 da\u011f\u0131t\u0131m\u0131n\u0131n da \u00f6n\u00fcm\u00fczdeki g\u00fcnlerde Kuzey K\u0131br\u0131s Ar\u0131c\u0131lar Birli\u011fi \u00fczerinden yap\u0131laca\u011f\u0131n\u0131 a\u00e7\u0131klad\u0131.<\/p>\n<p>Ba\u015fkan Sad\u0131ko\u011flu, yine \u00fclkede bir ilk olan Petek \u015eoklama Arac\u0131n\u0131n da adada ar\u0131c\u0131l\u0131kla u\u011fra\u015fan herkese hizmet verece\u011fini de hat\u0131rlatarak peteklerin muhafazas\u0131n\u0131n bu ara\u00e7 sayesinde daha verimli hale getirilece\u011fini ve ar\u0131c\u0131lara kolayl\u0131k sa\u011flayaca\u011f\u0131n\u0131 s\u00f6yledi.<\/p>\n<p>Kuzey K\u0131br\u0131s Ar\u0131c\u0131lar Birli\u011fi Ba\u015fkan\u0131 Hasan Kozok da \u0130skele Belediye Ba\u015fkan\u0131 Hasan Sad\u0131ko\u011flu ile birlikte G\u00fczelyurt\u2019taki \u00e7al\u0131\u015fmalar\u0131 yerinde inceledi. Kozok \u0130skele Belediyesi K\u0131rsal Kalk\u0131nma Birimi b\u00fcnyesinde kendilerinin de i\u015f birli\u011finde olu\u015fturulan Ana Ar\u0131 \u00dcretim Tesisinin \u00fclke \u00fcretimine b\u00fcy\u00fck katk\u0131 sa\u011flayaca\u011f\u0131n\u0131 ifade etti. \u0130lk ana ar\u0131lar\u0131n narenciye \u00e7i\u00e7e\u011finin yo\u011fun oldu\u011fu G\u00fczleyurt\u2019ta \u00fcretildi\u011fini ifade eden Kozok, 20 g\u00fcn i\u00e7inde t\u00fcm kovanlar\u0131n Mersinlik K\u00f6y\u00fc\u2019nde bulunan \u0130skele Belediyesi Ana Ar\u0131 \u00dcretim Tesisine ta\u015f\u0131naca\u011f\u0131n\u0131 ve Eyl\u00fcl sonuna kadar ana ar\u0131 \u00fcretiminin burada devam edece\u011fini ifade etti.<\/p>\n<div class=\"mariselle-image-container center\">\n                <img loading=\"lazy\" decoding=\"async\" width=\"1620\" height=\"1080\" class=\"lazy-image\" alt=\"\" sizes=\"auto, (max-width: 1620px) 100vw, 1620px\" src=\"https:\/\/brtk.net\/wp-content\/uploads\/2025\/04\/25\/1745579160500ILK-ANA-ARILAR-URETILDI8.jpg?ver=b5d31cb5a562fa76521b8ac0ac630325\" srcset=\"https:\/\/brtk.net\/wp-content\/uploads\/2025\/04\/25\/1745579160500ILK-ANA-ARILAR-URETILDI8.jpg?ver=b5d31cb5a562fa76521b8ac0ac630325 1620w, https:\/\/brtk.net\/wp-content\/uploads\/2025\/04\/25\/1745579160500ILK-ANA-ARILAR-URETILDI8-300x200.jpg?ver=110095b3769d585481094c11b9a32215 300w, https:\/\/brtk.net\/wp-content\/uploads\/2025\/04\/25\/1745579160500ILK-ANA-ARILAR-URETILDI8-1024x683.jpg?ver=110095b3769d585481094c11b9a32215 1024w, https:\/\/brtk.net\/wp-content\/uploads\/2025\/04\/25\/1745579160500ILK-ANA-ARILAR-URETILDI8-768x512.jpg?ver=110095b3769d585481094c11b9a32215 768w, https:\/\/brtk.net\/wp-content\/uploads\/2025\/04\/25\/1745579160500ILK-ANA-ARILAR-URETILDI8-1536x1024.jpg?ver=2f2dd4a7e4df385b7d2e84df1d91c4e5 1536w\"\/>                            <\/div>\n<p>Krali\u00e7e ar\u0131lar\u0131n yurt d\u0131\u015f\u0131ndan al\u0131nmas\u0131ndan \u00f6t\u00fcr\u00fc milli gelirin yurt d\u0131\u015f\u0131na gitti\u011fini hat\u0131rlatan Kozok, bu tesis sayesinde gelirin KKTC\u2019de kalaca\u011f\u0131n\u0131 s\u00f6yledi. Kozok, krali\u00e7e ar\u0131larla birlikte gelen hastal\u0131klar\u0131n da bu sayede \u00f6n\u00fcne ge\u00e7ilece\u011finin alt\u0131n\u0131 \u00e7izdi.<\/p>\n<div class=\"mariselle-image-container center\">\n                <img loading=\"lazy\" decoding=\"async\" width=\"1620\" height=\"1080\" class=\"lazy-image\" alt=\"\" sizes=\"auto, (max-width: 1620px) 100vw, 1620px\" src=\"https:\/\/brtk.net\/wp-content\/uploads\/2025\/04\/25\/1745579160495ILK-ANA-ARILAR-URETILDI3.jpg?ver=1d019ce4991424df4d42501408b665ba\" srcset=\"https:\/\/brtk.net\/wp-content\/uploads\/2025\/04\/25\/1745579160495ILK-ANA-ARILAR-URETILDI3.jpg?ver=1d019ce4991424df4d42501408b665ba 1620w, https:\/\/brtk.net\/wp-content\/uploads\/2025\/04\/25\/1745579160495ILK-ANA-ARILAR-URETILDI3-300x200.jpg?ver=2ea2f38dee79872661c528be972dea10 300w, https:\/\/brtk.net\/wp-content\/uploads\/2025\/04\/25\/1745579160495ILK-ANA-ARILAR-URETILDI3-1024x683.jpg?ver=2ea2f38dee79872661c528be972dea10 1024w, https:\/\/brtk.net\/wp-content\/uploads\/2025\/04\/25\/1745579160495ILK-ANA-ARILAR-URETILDI3-768x512.jpg?ver=2ea2f38dee79872661c528be972dea10 768w, https:\/\/brtk.net\/wp-content\/uploads\/2025\/04\/25\/1745579160495ILK-ANA-ARILAR-URETILDI3-1536x1024.jpg?ver=8bac6db9beddad5300168e3a6f47a41e 1536w\"\/>                            <\/div>\n<p>Kozok, ayda 400 ana ar\u0131 \u00fcretecek \u015fekilde kurulan \u0130skele Belediyesi K\u0131rsal Kalk\u0131nma Birimi b\u00fcnyesindeki Ana Ar\u0131 \u00dcretim Tesisinin, ar\u0131c\u0131l\u0131kla u\u011fra\u015fanlar\u0131n \u00f6n\u00fcn\u00fc a\u00e7aca\u011f\u0131n\u0131 da s\u00f6zlerine ekledi.<\/p>\n<p>KKTC\u2019de \u00fcretilmeye ba\u015flanan ana ar\u0131lar, Kuzey K\u0131br\u0131s Ar\u0131c\u0131lar Birli\u011fi \u00fczerinden temin edilebilecek.<\/p>\n<p>Ar\u0131c\u0131l\u0131kla u\u011fra\u015fanlar Ar\u0131c\u0131lar Birli\u011fi\u2019ni 0392 227 09 62numaradan arayarak bilgi alabilecek, ana ar\u0131 tedarikini sa\u011flayabilecek.<\/p>\n<\/p><\/div>\n<p><script async\n                    defer\n                    crossorigin=\"anonymous\"\n                    src=\"https:\/\/connect.facebook.net\/tr_TR\/sdk.js#xfbml=1&#038;version=v3.3\"\n            ><\/script><\/p>\n","protected":false},"excerpt":{"rendered":"<p>\u0130skele Belediyesi Ana Ar\u0131 \u00dcretim Tesisince narenciye \u00e7i\u00e7e\u011finden yararlanmak maksad\u0131yla G\u00fczelyurt\u2019a g\u00f6t\u00fcr\u00fclen kovanlarda ilk ana ar\u0131lar \u00fcretildi; ilk ana ar\u0131lar \u00f6n\u00fcm\u00fczdeki g\u00fcnlerde ar\u0131c\u0131l\u0131kla u\u011fra\u015fanlara da\u011f\u0131t\u0131lmaya ba\u015flanacak. \u0130skele Belediyesi\u2019nden yap\u0131lan yaz\u0131l\u0131 a\u00e7\u0131klamaya g\u00f6re, \u0130skele Belediyesi ile Kuzey K\u0131br\u0131s Ar\u0131c\u0131lar Birli\u011fi aras\u0131ndaki i\u015f birli\u011fi protokol\u00fc ilk meyvesini verdi. 20 g\u00fcn sonra Mersinlik k\u00f6y\u00fcnde bulunan tesise getirilecek kovanlarda<\/p>\n","protected":false},"author":1,"featured_media":81123,"comment_status":"open","ping_status":"open","sticky":false,"template":"","format":"standard","meta":{"footnotes":""},"categories":[81,101],"tags":[],"class_list":["post-81122","post","type-post","status-publish","format-standard","has-post-thumbnail","hentry","category-kibris","category-manset"],"yoast_head":"<!-- This site is optimized with the Yoast SEO plugin v27.5 - https:\/\/yoast.com\/product\/yoast-seo-wordpress\/ -->\n<title>\u00dclkede ilk ana ar\u0131lar \u00fcretildi -<\/title>\n<meta name=\"robots\" content=\"index, follow, max-snippet:-1, max-image-preview:large, max-video-preview:-1\" \/>\n<link rel=\"canonical\" href=\"https:\/\/kibrisdakik.com\/?p=81122\" \/>\n<meta property=\"og:locale\" content=\"tr_TR\" \/>\n<meta property=\"og:type\" content=\"article\" \/>\n<meta property=\"og:title\" content=\"\u00dclkede ilk ana ar\u0131lar \u00fcretildi -\" \/>\n<meta property=\"og:description\" content=\"\u0130skele Belediyesi Ana Ar\u0131 \u00dcretim Tesisince narenciye \u00e7i\u00e7e\u011finden yararlanmak maksad\u0131yla G\u00fczelyurt\u2019a g\u00f6t\u00fcr\u00fclen kovanlarda ilk ana ar\u0131lar \u00fcretildi; ilk ana ar\u0131lar \u00f6n\u00fcm\u00fczdeki g\u00fcnlerde ar\u0131c\u0131l\u0131kla u\u011fra\u015fanlara da\u011f\u0131t\u0131lmaya ba\u015flanacak. \u0130skele Belediyesi\u2019nden yap\u0131lan yaz\u0131l\u0131 a\u00e7\u0131klamaya g\u00f6re, \u0130skele Belediyesi ile Kuzey K\u0131br\u0131s Ar\u0131c\u0131lar Birli\u011fi aras\u0131ndaki i\u015f birli\u011fi protokol\u00fc ilk meyvesini verdi. 20 g\u00fcn sonra Mersinlik k\u00f6y\u00fcnde bulunan tesise getirilecek kovanlarda\" \/>\n<meta property=\"og:url\" content=\"https:\/\/kibrisdakik.com\/?p=81122\" \/>\n<meta property=\"article:published_time\" content=\"2025-04-25T11:55:52+00:00\" \/>\n<meta property=\"og:image\" content=\"https:\/\/kibrisdakik.com\/wp-content\/uploads\/2025\/04\/1745579160497ILK-ANA-ARILAR-URETILDI5-740x420.jpg\" \/>\n\t<meta property=\"og:image:width\" content=\"1620\" \/>\n\t<meta property=\"og:image:height\" content=\"1080\" \/>\n\t<meta property=\"og:image:type\" content=\"image\/jpeg\" \/>\n<meta name=\"author\" content=\"admin\" \/>\n<meta name=\"twitter:card\" content=\"summary_large_image\" \/>\n<meta name=\"twitter:label1\" content=\"Yazan:\" \/>\n\t<meta name=\"twitter:data1\" content=\"admin\" \/>\n\t<meta name=\"twitter:label2\" content=\"Tahmini okuma s\u00fcresi\" \/>\n\t<meta name=\"twitter:data2\" content=\"3 dakika\" \/>\n<script type=\"application\/ld+json\" class=\"yoast-schema-graph\">{\"@context\":\"https:\\\/\\\/schema.org\",\"@graph\":[{\"@type\":\"Article\",\"@id\":\"https:\\\/\\\/kibrisdakik.com\\\/?p=81122#article\",\"isPartOf\":{\"@id\":\"https:\\\/\\\/kibrisdakik.com\\\/?p=81122\"},\"author\":{\"name\":\"admin\",\"@id\":\"https:\\\/\\\/kibrisdakik.com\\\/#\\\/schema\\\/person\\\/9cd9d437bbb44f72b73ba127e06d8e79\"},\"headline\":\"\u00dclkede ilk ana ar\u0131lar \u00fcretildi\",\"datePublished\":\"2025-04-25T11:55:52+00:00\",\"mainEntityOfPage\":{\"@id\":\"https:\\\/\\\/kibrisdakik.com\\\/?p=81122\"},\"wordCount\":613,\"commentCount\":0,\"image\":{\"@id\":\"https:\\\/\\\/kibrisdakik.com\\\/?p=81122#primaryimage\"},\"thumbnailUrl\":\"https:\\\/\\\/kibrisdakik.com\\\/wp-content\\\/uploads\\\/2025\\\/04\\\/1745579160497ILK-ANA-ARILAR-URETILDI5-740x420.jpg\",\"articleSection\":[\"K\u0131br\u0131s\",\"Man\u015fet\"],\"inLanguage\":\"tr\",\"potentialAction\":[{\"@type\":\"CommentAction\",\"name\":\"Comment\",\"target\":[\"https:\\\/\\\/kibrisdakik.com\\\/?p=81122#respond\"]}]},{\"@type\":\"WebPage\",\"@id\":\"https:\\\/\\\/kibrisdakik.com\\\/?p=81122\",\"url\":\"https:\\\/\\\/kibrisdakik.com\\\/?p=81122\",\"name\":\"\u00dclkede ilk ana ar\u0131lar \u00fcretildi -\",\"isPartOf\":{\"@id\":\"https:\\\/\\\/kibrisdakik.com\\\/#website\"},\"primaryImageOfPage\":{\"@id\":\"https:\\\/\\\/kibrisdakik.com\\\/?p=81122#primaryimage\"},\"image\":{\"@id\":\"https:\\\/\\\/kibrisdakik.com\\\/?p=81122#primaryimage\"},\"thumbnailUrl\":\"https:\\\/\\\/kibrisdakik.com\\\/wp-content\\\/uploads\\\/2025\\\/04\\\/1745579160497ILK-ANA-ARILAR-URETILDI5-740x420.jpg\",\"datePublished\":\"2025-04-25T11:55:52+00:00\",\"author\":{\"@id\":\"https:\\\/\\\/kibrisdakik.com\\\/#\\\/schema\\\/person\\\/9cd9d437bbb44f72b73ba127e06d8e79\"},\"breadcrumb\":{\"@id\":\"https:\\\/\\\/kibrisdakik.com\\\/?p=81122#breadcrumb\"},\"inLanguage\":\"tr\",\"potentialAction\":[{\"@type\":\"ReadAction\",\"target\":[\"https:\\\/\\\/kibrisdakik.com\\\/?p=81122\"]}]},{\"@type\":\"ImageObject\",\"inLanguage\":\"tr\",\"@id\":\"https:\\\/\\\/kibrisdakik.com\\\/?p=81122#primaryimage\",\"url\":\"https:\\\/\\\/kibrisdakik.com\\\/wp-content\\\/uploads\\\/2025\\\/04\\\/1745579160497ILK-ANA-ARILAR-URETILDI5-740x420.jpg\",\"contentUrl\":\"https:\\\/\\\/kibrisdakik.com\\\/wp-content\\\/uploads\\\/2025\\\/04\\\/1745579160497ILK-ANA-ARILAR-URETILDI5-740x420.jpg\",\"width\":1620,\"height\":1080},{\"@type\":\"BreadcrumbList\",\"@id\":\"https:\\\/\\\/kibrisdakik.com\\\/?p=81122#breadcrumb\",\"itemListElement\":[{\"@type\":\"ListItem\",\"position\":1,\"name\":\"Home\",\"item\":\"https:\\\/\\\/kibrisdakik.com\\\/\"},{\"@type\":\"ListItem\",\"position\":2,\"name\":\"\u00dclkede ilk ana ar\u0131lar \u00fcretildi\"}]},{\"@type\":\"WebSite\",\"@id\":\"https:\\\/\\\/kibrisdakik.com\\\/#website\",\"url\":\"https:\\\/\\\/kibrisdakik.com\\\/\",\"name\":\"\",\"description\":\"Tam vaktinde haber\",\"potentialAction\":[{\"@type\":\"SearchAction\",\"target\":{\"@type\":\"EntryPoint\",\"urlTemplate\":\"https:\\\/\\\/kibrisdakik.com\\\/?s={search_term_string}\"},\"query-input\":{\"@type\":\"PropertyValueSpecification\",\"valueRequired\":true,\"valueName\":\"search_term_string\"}}],\"inLanguage\":\"tr\"},{\"@type\":\"Person\",\"@id\":\"https:\\\/\\\/kibrisdakik.com\\\/#\\\/schema\\\/person\\\/9cd9d437bbb44f72b73ba127e06d8e79\",\"name\":\"admin\",\"image\":{\"@type\":\"ImageObject\",\"inLanguage\":\"tr\",\"@id\":\"https:\\\/\\\/secure.gravatar.com\\\/avatar\\\/ccc17943b9d660506c869530f897617f7cb1c21a4bf30023f252596d83e1f007?s=96&d=mm&r=g\",\"url\":\"https:\\\/\\\/secure.gravatar.com\\\/avatar\\\/ccc17943b9d660506c869530f897617f7cb1c21a4bf30023f252596d83e1f007?s=96&d=mm&r=g\",\"contentUrl\":\"https:\\\/\\\/secure.gravatar.com\\\/avatar\\\/ccc17943b9d660506c869530f897617f7cb1c21a4bf30023f252596d83e1f007?s=96&d=mm&r=g\",\"caption\":\"admin\"},\"sameAs\":[\"https:\\\/\\\/kibrisdakik.com\"],\"url\":\"https:\\\/\\\/kibrisdakik.com\\\/?author=1\"}]}<\/script>\n<!-- \/ Yoast SEO plugin. -->","yoast_head_json":{"title":"\u00dclkede ilk ana ar\u0131lar \u00fcretildi -","robots":{"index":"index","follow":"follow","max-snippet":"max-snippet:-1","max-image-preview":"max-image-preview:large","max-video-preview":"max-video-preview:-1"},"canonical":"https:\/\/kibrisdakik.com\/?p=81122","og_locale":"tr_TR","og_type":"article","og_title":"\u00dclkede ilk ana ar\u0131lar \u00fcretildi -","og_description":"\u0130skele Belediyesi Ana Ar\u0131 \u00dcretim Tesisince narenciye \u00e7i\u00e7e\u011finden yararlanmak maksad\u0131yla G\u00fczelyurt\u2019a g\u00f6t\u00fcr\u00fclen kovanlarda ilk ana ar\u0131lar \u00fcretildi; ilk ana ar\u0131lar \u00f6n\u00fcm\u00fczdeki g\u00fcnlerde ar\u0131c\u0131l\u0131kla u\u011fra\u015fanlara da\u011f\u0131t\u0131lmaya ba\u015flanacak. \u0130skele Belediyesi\u2019nden yap\u0131lan yaz\u0131l\u0131 a\u00e7\u0131klamaya g\u00f6re, \u0130skele Belediyesi ile Kuzey K\u0131br\u0131s Ar\u0131c\u0131lar Birli\u011fi aras\u0131ndaki i\u015f birli\u011fi protokol\u00fc ilk meyvesini verdi. 20 g\u00fcn sonra Mersinlik k\u00f6y\u00fcnde bulunan tesise getirilecek kovanlarda","og_url":"https:\/\/kibrisdakik.com\/?p=81122","article_published_time":"2025-04-25T11:55:52+00:00","og_image":[{"width":1620,"height":1080,"url":"https:\/\/kibrisdakik.com\/wp-content\/uploads\/2025\/04\/1745579160497ILK-ANA-ARILAR-URETILDI5-740x420.jpg","type":"image\/jpeg"}],"author":"admin","twitter_card":"summary_large_image","twitter_misc":{"Yazan:":"admin","Tahmini okuma s\u00fcresi":"3 dakika"},"schema":{"@context":"https:\/\/schema.org","@graph":[{"@type":"Article","@id":"https:\/\/kibrisdakik.com\/?p=81122#article","isPartOf":{"@id":"https:\/\/kibrisdakik.com\/?p=81122"},"author":{"name":"admin","@id":"https:\/\/kibrisdakik.com\/#\/schema\/person\/9cd9d437bbb44f72b73ba127e06d8e79"},"headline":"\u00dclkede ilk ana ar\u0131lar \u00fcretildi","datePublished":"2025-04-25T11:55:52+00:00","mainEntityOfPage":{"@id":"https:\/\/kibrisdakik.com\/?p=81122"},"wordCount":613,"commentCount":0,"image":{"@id":"https:\/\/kibrisdakik.com\/?p=81122#primaryimage"},"thumbnailUrl":"https:\/\/kibrisdakik.com\/wp-content\/uploads\/2025\/04\/1745579160497ILK-ANA-ARILAR-URETILDI5-740x420.jpg","articleSection":["K\u0131br\u0131s","Man\u015fet"],"inLanguage":"tr","potentialAction":[{"@type":"CommentAction","name":"Comment","target":["https:\/\/kibrisdakik.com\/?p=81122#respond"]}]},{"@type":"WebPage","@id":"https:\/\/kibrisdakik.com\/?p=81122","url":"https:\/\/kibrisdakik.com\/?p=81122","name":"\u00dclkede ilk ana ar\u0131lar \u00fcretildi -","isPartOf":{"@id":"https:\/\/kibrisdakik.com\/#website"},"primaryImageOfPage":{"@id":"https:\/\/kibrisdakik.com\/?p=81122#primaryimage"},"image":{"@id":"https:\/\/kibrisdakik.com\/?p=81122#primaryimage"},"thumbnailUrl":"https:\/\/kibrisdakik.com\/wp-content\/uploads\/2025\/04\/1745579160497ILK-ANA-ARILAR-URETILDI5-740x420.jpg","datePublished":"2025-04-25T11:55:52+00:00","author":{"@id":"https:\/\/kibrisdakik.com\/#\/schema\/person\/9cd9d437bbb44f72b73ba127e06d8e79"},"breadcrumb":{"@id":"https:\/\/kibrisdakik.com\/?p=81122#breadcrumb"},"inLanguage":"tr","potentialAction":[{"@type":"ReadAction","target":["https:\/\/kibrisdakik.com\/?p=81122"]}]},{"@type":"ImageObject","inLanguage":"tr","@id":"https:\/\/kibrisdakik.com\/?p=81122#primaryimage","url":"https:\/\/kibrisdakik.com\/wp-content\/uploads\/2025\/04\/1745579160497ILK-ANA-ARILAR-URETILDI5-740x420.jpg","contentUrl":"https:\/\/kibrisdakik.com\/wp-content\/uploads\/2025\/04\/1745579160497ILK-ANA-ARILAR-URETILDI5-740x420.jpg","width":1620,"height":1080},{"@type":"BreadcrumbList","@id":"https:\/\/kibrisdakik.com\/?p=81122#breadcrumb","itemListElement":[{"@type":"ListItem","position":1,"name":"Home","item":"https:\/\/kibrisdakik.com\/"},{"@type":"ListItem","position":2,"name":"\u00dclkede ilk ana ar\u0131lar \u00fcretildi"}]},{"@type":"WebSite","@id":"https:\/\/kibrisdakik.com\/#website","url":"https:\/\/kibrisdakik.com\/","name":"","description":"Tam vaktinde haber","potentialAction":[{"@type":"SearchAction","target":{"@type":"EntryPoint","urlTemplate":"https:\/\/kibrisdakik.com\/?s={search_term_string}"},"query-input":{"@type":"PropertyValueSpecification","valueRequired":true,"valueName":"search_term_string"}}],"inLanguage":"tr"},{"@type":"Person","@id":"https:\/\/kibrisdakik.com\/#\/schema\/person\/9cd9d437bbb44f72b73ba127e06d8e79","name":"admin","image":{"@type":"ImageObject","inLanguage":"tr","@id":"https:\/\/secure.gravatar.com\/avatar\/ccc17943b9d660506c869530f897617f7cb1c21a4bf30023f252596d83e1f007?s=96&d=mm&r=g","url":"https:\/\/secure.gravatar.com\/avatar\/ccc17943b9d660506c869530f897617f7cb1c21a4bf30023f252596d83e1f007?s=96&d=mm&r=g","contentUrl":"https:\/\/secure.gravatar.com\/avatar\/ccc17943b9d660506c869530f897617f7cb1c21a4bf30023f252596d83e1f007?s=96&d=mm&r=g","caption":"admin"},"sameAs":["https:\/\/kibrisdakik.com"],"url":"https:\/\/kibrisdakik.com\/?author=1"}]}},"_links":{"self":[{"href":"https:\/\/kibrisdakik.com\/index.php?rest_route=\/wp\/v2\/posts\/81122","targetHints":{"allow":["GET"]}}],"collection":[{"href":"https:\/\/kibrisdakik.com\/index.php?rest_route=\/wp\/v2\/posts"}],"about":[{"href":"https:\/\/kibrisdakik.com\/index.php?rest_route=\/wp\/v2\/types\/post"}],"author":[{"embeddable":true,"href":"https:\/\/kibrisdakik.com\/index.php?rest_route=\/wp\/v2\/users\/1"}],"replies":[{"embeddable":true,"href":"https:\/\/kibrisdakik.com\/index.php?rest_route=%2Fwp%2Fv2%2Fcomments&post=81122"}],"version-history":[{"count":0,"href":"https:\/\/kibrisdakik.com\/index.php?rest_route=\/wp\/v2\/posts\/81122\/revisions"}],"wp:featuredmedia":[{"embeddable":true,"href":"https:\/\/kibrisdakik.com\/index.php?rest_route=\/wp\/v2\/media\/81123"}],"wp:attachment":[{"href":"https:\/\/kibrisdakik.com\/index.php?rest_route=%2Fwp%2Fv2%2Fmedia&parent=81122"}],"wp:term":[{"taxonomy":"category","embeddable":true,"href":"https:\/\/kibrisdakik.com\/index.php?rest_route=%2Fwp%2Fv2%2Fcategories&post=81122"},{"taxonomy":"post_tag","embeddable":true,"href":"https:\/\/kibrisdakik.com\/index.php?rest_route=%2Fwp%2Fv2%2Ftags&post=81122"}],"curies":[{"name":"wp","href":"https:\/\/api.w.org\/{rel}","templated":true}]}}