{"id":81124,"date":"2025-04-25T15:00:07","date_gmt":"2025-04-25T12:00:07","guid":{"rendered":"https:\/\/kibrisdakik.com\/index.php\/2025\/04\/25\/girne-emekci-kadinlar-kooperatifinden-hellim-atolyesi\/"},"modified":"2025-04-25T15:00:07","modified_gmt":"2025-04-25T12:00:07","slug":"girne-emekci-kadinlar-kooperatifinden-hellim-atolyesi","status":"publish","type":"post","link":"https:\/\/kibrisdakik.com\/?p=81124","title":{"rendered":"Girne Emek\u00e7i Kad\u0131nlar Kooperatifi\u2019nden hellim at\u00f6lyesi"},"content":{"rendered":"<div>\n<div class=\"mariselle-image-container center\">\n                                            <\/div>\n<p>Girne Emek\u00e7i Kad\u0131nlar Kooperatifi, Zeytinlik Muhtarl\u0131\u011f\u0131 i\u015f birli\u011fiyle Anglo Turkish Association \u00fcyelerine \u00f6zel hellim yap\u0131m\u0131 at\u00f6lyesi d\u00fczenledi.<\/p>\n<p>Zeytinlik k\u00f6y\u00fcnde ger\u00e7ekle\u015ftirilen etkinlikte, kooperatif \u00fcyesi olan Zeytinlik Muhtar\u0131 Hatice Ayd\u0131n ve k\u00f6yden kad\u0131nlar, kat\u0131l\u0131mc\u0131lara hellim yap\u0131m\u0131n\u0131 g\u00f6sterdi.<\/p>\n<p>Kooperatif taraf\u0131ndan yap\u0131lan a\u00e7\u0131klamada, \u201cGeleneksel K\u0131br\u0131s lezzetlerinden hellimi birlikte yaparken hem \u00e7ok keyifli anlar ya\u015fad\u0131k hem de k\u00fclt\u00fcrel payla\u015f\u0131m\u0131n g\u00fczelli\u011fini bir kez daha hissettik\u201d denildi.<\/p>\n<div class=\"mariselle-image-container center\">\n                <img loading=\"lazy\" decoding=\"async\" width=\"900\" height=\"1029\" class=\"lazy-image\" alt=\"\" sizes=\"auto, (max-width: 900px) 100vw, 900px\" src=\"https:\/\/brtk.net\/wp-content\/uploads\/2025\/04\/25\/1745578779960Girne-Emekci-Kadinlar-Kooperatifi4.jpg?ver=e4e8e9adf0c7e864a70ed90137a0be23\" srcset=\"https:\/\/brtk.net\/wp-content\/uploads\/2025\/04\/25\/1745578779960Girne-Emekci-Kadinlar-Kooperatifi4.jpg?ver=e4e8e9adf0c7e864a70ed90137a0be23 900w, https:\/\/brtk.net\/wp-content\/uploads\/2025\/04\/25\/1745578779960Girne-Emekci-Kadinlar-Kooperatifi4-262x300.jpg?ver=70fdd8aacd8ab2a2b136224edac6c0b6 262w, https:\/\/brtk.net\/wp-content\/uploads\/2025\/04\/25\/1745578779960Girne-Emekci-Kadinlar-Kooperatifi4-896x1024.jpg?ver=70fdd8aacd8ab2a2b136224edac6c0b6 896w, https:\/\/brtk.net\/wp-content\/uploads\/2025\/04\/25\/1745578779960Girne-Emekci-Kadinlar-Kooperatifi4-768x878.jpg?ver=70fdd8aacd8ab2a2b136224edac6c0b6 768w\"\/>                            <\/div>\n<p>At\u00f6lye sonras\u0131nda, konuklara ikram edilmek \u00fczere Emek At\u00f6lyesi\u2019nde kolektif bir \u00e7al\u0131\u015fmayla geleneksel yemeklerden olu\u015fan \u00f6zel bir men\u00fc haz\u0131rland\u0131.<\/p>\n<p>Etkinli\u011fin ard\u0131ndan profesyonel tur rehberi ve ayn\u0131 zamanda kooperatif \u00fcyesi olan Nelin Tun\u00e7\u2019un rehberli\u011finde k\u00f6yde k\u0131sa bir y\u00fcr\u00fcy\u00fc\u015f yap\u0131ld\u0131. Kat\u0131l\u0131mc\u0131lar Zeytinlik\u2019in tarihi ve k\u00fclt\u00fcrel dokusuna dair bilgi ald\u0131.<\/p>\n<p>A\u00e7\u0131klamada, etkinli\u011fin ger\u00e7ekle\u015fmesine katk\u0131 sa\u011flayan Anglo Turkish Association etkinlik organizat\u00f6r\u00fc ve komite \u00fcyesi \u0130smet Ramiz ile rehber Nelin Tun\u00e7\u2019a te\u015fekk\u00fcr edildi.<\/p>\n<\/p><\/div>\n<p><script async\n                    defer\n                    crossorigin=\"anonymous\"\n                    src=\"https:\/\/connect.facebook.net\/tr_TR\/sdk.js#xfbml=1&#038;version=v3.3\"\n            ><\/script><\/p>\n","protected":false},"excerpt":{"rendered":"<p>Girne Emek\u00e7i Kad\u0131nlar Kooperatifi, Zeytinlik Muhtarl\u0131\u011f\u0131 i\u015f birli\u011fiyle Anglo Turkish Association \u00fcyelerine \u00f6zel hellim yap\u0131m\u0131 at\u00f6lyesi d\u00fczenledi. Zeytinlik k\u00f6y\u00fcnde ger\u00e7ekle\u015ftirilen etkinlikte, kooperatif \u00fcyesi olan Zeytinlik Muhtar\u0131 Hatice Ayd\u0131n ve k\u00f6yden kad\u0131nlar, kat\u0131l\u0131mc\u0131lara hellim yap\u0131m\u0131n\u0131 g\u00f6sterdi. Kooperatif taraf\u0131ndan yap\u0131lan a\u00e7\u0131klamada, \u201cGeleneksel K\u0131br\u0131s lezzetlerinden hellimi birlikte yaparken hem \u00e7ok keyifli anlar ya\u015fad\u0131k hem de k\u00fclt\u00fcrel payla\u015f\u0131m\u0131n g\u00fczelli\u011fini<\/p>\n","protected":false},"author":1,"featured_media":81125,"comment_status":"open","ping_status":"open","sticky":false,"template":"","format":"standard","meta":{"footnotes":""},"categories":[81,101],"tags":[],"class_list":["post-81124","post","type-post","status-publish","format-standard","has-post-thumbnail","hentry","category-kibris","category-manset"],"yoast_head":"<!-- This site is optimized with the Yoast SEO plugin v27.5 - https:\/\/yoast.com\/product\/yoast-seo-wordpress\/ -->\n<title>Girne Emek\u00e7i Kad\u0131nlar Kooperatifi\u2019nden hellim at\u00f6lyesi -<\/title>\n<meta name=\"robots\" content=\"index, follow, max-snippet:-1, max-image-preview:large, max-video-preview:-1\" \/>\n<link rel=\"canonical\" href=\"https:\/\/kibrisdakik.com\/?p=81124\" \/>\n<meta property=\"og:locale\" content=\"tr_TR\" \/>\n<meta property=\"og:type\" content=\"article\" \/>\n<meta property=\"og:title\" content=\"Girne Emek\u00e7i Kad\u0131nlar Kooperatifi\u2019nden hellim at\u00f6lyesi -\" \/>\n<meta property=\"og:description\" content=\"Girne Emek\u00e7i Kad\u0131nlar Kooperatifi, Zeytinlik Muhtarl\u0131\u011f\u0131 i\u015f birli\u011fiyle Anglo Turkish Association \u00fcyelerine \u00f6zel hellim yap\u0131m\u0131 at\u00f6lyesi d\u00fczenledi. Zeytinlik k\u00f6y\u00fcnde ger\u00e7ekle\u015ftirilen etkinlikte, kooperatif \u00fcyesi olan Zeytinlik Muhtar\u0131 Hatice Ayd\u0131n ve k\u00f6yden kad\u0131nlar, kat\u0131l\u0131mc\u0131lara hellim yap\u0131m\u0131n\u0131 g\u00f6sterdi. Kooperatif taraf\u0131ndan yap\u0131lan a\u00e7\u0131klamada, \u201cGeleneksel K\u0131br\u0131s lezzetlerinden hellimi birlikte yaparken hem \u00e7ok keyifli anlar ya\u015fad\u0131k hem de k\u00fclt\u00fcrel payla\u015f\u0131m\u0131n g\u00fczelli\u011fini\" \/>\n<meta property=\"og:url\" content=\"https:\/\/kibrisdakik.com\/?p=81124\" \/>\n<meta property=\"article:published_time\" content=\"2025-04-25T12:00:07+00:00\" \/>\n<meta property=\"og:image\" content=\"https:\/\/kibrisdakik.com\/wp-content\/uploads\/2025\/04\/1745578779956Girne-Emekci-Kadinlar-Kooperatifi1-740x420.jpeg\" \/>\n\t<meta property=\"og:image:width\" content=\"1496\" \/>\n\t<meta property=\"og:image:height\" content=\"962\" \/>\n\t<meta property=\"og:image:type\" content=\"image\/jpeg\" \/>\n<meta name=\"author\" content=\"admin\" \/>\n<meta name=\"twitter:card\" content=\"summary_large_image\" \/>\n<meta name=\"twitter:label1\" content=\"Yazan:\" \/>\n\t<meta name=\"twitter:data1\" content=\"admin\" \/>\n\t<meta name=\"twitter:label2\" content=\"Tahmini okuma s\u00fcresi\" \/>\n\t<meta name=\"twitter:data2\" content=\"1 dakika\" \/>\n<script type=\"application\/ld+json\" class=\"yoast-schema-graph\">{\"@context\":\"https:\\\/\\\/schema.org\",\"@graph\":[{\"@type\":\"Article\",\"@id\":\"https:\\\/\\\/kibrisdakik.com\\\/?p=81124#article\",\"isPartOf\":{\"@id\":\"https:\\\/\\\/kibrisdakik.com\\\/?p=81124\"},\"author\":{\"name\":\"admin\",\"@id\":\"https:\\\/\\\/kibrisdakik.com\\\/#\\\/schema\\\/person\\\/9cd9d437bbb44f72b73ba127e06d8e79\"},\"headline\":\"Girne Emek\u00e7i Kad\u0131nlar Kooperatifi\u2019nden hellim at\u00f6lyesi\",\"datePublished\":\"2025-04-25T12:00:07+00:00\",\"mainEntityOfPage\":{\"@id\":\"https:\\\/\\\/kibrisdakik.com\\\/?p=81124\"},\"wordCount\":200,\"commentCount\":0,\"image\":{\"@id\":\"https:\\\/\\\/kibrisdakik.com\\\/?p=81124#primaryimage\"},\"thumbnailUrl\":\"https:\\\/\\\/kibrisdakik.com\\\/wp-content\\\/uploads\\\/2025\\\/04\\\/1745578779956Girne-Emekci-Kadinlar-Kooperatifi1-740x420.jpeg\",\"articleSection\":[\"K\u0131br\u0131s\",\"Man\u015fet\"],\"inLanguage\":\"tr\",\"potentialAction\":[{\"@type\":\"CommentAction\",\"name\":\"Comment\",\"target\":[\"https:\\\/\\\/kibrisdakik.com\\\/?p=81124#respond\"]}]},{\"@type\":\"WebPage\",\"@id\":\"https:\\\/\\\/kibrisdakik.com\\\/?p=81124\",\"url\":\"https:\\\/\\\/kibrisdakik.com\\\/?p=81124\",\"name\":\"Girne Emek\u00e7i Kad\u0131nlar Kooperatifi\u2019nden hellim at\u00f6lyesi -\",\"isPartOf\":{\"@id\":\"https:\\\/\\\/kibrisdakik.com\\\/#website\"},\"primaryImageOfPage\":{\"@id\":\"https:\\\/\\\/kibrisdakik.com\\\/?p=81124#primaryimage\"},\"image\":{\"@id\":\"https:\\\/\\\/kibrisdakik.com\\\/?p=81124#primaryimage\"},\"thumbnailUrl\":\"https:\\\/\\\/kibrisdakik.com\\\/wp-content\\\/uploads\\\/2025\\\/04\\\/1745578779956Girne-Emekci-Kadinlar-Kooperatifi1-740x420.jpeg\",\"datePublished\":\"2025-04-25T12:00:07+00:00\",\"author\":{\"@id\":\"https:\\\/\\\/kibrisdakik.com\\\/#\\\/schema\\\/person\\\/9cd9d437bbb44f72b73ba127e06d8e79\"},\"breadcrumb\":{\"@id\":\"https:\\\/\\\/kibrisdakik.com\\\/?p=81124#breadcrumb\"},\"inLanguage\":\"tr\",\"potentialAction\":[{\"@type\":\"ReadAction\",\"target\":[\"https:\\\/\\\/kibrisdakik.com\\\/?p=81124\"]}]},{\"@type\":\"ImageObject\",\"inLanguage\":\"tr\",\"@id\":\"https:\\\/\\\/kibrisdakik.com\\\/?p=81124#primaryimage\",\"url\":\"https:\\\/\\\/kibrisdakik.com\\\/wp-content\\\/uploads\\\/2025\\\/04\\\/1745578779956Girne-Emekci-Kadinlar-Kooperatifi1-740x420.jpeg\",\"contentUrl\":\"https:\\\/\\\/kibrisdakik.com\\\/wp-content\\\/uploads\\\/2025\\\/04\\\/1745578779956Girne-Emekci-Kadinlar-Kooperatifi1-740x420.jpeg\",\"width\":1496,\"height\":962},{\"@type\":\"BreadcrumbList\",\"@id\":\"https:\\\/\\\/kibrisdakik.com\\\/?p=81124#breadcrumb\",\"itemListElement\":[{\"@type\":\"ListItem\",\"position\":1,\"name\":\"Home\",\"item\":\"https:\\\/\\\/kibrisdakik.com\\\/\"},{\"@type\":\"ListItem\",\"position\":2,\"name\":\"Girne Emek\u00e7i Kad\u0131nlar Kooperatifi\u2019nden hellim at\u00f6lyesi\"}]},{\"@type\":\"WebSite\",\"@id\":\"https:\\\/\\\/kibrisdakik.com\\\/#website\",\"url\":\"https:\\\/\\\/kibrisdakik.com\\\/\",\"name\":\"\",\"description\":\"Tam vaktinde haber\",\"potentialAction\":[{\"@type\":\"SearchAction\",\"target\":{\"@type\":\"EntryPoint\",\"urlTemplate\":\"https:\\\/\\\/kibrisdakik.com\\\/?s={search_term_string}\"},\"query-input\":{\"@type\":\"PropertyValueSpecification\",\"valueRequired\":true,\"valueName\":\"search_term_string\"}}],\"inLanguage\":\"tr\"},{\"@type\":\"Person\",\"@id\":\"https:\\\/\\\/kibrisdakik.com\\\/#\\\/schema\\\/person\\\/9cd9d437bbb44f72b73ba127e06d8e79\",\"name\":\"admin\",\"image\":{\"@type\":\"ImageObject\",\"inLanguage\":\"tr\",\"@id\":\"https:\\\/\\\/secure.gravatar.com\\\/avatar\\\/ccc17943b9d660506c869530f897617f7cb1c21a4bf30023f252596d83e1f007?s=96&d=mm&r=g\",\"url\":\"https:\\\/\\\/secure.gravatar.com\\\/avatar\\\/ccc17943b9d660506c869530f897617f7cb1c21a4bf30023f252596d83e1f007?s=96&d=mm&r=g\",\"contentUrl\":\"https:\\\/\\\/secure.gravatar.com\\\/avatar\\\/ccc17943b9d660506c869530f897617f7cb1c21a4bf30023f252596d83e1f007?s=96&d=mm&r=g\",\"caption\":\"admin\"},\"sameAs\":[\"https:\\\/\\\/kibrisdakik.com\"],\"url\":\"https:\\\/\\\/kibrisdakik.com\\\/?author=1\"}]}<\/script>\n<!-- \/ Yoast SEO plugin. -->","yoast_head_json":{"title":"Girne Emek\u00e7i Kad\u0131nlar Kooperatifi\u2019nden hellim at\u00f6lyesi -","robots":{"index":"index","follow":"follow","max-snippet":"max-snippet:-1","max-image-preview":"max-image-preview:large","max-video-preview":"max-video-preview:-1"},"canonical":"https:\/\/kibrisdakik.com\/?p=81124","og_locale":"tr_TR","og_type":"article","og_title":"Girne Emek\u00e7i Kad\u0131nlar Kooperatifi\u2019nden hellim at\u00f6lyesi -","og_description":"Girne Emek\u00e7i Kad\u0131nlar Kooperatifi, Zeytinlik Muhtarl\u0131\u011f\u0131 i\u015f birli\u011fiyle Anglo Turkish Association \u00fcyelerine \u00f6zel hellim yap\u0131m\u0131 at\u00f6lyesi d\u00fczenledi. Zeytinlik k\u00f6y\u00fcnde ger\u00e7ekle\u015ftirilen etkinlikte, kooperatif \u00fcyesi olan Zeytinlik Muhtar\u0131 Hatice Ayd\u0131n ve k\u00f6yden kad\u0131nlar, kat\u0131l\u0131mc\u0131lara hellim yap\u0131m\u0131n\u0131 g\u00f6sterdi. Kooperatif taraf\u0131ndan yap\u0131lan a\u00e7\u0131klamada, \u201cGeleneksel K\u0131br\u0131s lezzetlerinden hellimi birlikte yaparken hem \u00e7ok keyifli anlar ya\u015fad\u0131k hem de k\u00fclt\u00fcrel payla\u015f\u0131m\u0131n g\u00fczelli\u011fini","og_url":"https:\/\/kibrisdakik.com\/?p=81124","article_published_time":"2025-04-25T12:00:07+00:00","og_image":[{"width":1496,"height":962,"url":"https:\/\/kibrisdakik.com\/wp-content\/uploads\/2025\/04\/1745578779956Girne-Emekci-Kadinlar-Kooperatifi1-740x420.jpeg","type":"image\/jpeg"}],"author":"admin","twitter_card":"summary_large_image","twitter_misc":{"Yazan:":"admin","Tahmini okuma s\u00fcresi":"1 dakika"},"schema":{"@context":"https:\/\/schema.org","@graph":[{"@type":"Article","@id":"https:\/\/kibrisdakik.com\/?p=81124#article","isPartOf":{"@id":"https:\/\/kibrisdakik.com\/?p=81124"},"author":{"name":"admin","@id":"https:\/\/kibrisdakik.com\/#\/schema\/person\/9cd9d437bbb44f72b73ba127e06d8e79"},"headline":"Girne Emek\u00e7i Kad\u0131nlar Kooperatifi\u2019nden hellim at\u00f6lyesi","datePublished":"2025-04-25T12:00:07+00:00","mainEntityOfPage":{"@id":"https:\/\/kibrisdakik.com\/?p=81124"},"wordCount":200,"commentCount":0,"image":{"@id":"https:\/\/kibrisdakik.com\/?p=81124#primaryimage"},"thumbnailUrl":"https:\/\/kibrisdakik.com\/wp-content\/uploads\/2025\/04\/1745578779956Girne-Emekci-Kadinlar-Kooperatifi1-740x420.jpeg","articleSection":["K\u0131br\u0131s","Man\u015fet"],"inLanguage":"tr","potentialAction":[{"@type":"CommentAction","name":"Comment","target":["https:\/\/kibrisdakik.com\/?p=81124#respond"]}]},{"@type":"WebPage","@id":"https:\/\/kibrisdakik.com\/?p=81124","url":"https:\/\/kibrisdakik.com\/?p=81124","name":"Girne Emek\u00e7i Kad\u0131nlar Kooperatifi\u2019nden hellim at\u00f6lyesi -","isPartOf":{"@id":"https:\/\/kibrisdakik.com\/#website"},"primaryImageOfPage":{"@id":"https:\/\/kibrisdakik.com\/?p=81124#primaryimage"},"image":{"@id":"https:\/\/kibrisdakik.com\/?p=81124#primaryimage"},"thumbnailUrl":"https:\/\/kibrisdakik.com\/wp-content\/uploads\/2025\/04\/1745578779956Girne-Emekci-Kadinlar-Kooperatifi1-740x420.jpeg","datePublished":"2025-04-25T12:00:07+00:00","author":{"@id":"https:\/\/kibrisdakik.com\/#\/schema\/person\/9cd9d437bbb44f72b73ba127e06d8e79"},"breadcrumb":{"@id":"https:\/\/kibrisdakik.com\/?p=81124#breadcrumb"},"inLanguage":"tr","potentialAction":[{"@type":"ReadAction","target":["https:\/\/kibrisdakik.com\/?p=81124"]}]},{"@type":"ImageObject","inLanguage":"tr","@id":"https:\/\/kibrisdakik.com\/?p=81124#primaryimage","url":"https:\/\/kibrisdakik.com\/wp-content\/uploads\/2025\/04\/1745578779956Girne-Emekci-Kadinlar-Kooperatifi1-740x420.jpeg","contentUrl":"https:\/\/kibrisdakik.com\/wp-content\/uploads\/2025\/04\/1745578779956Girne-Emekci-Kadinlar-Kooperatifi1-740x420.jpeg","width":1496,"height":962},{"@type":"BreadcrumbList","@id":"https:\/\/kibrisdakik.com\/?p=81124#breadcrumb","itemListElement":[{"@type":"ListItem","position":1,"name":"Home","item":"https:\/\/kibrisdakik.com\/"},{"@type":"ListItem","position":2,"name":"Girne Emek\u00e7i Kad\u0131nlar Kooperatifi\u2019nden hellim at\u00f6lyesi"}]},{"@type":"WebSite","@id":"https:\/\/kibrisdakik.com\/#website","url":"https:\/\/kibrisdakik.com\/","name":"","description":"Tam vaktinde haber","potentialAction":[{"@type":"SearchAction","target":{"@type":"EntryPoint","urlTemplate":"https:\/\/kibrisdakik.com\/?s={search_term_string}"},"query-input":{"@type":"PropertyValueSpecification","valueRequired":true,"valueName":"search_term_string"}}],"inLanguage":"tr"},{"@type":"Person","@id":"https:\/\/kibrisdakik.com\/#\/schema\/person\/9cd9d437bbb44f72b73ba127e06d8e79","name":"admin","image":{"@type":"ImageObject","inLanguage":"tr","@id":"https:\/\/secure.gravatar.com\/avatar\/ccc17943b9d660506c869530f897617f7cb1c21a4bf30023f252596d83e1f007?s=96&d=mm&r=g","url":"https:\/\/secure.gravatar.com\/avatar\/ccc17943b9d660506c869530f897617f7cb1c21a4bf30023f252596d83e1f007?s=96&d=mm&r=g","contentUrl":"https:\/\/secure.gravatar.com\/avatar\/ccc17943b9d660506c869530f897617f7cb1c21a4bf30023f252596d83e1f007?s=96&d=mm&r=g","caption":"admin"},"sameAs":["https:\/\/kibrisdakik.com"],"url":"https:\/\/kibrisdakik.com\/?author=1"}]}},"_links":{"self":[{"href":"https:\/\/kibrisdakik.com\/index.php?rest_route=\/wp\/v2\/posts\/81124","targetHints":{"allow":["GET"]}}],"collection":[{"href":"https:\/\/kibrisdakik.com\/index.php?rest_route=\/wp\/v2\/posts"}],"about":[{"href":"https:\/\/kibrisdakik.com\/index.php?rest_route=\/wp\/v2\/types\/post"}],"author":[{"embeddable":true,"href":"https:\/\/kibrisdakik.com\/index.php?rest_route=\/wp\/v2\/users\/1"}],"replies":[{"embeddable":true,"href":"https:\/\/kibrisdakik.com\/index.php?rest_route=%2Fwp%2Fv2%2Fcomments&post=81124"}],"version-history":[{"count":0,"href":"https:\/\/kibrisdakik.com\/index.php?rest_route=\/wp\/v2\/posts\/81124\/revisions"}],"wp:featuredmedia":[{"embeddable":true,"href":"https:\/\/kibrisdakik.com\/index.php?rest_route=\/wp\/v2\/media\/81125"}],"wp:attachment":[{"href":"https:\/\/kibrisdakik.com\/index.php?rest_route=%2Fwp%2Fv2%2Fmedia&parent=81124"}],"wp:term":[{"taxonomy":"category","embeddable":true,"href":"https:\/\/kibrisdakik.com\/index.php?rest_route=%2Fwp%2Fv2%2Fcategories&post=81124"},{"taxonomy":"post_tag","embeddable":true,"href":"https:\/\/kibrisdakik.com\/index.php?rest_route=%2Fwp%2Fv2%2Ftags&post=81124"}],"curies":[{"name":"wp","href":"https:\/\/api.w.org\/{rel}","templated":true}]}}