{"id":81151,"date":"2025-04-25T18:31:42","date_gmt":"2025-04-25T15:31:42","guid":{"rendered":"https:\/\/kibrisdakik.com\/index.php\/2025\/04\/25\/cumhuriyetci-turk-partisi-genel-sekreteri-sahali-ve-bazi-milletvekilleri-binboga-yeme-ziyarette-bulundu\/"},"modified":"2025-04-25T18:31:42","modified_gmt":"2025-04-25T15:31:42","slug":"cumhuriyetci-turk-partisi-genel-sekreteri-sahali-ve-bazi-milletvekilleri-binboga-yeme-ziyarette-bulundu","status":"publish","type":"post","link":"https:\/\/kibrisdakik.com\/?p=81151","title":{"rendered":"Cumhuriyet\u00e7i T\u00fcrk Partisi Genel Sekreteri \u015eahali ve baz\u0131 milletvekilleri Binbo\u011fa Yem\u2019e ziyarette bulundu."},"content":{"rendered":"<div>\n<div class=\"mariselle-image-container center\">\n                                            <\/div>\n<p>Cumhuriyet\u00e7i T\u00fcrk Partisi Genel Sekreteri Erkut \u015eahali ve baz\u0131 milletvekilleri Binbo\u011fa Yem\u2019e ziyarette bulundu.  <\/p>\n<p>Ziyarette konu\u015fan CTP Genel Sekreteri Erkut \u015eahali, dayan\u0131\u015fmalar\u0131n\u0131 iletmek i\u00e7in orada bulunduklar\u0131n\u0131 belirterek, Binbo\u011fa\u2019n\u0131n halk i\u00e7in \u00f6nemine i\u015faret etti. <\/p>\n<p>Erkut \u015eahali, gelinen noktada hem y\u00f6netsel beceriksizlik hem de suistimal sonucunda kurumun sessizli\u011fe b\u00fcr\u00fcnm\u00fc\u015f vaziyette oldu\u011funu \u00f6ne s\u00fcrerek, buna sessiz kalamayacaklar\u0131n\u0131 ifade etti. <\/p>\n<p>\u015eahali, bu konuda sorumlulu\u011fu olanlar\u0131n gereken bedeli \u00f6demesi konusunda kendilerinin de \u00e7aba sarf edeceklerini; bunu kontrol etmesi gereken \u00fcst makamlar\u0131n da ayn\u0131 sorumlulu\u011fu \u00fcstlenmesi gerekti\u011fini savundu.<\/p>\n<\/p><\/div>\n<p><script async\n                    defer\n                    crossorigin=\"anonymous\"\n                    src=\"https:\/\/connect.facebook.net\/tr_TR\/sdk.js#xfbml=1&#038;version=v3.3\"\n            ><\/script><\/p>\n","protected":false},"excerpt":{"rendered":"<p>Cumhuriyet\u00e7i T\u00fcrk Partisi Genel Sekreteri Erkut \u015eahali ve baz\u0131 milletvekilleri Binbo\u011fa Yem\u2019e ziyarette bulundu. Ziyarette konu\u015fan CTP Genel Sekreteri Erkut \u015eahali, dayan\u0131\u015fmalar\u0131n\u0131 iletmek i\u00e7in orada bulunduklar\u0131n\u0131 belirterek, Binbo\u011fa\u2019n\u0131n halk i\u00e7in \u00f6nemine i\u015faret etti. Erkut \u015eahali, gelinen noktada hem y\u00f6netsel beceriksizlik hem de suistimal sonucunda kurumun sessizli\u011fe b\u00fcr\u00fcnm\u00fc\u015f vaziyette oldu\u011funu \u00f6ne s\u00fcrerek, buna sessiz kalamayacaklar\u0131n\u0131 ifade<\/p>\n","protected":false},"author":1,"featured_media":81152,"comment_status":"open","ping_status":"open","sticky":false,"template":"","format":"standard","meta":{"footnotes":""},"categories":[81,101],"tags":[],"class_list":["post-81151","post","type-post","status-publish","format-standard","has-post-thumbnail","hentry","category-kibris","category-manset"],"yoast_head":"<!-- This site is optimized with the Yoast SEO plugin v27.5 - https:\/\/yoast.com\/product\/yoast-seo-wordpress\/ -->\n<title>Cumhuriyet\u00e7i T\u00fcrk Partisi Genel Sekreteri \u015eahali ve baz\u0131 milletvekilleri Binbo\u011fa Yem\u2019e ziyarette bulundu. -<\/title>\n<meta name=\"robots\" content=\"index, follow, max-snippet:-1, max-image-preview:large, max-video-preview:-1\" \/>\n<link rel=\"canonical\" href=\"https:\/\/kibrisdakik.com\/?p=81151\" \/>\n<meta property=\"og:locale\" content=\"tr_TR\" \/>\n<meta property=\"og:type\" content=\"article\" \/>\n<meta property=\"og:title\" content=\"Cumhuriyet\u00e7i T\u00fcrk Partisi Genel Sekreteri \u015eahali ve baz\u0131 milletvekilleri Binbo\u011fa Yem\u2019e ziyarette bulundu. -\" \/>\n<meta property=\"og:description\" content=\"Cumhuriyet\u00e7i T\u00fcrk Partisi Genel Sekreteri Erkut \u015eahali ve baz\u0131 milletvekilleri Binbo\u011fa Yem\u2019e ziyarette bulundu. Ziyarette konu\u015fan CTP Genel Sekreteri Erkut \u015eahali, dayan\u0131\u015fmalar\u0131n\u0131 iletmek i\u00e7in orada bulunduklar\u0131n\u0131 belirterek, Binbo\u011fa\u2019n\u0131n halk i\u00e7in \u00f6nemine i\u015faret etti. Erkut \u015eahali, gelinen noktada hem y\u00f6netsel beceriksizlik hem de suistimal sonucunda kurumun sessizli\u011fe b\u00fcr\u00fcnm\u00fc\u015f vaziyette oldu\u011funu \u00f6ne s\u00fcrerek, buna sessiz kalamayacaklar\u0131n\u0131 ifade\" \/>\n<meta property=\"og:url\" content=\"https:\/\/kibrisdakik.com\/?p=81151\" \/>\n<meta property=\"article:published_time\" content=\"2025-04-25T15:31:42+00:00\" \/>\n<meta property=\"og:image\" content=\"https:\/\/kibrisdakik.com\/wp-content\/uploads\/2025\/04\/493327491_1206911534122698_4201655999767229776_n-740x420.jpg\" \/>\n\t<meta property=\"og:image:width\" content=\"1600\" \/>\n\t<meta property=\"og:image:height\" content=\"1066\" \/>\n\t<meta property=\"og:image:type\" content=\"image\/jpeg\" \/>\n<meta name=\"author\" content=\"admin\" \/>\n<meta name=\"twitter:card\" content=\"summary_large_image\" \/>\n<meta name=\"twitter:label1\" content=\"Yazan:\" \/>\n\t<meta name=\"twitter:data1\" content=\"admin\" \/>\n\t<meta name=\"twitter:label2\" content=\"Tahmini okuma s\u00fcresi\" \/>\n\t<meta name=\"twitter:data2\" content=\"1 dakika\" \/>\n<script type=\"application\/ld+json\" class=\"yoast-schema-graph\">{\"@context\":\"https:\\\/\\\/schema.org\",\"@graph\":[{\"@type\":\"Article\",\"@id\":\"https:\\\/\\\/kibrisdakik.com\\\/?p=81151#article\",\"isPartOf\":{\"@id\":\"https:\\\/\\\/kibrisdakik.com\\\/?p=81151\"},\"author\":{\"name\":\"admin\",\"@id\":\"https:\\\/\\\/kibrisdakik.com\\\/#\\\/schema\\\/person\\\/9cd9d437bbb44f72b73ba127e06d8e79\"},\"headline\":\"Cumhuriyet\u00e7i T\u00fcrk Partisi Genel Sekreteri \u015eahali ve baz\u0131 milletvekilleri Binbo\u011fa Yem\u2019e ziyarette bulundu.\",\"datePublished\":\"2025-04-25T15:31:42+00:00\",\"mainEntityOfPage\":{\"@id\":\"https:\\\/\\\/kibrisdakik.com\\\/?p=81151\"},\"wordCount\":125,\"commentCount\":0,\"image\":{\"@id\":\"https:\\\/\\\/kibrisdakik.com\\\/?p=81151#primaryimage\"},\"thumbnailUrl\":\"https:\\\/\\\/kibrisdakik.com\\\/wp-content\\\/uploads\\\/2025\\\/04\\\/493327491_1206911534122698_4201655999767229776_n-740x420.jpg\",\"articleSection\":[\"K\u0131br\u0131s\",\"Man\u015fet\"],\"inLanguage\":\"tr\",\"potentialAction\":[{\"@type\":\"CommentAction\",\"name\":\"Comment\",\"target\":[\"https:\\\/\\\/kibrisdakik.com\\\/?p=81151#respond\"]}]},{\"@type\":\"WebPage\",\"@id\":\"https:\\\/\\\/kibrisdakik.com\\\/?p=81151\",\"url\":\"https:\\\/\\\/kibrisdakik.com\\\/?p=81151\",\"name\":\"Cumhuriyet\u00e7i T\u00fcrk Partisi Genel Sekreteri \u015eahali ve baz\u0131 milletvekilleri Binbo\u011fa Yem\u2019e ziyarette bulundu. -\",\"isPartOf\":{\"@id\":\"https:\\\/\\\/kibrisdakik.com\\\/#website\"},\"primaryImageOfPage\":{\"@id\":\"https:\\\/\\\/kibrisdakik.com\\\/?p=81151#primaryimage\"},\"image\":{\"@id\":\"https:\\\/\\\/kibrisdakik.com\\\/?p=81151#primaryimage\"},\"thumbnailUrl\":\"https:\\\/\\\/kibrisdakik.com\\\/wp-content\\\/uploads\\\/2025\\\/04\\\/493327491_1206911534122698_4201655999767229776_n-740x420.jpg\",\"datePublished\":\"2025-04-25T15:31:42+00:00\",\"author\":{\"@id\":\"https:\\\/\\\/kibrisdakik.com\\\/#\\\/schema\\\/person\\\/9cd9d437bbb44f72b73ba127e06d8e79\"},\"breadcrumb\":{\"@id\":\"https:\\\/\\\/kibrisdakik.com\\\/?p=81151#breadcrumb\"},\"inLanguage\":\"tr\",\"potentialAction\":[{\"@type\":\"ReadAction\",\"target\":[\"https:\\\/\\\/kibrisdakik.com\\\/?p=81151\"]}]},{\"@type\":\"ImageObject\",\"inLanguage\":\"tr\",\"@id\":\"https:\\\/\\\/kibrisdakik.com\\\/?p=81151#primaryimage\",\"url\":\"https:\\\/\\\/kibrisdakik.com\\\/wp-content\\\/uploads\\\/2025\\\/04\\\/493327491_1206911534122698_4201655999767229776_n-740x420.jpg\",\"contentUrl\":\"https:\\\/\\\/kibrisdakik.com\\\/wp-content\\\/uploads\\\/2025\\\/04\\\/493327491_1206911534122698_4201655999767229776_n-740x420.jpg\",\"width\":1600,\"height\":1066},{\"@type\":\"BreadcrumbList\",\"@id\":\"https:\\\/\\\/kibrisdakik.com\\\/?p=81151#breadcrumb\",\"itemListElement\":[{\"@type\":\"ListItem\",\"position\":1,\"name\":\"Home\",\"item\":\"https:\\\/\\\/kibrisdakik.com\\\/\"},{\"@type\":\"ListItem\",\"position\":2,\"name\":\"Cumhuriyet\u00e7i T\u00fcrk Partisi Genel Sekreteri \u015eahali ve baz\u0131 milletvekilleri Binbo\u011fa Yem\u2019e ziyarette bulundu.\"}]},{\"@type\":\"WebSite\",\"@id\":\"https:\\\/\\\/kibrisdakik.com\\\/#website\",\"url\":\"https:\\\/\\\/kibrisdakik.com\\\/\",\"name\":\"\",\"description\":\"Tam vaktinde haber\",\"potentialAction\":[{\"@type\":\"SearchAction\",\"target\":{\"@type\":\"EntryPoint\",\"urlTemplate\":\"https:\\\/\\\/kibrisdakik.com\\\/?s={search_term_string}\"},\"query-input\":{\"@type\":\"PropertyValueSpecification\",\"valueRequired\":true,\"valueName\":\"search_term_string\"}}],\"inLanguage\":\"tr\"},{\"@type\":\"Person\",\"@id\":\"https:\\\/\\\/kibrisdakik.com\\\/#\\\/schema\\\/person\\\/9cd9d437bbb44f72b73ba127e06d8e79\",\"name\":\"admin\",\"image\":{\"@type\":\"ImageObject\",\"inLanguage\":\"tr\",\"@id\":\"https:\\\/\\\/secure.gravatar.com\\\/avatar\\\/ccc17943b9d660506c869530f897617f7cb1c21a4bf30023f252596d83e1f007?s=96&d=mm&r=g\",\"url\":\"https:\\\/\\\/secure.gravatar.com\\\/avatar\\\/ccc17943b9d660506c869530f897617f7cb1c21a4bf30023f252596d83e1f007?s=96&d=mm&r=g\",\"contentUrl\":\"https:\\\/\\\/secure.gravatar.com\\\/avatar\\\/ccc17943b9d660506c869530f897617f7cb1c21a4bf30023f252596d83e1f007?s=96&d=mm&r=g\",\"caption\":\"admin\"},\"sameAs\":[\"https:\\\/\\\/kibrisdakik.com\"],\"url\":\"https:\\\/\\\/kibrisdakik.com\\\/?author=1\"}]}<\/script>\n<!-- \/ Yoast SEO plugin. -->","yoast_head_json":{"title":"Cumhuriyet\u00e7i T\u00fcrk Partisi Genel Sekreteri \u015eahali ve baz\u0131 milletvekilleri Binbo\u011fa Yem\u2019e ziyarette bulundu. -","robots":{"index":"index","follow":"follow","max-snippet":"max-snippet:-1","max-image-preview":"max-image-preview:large","max-video-preview":"max-video-preview:-1"},"canonical":"https:\/\/kibrisdakik.com\/?p=81151","og_locale":"tr_TR","og_type":"article","og_title":"Cumhuriyet\u00e7i T\u00fcrk Partisi Genel Sekreteri \u015eahali ve baz\u0131 milletvekilleri Binbo\u011fa Yem\u2019e ziyarette bulundu. -","og_description":"Cumhuriyet\u00e7i T\u00fcrk Partisi Genel Sekreteri Erkut \u015eahali ve baz\u0131 milletvekilleri Binbo\u011fa Yem\u2019e ziyarette bulundu. Ziyarette konu\u015fan CTP Genel Sekreteri Erkut \u015eahali, dayan\u0131\u015fmalar\u0131n\u0131 iletmek i\u00e7in orada bulunduklar\u0131n\u0131 belirterek, Binbo\u011fa\u2019n\u0131n halk i\u00e7in \u00f6nemine i\u015faret etti. Erkut \u015eahali, gelinen noktada hem y\u00f6netsel beceriksizlik hem de suistimal sonucunda kurumun sessizli\u011fe b\u00fcr\u00fcnm\u00fc\u015f vaziyette oldu\u011funu \u00f6ne s\u00fcrerek, buna sessiz kalamayacaklar\u0131n\u0131 ifade","og_url":"https:\/\/kibrisdakik.com\/?p=81151","article_published_time":"2025-04-25T15:31:42+00:00","og_image":[{"width":1600,"height":1066,"url":"https:\/\/kibrisdakik.com\/wp-content\/uploads\/2025\/04\/493327491_1206911534122698_4201655999767229776_n-740x420.jpg","type":"image\/jpeg"}],"author":"admin","twitter_card":"summary_large_image","twitter_misc":{"Yazan:":"admin","Tahmini okuma s\u00fcresi":"1 dakika"},"schema":{"@context":"https:\/\/schema.org","@graph":[{"@type":"Article","@id":"https:\/\/kibrisdakik.com\/?p=81151#article","isPartOf":{"@id":"https:\/\/kibrisdakik.com\/?p=81151"},"author":{"name":"admin","@id":"https:\/\/kibrisdakik.com\/#\/schema\/person\/9cd9d437bbb44f72b73ba127e06d8e79"},"headline":"Cumhuriyet\u00e7i T\u00fcrk Partisi Genel Sekreteri \u015eahali ve baz\u0131 milletvekilleri Binbo\u011fa Yem\u2019e ziyarette bulundu.","datePublished":"2025-04-25T15:31:42+00:00","mainEntityOfPage":{"@id":"https:\/\/kibrisdakik.com\/?p=81151"},"wordCount":125,"commentCount":0,"image":{"@id":"https:\/\/kibrisdakik.com\/?p=81151#primaryimage"},"thumbnailUrl":"https:\/\/kibrisdakik.com\/wp-content\/uploads\/2025\/04\/493327491_1206911534122698_4201655999767229776_n-740x420.jpg","articleSection":["K\u0131br\u0131s","Man\u015fet"],"inLanguage":"tr","potentialAction":[{"@type":"CommentAction","name":"Comment","target":["https:\/\/kibrisdakik.com\/?p=81151#respond"]}]},{"@type":"WebPage","@id":"https:\/\/kibrisdakik.com\/?p=81151","url":"https:\/\/kibrisdakik.com\/?p=81151","name":"Cumhuriyet\u00e7i T\u00fcrk Partisi Genel Sekreteri \u015eahali ve baz\u0131 milletvekilleri Binbo\u011fa Yem\u2019e ziyarette bulundu. -","isPartOf":{"@id":"https:\/\/kibrisdakik.com\/#website"},"primaryImageOfPage":{"@id":"https:\/\/kibrisdakik.com\/?p=81151#primaryimage"},"image":{"@id":"https:\/\/kibrisdakik.com\/?p=81151#primaryimage"},"thumbnailUrl":"https:\/\/kibrisdakik.com\/wp-content\/uploads\/2025\/04\/493327491_1206911534122698_4201655999767229776_n-740x420.jpg","datePublished":"2025-04-25T15:31:42+00:00","author":{"@id":"https:\/\/kibrisdakik.com\/#\/schema\/person\/9cd9d437bbb44f72b73ba127e06d8e79"},"breadcrumb":{"@id":"https:\/\/kibrisdakik.com\/?p=81151#breadcrumb"},"inLanguage":"tr","potentialAction":[{"@type":"ReadAction","target":["https:\/\/kibrisdakik.com\/?p=81151"]}]},{"@type":"ImageObject","inLanguage":"tr","@id":"https:\/\/kibrisdakik.com\/?p=81151#primaryimage","url":"https:\/\/kibrisdakik.com\/wp-content\/uploads\/2025\/04\/493327491_1206911534122698_4201655999767229776_n-740x420.jpg","contentUrl":"https:\/\/kibrisdakik.com\/wp-content\/uploads\/2025\/04\/493327491_1206911534122698_4201655999767229776_n-740x420.jpg","width":1600,"height":1066},{"@type":"BreadcrumbList","@id":"https:\/\/kibrisdakik.com\/?p=81151#breadcrumb","itemListElement":[{"@type":"ListItem","position":1,"name":"Home","item":"https:\/\/kibrisdakik.com\/"},{"@type":"ListItem","position":2,"name":"Cumhuriyet\u00e7i T\u00fcrk Partisi Genel Sekreteri \u015eahali ve baz\u0131 milletvekilleri Binbo\u011fa Yem\u2019e ziyarette bulundu."}]},{"@type":"WebSite","@id":"https:\/\/kibrisdakik.com\/#website","url":"https:\/\/kibrisdakik.com\/","name":"","description":"Tam vaktinde haber","potentialAction":[{"@type":"SearchAction","target":{"@type":"EntryPoint","urlTemplate":"https:\/\/kibrisdakik.com\/?s={search_term_string}"},"query-input":{"@type":"PropertyValueSpecification","valueRequired":true,"valueName":"search_term_string"}}],"inLanguage":"tr"},{"@type":"Person","@id":"https:\/\/kibrisdakik.com\/#\/schema\/person\/9cd9d437bbb44f72b73ba127e06d8e79","name":"admin","image":{"@type":"ImageObject","inLanguage":"tr","@id":"https:\/\/secure.gravatar.com\/avatar\/ccc17943b9d660506c869530f897617f7cb1c21a4bf30023f252596d83e1f007?s=96&d=mm&r=g","url":"https:\/\/secure.gravatar.com\/avatar\/ccc17943b9d660506c869530f897617f7cb1c21a4bf30023f252596d83e1f007?s=96&d=mm&r=g","contentUrl":"https:\/\/secure.gravatar.com\/avatar\/ccc17943b9d660506c869530f897617f7cb1c21a4bf30023f252596d83e1f007?s=96&d=mm&r=g","caption":"admin"},"sameAs":["https:\/\/kibrisdakik.com"],"url":"https:\/\/kibrisdakik.com\/?author=1"}]}},"_links":{"self":[{"href":"https:\/\/kibrisdakik.com\/index.php?rest_route=\/wp\/v2\/posts\/81151","targetHints":{"allow":["GET"]}}],"collection":[{"href":"https:\/\/kibrisdakik.com\/index.php?rest_route=\/wp\/v2\/posts"}],"about":[{"href":"https:\/\/kibrisdakik.com\/index.php?rest_route=\/wp\/v2\/types\/post"}],"author":[{"embeddable":true,"href":"https:\/\/kibrisdakik.com\/index.php?rest_route=\/wp\/v2\/users\/1"}],"replies":[{"embeddable":true,"href":"https:\/\/kibrisdakik.com\/index.php?rest_route=%2Fwp%2Fv2%2Fcomments&post=81151"}],"version-history":[{"count":0,"href":"https:\/\/kibrisdakik.com\/index.php?rest_route=\/wp\/v2\/posts\/81151\/revisions"}],"wp:featuredmedia":[{"embeddable":true,"href":"https:\/\/kibrisdakik.com\/index.php?rest_route=\/wp\/v2\/media\/81152"}],"wp:attachment":[{"href":"https:\/\/kibrisdakik.com\/index.php?rest_route=%2Fwp%2Fv2%2Fmedia&parent=81151"}],"wp:term":[{"taxonomy":"category","embeddable":true,"href":"https:\/\/kibrisdakik.com\/index.php?rest_route=%2Fwp%2Fv2%2Fcategories&post=81151"},{"taxonomy":"post_tag","embeddable":true,"href":"https:\/\/kibrisdakik.com\/index.php?rest_route=%2Fwp%2Fv2%2Ftags&post=81151"}],"curies":[{"name":"wp","href":"https:\/\/api.w.org\/{rel}","templated":true}]}}