{"id":81170,"date":"2025-04-25T13:26:00","date_gmt":"2025-04-25T10:26:00","guid":{"rendered":"https:\/\/kibrisdakik.com\/index.php\/2025\/04\/25\/gazimagusada-hayatini-kaybeden-nadire-musaoglularinin-olum-nedeni-belirlendi\/"},"modified":"2025-04-25T13:26:00","modified_gmt":"2025-04-25T10:26:00","slug":"gazimagusada-hayatini-kaybeden-nadire-musaoglularinin-olum-nedeni-belirlendi","status":"publish","type":"post","link":"https:\/\/kibrisdakik.com\/?p=81170","title":{"rendered":"Gazima\u011fusa\u2019da hayat\u0131n\u0131 kaybeden Nadire Musao\u011flular\u0131\u2019n\u0131n \u00f6l\u00fcm nedeni belirlendi"},"content":{"rendered":"<p><\/p>\n<div>\n<div class=\"mariselle-image-container center\">\n                <img loading=\"lazy\" decoding=\"async\" width=\"200\" height=\"200\" class=\"lazy-image\" alt=\"\" sizes=\"auto, (max-width: 200px) 100vw, 200px\" src=\"https:\/\/brtk.net\/wp-content\/uploads\/2025\/04\/25\/1745588009387AFClCRq0_200x200.jpg?ver=efe946063e117b1b4223fa01228c4d0a\" srcset=\"https:\/\/brtk.net\/wp-content\/uploads\/2025\/04\/25\/1745588009387AFClCRq0_200x200.jpg?ver=efe946063e117b1b4223fa01228c4d0a 200w, https:\/\/brtk.net\/wp-content\/uploads\/2025\/04\/25\/1745588009387AFClCRq0_200x200-150x150.jpg?ver=328220a1017b323458c4352a79c5df70 150w\"\/>                            <\/div>\n<p>Gazima\u011fusa\u2019da 22 Nisan\u2019da evinde aniden rahats\u0131zlanarak ya\u015fam\u0131n\u0131 yitiren 84 ya\u015f\u0131ndaki Nadire Musao\u011flular\u0131\u2019n\u0131n \u00f6l\u00fcm sebebi otopsi sonucu belirlendi.<\/p>\n<p>Polisten yap\u0131lan a\u00e7\u0131klamaya g\u00f6re, Musao\u011flular\u0131\u2019n\u0131n \u00f6l\u00fcm nedeni \u201caterosklerotik kalp hastal\u0131\u011f\u0131, kronik obstruktif akci\u011fer hastal\u0131\u011f\u0131 ve kalp yetmezli\u011fi\u201d olarak tespit edildi.<\/p>\n<p>Olayla ilgili soru\u015fturma s\u00fcr\u00fcyor.<\/p>\n<\/p><\/div>\n<p><script async\n                    defer\n                    crossorigin=\"anonymous\"\n                    src=\"https:\/\/connect.facebook.net\/tr_TR\/sdk.js#xfbml=1&#038;version=v3.3\"\n            ><\/script><\/p>\n","protected":false},"excerpt":{"rendered":"<p>Gazima\u011fusa\u2019da 22 Nisan\u2019da evinde aniden rahats\u0131zlanarak ya\u015fam\u0131n\u0131 yitiren 84 ya\u015f\u0131ndaki Nadire Musao\u011flular\u0131\u2019n\u0131n \u00f6l\u00fcm sebebi otopsi sonucu belirlendi. Polisten yap\u0131lan a\u00e7\u0131klamaya g\u00f6re, Musao\u011flular\u0131\u2019n\u0131n \u00f6l\u00fcm nedeni \u201caterosklerotik kalp hastal\u0131\u011f\u0131, kronik obstruktif akci\u011fer hastal\u0131\u011f\u0131 ve kalp yetmezli\u011fi\u201d olarak tespit edildi. Olayla ilgili soru\u015fturma s\u00fcr\u00fcyor.<\/p>\n","protected":false},"author":1,"featured_media":80895,"comment_status":"open","ping_status":"open","sticky":false,"template":"","format":"standard","meta":{"footnotes":""},"categories":[1,101],"tags":[],"class_list":["post-81170","post","type-post","status-publish","format-standard","has-post-thumbnail","hentry","category-gundem","category-manset"],"yoast_head":"<!-- This site is optimized with the Yoast SEO plugin v27.4 - https:\/\/yoast.com\/product\/yoast-seo-wordpress\/ -->\n<title>Gazima\u011fusa\u2019da hayat\u0131n\u0131 kaybeden Nadire Musao\u011flular\u0131\u2019n\u0131n \u00f6l\u00fcm nedeni belirlendi -<\/title>\n<meta name=\"robots\" content=\"index, follow, max-snippet:-1, max-image-preview:large, max-video-preview:-1\" \/>\n<link rel=\"canonical\" href=\"https:\/\/kibrisdakik.com\/?p=81170\" \/>\n<meta property=\"og:locale\" content=\"tr_TR\" \/>\n<meta property=\"og:type\" content=\"article\" \/>\n<meta property=\"og:title\" content=\"Gazima\u011fusa\u2019da hayat\u0131n\u0131 kaybeden Nadire Musao\u011flular\u0131\u2019n\u0131n \u00f6l\u00fcm nedeni belirlendi -\" \/>\n<meta property=\"og:description\" content=\"Gazima\u011fusa\u2019da 22 Nisan\u2019da evinde aniden rahats\u0131zlanarak ya\u015fam\u0131n\u0131 yitiren 84 ya\u015f\u0131ndaki Nadire Musao\u011flular\u0131\u2019n\u0131n \u00f6l\u00fcm sebebi otopsi sonucu belirlendi. Polisten yap\u0131lan a\u00e7\u0131klamaya g\u00f6re, Musao\u011flular\u0131\u2019n\u0131n \u00f6l\u00fcm nedeni \u201caterosklerotik kalp hastal\u0131\u011f\u0131, kronik obstruktif akci\u011fer hastal\u0131\u011f\u0131 ve kalp yetmezli\u011fi\u201d olarak tespit edildi. Olayla ilgili soru\u015fturma s\u00fcr\u00fcyor.\" \/>\n<meta property=\"og:url\" content=\"https:\/\/kibrisdakik.com\/?p=81170\" \/>\n<meta property=\"article:published_time\" content=\"2025-04-25T10:26:00+00:00\" \/>\n<meta property=\"og:image\" content=\"https:\/\/kibrisdakik.com\/wp-content\/uploads\/2025\/04\/1745398763905ANI-OLUM-740x420.jpg\" \/>\n\t<meta property=\"og:image:width\" content=\"1280\" \/>\n\t<meta property=\"og:image:height\" content=\"696\" \/>\n\t<meta property=\"og:image:type\" content=\"image\/jpeg\" \/>\n<meta name=\"author\" content=\"admin\" \/>\n<meta name=\"twitter:card\" content=\"summary_large_image\" \/>\n<meta name=\"twitter:label1\" content=\"Yazan:\" \/>\n\t<meta name=\"twitter:data1\" content=\"admin\" \/>\n<script type=\"application\/ld+json\" class=\"yoast-schema-graph\">{\"@context\":\"https:\\\/\\\/schema.org\",\"@graph\":[{\"@type\":\"Article\",\"@id\":\"https:\\\/\\\/kibrisdakik.com\\\/?p=81170#article\",\"isPartOf\":{\"@id\":\"https:\\\/\\\/kibrisdakik.com\\\/?p=81170\"},\"author\":{\"name\":\"admin\",\"@id\":\"https:\\\/\\\/kibrisdakik.com\\\/#\\\/schema\\\/person\\\/9cd9d437bbb44f72b73ba127e06d8e79\"},\"headline\":\"Gazima\u011fusa\u2019da hayat\u0131n\u0131 kaybeden Nadire Musao\u011flular\u0131\u2019n\u0131n \u00f6l\u00fcm nedeni belirlendi\",\"datePublished\":\"2025-04-25T10:26:00+00:00\",\"mainEntityOfPage\":{\"@id\":\"https:\\\/\\\/kibrisdakik.com\\\/?p=81170\"},\"wordCount\":77,\"commentCount\":0,\"image\":{\"@id\":\"https:\\\/\\\/kibrisdakik.com\\\/?p=81170#primaryimage\"},\"thumbnailUrl\":\"https:\\\/\\\/kibrisdakik.com\\\/wp-content\\\/uploads\\\/2025\\\/04\\\/1745398763905ANI-OLUM-740x420.jpg\",\"articleSection\":[\"G\u00fcndem\",\"Man\u015fet\"],\"inLanguage\":\"tr\",\"potentialAction\":[{\"@type\":\"CommentAction\",\"name\":\"Comment\",\"target\":[\"https:\\\/\\\/kibrisdakik.com\\\/?p=81170#respond\"]}]},{\"@type\":\"WebPage\",\"@id\":\"https:\\\/\\\/kibrisdakik.com\\\/?p=81170\",\"url\":\"https:\\\/\\\/kibrisdakik.com\\\/?p=81170\",\"name\":\"Gazima\u011fusa\u2019da hayat\u0131n\u0131 kaybeden Nadire Musao\u011flular\u0131\u2019n\u0131n \u00f6l\u00fcm nedeni belirlendi -\",\"isPartOf\":{\"@id\":\"https:\\\/\\\/kibrisdakik.com\\\/#website\"},\"primaryImageOfPage\":{\"@id\":\"https:\\\/\\\/kibrisdakik.com\\\/?p=81170#primaryimage\"},\"image\":{\"@id\":\"https:\\\/\\\/kibrisdakik.com\\\/?p=81170#primaryimage\"},\"thumbnailUrl\":\"https:\\\/\\\/kibrisdakik.com\\\/wp-content\\\/uploads\\\/2025\\\/04\\\/1745398763905ANI-OLUM-740x420.jpg\",\"datePublished\":\"2025-04-25T10:26:00+00:00\",\"author\":{\"@id\":\"https:\\\/\\\/kibrisdakik.com\\\/#\\\/schema\\\/person\\\/9cd9d437bbb44f72b73ba127e06d8e79\"},\"breadcrumb\":{\"@id\":\"https:\\\/\\\/kibrisdakik.com\\\/?p=81170#breadcrumb\"},\"inLanguage\":\"tr\",\"potentialAction\":[{\"@type\":\"ReadAction\",\"target\":[\"https:\\\/\\\/kibrisdakik.com\\\/?p=81170\"]}]},{\"@type\":\"ImageObject\",\"inLanguage\":\"tr\",\"@id\":\"https:\\\/\\\/kibrisdakik.com\\\/?p=81170#primaryimage\",\"url\":\"https:\\\/\\\/kibrisdakik.com\\\/wp-content\\\/uploads\\\/2025\\\/04\\\/1745398763905ANI-OLUM-740x420.jpg\",\"contentUrl\":\"https:\\\/\\\/kibrisdakik.com\\\/wp-content\\\/uploads\\\/2025\\\/04\\\/1745398763905ANI-OLUM-740x420.jpg\",\"width\":1280,\"height\":696},{\"@type\":\"BreadcrumbList\",\"@id\":\"https:\\\/\\\/kibrisdakik.com\\\/?p=81170#breadcrumb\",\"itemListElement\":[{\"@type\":\"ListItem\",\"position\":1,\"name\":\"Home\",\"item\":\"https:\\\/\\\/kibrisdakik.com\\\/\"},{\"@type\":\"ListItem\",\"position\":2,\"name\":\"Gazima\u011fusa\u2019da hayat\u0131n\u0131 kaybeden Nadire Musao\u011flular\u0131\u2019n\u0131n \u00f6l\u00fcm nedeni belirlendi\"}]},{\"@type\":\"WebSite\",\"@id\":\"https:\\\/\\\/kibrisdakik.com\\\/#website\",\"url\":\"https:\\\/\\\/kibrisdakik.com\\\/\",\"name\":\"\",\"description\":\"Tam vaktinde haber\",\"potentialAction\":[{\"@type\":\"SearchAction\",\"target\":{\"@type\":\"EntryPoint\",\"urlTemplate\":\"https:\\\/\\\/kibrisdakik.com\\\/?s={search_term_string}\"},\"query-input\":{\"@type\":\"PropertyValueSpecification\",\"valueRequired\":true,\"valueName\":\"search_term_string\"}}],\"inLanguage\":\"tr\"},{\"@type\":\"Person\",\"@id\":\"https:\\\/\\\/kibrisdakik.com\\\/#\\\/schema\\\/person\\\/9cd9d437bbb44f72b73ba127e06d8e79\",\"name\":\"admin\",\"image\":{\"@type\":\"ImageObject\",\"inLanguage\":\"tr\",\"@id\":\"https:\\\/\\\/secure.gravatar.com\\\/avatar\\\/ccc17943b9d660506c869530f897617f7cb1c21a4bf30023f252596d83e1f007?s=96&d=mm&r=g\",\"url\":\"https:\\\/\\\/secure.gravatar.com\\\/avatar\\\/ccc17943b9d660506c869530f897617f7cb1c21a4bf30023f252596d83e1f007?s=96&d=mm&r=g\",\"contentUrl\":\"https:\\\/\\\/secure.gravatar.com\\\/avatar\\\/ccc17943b9d660506c869530f897617f7cb1c21a4bf30023f252596d83e1f007?s=96&d=mm&r=g\",\"caption\":\"admin\"},\"sameAs\":[\"https:\\\/\\\/kibrisdakik.com\"],\"url\":\"https:\\\/\\\/kibrisdakik.com\\\/?author=1\"}]}<\/script>\n<!-- \/ Yoast SEO plugin. -->","yoast_head_json":{"title":"Gazima\u011fusa\u2019da hayat\u0131n\u0131 kaybeden Nadire Musao\u011flular\u0131\u2019n\u0131n \u00f6l\u00fcm nedeni belirlendi -","robots":{"index":"index","follow":"follow","max-snippet":"max-snippet:-1","max-image-preview":"max-image-preview:large","max-video-preview":"max-video-preview:-1"},"canonical":"https:\/\/kibrisdakik.com\/?p=81170","og_locale":"tr_TR","og_type":"article","og_title":"Gazima\u011fusa\u2019da hayat\u0131n\u0131 kaybeden Nadire Musao\u011flular\u0131\u2019n\u0131n \u00f6l\u00fcm nedeni belirlendi -","og_description":"Gazima\u011fusa\u2019da 22 Nisan\u2019da evinde aniden rahats\u0131zlanarak ya\u015fam\u0131n\u0131 yitiren 84 ya\u015f\u0131ndaki Nadire Musao\u011flular\u0131\u2019n\u0131n \u00f6l\u00fcm sebebi otopsi sonucu belirlendi. Polisten yap\u0131lan a\u00e7\u0131klamaya g\u00f6re, Musao\u011flular\u0131\u2019n\u0131n \u00f6l\u00fcm nedeni \u201caterosklerotik kalp hastal\u0131\u011f\u0131, kronik obstruktif akci\u011fer hastal\u0131\u011f\u0131 ve kalp yetmezli\u011fi\u201d olarak tespit edildi. Olayla ilgili soru\u015fturma s\u00fcr\u00fcyor.","og_url":"https:\/\/kibrisdakik.com\/?p=81170","article_published_time":"2025-04-25T10:26:00+00:00","og_image":[{"width":1280,"height":696,"url":"https:\/\/kibrisdakik.com\/wp-content\/uploads\/2025\/04\/1745398763905ANI-OLUM-740x420.jpg","type":"image\/jpeg"}],"author":"admin","twitter_card":"summary_large_image","twitter_misc":{"Yazan:":"admin"},"schema":{"@context":"https:\/\/schema.org","@graph":[{"@type":"Article","@id":"https:\/\/kibrisdakik.com\/?p=81170#article","isPartOf":{"@id":"https:\/\/kibrisdakik.com\/?p=81170"},"author":{"name":"admin","@id":"https:\/\/kibrisdakik.com\/#\/schema\/person\/9cd9d437bbb44f72b73ba127e06d8e79"},"headline":"Gazima\u011fusa\u2019da hayat\u0131n\u0131 kaybeden Nadire Musao\u011flular\u0131\u2019n\u0131n \u00f6l\u00fcm nedeni belirlendi","datePublished":"2025-04-25T10:26:00+00:00","mainEntityOfPage":{"@id":"https:\/\/kibrisdakik.com\/?p=81170"},"wordCount":77,"commentCount":0,"image":{"@id":"https:\/\/kibrisdakik.com\/?p=81170#primaryimage"},"thumbnailUrl":"https:\/\/kibrisdakik.com\/wp-content\/uploads\/2025\/04\/1745398763905ANI-OLUM-740x420.jpg","articleSection":["G\u00fcndem","Man\u015fet"],"inLanguage":"tr","potentialAction":[{"@type":"CommentAction","name":"Comment","target":["https:\/\/kibrisdakik.com\/?p=81170#respond"]}]},{"@type":"WebPage","@id":"https:\/\/kibrisdakik.com\/?p=81170","url":"https:\/\/kibrisdakik.com\/?p=81170","name":"Gazima\u011fusa\u2019da hayat\u0131n\u0131 kaybeden Nadire Musao\u011flular\u0131\u2019n\u0131n \u00f6l\u00fcm nedeni belirlendi -","isPartOf":{"@id":"https:\/\/kibrisdakik.com\/#website"},"primaryImageOfPage":{"@id":"https:\/\/kibrisdakik.com\/?p=81170#primaryimage"},"image":{"@id":"https:\/\/kibrisdakik.com\/?p=81170#primaryimage"},"thumbnailUrl":"https:\/\/kibrisdakik.com\/wp-content\/uploads\/2025\/04\/1745398763905ANI-OLUM-740x420.jpg","datePublished":"2025-04-25T10:26:00+00:00","author":{"@id":"https:\/\/kibrisdakik.com\/#\/schema\/person\/9cd9d437bbb44f72b73ba127e06d8e79"},"breadcrumb":{"@id":"https:\/\/kibrisdakik.com\/?p=81170#breadcrumb"},"inLanguage":"tr","potentialAction":[{"@type":"ReadAction","target":["https:\/\/kibrisdakik.com\/?p=81170"]}]},{"@type":"ImageObject","inLanguage":"tr","@id":"https:\/\/kibrisdakik.com\/?p=81170#primaryimage","url":"https:\/\/kibrisdakik.com\/wp-content\/uploads\/2025\/04\/1745398763905ANI-OLUM-740x420.jpg","contentUrl":"https:\/\/kibrisdakik.com\/wp-content\/uploads\/2025\/04\/1745398763905ANI-OLUM-740x420.jpg","width":1280,"height":696},{"@type":"BreadcrumbList","@id":"https:\/\/kibrisdakik.com\/?p=81170#breadcrumb","itemListElement":[{"@type":"ListItem","position":1,"name":"Home","item":"https:\/\/kibrisdakik.com\/"},{"@type":"ListItem","position":2,"name":"Gazima\u011fusa\u2019da hayat\u0131n\u0131 kaybeden Nadire Musao\u011flular\u0131\u2019n\u0131n \u00f6l\u00fcm nedeni belirlendi"}]},{"@type":"WebSite","@id":"https:\/\/kibrisdakik.com\/#website","url":"https:\/\/kibrisdakik.com\/","name":"","description":"Tam vaktinde haber","potentialAction":[{"@type":"SearchAction","target":{"@type":"EntryPoint","urlTemplate":"https:\/\/kibrisdakik.com\/?s={search_term_string}"},"query-input":{"@type":"PropertyValueSpecification","valueRequired":true,"valueName":"search_term_string"}}],"inLanguage":"tr"},{"@type":"Person","@id":"https:\/\/kibrisdakik.com\/#\/schema\/person\/9cd9d437bbb44f72b73ba127e06d8e79","name":"admin","image":{"@type":"ImageObject","inLanguage":"tr","@id":"https:\/\/secure.gravatar.com\/avatar\/ccc17943b9d660506c869530f897617f7cb1c21a4bf30023f252596d83e1f007?s=96&d=mm&r=g","url":"https:\/\/secure.gravatar.com\/avatar\/ccc17943b9d660506c869530f897617f7cb1c21a4bf30023f252596d83e1f007?s=96&d=mm&r=g","contentUrl":"https:\/\/secure.gravatar.com\/avatar\/ccc17943b9d660506c869530f897617f7cb1c21a4bf30023f252596d83e1f007?s=96&d=mm&r=g","caption":"admin"},"sameAs":["https:\/\/kibrisdakik.com"],"url":"https:\/\/kibrisdakik.com\/?author=1"}]}},"_links":{"self":[{"href":"https:\/\/kibrisdakik.com\/index.php?rest_route=\/wp\/v2\/posts\/81170","targetHints":{"allow":["GET"]}}],"collection":[{"href":"https:\/\/kibrisdakik.com\/index.php?rest_route=\/wp\/v2\/posts"}],"about":[{"href":"https:\/\/kibrisdakik.com\/index.php?rest_route=\/wp\/v2\/types\/post"}],"author":[{"embeddable":true,"href":"https:\/\/kibrisdakik.com\/index.php?rest_route=\/wp\/v2\/users\/1"}],"replies":[{"embeddable":true,"href":"https:\/\/kibrisdakik.com\/index.php?rest_route=%2Fwp%2Fv2%2Fcomments&post=81170"}],"version-history":[{"count":0,"href":"https:\/\/kibrisdakik.com\/index.php?rest_route=\/wp\/v2\/posts\/81170\/revisions"}],"wp:featuredmedia":[{"embeddable":true,"href":"https:\/\/kibrisdakik.com\/index.php?rest_route=\/wp\/v2\/media\/80895"}],"wp:attachment":[{"href":"https:\/\/kibrisdakik.com\/index.php?rest_route=%2Fwp%2Fv2%2Fmedia&parent=81170"}],"wp:term":[{"taxonomy":"category","embeddable":true,"href":"https:\/\/kibrisdakik.com\/index.php?rest_route=%2Fwp%2Fv2%2Fcategories&post=81170"},{"taxonomy":"post_tag","embeddable":true,"href":"https:\/\/kibrisdakik.com\/index.php?rest_route=%2Fwp%2Fv2%2Ftags&post=81170"}],"curies":[{"name":"wp","href":"https:\/\/api.w.org\/{rel}","templated":true}]}}