{"id":81189,"date":"2025-04-26T16:43:44","date_gmt":"2025-04-26T13:43:44","guid":{"rendered":"https:\/\/kibrisdakik.com\/index.php\/2025\/04\/26\/mehmet-nizam-yeniden-kibris-turk-ciftciler-birligi-genel-baskanligina-secildi\/"},"modified":"2025-04-26T16:43:44","modified_gmt":"2025-04-26T13:43:44","slug":"mehmet-nizam-yeniden-kibris-turk-ciftciler-birligi-genel-baskanligina-secildi","status":"publish","type":"post","link":"https:\/\/kibrisdakik.com\/?p=81189","title":{"rendered":"Mehmet Nizam yeniden K\u0131br\u0131s T\u00fcrk \u00c7ift\u00e7iler Birli\u011fi genel ba\u015fkanl\u0131\u011f\u0131na se\u00e7ildi"},"content":{"rendered":"<div>\n<div class=\"mariselle-image-container none\">\n                                            <\/div>\n<p style=\"font-weight: 300;\"><span style=\"font-weight: 300 !important;\">K\u0131br\u0131s T\u00fcrk \u00c7ift\u00e7iler Birli\u011fi\u2019nin 37\u2019nci Genel Kurulu, d\u00fcn yap\u0131ld\u0131;\u00a0 mevcut ba\u015fkan\u00a0Mehmet Nizam tek aday oldu\u011fu se\u00e7imde oy birli\u011fiyle yeniden\u00a0 birlik ba\u015fkanl\u0131\u011f\u0131na se\u00e7ildi.<\/span><\/p>\n<p style=\"font-weight: 300;\">Birlikten yap\u0131lan yaz\u0131l\u0131 a\u00e7\u0131klamaya g\u00f6re Genel Kurul\u2019a, Cumhurba\u015fkan\u0131 Ersin Tatar, Tar\u0131m ve Do\u011fal Kaynaklar Bakan\u0131 H\u00fcseyin \u00c7avu\u015f, CTP Genel Sekreteri Erkut \u015eahali , baz\u0131 milletvekilleri, baz\u0131 b\u00fcrokratlar ve \u00fcyeler kat\u0131ld\u0131.<\/p>\n<p style=\"font-weight: 300;\">Ba\u015fkanl\u0131\u011fa se\u00e7ilmesinin ard\u0131ndan yapt\u0131\u011f\u0131 konu\u015fmada Nizam, \u00e7ift\u00e7ilerin kendisine duydu\u011fu g\u00fcven i\u00e7in te\u015fekk\u00fcr etti. Birli\u011fin son 35 y\u0131ll\u0131k tarihinde ilk kez ba\u015fkanl\u0131k se\u00e7iminde tek aday olarak \u00e7\u0131kman\u0131n gururunu ya\u015fad\u0131\u011f\u0131n\u0131 ifade eden Nizam, bunun kendisine duyulan g\u00fcvenin g\u00f6stergesi oldu\u011funu s\u00f6yledi.<\/p>\n<p style=\"font-weight: 300;\">Tar\u0131m sekt\u00f6r\u00fcn\u00fcn zorlu bir d\u00f6nemden ge\u00e7ti\u011fini belirten Nizam, ileriki d\u00f6nemde \u00e7\u00f6z\u00fcm odakl\u0131, \u00fcreticiyi merkeze alan bir yakla\u015f\u0131m s\u00fcrd\u00fcreceklerini ifade etti.<\/p>\n<p style=\"font-weight: 300;\">Nizam, \u201cTar\u0131m\u0131n her ge\u00e7en g\u00fcn daha fazla desteklenmeye ihtiyac\u0131 var. Su kaynaklar\u0131m\u0131z\u0131n korunmas\u0131, girdi maliyetlerinin azalt\u0131lmas\u0131, gen\u00e7lerin tar\u0131ma kazand\u0131r\u0131lmas\u0131 ve yerli \u00fcretimin s\u00fcrd\u00fcr\u00fclebilir hale gelmesi i\u00e7in \u00e7al\u0131\u015fmaya devam edece\u011fiz. Sadece bug\u00fcn\u00fc de\u011fil, \u00e7ocuklar\u0131m\u0131z\u0131n gelece\u011fini de d\u00fc\u015f\u00fcnerek ad\u0131mlar ataca\u011f\u0131z.\u201d dedi.<\/p>\n<p style=\"font-weight: 300;\">Yeni d\u00f6nemde hedeflerinin daha g\u00fc\u00e7l\u00fc bir \u00f6rg\u00fct yap\u0131s\u0131 olu\u015fturmak ve \u00e7ift\u00e7ilerin ekonomik g\u00fcc\u00fcn\u00fc art\u0131rmak oldu\u011funu belirten Nizam, \u00fcreticilerle olan ba\u011flar\u0131n\u0131 daha da kuvvetlendirmeyi ama\u00e7lad\u0131klar\u0131n\u0131 da kaydetti.<\/p>\n<\/p><\/div>\n<p><script async\n                    defer\n                    crossorigin=\"anonymous\"\n                    src=\"https:\/\/connect.facebook.net\/tr_TR\/sdk.js#xfbml=1&#038;version=v3.3\"\n            ><\/script><\/p>\n","protected":false},"excerpt":{"rendered":"<p>K\u0131br\u0131s T\u00fcrk \u00c7ift\u00e7iler Birli\u011fi\u2019nin 37\u2019nci Genel Kurulu, d\u00fcn yap\u0131ld\u0131;\u00a0 mevcut ba\u015fkan\u00a0Mehmet Nizam tek aday oldu\u011fu se\u00e7imde oy birli\u011fiyle yeniden\u00a0 birlik ba\u015fkanl\u0131\u011f\u0131na se\u00e7ildi. Birlikten yap\u0131lan yaz\u0131l\u0131 a\u00e7\u0131klamaya g\u00f6re Genel Kurul\u2019a, Cumhurba\u015fkan\u0131 Ersin Tatar, Tar\u0131m ve Do\u011fal Kaynaklar Bakan\u0131 H\u00fcseyin \u00c7avu\u015f, CTP Genel Sekreteri Erkut \u015eahali , baz\u0131 milletvekilleri, baz\u0131 b\u00fcrokratlar ve \u00fcyeler kat\u0131ld\u0131. Ba\u015fkanl\u0131\u011fa se\u00e7ilmesinin ard\u0131ndan<\/p>\n","protected":false},"author":1,"featured_media":81190,"comment_status":"open","ping_status":"open","sticky":false,"template":"","format":"standard","meta":{"footnotes":""},"categories":[81,101],"tags":[],"class_list":["post-81189","post","type-post","status-publish","format-standard","has-post-thumbnail","hentry","category-kibris","category-manset"],"yoast_head":"<!-- This site is optimized with the Yoast SEO plugin v27.5 - https:\/\/yoast.com\/product\/yoast-seo-wordpress\/ -->\n<title>Mehmet Nizam yeniden K\u0131br\u0131s T\u00fcrk \u00c7ift\u00e7iler Birli\u011fi genel ba\u015fkanl\u0131\u011f\u0131na se\u00e7ildi -<\/title>\n<meta name=\"robots\" content=\"index, follow, max-snippet:-1, max-image-preview:large, max-video-preview:-1\" \/>\n<link rel=\"canonical\" href=\"https:\/\/kibrisdakik.com\/?p=81189\" \/>\n<meta property=\"og:locale\" content=\"tr_TR\" \/>\n<meta property=\"og:type\" content=\"article\" \/>\n<meta property=\"og:title\" content=\"Mehmet Nizam yeniden K\u0131br\u0131s T\u00fcrk \u00c7ift\u00e7iler Birli\u011fi genel ba\u015fkanl\u0131\u011f\u0131na se\u00e7ildi -\" \/>\n<meta property=\"og:description\" content=\"K\u0131br\u0131s T\u00fcrk \u00c7ift\u00e7iler Birli\u011fi\u2019nin 37\u2019nci Genel Kurulu, d\u00fcn yap\u0131ld\u0131;\u00a0 mevcut ba\u015fkan\u00a0Mehmet Nizam tek aday oldu\u011fu se\u00e7imde oy birli\u011fiyle yeniden\u00a0 birlik ba\u015fkanl\u0131\u011f\u0131na se\u00e7ildi. Birlikten yap\u0131lan yaz\u0131l\u0131 a\u00e7\u0131klamaya g\u00f6re Genel Kurul\u2019a, Cumhurba\u015fkan\u0131 Ersin Tatar, Tar\u0131m ve Do\u011fal Kaynaklar Bakan\u0131 H\u00fcseyin \u00c7avu\u015f, CTP Genel Sekreteri Erkut \u015eahali , baz\u0131 milletvekilleri, baz\u0131 b\u00fcrokratlar ve \u00fcyeler kat\u0131ld\u0131. Ba\u015fkanl\u0131\u011fa se\u00e7ilmesinin ard\u0131ndan\" \/>\n<meta property=\"og:url\" content=\"https:\/\/kibrisdakik.com\/?p=81189\" \/>\n<meta property=\"article:published_time\" content=\"2025-04-26T13:43:44+00:00\" \/>\n<meta property=\"og:image\" content=\"https:\/\/kibrisdakik.com\/wp-content\/uploads\/2025\/04\/KT-Ciftciler-Birligi-Genel-Kurulu-yapildi-9-1-740x420.jpg\" \/>\n\t<meta property=\"og:image:width\" content=\"928\" \/>\n\t<meta property=\"og:image:height\" content=\"517\" \/>\n\t<meta property=\"og:image:type\" content=\"image\/jpeg\" \/>\n<meta name=\"author\" content=\"admin\" \/>\n<meta name=\"twitter:card\" content=\"summary_large_image\" \/>\n<meta name=\"twitter:label1\" content=\"Yazan:\" \/>\n\t<meta name=\"twitter:data1\" content=\"admin\" \/>\n\t<meta name=\"twitter:label2\" content=\"Tahmini okuma s\u00fcresi\" \/>\n\t<meta name=\"twitter:data2\" content=\"1 dakika\" \/>\n<script type=\"application\/ld+json\" class=\"yoast-schema-graph\">{\"@context\":\"https:\\\/\\\/schema.org\",\"@graph\":[{\"@type\":\"Article\",\"@id\":\"https:\\\/\\\/kibrisdakik.com\\\/?p=81189#article\",\"isPartOf\":{\"@id\":\"https:\\\/\\\/kibrisdakik.com\\\/?p=81189\"},\"author\":{\"name\":\"admin\",\"@id\":\"https:\\\/\\\/kibrisdakik.com\\\/#\\\/schema\\\/person\\\/9cd9d437bbb44f72b73ba127e06d8e79\"},\"headline\":\"Mehmet Nizam yeniden K\u0131br\u0131s T\u00fcrk \u00c7ift\u00e7iler Birli\u011fi genel ba\u015fkanl\u0131\u011f\u0131na se\u00e7ildi\",\"datePublished\":\"2025-04-26T13:43:44+00:00\",\"mainEntityOfPage\":{\"@id\":\"https:\\\/\\\/kibrisdakik.com\\\/?p=81189\"},\"wordCount\":296,\"commentCount\":0,\"image\":{\"@id\":\"https:\\\/\\\/kibrisdakik.com\\\/?p=81189#primaryimage\"},\"thumbnailUrl\":\"https:\\\/\\\/kibrisdakik.com\\\/wp-content\\\/uploads\\\/2025\\\/04\\\/KT-Ciftciler-Birligi-Genel-Kurulu-yapildi-9-1-740x420.jpg\",\"articleSection\":[\"K\u0131br\u0131s\",\"Man\u015fet\"],\"inLanguage\":\"tr\",\"potentialAction\":[{\"@type\":\"CommentAction\",\"name\":\"Comment\",\"target\":[\"https:\\\/\\\/kibrisdakik.com\\\/?p=81189#respond\"]}]},{\"@type\":\"WebPage\",\"@id\":\"https:\\\/\\\/kibrisdakik.com\\\/?p=81189\",\"url\":\"https:\\\/\\\/kibrisdakik.com\\\/?p=81189\",\"name\":\"Mehmet Nizam yeniden K\u0131br\u0131s T\u00fcrk \u00c7ift\u00e7iler Birli\u011fi genel ba\u015fkanl\u0131\u011f\u0131na se\u00e7ildi -\",\"isPartOf\":{\"@id\":\"https:\\\/\\\/kibrisdakik.com\\\/#website\"},\"primaryImageOfPage\":{\"@id\":\"https:\\\/\\\/kibrisdakik.com\\\/?p=81189#primaryimage\"},\"image\":{\"@id\":\"https:\\\/\\\/kibrisdakik.com\\\/?p=81189#primaryimage\"},\"thumbnailUrl\":\"https:\\\/\\\/kibrisdakik.com\\\/wp-content\\\/uploads\\\/2025\\\/04\\\/KT-Ciftciler-Birligi-Genel-Kurulu-yapildi-9-1-740x420.jpg\",\"datePublished\":\"2025-04-26T13:43:44+00:00\",\"author\":{\"@id\":\"https:\\\/\\\/kibrisdakik.com\\\/#\\\/schema\\\/person\\\/9cd9d437bbb44f72b73ba127e06d8e79\"},\"breadcrumb\":{\"@id\":\"https:\\\/\\\/kibrisdakik.com\\\/?p=81189#breadcrumb\"},\"inLanguage\":\"tr\",\"potentialAction\":[{\"@type\":\"ReadAction\",\"target\":[\"https:\\\/\\\/kibrisdakik.com\\\/?p=81189\"]}]},{\"@type\":\"ImageObject\",\"inLanguage\":\"tr\",\"@id\":\"https:\\\/\\\/kibrisdakik.com\\\/?p=81189#primaryimage\",\"url\":\"https:\\\/\\\/kibrisdakik.com\\\/wp-content\\\/uploads\\\/2025\\\/04\\\/KT-Ciftciler-Birligi-Genel-Kurulu-yapildi-9-1-740x420.jpg\",\"contentUrl\":\"https:\\\/\\\/kibrisdakik.com\\\/wp-content\\\/uploads\\\/2025\\\/04\\\/KT-Ciftciler-Birligi-Genel-Kurulu-yapildi-9-1-740x420.jpg\",\"width\":928,\"height\":517},{\"@type\":\"BreadcrumbList\",\"@id\":\"https:\\\/\\\/kibrisdakik.com\\\/?p=81189#breadcrumb\",\"itemListElement\":[{\"@type\":\"ListItem\",\"position\":1,\"name\":\"Home\",\"item\":\"https:\\\/\\\/kibrisdakik.com\\\/\"},{\"@type\":\"ListItem\",\"position\":2,\"name\":\"Mehmet Nizam yeniden K\u0131br\u0131s T\u00fcrk \u00c7ift\u00e7iler Birli\u011fi genel ba\u015fkanl\u0131\u011f\u0131na se\u00e7ildi\"}]},{\"@type\":\"WebSite\",\"@id\":\"https:\\\/\\\/kibrisdakik.com\\\/#website\",\"url\":\"https:\\\/\\\/kibrisdakik.com\\\/\",\"name\":\"\",\"description\":\"Tam vaktinde haber\",\"potentialAction\":[{\"@type\":\"SearchAction\",\"target\":{\"@type\":\"EntryPoint\",\"urlTemplate\":\"https:\\\/\\\/kibrisdakik.com\\\/?s={search_term_string}\"},\"query-input\":{\"@type\":\"PropertyValueSpecification\",\"valueRequired\":true,\"valueName\":\"search_term_string\"}}],\"inLanguage\":\"tr\"},{\"@type\":\"Person\",\"@id\":\"https:\\\/\\\/kibrisdakik.com\\\/#\\\/schema\\\/person\\\/9cd9d437bbb44f72b73ba127e06d8e79\",\"name\":\"admin\",\"image\":{\"@type\":\"ImageObject\",\"inLanguage\":\"tr\",\"@id\":\"https:\\\/\\\/secure.gravatar.com\\\/avatar\\\/ccc17943b9d660506c869530f897617f7cb1c21a4bf30023f252596d83e1f007?s=96&d=mm&r=g\",\"url\":\"https:\\\/\\\/secure.gravatar.com\\\/avatar\\\/ccc17943b9d660506c869530f897617f7cb1c21a4bf30023f252596d83e1f007?s=96&d=mm&r=g\",\"contentUrl\":\"https:\\\/\\\/secure.gravatar.com\\\/avatar\\\/ccc17943b9d660506c869530f897617f7cb1c21a4bf30023f252596d83e1f007?s=96&d=mm&r=g\",\"caption\":\"admin\"},\"sameAs\":[\"https:\\\/\\\/kibrisdakik.com\"],\"url\":\"https:\\\/\\\/kibrisdakik.com\\\/?author=1\"}]}<\/script>\n<!-- \/ Yoast SEO plugin. -->","yoast_head_json":{"title":"Mehmet Nizam yeniden K\u0131br\u0131s T\u00fcrk \u00c7ift\u00e7iler Birli\u011fi genel ba\u015fkanl\u0131\u011f\u0131na se\u00e7ildi -","robots":{"index":"index","follow":"follow","max-snippet":"max-snippet:-1","max-image-preview":"max-image-preview:large","max-video-preview":"max-video-preview:-1"},"canonical":"https:\/\/kibrisdakik.com\/?p=81189","og_locale":"tr_TR","og_type":"article","og_title":"Mehmet Nizam yeniden K\u0131br\u0131s T\u00fcrk \u00c7ift\u00e7iler Birli\u011fi genel ba\u015fkanl\u0131\u011f\u0131na se\u00e7ildi -","og_description":"K\u0131br\u0131s T\u00fcrk \u00c7ift\u00e7iler Birli\u011fi\u2019nin 37\u2019nci Genel Kurulu, d\u00fcn yap\u0131ld\u0131;\u00a0 mevcut ba\u015fkan\u00a0Mehmet Nizam tek aday oldu\u011fu se\u00e7imde oy birli\u011fiyle yeniden\u00a0 birlik ba\u015fkanl\u0131\u011f\u0131na se\u00e7ildi. Birlikten yap\u0131lan yaz\u0131l\u0131 a\u00e7\u0131klamaya g\u00f6re Genel Kurul\u2019a, Cumhurba\u015fkan\u0131 Ersin Tatar, Tar\u0131m ve Do\u011fal Kaynaklar Bakan\u0131 H\u00fcseyin \u00c7avu\u015f, CTP Genel Sekreteri Erkut \u015eahali , baz\u0131 milletvekilleri, baz\u0131 b\u00fcrokratlar ve \u00fcyeler kat\u0131ld\u0131. Ba\u015fkanl\u0131\u011fa se\u00e7ilmesinin ard\u0131ndan","og_url":"https:\/\/kibrisdakik.com\/?p=81189","article_published_time":"2025-04-26T13:43:44+00:00","og_image":[{"width":928,"height":517,"url":"https:\/\/kibrisdakik.com\/wp-content\/uploads\/2025\/04\/KT-Ciftciler-Birligi-Genel-Kurulu-yapildi-9-1-740x420.jpg","type":"image\/jpeg"}],"author":"admin","twitter_card":"summary_large_image","twitter_misc":{"Yazan:":"admin","Tahmini okuma s\u00fcresi":"1 dakika"},"schema":{"@context":"https:\/\/schema.org","@graph":[{"@type":"Article","@id":"https:\/\/kibrisdakik.com\/?p=81189#article","isPartOf":{"@id":"https:\/\/kibrisdakik.com\/?p=81189"},"author":{"name":"admin","@id":"https:\/\/kibrisdakik.com\/#\/schema\/person\/9cd9d437bbb44f72b73ba127e06d8e79"},"headline":"Mehmet Nizam yeniden K\u0131br\u0131s T\u00fcrk \u00c7ift\u00e7iler Birli\u011fi genel ba\u015fkanl\u0131\u011f\u0131na se\u00e7ildi","datePublished":"2025-04-26T13:43:44+00:00","mainEntityOfPage":{"@id":"https:\/\/kibrisdakik.com\/?p=81189"},"wordCount":296,"commentCount":0,"image":{"@id":"https:\/\/kibrisdakik.com\/?p=81189#primaryimage"},"thumbnailUrl":"https:\/\/kibrisdakik.com\/wp-content\/uploads\/2025\/04\/KT-Ciftciler-Birligi-Genel-Kurulu-yapildi-9-1-740x420.jpg","articleSection":["K\u0131br\u0131s","Man\u015fet"],"inLanguage":"tr","potentialAction":[{"@type":"CommentAction","name":"Comment","target":["https:\/\/kibrisdakik.com\/?p=81189#respond"]}]},{"@type":"WebPage","@id":"https:\/\/kibrisdakik.com\/?p=81189","url":"https:\/\/kibrisdakik.com\/?p=81189","name":"Mehmet Nizam yeniden K\u0131br\u0131s T\u00fcrk \u00c7ift\u00e7iler Birli\u011fi genel ba\u015fkanl\u0131\u011f\u0131na se\u00e7ildi -","isPartOf":{"@id":"https:\/\/kibrisdakik.com\/#website"},"primaryImageOfPage":{"@id":"https:\/\/kibrisdakik.com\/?p=81189#primaryimage"},"image":{"@id":"https:\/\/kibrisdakik.com\/?p=81189#primaryimage"},"thumbnailUrl":"https:\/\/kibrisdakik.com\/wp-content\/uploads\/2025\/04\/KT-Ciftciler-Birligi-Genel-Kurulu-yapildi-9-1-740x420.jpg","datePublished":"2025-04-26T13:43:44+00:00","author":{"@id":"https:\/\/kibrisdakik.com\/#\/schema\/person\/9cd9d437bbb44f72b73ba127e06d8e79"},"breadcrumb":{"@id":"https:\/\/kibrisdakik.com\/?p=81189#breadcrumb"},"inLanguage":"tr","potentialAction":[{"@type":"ReadAction","target":["https:\/\/kibrisdakik.com\/?p=81189"]}]},{"@type":"ImageObject","inLanguage":"tr","@id":"https:\/\/kibrisdakik.com\/?p=81189#primaryimage","url":"https:\/\/kibrisdakik.com\/wp-content\/uploads\/2025\/04\/KT-Ciftciler-Birligi-Genel-Kurulu-yapildi-9-1-740x420.jpg","contentUrl":"https:\/\/kibrisdakik.com\/wp-content\/uploads\/2025\/04\/KT-Ciftciler-Birligi-Genel-Kurulu-yapildi-9-1-740x420.jpg","width":928,"height":517},{"@type":"BreadcrumbList","@id":"https:\/\/kibrisdakik.com\/?p=81189#breadcrumb","itemListElement":[{"@type":"ListItem","position":1,"name":"Home","item":"https:\/\/kibrisdakik.com\/"},{"@type":"ListItem","position":2,"name":"Mehmet Nizam yeniden K\u0131br\u0131s T\u00fcrk \u00c7ift\u00e7iler Birli\u011fi genel ba\u015fkanl\u0131\u011f\u0131na se\u00e7ildi"}]},{"@type":"WebSite","@id":"https:\/\/kibrisdakik.com\/#website","url":"https:\/\/kibrisdakik.com\/","name":"","description":"Tam vaktinde haber","potentialAction":[{"@type":"SearchAction","target":{"@type":"EntryPoint","urlTemplate":"https:\/\/kibrisdakik.com\/?s={search_term_string}"},"query-input":{"@type":"PropertyValueSpecification","valueRequired":true,"valueName":"search_term_string"}}],"inLanguage":"tr"},{"@type":"Person","@id":"https:\/\/kibrisdakik.com\/#\/schema\/person\/9cd9d437bbb44f72b73ba127e06d8e79","name":"admin","image":{"@type":"ImageObject","inLanguage":"tr","@id":"https:\/\/secure.gravatar.com\/avatar\/ccc17943b9d660506c869530f897617f7cb1c21a4bf30023f252596d83e1f007?s=96&d=mm&r=g","url":"https:\/\/secure.gravatar.com\/avatar\/ccc17943b9d660506c869530f897617f7cb1c21a4bf30023f252596d83e1f007?s=96&d=mm&r=g","contentUrl":"https:\/\/secure.gravatar.com\/avatar\/ccc17943b9d660506c869530f897617f7cb1c21a4bf30023f252596d83e1f007?s=96&d=mm&r=g","caption":"admin"},"sameAs":["https:\/\/kibrisdakik.com"],"url":"https:\/\/kibrisdakik.com\/?author=1"}]}},"_links":{"self":[{"href":"https:\/\/kibrisdakik.com\/index.php?rest_route=\/wp\/v2\/posts\/81189","targetHints":{"allow":["GET"]}}],"collection":[{"href":"https:\/\/kibrisdakik.com\/index.php?rest_route=\/wp\/v2\/posts"}],"about":[{"href":"https:\/\/kibrisdakik.com\/index.php?rest_route=\/wp\/v2\/types\/post"}],"author":[{"embeddable":true,"href":"https:\/\/kibrisdakik.com\/index.php?rest_route=\/wp\/v2\/users\/1"}],"replies":[{"embeddable":true,"href":"https:\/\/kibrisdakik.com\/index.php?rest_route=%2Fwp%2Fv2%2Fcomments&post=81189"}],"version-history":[{"count":0,"href":"https:\/\/kibrisdakik.com\/index.php?rest_route=\/wp\/v2\/posts\/81189\/revisions"}],"wp:featuredmedia":[{"embeddable":true,"href":"https:\/\/kibrisdakik.com\/index.php?rest_route=\/wp\/v2\/media\/81190"}],"wp:attachment":[{"href":"https:\/\/kibrisdakik.com\/index.php?rest_route=%2Fwp%2Fv2%2Fmedia&parent=81189"}],"wp:term":[{"taxonomy":"category","embeddable":true,"href":"https:\/\/kibrisdakik.com\/index.php?rest_route=%2Fwp%2Fv2%2Fcategories&post=81189"},{"taxonomy":"post_tag","embeddable":true,"href":"https:\/\/kibrisdakik.com\/index.php?rest_route=%2Fwp%2Fv2%2Ftags&post=81189"}],"curies":[{"name":"wp","href":"https:\/\/api.w.org\/{rel}","templated":true}]}}