{"id":81197,"date":"2025-04-26T16:55:49","date_gmt":"2025-04-26T13:55:49","guid":{"rendered":"https:\/\/kibrisdakik.com\/index.php\/2025\/04\/26\/ctp-genclik-orgutunden-baskentte-etkinlik\/"},"modified":"2025-04-26T16:55:49","modified_gmt":"2025-04-26T13:55:49","slug":"ctp-genclik-orgutunden-baskentte-etkinlik","status":"publish","type":"post","link":"https:\/\/kibrisdakik.com\/?p=81197","title":{"rendered":"CTP Gen\u00e7lik \u00d6rg\u00fct\u00fc\u2019nden ba\u015fkentte etkinlik"},"content":{"rendered":"<div>\n<div class=\"mariselle-image-container none\">\n                                            <\/div>\n<p style=\"font-weight: 300;\">\u00a0Cumhuriyet\u00e7i T\u00fcrk Partisi (CTP) Gen\u00e7lik \u00d6rg\u00fct\u00fc, \u201cD\u00fcnden Bug\u00fcne, Bug\u00fcnden Yar\u0131na\u201d ba\u015fl\u0131kl\u0131 bir etkinlik d\u00fczenledi.<\/p>\n<p style=\"font-weight: 300;\"><span style=\"font-weight: 300 !important;\">Partiden yap\u0131lan a\u00e7\u0131klamaya g\u00f6re\u00a0<\/span><span style=\"font-weight: 300 !important;\">Lefko\u015fa Paradise Park\u2019ta<\/span><span style=\"font-weight: 300 !important;\">\u00a0<\/span><span style=\"font-weight: 300 !important;\">d\u00fcn ak\u015fam ger\u00e7ekle\u015ftirilen etkinlikte\u00a0<\/span>\u00a0CTP Gen\u00e7lik \u00d6rg\u00fct\u00fc,\u00a0 bug\u00fcne kadar gen\u00e7lik \u00f6rg\u00fct\u00fcnde g\u00f6rev alan ki\u015filerle bir araya geldi.<\/p>\n<p style=\"font-weight: 300;\">Etkinlikte ayr\u0131ca hayat\u0131n\u0131 kaybeden gen\u00e7lik \u00f6rg\u00fct\u00fc \u00fcyeleri; Ahmet Y\u0131ld\u0131r\u0131m, H\u00fcseyin Mehmet Karahan, \u00c7a\u011fr\u0131 Miralay, Do\u011fa Onat, G\u00f6kmen \u00d6zdenak, Orhun Oza, H\u00fcseyin Luricinal\u0131, Mehmet Toykan Yorganc\u0131, Ali Garg\u0131nsu, Kenan Kurtdemir an\u0131ld\u0131.<\/p>\n<p style=\"font-weight: 300;\">Etkinli\u011fe CTP Genel Ba\u015fkan\u0131 Tufan Erh\u00fcrman, Gen\u00e7lik \u00d6rg\u00fct\u00fc Ba\u015fkan\u0131 \u0130smail Barbaros, milletvekilleri ve baz\u0131 partililer de kat\u0131ld\u0131.<\/p>\n<p style=\"font-weight: 300;\">-Erh\u00fcrman: \u201cBu gece ayn\u0131 zamanda bir vefa gecesi\u201d<\/p>\n<p style=\"font-weight: 300;\">CTP Genel Ba\u015fkan\u0131 Tufan Erh\u00fcrman, etkinlikte yapt\u0131\u011f\u0131 konu\u015fmada, bu fikri geli\u015ftirip kendilerini burada bir araya getiren CTP Gen\u00e7lik \u00d6rg\u00fct\u00fc\u2019ne te\u015fekk\u00fcr etti.<\/p>\n<p style=\"font-weight: 300;\">Erh\u00fcrman, gecenin ayn\u0131 zamanda bir vefa gecesi oldu\u011funu belirterek, \u201cKaybetti\u011fimiz arkada\u015flar\u0131m\u0131z\u0131 anmak i\u00e7in de bir araya geldik. CTP\u2019nin m\u00fccadele tarihi 1970\u2019lere dayan\u0131yor. \u00c7ocuklu\u011fumda hat\u0131rl\u0131yorum, CTP hep gen\u00e7lerin partisi olarak bilinirdi. \u0130\u00e7ine girdi\u011fimiz yeni s\u00fcre\u00e7te, yeniden \u00e7ok say\u0131da gen\u00e7 arkada\u015f\u0131m\u0131n partide aktif hale geldi\u011fini mutlulukla g\u00f6r\u00fcyorum.\u201d ifadelerini kulland\u0131.<\/p>\n<p style=\"font-weight: 300;\">Erh\u00fcrman, hayat\u0131n\u0131 kaybeden gen\u00e7lik \u00f6rg\u00fct\u00fc \u00fcyelerini hat\u0131rlatarak, \u201cHer zaman kalplerimizde ya\u015fayacaklar. M\u00fccadelemizde onlar\u0131n her zaman yan\u0131m\u0131zda y\u00fcr\u00fcd\u00fcklerini hissedece\u011fiz.\u201d dedi.<\/p>\n<p style=\"font-weight: 300;\">-Barbaros: \u201c\u00d6rg\u00fct, birliktelik ve m\u00fccadele demektir\u201d<\/p>\n<p style=\"font-weight: 300;\">CTP Gen\u00e7lik \u00d6rg\u00fct\u00fc Ba\u015fkan\u0131 \u0130smail Barbaros ise, hayat\u0131n\u0131 kaybeden \u00f6rg\u00fct \u00fcyelerini and\u0131 ve \u00f6rg\u00fctl\u00fcl\u00fc\u011f\u00fcn \u00f6nemine dikkat \u00e7ekti.<\/p>\n<p style=\"font-weight: 300;\">\u00d6rg\u00fct\u00fcn, birliktelik ve m\u00fccadele demek oldu\u011funu belirten Barbaros, CTP Gen\u00e7lik \u00d6rg\u00fct\u00fc\u2019n\u00fcn 1990\u2019larda temellerinin at\u0131ld\u0131\u011f\u0131n\u0131, o y\u0131llardan bug\u00fcne m\u00fccadelenin b\u00fcy\u00fcyerek devam etti\u011fini kaydetti.<\/p>\n<p style=\"font-weight: 300;\">Barbaros, \u201cK\u0131br\u0131s\u2019ta bar\u0131\u015f\u0131 sa\u011flamak ve m\u00fccadeleyi ilerletmek i\u00e7in el birli\u011fiyle \u00e7al\u0131\u015fmaya devam edeceklerini\u201d de s\u00f6yledi.<\/p>\n<\/p><\/div>\n<p><script async\n                    defer\n                    crossorigin=\"anonymous\"\n                    src=\"https:\/\/connect.facebook.net\/tr_TR\/sdk.js#xfbml=1&#038;version=v3.3\"\n            ><\/script><\/p>\n","protected":false},"excerpt":{"rendered":"<p>\u00a0Cumhuriyet\u00e7i T\u00fcrk Partisi (CTP) Gen\u00e7lik \u00d6rg\u00fct\u00fc, \u201cD\u00fcnden Bug\u00fcne, Bug\u00fcnden Yar\u0131na\u201d ba\u015fl\u0131kl\u0131 bir etkinlik d\u00fczenledi. Partiden yap\u0131lan a\u00e7\u0131klamaya g\u00f6re\u00a0Lefko\u015fa Paradise Park\u2019ta\u00a0d\u00fcn ak\u015fam ger\u00e7ekle\u015ftirilen etkinlikte\u00a0\u00a0CTP Gen\u00e7lik \u00d6rg\u00fct\u00fc,\u00a0 bug\u00fcne kadar gen\u00e7lik \u00f6rg\u00fct\u00fcnde g\u00f6rev alan ki\u015filerle bir araya geldi. Etkinlikte ayr\u0131ca hayat\u0131n\u0131 kaybeden gen\u00e7lik \u00f6rg\u00fct\u00fc \u00fcyeleri; Ahmet Y\u0131ld\u0131r\u0131m, H\u00fcseyin Mehmet Karahan, \u00c7a\u011fr\u0131 Miralay, Do\u011fa Onat, G\u00f6kmen \u00d6zdenak, Orhun Oza,<\/p>\n","protected":false},"author":1,"featured_media":81198,"comment_status":"open","ping_status":"open","sticky":false,"template":"","format":"standard","meta":{"footnotes":""},"categories":[81,101],"tags":[],"class_list":["post-81197","post","type-post","status-publish","format-standard","has-post-thumbnail","hentry","category-kibris","category-manset"],"yoast_head":"<!-- This site is optimized with the Yoast SEO plugin v27.5 - https:\/\/yoast.com\/product\/yoast-seo-wordpress\/ -->\n<title>CTP Gen\u00e7lik \u00d6rg\u00fct\u00fc\u2019nden ba\u015fkentte etkinlik -<\/title>\n<meta name=\"robots\" content=\"index, follow, max-snippet:-1, max-image-preview:large, max-video-preview:-1\" \/>\n<link rel=\"canonical\" href=\"https:\/\/kibrisdakik.com\/?p=81197\" \/>\n<meta property=\"og:locale\" content=\"tr_TR\" \/>\n<meta property=\"og:type\" content=\"article\" \/>\n<meta property=\"og:title\" content=\"CTP Gen\u00e7lik \u00d6rg\u00fct\u00fc\u2019nden ba\u015fkentte etkinlik -\" \/>\n<meta property=\"og:description\" content=\"\u00a0Cumhuriyet\u00e7i T\u00fcrk Partisi (CTP) Gen\u00e7lik \u00d6rg\u00fct\u00fc, \u201cD\u00fcnden Bug\u00fcne, Bug\u00fcnden Yar\u0131na\u201d ba\u015fl\u0131kl\u0131 bir etkinlik d\u00fczenledi. Partiden yap\u0131lan a\u00e7\u0131klamaya g\u00f6re\u00a0Lefko\u015fa Paradise Park\u2019ta\u00a0d\u00fcn ak\u015fam ger\u00e7ekle\u015ftirilen etkinlikte\u00a0\u00a0CTP Gen\u00e7lik \u00d6rg\u00fct\u00fc,\u00a0 bug\u00fcne kadar gen\u00e7lik \u00f6rg\u00fct\u00fcnde g\u00f6rev alan ki\u015filerle bir araya geldi. Etkinlikte ayr\u0131ca hayat\u0131n\u0131 kaybeden gen\u00e7lik \u00f6rg\u00fct\u00fc \u00fcyeleri; Ahmet Y\u0131ld\u0131r\u0131m, H\u00fcseyin Mehmet Karahan, \u00c7a\u011fr\u0131 Miralay, Do\u011fa Onat, G\u00f6kmen \u00d6zdenak, Orhun Oza,\" \/>\n<meta property=\"og:url\" content=\"https:\/\/kibrisdakik.com\/?p=81197\" \/>\n<meta property=\"article:published_time\" content=\"2025-04-26T13:55:49+00:00\" \/>\n<meta property=\"og:image\" content=\"https:\/\/kibrisdakik.com\/wp-content\/uploads\/2025\/04\/1745663703414ctp-genclik-3-2-740x420.jpg\" \/>\n\t<meta property=\"og:image:width\" content=\"926\" \/>\n\t<meta property=\"og:image:height\" content=\"495\" \/>\n\t<meta property=\"og:image:type\" content=\"image\/jpeg\" \/>\n<meta name=\"author\" content=\"admin\" \/>\n<meta name=\"twitter:card\" content=\"summary_large_image\" \/>\n<meta name=\"twitter:label1\" content=\"Yazan:\" \/>\n\t<meta name=\"twitter:data1\" content=\"admin\" \/>\n\t<meta name=\"twitter:label2\" content=\"Tahmini okuma s\u00fcresi\" \/>\n\t<meta name=\"twitter:data2\" content=\"2 dakika\" \/>\n<script type=\"application\/ld+json\" class=\"yoast-schema-graph\">{\"@context\":\"https:\\\/\\\/schema.org\",\"@graph\":[{\"@type\":\"Article\",\"@id\":\"https:\\\/\\\/kibrisdakik.com\\\/?p=81197#article\",\"isPartOf\":{\"@id\":\"https:\\\/\\\/kibrisdakik.com\\\/?p=81197\"},\"author\":{\"name\":\"admin\",\"@id\":\"https:\\\/\\\/kibrisdakik.com\\\/#\\\/schema\\\/person\\\/9cd9d437bbb44f72b73ba127e06d8e79\"},\"headline\":\"CTP Gen\u00e7lik \u00d6rg\u00fct\u00fc\u2019nden ba\u015fkentte etkinlik\",\"datePublished\":\"2025-04-26T13:55:49+00:00\",\"mainEntityOfPage\":{\"@id\":\"https:\\\/\\\/kibrisdakik.com\\\/?p=81197\"},\"wordCount\":380,\"commentCount\":0,\"image\":{\"@id\":\"https:\\\/\\\/kibrisdakik.com\\\/?p=81197#primaryimage\"},\"thumbnailUrl\":\"https:\\\/\\\/kibrisdakik.com\\\/wp-content\\\/uploads\\\/2025\\\/04\\\/1745663703414ctp-genclik-3-2-740x420.jpg\",\"articleSection\":[\"K\u0131br\u0131s\",\"Man\u015fet\"],\"inLanguage\":\"tr\",\"potentialAction\":[{\"@type\":\"CommentAction\",\"name\":\"Comment\",\"target\":[\"https:\\\/\\\/kibrisdakik.com\\\/?p=81197#respond\"]}]},{\"@type\":\"WebPage\",\"@id\":\"https:\\\/\\\/kibrisdakik.com\\\/?p=81197\",\"url\":\"https:\\\/\\\/kibrisdakik.com\\\/?p=81197\",\"name\":\"CTP Gen\u00e7lik \u00d6rg\u00fct\u00fc\u2019nden ba\u015fkentte etkinlik -\",\"isPartOf\":{\"@id\":\"https:\\\/\\\/kibrisdakik.com\\\/#website\"},\"primaryImageOfPage\":{\"@id\":\"https:\\\/\\\/kibrisdakik.com\\\/?p=81197#primaryimage\"},\"image\":{\"@id\":\"https:\\\/\\\/kibrisdakik.com\\\/?p=81197#primaryimage\"},\"thumbnailUrl\":\"https:\\\/\\\/kibrisdakik.com\\\/wp-content\\\/uploads\\\/2025\\\/04\\\/1745663703414ctp-genclik-3-2-740x420.jpg\",\"datePublished\":\"2025-04-26T13:55:49+00:00\",\"author\":{\"@id\":\"https:\\\/\\\/kibrisdakik.com\\\/#\\\/schema\\\/person\\\/9cd9d437bbb44f72b73ba127e06d8e79\"},\"breadcrumb\":{\"@id\":\"https:\\\/\\\/kibrisdakik.com\\\/?p=81197#breadcrumb\"},\"inLanguage\":\"tr\",\"potentialAction\":[{\"@type\":\"ReadAction\",\"target\":[\"https:\\\/\\\/kibrisdakik.com\\\/?p=81197\"]}]},{\"@type\":\"ImageObject\",\"inLanguage\":\"tr\",\"@id\":\"https:\\\/\\\/kibrisdakik.com\\\/?p=81197#primaryimage\",\"url\":\"https:\\\/\\\/kibrisdakik.com\\\/wp-content\\\/uploads\\\/2025\\\/04\\\/1745663703414ctp-genclik-3-2-740x420.jpg\",\"contentUrl\":\"https:\\\/\\\/kibrisdakik.com\\\/wp-content\\\/uploads\\\/2025\\\/04\\\/1745663703414ctp-genclik-3-2-740x420.jpg\",\"width\":926,\"height\":495},{\"@type\":\"BreadcrumbList\",\"@id\":\"https:\\\/\\\/kibrisdakik.com\\\/?p=81197#breadcrumb\",\"itemListElement\":[{\"@type\":\"ListItem\",\"position\":1,\"name\":\"Home\",\"item\":\"https:\\\/\\\/kibrisdakik.com\\\/\"},{\"@type\":\"ListItem\",\"position\":2,\"name\":\"CTP Gen\u00e7lik \u00d6rg\u00fct\u00fc\u2019nden ba\u015fkentte etkinlik\"}]},{\"@type\":\"WebSite\",\"@id\":\"https:\\\/\\\/kibrisdakik.com\\\/#website\",\"url\":\"https:\\\/\\\/kibrisdakik.com\\\/\",\"name\":\"\",\"description\":\"Tam vaktinde haber\",\"potentialAction\":[{\"@type\":\"SearchAction\",\"target\":{\"@type\":\"EntryPoint\",\"urlTemplate\":\"https:\\\/\\\/kibrisdakik.com\\\/?s={search_term_string}\"},\"query-input\":{\"@type\":\"PropertyValueSpecification\",\"valueRequired\":true,\"valueName\":\"search_term_string\"}}],\"inLanguage\":\"tr\"},{\"@type\":\"Person\",\"@id\":\"https:\\\/\\\/kibrisdakik.com\\\/#\\\/schema\\\/person\\\/9cd9d437bbb44f72b73ba127e06d8e79\",\"name\":\"admin\",\"image\":{\"@type\":\"ImageObject\",\"inLanguage\":\"tr\",\"@id\":\"https:\\\/\\\/secure.gravatar.com\\\/avatar\\\/ccc17943b9d660506c869530f897617f7cb1c21a4bf30023f252596d83e1f007?s=96&d=mm&r=g\",\"url\":\"https:\\\/\\\/secure.gravatar.com\\\/avatar\\\/ccc17943b9d660506c869530f897617f7cb1c21a4bf30023f252596d83e1f007?s=96&d=mm&r=g\",\"contentUrl\":\"https:\\\/\\\/secure.gravatar.com\\\/avatar\\\/ccc17943b9d660506c869530f897617f7cb1c21a4bf30023f252596d83e1f007?s=96&d=mm&r=g\",\"caption\":\"admin\"},\"sameAs\":[\"https:\\\/\\\/kibrisdakik.com\"],\"url\":\"https:\\\/\\\/kibrisdakik.com\\\/?author=1\"}]}<\/script>\n<!-- \/ Yoast SEO plugin. -->","yoast_head_json":{"title":"CTP Gen\u00e7lik \u00d6rg\u00fct\u00fc\u2019nden ba\u015fkentte etkinlik -","robots":{"index":"index","follow":"follow","max-snippet":"max-snippet:-1","max-image-preview":"max-image-preview:large","max-video-preview":"max-video-preview:-1"},"canonical":"https:\/\/kibrisdakik.com\/?p=81197","og_locale":"tr_TR","og_type":"article","og_title":"CTP Gen\u00e7lik \u00d6rg\u00fct\u00fc\u2019nden ba\u015fkentte etkinlik -","og_description":"\u00a0Cumhuriyet\u00e7i T\u00fcrk Partisi (CTP) Gen\u00e7lik \u00d6rg\u00fct\u00fc, \u201cD\u00fcnden Bug\u00fcne, Bug\u00fcnden Yar\u0131na\u201d ba\u015fl\u0131kl\u0131 bir etkinlik d\u00fczenledi. Partiden yap\u0131lan a\u00e7\u0131klamaya g\u00f6re\u00a0Lefko\u015fa Paradise Park\u2019ta\u00a0d\u00fcn ak\u015fam ger\u00e7ekle\u015ftirilen etkinlikte\u00a0\u00a0CTP Gen\u00e7lik \u00d6rg\u00fct\u00fc,\u00a0 bug\u00fcne kadar gen\u00e7lik \u00f6rg\u00fct\u00fcnde g\u00f6rev alan ki\u015filerle bir araya geldi. Etkinlikte ayr\u0131ca hayat\u0131n\u0131 kaybeden gen\u00e7lik \u00f6rg\u00fct\u00fc \u00fcyeleri; Ahmet Y\u0131ld\u0131r\u0131m, H\u00fcseyin Mehmet Karahan, \u00c7a\u011fr\u0131 Miralay, Do\u011fa Onat, G\u00f6kmen \u00d6zdenak, Orhun Oza,","og_url":"https:\/\/kibrisdakik.com\/?p=81197","article_published_time":"2025-04-26T13:55:49+00:00","og_image":[{"width":926,"height":495,"url":"https:\/\/kibrisdakik.com\/wp-content\/uploads\/2025\/04\/1745663703414ctp-genclik-3-2-740x420.jpg","type":"image\/jpeg"}],"author":"admin","twitter_card":"summary_large_image","twitter_misc":{"Yazan:":"admin","Tahmini okuma s\u00fcresi":"2 dakika"},"schema":{"@context":"https:\/\/schema.org","@graph":[{"@type":"Article","@id":"https:\/\/kibrisdakik.com\/?p=81197#article","isPartOf":{"@id":"https:\/\/kibrisdakik.com\/?p=81197"},"author":{"name":"admin","@id":"https:\/\/kibrisdakik.com\/#\/schema\/person\/9cd9d437bbb44f72b73ba127e06d8e79"},"headline":"CTP Gen\u00e7lik \u00d6rg\u00fct\u00fc\u2019nden ba\u015fkentte etkinlik","datePublished":"2025-04-26T13:55:49+00:00","mainEntityOfPage":{"@id":"https:\/\/kibrisdakik.com\/?p=81197"},"wordCount":380,"commentCount":0,"image":{"@id":"https:\/\/kibrisdakik.com\/?p=81197#primaryimage"},"thumbnailUrl":"https:\/\/kibrisdakik.com\/wp-content\/uploads\/2025\/04\/1745663703414ctp-genclik-3-2-740x420.jpg","articleSection":["K\u0131br\u0131s","Man\u015fet"],"inLanguage":"tr","potentialAction":[{"@type":"CommentAction","name":"Comment","target":["https:\/\/kibrisdakik.com\/?p=81197#respond"]}]},{"@type":"WebPage","@id":"https:\/\/kibrisdakik.com\/?p=81197","url":"https:\/\/kibrisdakik.com\/?p=81197","name":"CTP Gen\u00e7lik \u00d6rg\u00fct\u00fc\u2019nden ba\u015fkentte etkinlik -","isPartOf":{"@id":"https:\/\/kibrisdakik.com\/#website"},"primaryImageOfPage":{"@id":"https:\/\/kibrisdakik.com\/?p=81197#primaryimage"},"image":{"@id":"https:\/\/kibrisdakik.com\/?p=81197#primaryimage"},"thumbnailUrl":"https:\/\/kibrisdakik.com\/wp-content\/uploads\/2025\/04\/1745663703414ctp-genclik-3-2-740x420.jpg","datePublished":"2025-04-26T13:55:49+00:00","author":{"@id":"https:\/\/kibrisdakik.com\/#\/schema\/person\/9cd9d437bbb44f72b73ba127e06d8e79"},"breadcrumb":{"@id":"https:\/\/kibrisdakik.com\/?p=81197#breadcrumb"},"inLanguage":"tr","potentialAction":[{"@type":"ReadAction","target":["https:\/\/kibrisdakik.com\/?p=81197"]}]},{"@type":"ImageObject","inLanguage":"tr","@id":"https:\/\/kibrisdakik.com\/?p=81197#primaryimage","url":"https:\/\/kibrisdakik.com\/wp-content\/uploads\/2025\/04\/1745663703414ctp-genclik-3-2-740x420.jpg","contentUrl":"https:\/\/kibrisdakik.com\/wp-content\/uploads\/2025\/04\/1745663703414ctp-genclik-3-2-740x420.jpg","width":926,"height":495},{"@type":"BreadcrumbList","@id":"https:\/\/kibrisdakik.com\/?p=81197#breadcrumb","itemListElement":[{"@type":"ListItem","position":1,"name":"Home","item":"https:\/\/kibrisdakik.com\/"},{"@type":"ListItem","position":2,"name":"CTP Gen\u00e7lik \u00d6rg\u00fct\u00fc\u2019nden ba\u015fkentte etkinlik"}]},{"@type":"WebSite","@id":"https:\/\/kibrisdakik.com\/#website","url":"https:\/\/kibrisdakik.com\/","name":"","description":"Tam vaktinde haber","potentialAction":[{"@type":"SearchAction","target":{"@type":"EntryPoint","urlTemplate":"https:\/\/kibrisdakik.com\/?s={search_term_string}"},"query-input":{"@type":"PropertyValueSpecification","valueRequired":true,"valueName":"search_term_string"}}],"inLanguage":"tr"},{"@type":"Person","@id":"https:\/\/kibrisdakik.com\/#\/schema\/person\/9cd9d437bbb44f72b73ba127e06d8e79","name":"admin","image":{"@type":"ImageObject","inLanguage":"tr","@id":"https:\/\/secure.gravatar.com\/avatar\/ccc17943b9d660506c869530f897617f7cb1c21a4bf30023f252596d83e1f007?s=96&d=mm&r=g","url":"https:\/\/secure.gravatar.com\/avatar\/ccc17943b9d660506c869530f897617f7cb1c21a4bf30023f252596d83e1f007?s=96&d=mm&r=g","contentUrl":"https:\/\/secure.gravatar.com\/avatar\/ccc17943b9d660506c869530f897617f7cb1c21a4bf30023f252596d83e1f007?s=96&d=mm&r=g","caption":"admin"},"sameAs":["https:\/\/kibrisdakik.com"],"url":"https:\/\/kibrisdakik.com\/?author=1"}]}},"_links":{"self":[{"href":"https:\/\/kibrisdakik.com\/index.php?rest_route=\/wp\/v2\/posts\/81197","targetHints":{"allow":["GET"]}}],"collection":[{"href":"https:\/\/kibrisdakik.com\/index.php?rest_route=\/wp\/v2\/posts"}],"about":[{"href":"https:\/\/kibrisdakik.com\/index.php?rest_route=\/wp\/v2\/types\/post"}],"author":[{"embeddable":true,"href":"https:\/\/kibrisdakik.com\/index.php?rest_route=\/wp\/v2\/users\/1"}],"replies":[{"embeddable":true,"href":"https:\/\/kibrisdakik.com\/index.php?rest_route=%2Fwp%2Fv2%2Fcomments&post=81197"}],"version-history":[{"count":0,"href":"https:\/\/kibrisdakik.com\/index.php?rest_route=\/wp\/v2\/posts\/81197\/revisions"}],"wp:featuredmedia":[{"embeddable":true,"href":"https:\/\/kibrisdakik.com\/index.php?rest_route=\/wp\/v2\/media\/81198"}],"wp:attachment":[{"href":"https:\/\/kibrisdakik.com\/index.php?rest_route=%2Fwp%2Fv2%2Fmedia&parent=81197"}],"wp:term":[{"taxonomy":"category","embeddable":true,"href":"https:\/\/kibrisdakik.com\/index.php?rest_route=%2Fwp%2Fv2%2Fcategories&post=81197"},{"taxonomy":"post_tag","embeddable":true,"href":"https:\/\/kibrisdakik.com\/index.php?rest_route=%2Fwp%2Fv2%2Ftags&post=81197"}],"curies":[{"name":"wp","href":"https:\/\/api.w.org\/{rel}","templated":true}]}}