{"id":81201,"date":"2025-04-26T17:03:52","date_gmt":"2025-04-26T14:03:52","guid":{"rendered":"https:\/\/kibrisdakik.com\/index.php\/2025\/04\/26\/kttbden-yetkililere-cagri-halk-sagligi-icin-plaj-ve-havuz-guvenligi-derhal-saglanmali\/"},"modified":"2025-04-26T17:03:52","modified_gmt":"2025-04-26T14:03:52","slug":"kttbden-yetkililere-cagri-halk-sagligi-icin-plaj-ve-havuz-guvenligi-derhal-saglanmali","status":"publish","type":"post","link":"https:\/\/kibrisdakik.com\/?p=81201","title":{"rendered":"KTTB\u2019den yetkililere \u00e7a\u011fr\u0131: \u201cHalk sa\u011fl\u0131\u011f\u0131 i\u00e7in plaj ve havuz g\u00fcvenli\u011fi derh\u00e2l sa\u011flanmal\u0131\u201d"},"content":{"rendered":"<div>\n<div class=\"mariselle-image-container none\">\n                                            <\/div>\n<p style=\"font-weight: 300;\"><span style=\"font-weight: 300 !important;\">K\u0131br\u0131s T\u00fcrk Tabipleri Birli\u011fi (KTTB), yaz aylar\u0131n\u0131n ba\u015flamas\u0131yla deniz ve havuz kullan\u0131m\u0131n\u0131n artmaya ba\u015flad\u0131\u011f\u0131n\u0131, ancak sahillerde ve havuzlarda hijyen ve g\u00fcvenlik ko\u015fullar\u0131 konusunda \u201cciddi eksiklikler\u201d g\u00f6zlemlendi\u011fini belirterek, halk sa\u011fl\u0131\u011f\u0131n\u0131 korumak ad\u0131na yetkilileri g\u00f6reve \u00e7a\u011f\u0131rd\u0131.<\/span><\/p>\n<p style=\"font-weight: 300;\">Birlik, halk sa\u011fl\u0131\u011f\u0131n\u0131 korumak ad\u0131na at\u0131lmas\u0131 gereken ad\u0131mlar\u0131; cankurtaran bulunmas\u0131 kural\u0131n\u0131n denetlenmesi, deniz ve havuz sular\u0131n\u0131n analizlerinin yap\u0131lmas\u0131 ve sonu\u00e7lar\u0131n kamuoyuyla payla\u015f\u0131lmas\u0131, Mavi Bayrak kriterlerinin benimsenmesi, plajlar\u0131n sezon \u00f6ncesi risk de\u011ferlendirmesine tabi tutulmas\u0131, plajlar\u0131n \u00e7evresel temizlik, altyap\u0131 ve hijyen ko\u015fullar\u0131n\u0131n denetlenmesi, halk\u0131n kullan\u0131m\u0131na a\u00e7\u0131k havuzlar\u0131n analiz sonu\u00e7lar\u0131n\u0131n a\u00e7\u0131klanmas\u0131 olarak s\u0131ralad\u0131.<\/p>\n<p style=\"font-weight: 300;\">-\u201cDeniz ve havuz sular\u0131n\u0131n sa\u011fl\u0131k riskleri g\u00f6rmezden gelinemez\u201d<\/p>\n<p style=\"font-weight: 300;\">KTTB Y\u00f6netim Kurulu ad\u0131na Ba\u015fkan Prof. Dr. Ceyhun Dalkan ve \u00c7evre ve Halk Sa\u011fl\u0131\u011f\u0131 Sorumlusu Dr. Cemal Mert imzal\u0131 a\u00e7\u0131klamada,\u00a0 halk\u0131n serinlemek ve dinlenmek i\u00e7in sahillere y\u00f6neldi\u011fi ancak sahillerde ve havuzlarda hijyen ve g\u00fcvenlik ko\u015fullar\u0131 konusunda \u201cciddi eksiklikler\u201d g\u00f6zlemlendi\u011fini belirtildi. A\u00e7\u0131klamada, \u201cKTTB olarak, halk sa\u011fl\u0131\u011f\u0131n\u0131 ilgilendiren bu hayati konuda yetkilileri acilen g\u00f6reve \u00e7a\u011f\u0131r\u0131yoruz\u201d denildi.<\/p>\n<p style=\"font-weight: 300;\">Deniz ve havuz sular\u0131nda mikrobiyolojik ve kimyasal kirlenme riskinin yaz aylar\u0131nda artt\u0131\u011f\u0131na i\u015faret edilen a\u00e7\u0131klamada,\u00a0 E.coli, salmonella, norovir\u00fcs, enterovir\u00fcs gibi patojenlerin gastrointestinal enfeksiyonlara; cryptosporidium ve giardia gibi parazitlerin\u00a0 ise ate\u015f, ishal, kusma ve kar\u0131n a\u011fr\u0131s\u0131na neden olabildi\u011fine dikkat \u00e7ekildi.<\/p>\n<p style=\"font-weight: 300;\">A\u00e7\u0131klamada, ayr\u0131ca, deniz ve havuz sular\u0131nda bulunmas\u0131 muhtemel a\u011f\u0131r metaller ve pestisitler gibi kimyasal kirleticilerin uzun vadeli kronik sa\u011fl\u0131k sorunlar\u0131na, hatta kansere yol a\u00e7abildi\u011fi uyar\u0131s\u0131nda bulunuldu.<\/p>\n<p style=\"font-weight: 300;\">A\u00e7\u0131klamada \u201cBu nedenle, Sa\u011fl\u0131k Bakanl\u0131\u011f\u0131, 2025 yaz sezonu boyunca deniz ve havuz sular\u0131nda d\u00fczenli analizler ger\u00e7ekle\u015ftirmeli, bu analizler akredite laboratuvarlarda, uluslararas\u0131 standartlara uygun \u015fekilde yap\u0131lmal\u0131 ve sonu\u00e7lar \u015feffaf bir bi\u00e7imde kamuoyuyla payla\u015f\u0131lmal\u0131d\u0131r.\u201d ifadelerini\u00a0 kulland\u0131. A\u00e7\u0131klamada, ge\u00e7en y\u0131l oldu\u011fu gibi, yaz aylar\u0131nda plajlarda ve kamuya a\u00e7\u0131k havuzlarda analizler yap\u0131ld\u0131\u011f\u0131 y\u00f6n\u00fcndeki \u201cy\u00fczeysel\u201d ve \u201cdetay\u201d i\u00e7ermeyen a\u00e7\u0131klamalar\u0131n halk\u0131 \u201ctatmin etmedi\u011fini\u201d de vurguland\u0131.<\/p>\n<p style=\"font-weight: 300;\">\u2013 \u201cPlajlarda g\u00fcvenlik yok: \u0130lk bo\u011fulma vakas\u0131 ihmalin g\u00f6stergesi olacakt\u0131r\u201d<\/p>\n<p style=\"font-weight: 300;\">Yaz sezonunda ya\u015fanmas\u0131 muhtemel ilk bo\u011fulma vakas\u0131n\u0131n, bu y\u0131l da plajlarda gerekli can g\u00fcvenli\u011fi \u00f6nlemlerinin al\u0131nmad\u0131\u011f\u0131n\u0131n \u201cac\u0131 bir g\u00f6stergesi\u201d olaca\u011f\u0131 uyar\u0131s\u0131nda bulunulan a\u00e7\u0131klamada, 2024 y\u0131l\u0131nda 14 insan\u0131n denizlerde bo\u011fularak hayat\u0131n\u0131 kaybetti\u011fi an\u0131msat\u0131ld\u0131.<\/p>\n<p style=\"font-weight: 300;\">A\u00e7\u0131klamda \u015fu\u00a0 \u015funlar\u0131 kaydedildi:<\/p>\n<p style=\"font-weight: 300;\"><span style=\"font-weight: 300 !important;\">\u201cDefalarca uyard\u0131k; bu \u00f6l\u00fcmlerin b\u00fcy\u00fck \u00e7o\u011funlu\u011fu \u00f6nlenebilirdi. Ancak \u0130\u00e7i\u015fleri Bakanl\u0131\u011f\u0131 ve yerel y\u00f6netimler, Plajlar\u0131n Kullan\u0131m\u0131 ve Denetimi Yasas\u0131\u2019n\u0131n 10. maddesini uygulamakta \u0131srarla yetersiz kalmaktad\u0131r. Yasaya g\u00f6re, plaj i\u015fletmecileri gerekli can kurtarma \u00f6nlemlerini almakla y\u00fck\u00fcml\u00fcd\u00fcr ve bu y\u00fck\u00fcml\u00fcl\u00fc\u011f\u00fcn takibi \u0130\u00e7i\u015fleri Bakanl\u0131\u011f\u0131 ve il\u00e7e kaymakaml\u0131klar\u0131n\u0131n sorumlulu\u011fundad\u0131r. Ne yaz\u0131k ki pek \u00e7ok plajda h\u00e2l\u00e2 cankurtaran bulunmamakta, tehlikeli b\u00f6lgeler i\u015faretlenmemekte, uyar\u0131 levhalar\u0131 ve g\u00fcvenlik ekipmanlar\u0131 eksik b\u0131rak\u0131lmaktad\u0131r. Bu a\u00e7\u0131k\u00e7a kanun ihl\u00e2lidir ve halk\u0131n can g\u00fcvenli\u011fini tehlikeye atmakt\u0131r.\u201d<\/span><\/p>\n<p style=\"font-weight: 300;\">\u2013 Birlik taleplerini 6 ba\u015fl\u0131k alt\u0131nda s\u0131ralad\u0131<\/p>\n<p style=\"font-weight: 300;\">Halk sa\u011fl\u0131\u011f\u0131n\u0131 korumak ad\u0131na \u201cderh\u00e2l\u201d at\u0131lmas\u0131 talep edilen ad\u0131mlar alt\u0131 ba\u015fl\u0131k alt\u0131nda \u015f\u00f6yle s\u0131raland\u0131:<\/p>\n<p style=\"font-weight: 300;\"><span style=\"font-weight: 300 !important;\">\u201c1. Her plajda e\u011fitimli ve tam zamanl\u0131 cankurtaran bulunmas\u0131 kural\u0131 s\u0131k\u0131 \u015fekilde denetlenmeli.<\/span><\/p>\n<ol start=\"2\">\n<li style=\"font-weight: 300;\">Deniz ve havuz sular\u0131n\u0131n mikrobiyolojik ve kimyasal analizleri d\u00fczenli yap\u0131lmal\u0131; sonu\u00e7lar \u015feffaf bir \u015fekilde kamuoyuyla payla\u015f\u0131lmal\u0131 ve plajlara as\u0131lmal\u0131d\u0131r.<\/li>\n<li style=\"font-weight: 300;\">Mavi Bayrak kriterleri, t\u00fcm plajlar i\u00e7in asgari standart olarak benimsenmelidir.<\/li>\n<li style=\"font-weight: 300;\">Plajlar sezon \u00f6ncesi risk de\u011ferlendirmesine tabi tutulmal\u0131; yetersiz olanlara ruhsat verilmemeli, hizmet vermesi engellenmelidir.<\/li>\n<li style=\"font-weight: 300;\">\u00c7evresel temizlik, \u00e7\u00f6p y\u00f6netimi ve altyap\u0131 ko\u015fullar\u0131 yerinde denetlenmeli; plaj \u00e7evresindeki hijyen ko\u015fullar\u0131 d\u00fczeltilmelidir.<\/li>\n<li style=\"font-weight: 300;\">Halk\u0131n kullan\u0131m\u0131na a\u00e7\u0131k havuzlar\u0131n analiz sonu\u00e7lar\u0131 acilen a\u00e7\u0131klanmal\u0131, gerekli \u00f6nlemler h\u0131zla al\u0131nmal\u0131d\u0131r.\u201d<\/li>\n<\/ol>\n<p style=\"font-weight: 300;\">\u00a0A\u00e7\u0131klamada, \u201cSa\u011fl\u0131k Bakanl\u0131\u011f\u0131 Temel Sa\u011fl\u0131k Hizmetleri Dairesi, \u0130\u00e7i\u015fleri Bakanl\u0131\u011f\u0131, \u0130l\u00e7e Kaymakaml\u0131klar\u0131, \u00c7evre Dairesi ve yerel y\u00f6netimler bu konudaki sorumluluklar\u0131n\u0131 ciddiyetle yerine getirmelidirler\u201d denilerek, devamla \u015fu ifadelere yer verildi:<\/p>\n<p style=\"font-weight: 300;\">\u201cBu yaz da \u2018ayn\u0131 ihmal zinciri\u2019 devam ederse, ya\u015fanacak her yeni sa\u011fl\u0131k sorunu ve her yeni can kayb\u0131, bu ihmalk\u00e2r y\u00f6neticilerin sorumlulu\u011funda olacakt\u0131r. Halk\u0131m\u0131z ve \u00fclkemize gelen turistler sahillerde ve havuzlarda sa\u011fl\u0131\u011f\u0131ndan endi\u015fe etmeden serinleme hakk\u0131na sahiptir. K\u0131br\u0131s T\u00fcrk Tabipleri Birli\u011fi olarak bu konunun takip\u00e7isi olmaya devam edece\u011fiz. Yetkilileri derh\u00e2l harekete ge\u00e7meye ve halk sa\u011fl\u0131\u011f\u0131n\u0131 korumaya \u00e7a\u011f\u0131r\u0131yoruz.\u201d<\/p>\n<\/p><\/div>\n<p><script async\n                    defer\n                    crossorigin=\"anonymous\"\n                    src=\"https:\/\/connect.facebook.net\/tr_TR\/sdk.js#xfbml=1&#038;version=v3.3\"\n            ><\/script><\/p>\n","protected":false},"excerpt":{"rendered":"<p>K\u0131br\u0131s T\u00fcrk Tabipleri Birli\u011fi (KTTB), yaz aylar\u0131n\u0131n ba\u015flamas\u0131yla deniz ve havuz kullan\u0131m\u0131n\u0131n artmaya ba\u015flad\u0131\u011f\u0131n\u0131, ancak sahillerde ve havuzlarda hijyen ve g\u00fcvenlik ko\u015fullar\u0131 konusunda \u201cciddi eksiklikler\u201d g\u00f6zlemlendi\u011fini belirterek, halk sa\u011fl\u0131\u011f\u0131n\u0131 korumak ad\u0131na yetkilileri g\u00f6reve \u00e7a\u011f\u0131rd\u0131. Birlik, halk sa\u011fl\u0131\u011f\u0131n\u0131 korumak ad\u0131na at\u0131lmas\u0131 gereken ad\u0131mlar\u0131; cankurtaran bulunmas\u0131 kural\u0131n\u0131n denetlenmesi, deniz ve havuz sular\u0131n\u0131n analizlerinin yap\u0131lmas\u0131 ve sonu\u00e7lar\u0131n kamuoyuyla<\/p>\n","protected":false},"author":1,"featured_media":81202,"comment_status":"open","ping_status":"open","sticky":false,"template":"","format":"standard","meta":{"footnotes":""},"categories":[81,101],"tags":[],"class_list":["post-81201","post","type-post","status-publish","format-standard","has-post-thumbnail","hentry","category-kibris","category-manset"],"yoast_head":"<!-- This site is optimized with the Yoast SEO plugin v27.5 - https:\/\/yoast.com\/product\/yoast-seo-wordpress\/ -->\n<title>KTTB\u2019den yetkililere \u00e7a\u011fr\u0131: \u201cHalk sa\u011fl\u0131\u011f\u0131 i\u00e7in plaj ve havuz g\u00fcvenli\u011fi derh\u00e2l sa\u011flanmal\u0131\u201d -<\/title>\n<meta name=\"robots\" content=\"index, follow, max-snippet:-1, max-image-preview:large, max-video-preview:-1\" \/>\n<link rel=\"canonical\" href=\"https:\/\/kibrisdakik.com\/?p=81201\" \/>\n<meta property=\"og:locale\" content=\"tr_TR\" \/>\n<meta property=\"og:type\" content=\"article\" \/>\n<meta property=\"og:title\" content=\"KTTB\u2019den yetkililere \u00e7a\u011fr\u0131: \u201cHalk sa\u011fl\u0131\u011f\u0131 i\u00e7in plaj ve havuz g\u00fcvenli\u011fi derh\u00e2l sa\u011flanmal\u0131\u201d -\" \/>\n<meta property=\"og:description\" content=\"K\u0131br\u0131s T\u00fcrk Tabipleri Birli\u011fi (KTTB), yaz aylar\u0131n\u0131n ba\u015flamas\u0131yla deniz ve havuz kullan\u0131m\u0131n\u0131n artmaya ba\u015flad\u0131\u011f\u0131n\u0131, ancak sahillerde ve havuzlarda hijyen ve g\u00fcvenlik ko\u015fullar\u0131 konusunda \u201cciddi eksiklikler\u201d g\u00f6zlemlendi\u011fini belirterek, halk sa\u011fl\u0131\u011f\u0131n\u0131 korumak ad\u0131na yetkilileri g\u00f6reve \u00e7a\u011f\u0131rd\u0131. Birlik, halk sa\u011fl\u0131\u011f\u0131n\u0131 korumak ad\u0131na at\u0131lmas\u0131 gereken ad\u0131mlar\u0131; cankurtaran bulunmas\u0131 kural\u0131n\u0131n denetlenmesi, deniz ve havuz sular\u0131n\u0131n analizlerinin yap\u0131lmas\u0131 ve sonu\u00e7lar\u0131n kamuoyuyla\" \/>\n<meta property=\"og:url\" content=\"https:\/\/kibrisdakik.com\/?p=81201\" \/>\n<meta property=\"article:published_time\" content=\"2025-04-26T14:03:52+00:00\" \/>\n<meta property=\"og:image\" content=\"https:\/\/kibrisdakik.com\/wp-content\/uploads\/2025\/04\/KTTB-Plaj-Guvenligi-740x420.jpeg\" \/>\n\t<meta property=\"og:image:width\" content=\"1024\" \/>\n\t<meta property=\"og:image:height\" content=\"1536\" \/>\n\t<meta property=\"og:image:type\" content=\"image\/jpeg\" \/>\n<meta name=\"author\" content=\"admin\" \/>\n<meta name=\"twitter:card\" content=\"summary_large_image\" \/>\n<meta name=\"twitter:label1\" content=\"Yazan:\" \/>\n\t<meta name=\"twitter:data1\" content=\"admin\" \/>\n\t<meta name=\"twitter:label2\" content=\"Tahmini okuma s\u00fcresi\" \/>\n\t<meta name=\"twitter:data2\" content=\"4 dakika\" \/>\n<script type=\"application\/ld+json\" class=\"yoast-schema-graph\">{\"@context\":\"https:\\\/\\\/schema.org\",\"@graph\":[{\"@type\":\"Article\",\"@id\":\"https:\\\/\\\/kibrisdakik.com\\\/?p=81201#article\",\"isPartOf\":{\"@id\":\"https:\\\/\\\/kibrisdakik.com\\\/?p=81201\"},\"author\":{\"name\":\"admin\",\"@id\":\"https:\\\/\\\/kibrisdakik.com\\\/#\\\/schema\\\/person\\\/9cd9d437bbb44f72b73ba127e06d8e79\"},\"headline\":\"KTTB\u2019den yetkililere \u00e7a\u011fr\u0131: \u201cHalk sa\u011fl\u0131\u011f\u0131 i\u00e7in plaj ve havuz g\u00fcvenli\u011fi derh\u00e2l sa\u011flanmal\u0131\u201d\",\"datePublished\":\"2025-04-26T14:03:52+00:00\",\"mainEntityOfPage\":{\"@id\":\"https:\\\/\\\/kibrisdakik.com\\\/?p=81201\"},\"wordCount\":866,\"commentCount\":0,\"image\":{\"@id\":\"https:\\\/\\\/kibrisdakik.com\\\/?p=81201#primaryimage\"},\"thumbnailUrl\":\"https:\\\/\\\/kibrisdakik.com\\\/wp-content\\\/uploads\\\/2025\\\/04\\\/KTTB-Plaj-Guvenligi-740x420.jpeg\",\"articleSection\":[\"K\u0131br\u0131s\",\"Man\u015fet\"],\"inLanguage\":\"tr\",\"potentialAction\":[{\"@type\":\"CommentAction\",\"name\":\"Comment\",\"target\":[\"https:\\\/\\\/kibrisdakik.com\\\/?p=81201#respond\"]}]},{\"@type\":\"WebPage\",\"@id\":\"https:\\\/\\\/kibrisdakik.com\\\/?p=81201\",\"url\":\"https:\\\/\\\/kibrisdakik.com\\\/?p=81201\",\"name\":\"KTTB\u2019den yetkililere \u00e7a\u011fr\u0131: \u201cHalk sa\u011fl\u0131\u011f\u0131 i\u00e7in plaj ve havuz g\u00fcvenli\u011fi derh\u00e2l sa\u011flanmal\u0131\u201d -\",\"isPartOf\":{\"@id\":\"https:\\\/\\\/kibrisdakik.com\\\/#website\"},\"primaryImageOfPage\":{\"@id\":\"https:\\\/\\\/kibrisdakik.com\\\/?p=81201#primaryimage\"},\"image\":{\"@id\":\"https:\\\/\\\/kibrisdakik.com\\\/?p=81201#primaryimage\"},\"thumbnailUrl\":\"https:\\\/\\\/kibrisdakik.com\\\/wp-content\\\/uploads\\\/2025\\\/04\\\/KTTB-Plaj-Guvenligi-740x420.jpeg\",\"datePublished\":\"2025-04-26T14:03:52+00:00\",\"author\":{\"@id\":\"https:\\\/\\\/kibrisdakik.com\\\/#\\\/schema\\\/person\\\/9cd9d437bbb44f72b73ba127e06d8e79\"},\"breadcrumb\":{\"@id\":\"https:\\\/\\\/kibrisdakik.com\\\/?p=81201#breadcrumb\"},\"inLanguage\":\"tr\",\"potentialAction\":[{\"@type\":\"ReadAction\",\"target\":[\"https:\\\/\\\/kibrisdakik.com\\\/?p=81201\"]}]},{\"@type\":\"ImageObject\",\"inLanguage\":\"tr\",\"@id\":\"https:\\\/\\\/kibrisdakik.com\\\/?p=81201#primaryimage\",\"url\":\"https:\\\/\\\/kibrisdakik.com\\\/wp-content\\\/uploads\\\/2025\\\/04\\\/KTTB-Plaj-Guvenligi-740x420.jpeg\",\"contentUrl\":\"https:\\\/\\\/kibrisdakik.com\\\/wp-content\\\/uploads\\\/2025\\\/04\\\/KTTB-Plaj-Guvenligi-740x420.jpeg\",\"width\":1024,\"height\":1536},{\"@type\":\"BreadcrumbList\",\"@id\":\"https:\\\/\\\/kibrisdakik.com\\\/?p=81201#breadcrumb\",\"itemListElement\":[{\"@type\":\"ListItem\",\"position\":1,\"name\":\"Home\",\"item\":\"https:\\\/\\\/kibrisdakik.com\\\/\"},{\"@type\":\"ListItem\",\"position\":2,\"name\":\"KTTB\u2019den yetkililere \u00e7a\u011fr\u0131: \u201cHalk sa\u011fl\u0131\u011f\u0131 i\u00e7in plaj ve havuz g\u00fcvenli\u011fi derh\u00e2l sa\u011flanmal\u0131\u201d\"}]},{\"@type\":\"WebSite\",\"@id\":\"https:\\\/\\\/kibrisdakik.com\\\/#website\",\"url\":\"https:\\\/\\\/kibrisdakik.com\\\/\",\"name\":\"\",\"description\":\"Tam vaktinde haber\",\"potentialAction\":[{\"@type\":\"SearchAction\",\"target\":{\"@type\":\"EntryPoint\",\"urlTemplate\":\"https:\\\/\\\/kibrisdakik.com\\\/?s={search_term_string}\"},\"query-input\":{\"@type\":\"PropertyValueSpecification\",\"valueRequired\":true,\"valueName\":\"search_term_string\"}}],\"inLanguage\":\"tr\"},{\"@type\":\"Person\",\"@id\":\"https:\\\/\\\/kibrisdakik.com\\\/#\\\/schema\\\/person\\\/9cd9d437bbb44f72b73ba127e06d8e79\",\"name\":\"admin\",\"image\":{\"@type\":\"ImageObject\",\"inLanguage\":\"tr\",\"@id\":\"https:\\\/\\\/secure.gravatar.com\\\/avatar\\\/ccc17943b9d660506c869530f897617f7cb1c21a4bf30023f252596d83e1f007?s=96&d=mm&r=g\",\"url\":\"https:\\\/\\\/secure.gravatar.com\\\/avatar\\\/ccc17943b9d660506c869530f897617f7cb1c21a4bf30023f252596d83e1f007?s=96&d=mm&r=g\",\"contentUrl\":\"https:\\\/\\\/secure.gravatar.com\\\/avatar\\\/ccc17943b9d660506c869530f897617f7cb1c21a4bf30023f252596d83e1f007?s=96&d=mm&r=g\",\"caption\":\"admin\"},\"sameAs\":[\"https:\\\/\\\/kibrisdakik.com\"],\"url\":\"https:\\\/\\\/kibrisdakik.com\\\/?author=1\"}]}<\/script>\n<!-- \/ Yoast SEO plugin. -->","yoast_head_json":{"title":"KTTB\u2019den yetkililere \u00e7a\u011fr\u0131: \u201cHalk sa\u011fl\u0131\u011f\u0131 i\u00e7in plaj ve havuz g\u00fcvenli\u011fi derh\u00e2l sa\u011flanmal\u0131\u201d -","robots":{"index":"index","follow":"follow","max-snippet":"max-snippet:-1","max-image-preview":"max-image-preview:large","max-video-preview":"max-video-preview:-1"},"canonical":"https:\/\/kibrisdakik.com\/?p=81201","og_locale":"tr_TR","og_type":"article","og_title":"KTTB\u2019den yetkililere \u00e7a\u011fr\u0131: \u201cHalk sa\u011fl\u0131\u011f\u0131 i\u00e7in plaj ve havuz g\u00fcvenli\u011fi derh\u00e2l sa\u011flanmal\u0131\u201d -","og_description":"K\u0131br\u0131s T\u00fcrk Tabipleri Birli\u011fi (KTTB), yaz aylar\u0131n\u0131n ba\u015flamas\u0131yla deniz ve havuz kullan\u0131m\u0131n\u0131n artmaya ba\u015flad\u0131\u011f\u0131n\u0131, ancak sahillerde ve havuzlarda hijyen ve g\u00fcvenlik ko\u015fullar\u0131 konusunda \u201cciddi eksiklikler\u201d g\u00f6zlemlendi\u011fini belirterek, halk sa\u011fl\u0131\u011f\u0131n\u0131 korumak ad\u0131na yetkilileri g\u00f6reve \u00e7a\u011f\u0131rd\u0131. Birlik, halk sa\u011fl\u0131\u011f\u0131n\u0131 korumak ad\u0131na at\u0131lmas\u0131 gereken ad\u0131mlar\u0131; cankurtaran bulunmas\u0131 kural\u0131n\u0131n denetlenmesi, deniz ve havuz sular\u0131n\u0131n analizlerinin yap\u0131lmas\u0131 ve sonu\u00e7lar\u0131n kamuoyuyla","og_url":"https:\/\/kibrisdakik.com\/?p=81201","article_published_time":"2025-04-26T14:03:52+00:00","og_image":[{"width":1024,"height":1536,"url":"https:\/\/kibrisdakik.com\/wp-content\/uploads\/2025\/04\/KTTB-Plaj-Guvenligi-740x420.jpeg","type":"image\/jpeg"}],"author":"admin","twitter_card":"summary_large_image","twitter_misc":{"Yazan:":"admin","Tahmini okuma s\u00fcresi":"4 dakika"},"schema":{"@context":"https:\/\/schema.org","@graph":[{"@type":"Article","@id":"https:\/\/kibrisdakik.com\/?p=81201#article","isPartOf":{"@id":"https:\/\/kibrisdakik.com\/?p=81201"},"author":{"name":"admin","@id":"https:\/\/kibrisdakik.com\/#\/schema\/person\/9cd9d437bbb44f72b73ba127e06d8e79"},"headline":"KTTB\u2019den yetkililere \u00e7a\u011fr\u0131: \u201cHalk sa\u011fl\u0131\u011f\u0131 i\u00e7in plaj ve havuz g\u00fcvenli\u011fi derh\u00e2l sa\u011flanmal\u0131\u201d","datePublished":"2025-04-26T14:03:52+00:00","mainEntityOfPage":{"@id":"https:\/\/kibrisdakik.com\/?p=81201"},"wordCount":866,"commentCount":0,"image":{"@id":"https:\/\/kibrisdakik.com\/?p=81201#primaryimage"},"thumbnailUrl":"https:\/\/kibrisdakik.com\/wp-content\/uploads\/2025\/04\/KTTB-Plaj-Guvenligi-740x420.jpeg","articleSection":["K\u0131br\u0131s","Man\u015fet"],"inLanguage":"tr","potentialAction":[{"@type":"CommentAction","name":"Comment","target":["https:\/\/kibrisdakik.com\/?p=81201#respond"]}]},{"@type":"WebPage","@id":"https:\/\/kibrisdakik.com\/?p=81201","url":"https:\/\/kibrisdakik.com\/?p=81201","name":"KTTB\u2019den yetkililere \u00e7a\u011fr\u0131: \u201cHalk sa\u011fl\u0131\u011f\u0131 i\u00e7in plaj ve havuz g\u00fcvenli\u011fi derh\u00e2l sa\u011flanmal\u0131\u201d -","isPartOf":{"@id":"https:\/\/kibrisdakik.com\/#website"},"primaryImageOfPage":{"@id":"https:\/\/kibrisdakik.com\/?p=81201#primaryimage"},"image":{"@id":"https:\/\/kibrisdakik.com\/?p=81201#primaryimage"},"thumbnailUrl":"https:\/\/kibrisdakik.com\/wp-content\/uploads\/2025\/04\/KTTB-Plaj-Guvenligi-740x420.jpeg","datePublished":"2025-04-26T14:03:52+00:00","author":{"@id":"https:\/\/kibrisdakik.com\/#\/schema\/person\/9cd9d437bbb44f72b73ba127e06d8e79"},"breadcrumb":{"@id":"https:\/\/kibrisdakik.com\/?p=81201#breadcrumb"},"inLanguage":"tr","potentialAction":[{"@type":"ReadAction","target":["https:\/\/kibrisdakik.com\/?p=81201"]}]},{"@type":"ImageObject","inLanguage":"tr","@id":"https:\/\/kibrisdakik.com\/?p=81201#primaryimage","url":"https:\/\/kibrisdakik.com\/wp-content\/uploads\/2025\/04\/KTTB-Plaj-Guvenligi-740x420.jpeg","contentUrl":"https:\/\/kibrisdakik.com\/wp-content\/uploads\/2025\/04\/KTTB-Plaj-Guvenligi-740x420.jpeg","width":1024,"height":1536},{"@type":"BreadcrumbList","@id":"https:\/\/kibrisdakik.com\/?p=81201#breadcrumb","itemListElement":[{"@type":"ListItem","position":1,"name":"Home","item":"https:\/\/kibrisdakik.com\/"},{"@type":"ListItem","position":2,"name":"KTTB\u2019den yetkililere \u00e7a\u011fr\u0131: \u201cHalk sa\u011fl\u0131\u011f\u0131 i\u00e7in plaj ve havuz g\u00fcvenli\u011fi derh\u00e2l sa\u011flanmal\u0131\u201d"}]},{"@type":"WebSite","@id":"https:\/\/kibrisdakik.com\/#website","url":"https:\/\/kibrisdakik.com\/","name":"","description":"Tam vaktinde haber","potentialAction":[{"@type":"SearchAction","target":{"@type":"EntryPoint","urlTemplate":"https:\/\/kibrisdakik.com\/?s={search_term_string}"},"query-input":{"@type":"PropertyValueSpecification","valueRequired":true,"valueName":"search_term_string"}}],"inLanguage":"tr"},{"@type":"Person","@id":"https:\/\/kibrisdakik.com\/#\/schema\/person\/9cd9d437bbb44f72b73ba127e06d8e79","name":"admin","image":{"@type":"ImageObject","inLanguage":"tr","@id":"https:\/\/secure.gravatar.com\/avatar\/ccc17943b9d660506c869530f897617f7cb1c21a4bf30023f252596d83e1f007?s=96&d=mm&r=g","url":"https:\/\/secure.gravatar.com\/avatar\/ccc17943b9d660506c869530f897617f7cb1c21a4bf30023f252596d83e1f007?s=96&d=mm&r=g","contentUrl":"https:\/\/secure.gravatar.com\/avatar\/ccc17943b9d660506c869530f897617f7cb1c21a4bf30023f252596d83e1f007?s=96&d=mm&r=g","caption":"admin"},"sameAs":["https:\/\/kibrisdakik.com"],"url":"https:\/\/kibrisdakik.com\/?author=1"}]}},"_links":{"self":[{"href":"https:\/\/kibrisdakik.com\/index.php?rest_route=\/wp\/v2\/posts\/81201","targetHints":{"allow":["GET"]}}],"collection":[{"href":"https:\/\/kibrisdakik.com\/index.php?rest_route=\/wp\/v2\/posts"}],"about":[{"href":"https:\/\/kibrisdakik.com\/index.php?rest_route=\/wp\/v2\/types\/post"}],"author":[{"embeddable":true,"href":"https:\/\/kibrisdakik.com\/index.php?rest_route=\/wp\/v2\/users\/1"}],"replies":[{"embeddable":true,"href":"https:\/\/kibrisdakik.com\/index.php?rest_route=%2Fwp%2Fv2%2Fcomments&post=81201"}],"version-history":[{"count":0,"href":"https:\/\/kibrisdakik.com\/index.php?rest_route=\/wp\/v2\/posts\/81201\/revisions"}],"wp:featuredmedia":[{"embeddable":true,"href":"https:\/\/kibrisdakik.com\/index.php?rest_route=\/wp\/v2\/media\/81202"}],"wp:attachment":[{"href":"https:\/\/kibrisdakik.com\/index.php?rest_route=%2Fwp%2Fv2%2Fmedia&parent=81201"}],"wp:term":[{"taxonomy":"category","embeddable":true,"href":"https:\/\/kibrisdakik.com\/index.php?rest_route=%2Fwp%2Fv2%2Fcategories&post=81201"},{"taxonomy":"post_tag","embeddable":true,"href":"https:\/\/kibrisdakik.com\/index.php?rest_route=%2Fwp%2Fv2%2Ftags&post=81201"}],"curies":[{"name":"wp","href":"https:\/\/api.w.org\/{rel}","templated":true}]}}