{"id":81269,"date":"2025-04-27T17:10:04","date_gmt":"2025-04-27T14:10:04","guid":{"rendered":"https:\/\/kibrisdakik.com\/index.php\/2025\/04\/27\/cumhurbaskani-tatarkibris-turku-yasam-mucadelesinde-her-zaman-degerlerine-sahip-cikti\/"},"modified":"2025-04-27T17:10:04","modified_gmt":"2025-04-27T14:10:04","slug":"cumhurbaskani-tatarkibris-turku-yasam-mucadelesinde-her-zaman-degerlerine-sahip-cikti","status":"publish","type":"post","link":"https:\/\/kibrisdakik.com\/?p=81269","title":{"rendered":"Cumhurba\u015fkan\u0131 Tatar:K\u0131br\u0131s T\u00fcrk\u00fc ya\u015fam m\u00fccadelesinde her zaman de\u011ferlerine sahip \u00e7\u0131kt\u0131"},"content":{"rendered":"<div>\n<div class=\"mariselle-image-container center\">\n                                            <\/div>\n<p>Cumhurba\u015fkan\u0131 Ersin Tatar, Mormenek\u015fe\u2019de d\u00fczenlenen 13\u2019\u00fcnc\u00fc Enginar Festivali\u2019ne kat\u0131ld\u0131. <\/p>\n<p>Cumhurba\u015fkan\u0131 Tatar, festivalin a\u00e7\u0131l\u0131\u015f t\u00f6reninde yapt\u0131\u011f\u0131 konu\u015fmada, enginar\u0131n \u00e7ok de\u011ferli bir \u00fcr\u00fcn oldu\u011funu belirterek, talebin artmas\u0131yla beraber \u00fcretimin de artmas\u0131 gerekti\u011fini s\u00f6yledi.<\/p>\n<div class=\"mariselle-image-container center\">\n                <img loading=\"lazy\" decoding=\"async\" width=\"819\" height=\"546\" class=\"lazy-image\" alt=\"\" sizes=\"auto, (max-width: 819px) 100vw, 819px\" src=\"https:\/\/brtk.net\/wp-content\/uploads\/2025\/04\/27\/558647884.jpg?ver=c43abe6c142af73b5824ee617267e056\" srcset=\"https:\/\/brtk.net\/wp-content\/uploads\/2025\/04\/27\/558647884.jpg?ver=c43abe6c142af73b5824ee617267e056 819w, https:\/\/brtk.net\/wp-content\/uploads\/2025\/04\/27\/558647884-300x200.jpg?ver=41c5741b06ecd9a2b9b8f3128f501e0f 300w, https:\/\/brtk.net\/wp-content\/uploads\/2025\/04\/27\/558647884-768x512.jpg?ver=41c5741b06ecd9a2b9b8f3128f501e0f 768w\"\/>                            <\/div>\n<p>1974 y\u0131l\u0131nda G\u00fcney\u2019den g\u00f6\u00e7 etmek zorunda kalan K\u0131br\u0131s T\u00fcrk\u00fc\u2019n\u00fcn, enginar\u0131 da beraberinde getirerek, Mormenek\u015fe\u2019de enginar \u00fcretilmeye ba\u015fland\u0131\u011f\u0131n\u0131 ifade eden Cumhurba\u015fkan\u0131 Tatar, varolman\u0131n \u00fcretimden ge\u00e7ti\u011finin fark\u0131nda olan K\u0131br\u0131s T\u00fcrk\u00fc\u2019n\u00fcn, \u00fcretim yan\u0131nda k\u00fclt\u00fcr, sanat ile geleneklerine de sahip \u00e7\u0131karak varoldu\u011funu kaydetti.<\/p>\n<p>Cumhurba\u015fkan\u0131 Tatar, konu\u015fmas\u0131n\u0131n devam\u0131nda K\u0131br\u0131s T\u00fcrk k\u00fclt\u00fcr\u00fc ve sanat\u0131n\u0131n yer ald\u0131\u011f\u0131 festivalde eme\u011fi ge\u00e7enleri ve katk\u0131 koyanlar\u0131 tebrik etti.<\/p>\n<\/p><\/div>\n<p><script async\n                    defer\n                    crossorigin=\"anonymous\"\n                    src=\"https:\/\/connect.facebook.net\/tr_TR\/sdk.js#xfbml=1&#038;version=v3.3\"\n            ><\/script><\/p>\n","protected":false},"excerpt":{"rendered":"<p>Cumhurba\u015fkan\u0131 Ersin Tatar, Mormenek\u015fe\u2019de d\u00fczenlenen 13\u2019\u00fcnc\u00fc Enginar Festivali\u2019ne kat\u0131ld\u0131. Cumhurba\u015fkan\u0131 Tatar, festivalin a\u00e7\u0131l\u0131\u015f t\u00f6reninde yapt\u0131\u011f\u0131 konu\u015fmada, enginar\u0131n \u00e7ok de\u011ferli bir \u00fcr\u00fcn oldu\u011funu belirterek, talebin artmas\u0131yla beraber \u00fcretimin de artmas\u0131 gerekti\u011fini s\u00f6yledi. 1974 y\u0131l\u0131nda G\u00fcney\u2019den g\u00f6\u00e7 etmek zorunda kalan K\u0131br\u0131s T\u00fcrk\u00fc\u2019n\u00fcn, enginar\u0131 da beraberinde getirerek, Mormenek\u015fe\u2019de enginar \u00fcretilmeye ba\u015fland\u0131\u011f\u0131n\u0131 ifade eden Cumhurba\u015fkan\u0131 Tatar, varolman\u0131n \u00fcretimden ge\u00e7ti\u011finin<\/p>\n","protected":false},"author":1,"featured_media":81270,"comment_status":"open","ping_status":"open","sticky":false,"template":"","format":"standard","meta":{"footnotes":""},"categories":[81,101],"tags":[],"class_list":["post-81269","post","type-post","status-publish","format-standard","has-post-thumbnail","hentry","category-kibris","category-manset"],"yoast_head":"<!-- This site is optimized with the Yoast SEO plugin v27.5 - https:\/\/yoast.com\/product\/yoast-seo-wordpress\/ -->\n<title>Cumhurba\u015fkan\u0131 Tatar:K\u0131br\u0131s T\u00fcrk\u00fc ya\u015fam m\u00fccadelesinde her zaman de\u011ferlerine sahip \u00e7\u0131kt\u0131 -<\/title>\n<meta name=\"robots\" content=\"index, follow, max-snippet:-1, max-image-preview:large, max-video-preview:-1\" \/>\n<link rel=\"canonical\" href=\"https:\/\/kibrisdakik.com\/?p=81269\" \/>\n<meta property=\"og:locale\" content=\"tr_TR\" \/>\n<meta property=\"og:type\" content=\"article\" \/>\n<meta property=\"og:title\" content=\"Cumhurba\u015fkan\u0131 Tatar:K\u0131br\u0131s T\u00fcrk\u00fc ya\u015fam m\u00fccadelesinde her zaman de\u011ferlerine sahip \u00e7\u0131kt\u0131 -\" \/>\n<meta property=\"og:description\" content=\"Cumhurba\u015fkan\u0131 Ersin Tatar, Mormenek\u015fe\u2019de d\u00fczenlenen 13\u2019\u00fcnc\u00fc Enginar Festivali\u2019ne kat\u0131ld\u0131. Cumhurba\u015fkan\u0131 Tatar, festivalin a\u00e7\u0131l\u0131\u015f t\u00f6reninde yapt\u0131\u011f\u0131 konu\u015fmada, enginar\u0131n \u00e7ok de\u011ferli bir \u00fcr\u00fcn oldu\u011funu belirterek, talebin artmas\u0131yla beraber \u00fcretimin de artmas\u0131 gerekti\u011fini s\u00f6yledi. 1974 y\u0131l\u0131nda G\u00fcney\u2019den g\u00f6\u00e7 etmek zorunda kalan K\u0131br\u0131s T\u00fcrk\u00fc\u2019n\u00fcn, enginar\u0131 da beraberinde getirerek, Mormenek\u015fe\u2019de enginar \u00fcretilmeye ba\u015fland\u0131\u011f\u0131n\u0131 ifade eden Cumhurba\u015fkan\u0131 Tatar, varolman\u0131n \u00fcretimden ge\u00e7ti\u011finin\" \/>\n<meta property=\"og:url\" content=\"https:\/\/kibrisdakik.com\/?p=81269\" \/>\n<meta property=\"article:published_time\" content=\"2025-04-27T14:10:04+00:00\" \/>\n<meta property=\"og:image\" content=\"https:\/\/kibrisdakik.com\/wp-content\/uploads\/2025\/04\/558647884-740x420.jpg\" \/>\n\t<meta property=\"og:image:width\" content=\"819\" \/>\n\t<meta property=\"og:image:height\" content=\"546\" \/>\n\t<meta property=\"og:image:type\" content=\"image\/jpeg\" \/>\n<meta name=\"author\" content=\"admin\" \/>\n<meta name=\"twitter:card\" content=\"summary_large_image\" \/>\n<meta name=\"twitter:label1\" content=\"Yazan:\" \/>\n\t<meta name=\"twitter:data1\" content=\"admin\" \/>\n\t<meta name=\"twitter:label2\" content=\"Tahmini okuma s\u00fcresi\" \/>\n\t<meta name=\"twitter:data2\" content=\"1 dakika\" \/>\n<script type=\"application\/ld+json\" class=\"yoast-schema-graph\">{\"@context\":\"https:\\\/\\\/schema.org\",\"@graph\":[{\"@type\":\"Article\",\"@id\":\"https:\\\/\\\/kibrisdakik.com\\\/?p=81269#article\",\"isPartOf\":{\"@id\":\"https:\\\/\\\/kibrisdakik.com\\\/?p=81269\"},\"author\":{\"name\":\"admin\",\"@id\":\"https:\\\/\\\/kibrisdakik.com\\\/#\\\/schema\\\/person\\\/9cd9d437bbb44f72b73ba127e06d8e79\"},\"headline\":\"Cumhurba\u015fkan\u0131 Tatar:K\u0131br\u0131s T\u00fcrk\u00fc ya\u015fam m\u00fccadelesinde her zaman de\u011ferlerine sahip \u00e7\u0131kt\u0131\",\"datePublished\":\"2025-04-27T14:10:04+00:00\",\"mainEntityOfPage\":{\"@id\":\"https:\\\/\\\/kibrisdakik.com\\\/?p=81269\"},\"wordCount\":164,\"commentCount\":0,\"image\":{\"@id\":\"https:\\\/\\\/kibrisdakik.com\\\/?p=81269#primaryimage\"},\"thumbnailUrl\":\"https:\\\/\\\/kibrisdakik.com\\\/wp-content\\\/uploads\\\/2025\\\/04\\\/558647884-740x420.jpg\",\"articleSection\":[\"K\u0131br\u0131s\",\"Man\u015fet\"],\"inLanguage\":\"tr\",\"potentialAction\":[{\"@type\":\"CommentAction\",\"name\":\"Comment\",\"target\":[\"https:\\\/\\\/kibrisdakik.com\\\/?p=81269#respond\"]}]},{\"@type\":\"WebPage\",\"@id\":\"https:\\\/\\\/kibrisdakik.com\\\/?p=81269\",\"url\":\"https:\\\/\\\/kibrisdakik.com\\\/?p=81269\",\"name\":\"Cumhurba\u015fkan\u0131 Tatar:K\u0131br\u0131s T\u00fcrk\u00fc ya\u015fam m\u00fccadelesinde her zaman de\u011ferlerine sahip \u00e7\u0131kt\u0131 -\",\"isPartOf\":{\"@id\":\"https:\\\/\\\/kibrisdakik.com\\\/#website\"},\"primaryImageOfPage\":{\"@id\":\"https:\\\/\\\/kibrisdakik.com\\\/?p=81269#primaryimage\"},\"image\":{\"@id\":\"https:\\\/\\\/kibrisdakik.com\\\/?p=81269#primaryimage\"},\"thumbnailUrl\":\"https:\\\/\\\/kibrisdakik.com\\\/wp-content\\\/uploads\\\/2025\\\/04\\\/558647884-740x420.jpg\",\"datePublished\":\"2025-04-27T14:10:04+00:00\",\"author\":{\"@id\":\"https:\\\/\\\/kibrisdakik.com\\\/#\\\/schema\\\/person\\\/9cd9d437bbb44f72b73ba127e06d8e79\"},\"breadcrumb\":{\"@id\":\"https:\\\/\\\/kibrisdakik.com\\\/?p=81269#breadcrumb\"},\"inLanguage\":\"tr\",\"potentialAction\":[{\"@type\":\"ReadAction\",\"target\":[\"https:\\\/\\\/kibrisdakik.com\\\/?p=81269\"]}]},{\"@type\":\"ImageObject\",\"inLanguage\":\"tr\",\"@id\":\"https:\\\/\\\/kibrisdakik.com\\\/?p=81269#primaryimage\",\"url\":\"https:\\\/\\\/kibrisdakik.com\\\/wp-content\\\/uploads\\\/2025\\\/04\\\/558647884-740x420.jpg\",\"contentUrl\":\"https:\\\/\\\/kibrisdakik.com\\\/wp-content\\\/uploads\\\/2025\\\/04\\\/558647884-740x420.jpg\",\"width\":819,\"height\":546},{\"@type\":\"BreadcrumbList\",\"@id\":\"https:\\\/\\\/kibrisdakik.com\\\/?p=81269#breadcrumb\",\"itemListElement\":[{\"@type\":\"ListItem\",\"position\":1,\"name\":\"Home\",\"item\":\"https:\\\/\\\/kibrisdakik.com\\\/\"},{\"@type\":\"ListItem\",\"position\":2,\"name\":\"Cumhurba\u015fkan\u0131 Tatar:K\u0131br\u0131s T\u00fcrk\u00fc ya\u015fam m\u00fccadelesinde her zaman de\u011ferlerine sahip \u00e7\u0131kt\u0131\"}]},{\"@type\":\"WebSite\",\"@id\":\"https:\\\/\\\/kibrisdakik.com\\\/#website\",\"url\":\"https:\\\/\\\/kibrisdakik.com\\\/\",\"name\":\"\",\"description\":\"Tam vaktinde haber\",\"potentialAction\":[{\"@type\":\"SearchAction\",\"target\":{\"@type\":\"EntryPoint\",\"urlTemplate\":\"https:\\\/\\\/kibrisdakik.com\\\/?s={search_term_string}\"},\"query-input\":{\"@type\":\"PropertyValueSpecification\",\"valueRequired\":true,\"valueName\":\"search_term_string\"}}],\"inLanguage\":\"tr\"},{\"@type\":\"Person\",\"@id\":\"https:\\\/\\\/kibrisdakik.com\\\/#\\\/schema\\\/person\\\/9cd9d437bbb44f72b73ba127e06d8e79\",\"name\":\"admin\",\"image\":{\"@type\":\"ImageObject\",\"inLanguage\":\"tr\",\"@id\":\"https:\\\/\\\/secure.gravatar.com\\\/avatar\\\/ccc17943b9d660506c869530f897617f7cb1c21a4bf30023f252596d83e1f007?s=96&d=mm&r=g\",\"url\":\"https:\\\/\\\/secure.gravatar.com\\\/avatar\\\/ccc17943b9d660506c869530f897617f7cb1c21a4bf30023f252596d83e1f007?s=96&d=mm&r=g\",\"contentUrl\":\"https:\\\/\\\/secure.gravatar.com\\\/avatar\\\/ccc17943b9d660506c869530f897617f7cb1c21a4bf30023f252596d83e1f007?s=96&d=mm&r=g\",\"caption\":\"admin\"},\"sameAs\":[\"https:\\\/\\\/kibrisdakik.com\"],\"url\":\"https:\\\/\\\/kibrisdakik.com\\\/?author=1\"}]}<\/script>\n<!-- \/ Yoast SEO plugin. -->","yoast_head_json":{"title":"Cumhurba\u015fkan\u0131 Tatar:K\u0131br\u0131s T\u00fcrk\u00fc ya\u015fam m\u00fccadelesinde her zaman de\u011ferlerine sahip \u00e7\u0131kt\u0131 -","robots":{"index":"index","follow":"follow","max-snippet":"max-snippet:-1","max-image-preview":"max-image-preview:large","max-video-preview":"max-video-preview:-1"},"canonical":"https:\/\/kibrisdakik.com\/?p=81269","og_locale":"tr_TR","og_type":"article","og_title":"Cumhurba\u015fkan\u0131 Tatar:K\u0131br\u0131s T\u00fcrk\u00fc ya\u015fam m\u00fccadelesinde her zaman de\u011ferlerine sahip \u00e7\u0131kt\u0131 -","og_description":"Cumhurba\u015fkan\u0131 Ersin Tatar, Mormenek\u015fe\u2019de d\u00fczenlenen 13\u2019\u00fcnc\u00fc Enginar Festivali\u2019ne kat\u0131ld\u0131. Cumhurba\u015fkan\u0131 Tatar, festivalin a\u00e7\u0131l\u0131\u015f t\u00f6reninde yapt\u0131\u011f\u0131 konu\u015fmada, enginar\u0131n \u00e7ok de\u011ferli bir \u00fcr\u00fcn oldu\u011funu belirterek, talebin artmas\u0131yla beraber \u00fcretimin de artmas\u0131 gerekti\u011fini s\u00f6yledi. 1974 y\u0131l\u0131nda G\u00fcney\u2019den g\u00f6\u00e7 etmek zorunda kalan K\u0131br\u0131s T\u00fcrk\u00fc\u2019n\u00fcn, enginar\u0131 da beraberinde getirerek, Mormenek\u015fe\u2019de enginar \u00fcretilmeye ba\u015fland\u0131\u011f\u0131n\u0131 ifade eden Cumhurba\u015fkan\u0131 Tatar, varolman\u0131n \u00fcretimden ge\u00e7ti\u011finin","og_url":"https:\/\/kibrisdakik.com\/?p=81269","article_published_time":"2025-04-27T14:10:04+00:00","og_image":[{"width":819,"height":546,"url":"https:\/\/kibrisdakik.com\/wp-content\/uploads\/2025\/04\/558647884-740x420.jpg","type":"image\/jpeg"}],"author":"admin","twitter_card":"summary_large_image","twitter_misc":{"Yazan:":"admin","Tahmini okuma s\u00fcresi":"1 dakika"},"schema":{"@context":"https:\/\/schema.org","@graph":[{"@type":"Article","@id":"https:\/\/kibrisdakik.com\/?p=81269#article","isPartOf":{"@id":"https:\/\/kibrisdakik.com\/?p=81269"},"author":{"name":"admin","@id":"https:\/\/kibrisdakik.com\/#\/schema\/person\/9cd9d437bbb44f72b73ba127e06d8e79"},"headline":"Cumhurba\u015fkan\u0131 Tatar:K\u0131br\u0131s T\u00fcrk\u00fc ya\u015fam m\u00fccadelesinde her zaman de\u011ferlerine sahip \u00e7\u0131kt\u0131","datePublished":"2025-04-27T14:10:04+00:00","mainEntityOfPage":{"@id":"https:\/\/kibrisdakik.com\/?p=81269"},"wordCount":164,"commentCount":0,"image":{"@id":"https:\/\/kibrisdakik.com\/?p=81269#primaryimage"},"thumbnailUrl":"https:\/\/kibrisdakik.com\/wp-content\/uploads\/2025\/04\/558647884-740x420.jpg","articleSection":["K\u0131br\u0131s","Man\u015fet"],"inLanguage":"tr","potentialAction":[{"@type":"CommentAction","name":"Comment","target":["https:\/\/kibrisdakik.com\/?p=81269#respond"]}]},{"@type":"WebPage","@id":"https:\/\/kibrisdakik.com\/?p=81269","url":"https:\/\/kibrisdakik.com\/?p=81269","name":"Cumhurba\u015fkan\u0131 Tatar:K\u0131br\u0131s T\u00fcrk\u00fc ya\u015fam m\u00fccadelesinde her zaman de\u011ferlerine sahip \u00e7\u0131kt\u0131 -","isPartOf":{"@id":"https:\/\/kibrisdakik.com\/#website"},"primaryImageOfPage":{"@id":"https:\/\/kibrisdakik.com\/?p=81269#primaryimage"},"image":{"@id":"https:\/\/kibrisdakik.com\/?p=81269#primaryimage"},"thumbnailUrl":"https:\/\/kibrisdakik.com\/wp-content\/uploads\/2025\/04\/558647884-740x420.jpg","datePublished":"2025-04-27T14:10:04+00:00","author":{"@id":"https:\/\/kibrisdakik.com\/#\/schema\/person\/9cd9d437bbb44f72b73ba127e06d8e79"},"breadcrumb":{"@id":"https:\/\/kibrisdakik.com\/?p=81269#breadcrumb"},"inLanguage":"tr","potentialAction":[{"@type":"ReadAction","target":["https:\/\/kibrisdakik.com\/?p=81269"]}]},{"@type":"ImageObject","inLanguage":"tr","@id":"https:\/\/kibrisdakik.com\/?p=81269#primaryimage","url":"https:\/\/kibrisdakik.com\/wp-content\/uploads\/2025\/04\/558647884-740x420.jpg","contentUrl":"https:\/\/kibrisdakik.com\/wp-content\/uploads\/2025\/04\/558647884-740x420.jpg","width":819,"height":546},{"@type":"BreadcrumbList","@id":"https:\/\/kibrisdakik.com\/?p=81269#breadcrumb","itemListElement":[{"@type":"ListItem","position":1,"name":"Home","item":"https:\/\/kibrisdakik.com\/"},{"@type":"ListItem","position":2,"name":"Cumhurba\u015fkan\u0131 Tatar:K\u0131br\u0131s T\u00fcrk\u00fc ya\u015fam m\u00fccadelesinde her zaman de\u011ferlerine sahip \u00e7\u0131kt\u0131"}]},{"@type":"WebSite","@id":"https:\/\/kibrisdakik.com\/#website","url":"https:\/\/kibrisdakik.com\/","name":"","description":"Tam vaktinde haber","potentialAction":[{"@type":"SearchAction","target":{"@type":"EntryPoint","urlTemplate":"https:\/\/kibrisdakik.com\/?s={search_term_string}"},"query-input":{"@type":"PropertyValueSpecification","valueRequired":true,"valueName":"search_term_string"}}],"inLanguage":"tr"},{"@type":"Person","@id":"https:\/\/kibrisdakik.com\/#\/schema\/person\/9cd9d437bbb44f72b73ba127e06d8e79","name":"admin","image":{"@type":"ImageObject","inLanguage":"tr","@id":"https:\/\/secure.gravatar.com\/avatar\/ccc17943b9d660506c869530f897617f7cb1c21a4bf30023f252596d83e1f007?s=96&d=mm&r=g","url":"https:\/\/secure.gravatar.com\/avatar\/ccc17943b9d660506c869530f897617f7cb1c21a4bf30023f252596d83e1f007?s=96&d=mm&r=g","contentUrl":"https:\/\/secure.gravatar.com\/avatar\/ccc17943b9d660506c869530f897617f7cb1c21a4bf30023f252596d83e1f007?s=96&d=mm&r=g","caption":"admin"},"sameAs":["https:\/\/kibrisdakik.com"],"url":"https:\/\/kibrisdakik.com\/?author=1"}]}},"_links":{"self":[{"href":"https:\/\/kibrisdakik.com\/index.php?rest_route=\/wp\/v2\/posts\/81269","targetHints":{"allow":["GET"]}}],"collection":[{"href":"https:\/\/kibrisdakik.com\/index.php?rest_route=\/wp\/v2\/posts"}],"about":[{"href":"https:\/\/kibrisdakik.com\/index.php?rest_route=\/wp\/v2\/types\/post"}],"author":[{"embeddable":true,"href":"https:\/\/kibrisdakik.com\/index.php?rest_route=\/wp\/v2\/users\/1"}],"replies":[{"embeddable":true,"href":"https:\/\/kibrisdakik.com\/index.php?rest_route=%2Fwp%2Fv2%2Fcomments&post=81269"}],"version-history":[{"count":0,"href":"https:\/\/kibrisdakik.com\/index.php?rest_route=\/wp\/v2\/posts\/81269\/revisions"}],"wp:featuredmedia":[{"embeddable":true,"href":"https:\/\/kibrisdakik.com\/index.php?rest_route=\/wp\/v2\/media\/81270"}],"wp:attachment":[{"href":"https:\/\/kibrisdakik.com\/index.php?rest_route=%2Fwp%2Fv2%2Fmedia&parent=81269"}],"wp:term":[{"taxonomy":"category","embeddable":true,"href":"https:\/\/kibrisdakik.com\/index.php?rest_route=%2Fwp%2Fv2%2Fcategories&post=81269"},{"taxonomy":"post_tag","embeddable":true,"href":"https:\/\/kibrisdakik.com\/index.php?rest_route=%2Fwp%2Fv2%2Ftags&post=81269"}],"curies":[{"name":"wp","href":"https:\/\/api.w.org\/{rel}","templated":true}]}}