{"id":81283,"date":"2025-04-27T11:45:00","date_gmt":"2025-04-27T08:45:00","guid":{"rendered":"https:\/\/kibrisdakik.com\/index.php\/2025\/04\/27\/bm-bugun-gazzede-insanlar-hayatta-kalamiyor\/"},"modified":"2025-04-27T11:45:00","modified_gmt":"2025-04-27T08:45:00","slug":"bm-bugun-gazzede-insanlar-hayatta-kalamiyor","status":"publish","type":"post","link":"https:\/\/kibrisdakik.com\/?p=81283","title":{"rendered":"BM: \u201cBug\u00fcn, Gazze\u2019de insanlar hayatta kalam\u0131yor\u201d"},"content":{"rendered":"<p><\/p>\n<div>\n<div class=\"mariselle-image-container center\">\n                <img loading=\"lazy\" decoding=\"async\" width=\"1280\" height=\"720\" class=\"lazy-image\" alt=\"\" sizes=\"auto, (max-width: 1280px) 100vw, 1280px\" src=\"https:\/\/brtk.net\/wp-content\/uploads\/2025\/04\/27\/1745743051542BM.jpg?ver=a74445a8e020ef02fe8b538de87de66a\" srcset=\"https:\/\/brtk.net\/wp-content\/uploads\/2025\/04\/27\/1745743051542BM.jpg?ver=a74445a8e020ef02fe8b538de87de66a 1280w, https:\/\/brtk.net\/wp-content\/uploads\/2025\/04\/27\/1745743051542BM-300x169.jpg?ver=f2812bfbade0612d232a12c916768aaa 300w, https:\/\/brtk.net\/wp-content\/uploads\/2025\/04\/27\/1745743051542BM-1024x576.jpg?ver=f2812bfbade0612d232a12c916768aaa 1024w, https:\/\/brtk.net\/wp-content\/uploads\/2025\/04\/27\/1745743051542BM-768x432.jpg?ver=f2812bfbade0612d232a12c916768aaa 768w\"\/>                            <\/div>\n<p>Birle\u015fmi\u015f Milletler (BM) \u0130nsani \u0130\u015fler Koordinasyon Ofisi\u2019nin (OCHA) i\u015fgal alt\u0131ndaki Filistin topraklar\u0131ndaki k\u0131demli insani i\u015fler g\u00f6revlisi Jonathan Whittall, Gazze\u2019de gelecek g\u00fcnlerin kritik olaca\u011f\u0131n\u0131 belirterek, \u201cBug\u00fcn, Gazze\u2019de insanlar hayatta kalam\u0131yor.\u201d dedi.<\/p>\n<p>BM\u2019nin \u201cUN News\u201d sitesindeki haberine g\u00f6re, Whittall, Gazze\u2019de gazetecilere m\u00fclakat verdi.<\/p>\n<p>Whittall, \u201cGazze\u2019de gelecek g\u00fcnler kritik olacak. Bug\u00fcn, Gazze\u2019de insanlar hayatta kalam\u0131yor. Bombalar ve mermilerle \u00f6ld\u00fcr\u00fclmeyenler yava\u015f\u00e7a \u00f6l\u00fcyor.\u201d ifadelerini kulland\u0131.<\/p>\n<p>Gazze\u2019de insani yard\u0131m kurulu\u015flar\u0131n\u0131n, tedarik hatlar\u0131n\u0131n yok olmas\u0131 nedeniyle sivillerin artan ihtiya\u00e7lar\u0131 kar\u015f\u0131layamad\u0131\u011f\u0131n\u0131 aktaran Whittall, hastanelerin yetersiz kald\u0131\u011f\u0131n\u0131, t\u0131bbi malzemelerin de t\u00fckenmek \u00fczere oldu\u011funu kaydetti.<\/p>\n<p>Whittall, yerinden edilen ailelerin bar\u0131nacak yerinin kalmad\u0131\u011f\u0131na dikkati \u00e7ekerek, kat\u0131 at\u0131klar\u0131n sokaklarda birikti\u011fini, temizlemek i\u00e7in malzeme olmad\u0131\u011f\u0131n\u0131 da belirtti.<\/p>\n<p>Yak\u0131t olmadan kurtarma \u00e7al\u0131\u015fmalar\u0131n\u0131n \u201cimkans\u0131z oldu\u011funu\u201d, okullar\u0131n y\u0131k\u0131ld\u0131\u011f\u0131n\u0131 ya da kullan\u0131lamaz halde oldu\u011funun alt\u0131n\u0131 \u00e7izen Whittall, \u201cGazze\u2019de bug\u00fcn hi\u00e7bir yer g\u00fcvenli de\u011fil.\u201d \u015feklinde konu\u015ftu.<\/p>\n<p>\u2013 \u201cS\u0131n\u0131r tan\u0131mayan bir sava\u015f\u201d benzetmesi<\/p>\n<p>\u201cSiviller gibi insani yard\u0131m personeli, ilk yard\u0131m ekipleri ve gazeteciler de korunmal\u0131 ancak s\u0131n\u0131r tan\u0131mayan bir sava\u015fta \u00f6ld\u00fcr\u00fcl\u00fcyoruz.\u201d diye konu\u015fan Whittall, Gazze\u2019deki durumun sava\u015fa dahi benzemedi\u011fini vurgulad\u0131.<\/p>\n<p>Whittall, \u201cGazze\u2019deki insanlar bana bunun, gazeteciler taraf\u0131ndan her g\u00fcn kay\u0131t alt\u0131na al\u0131narak Filistinlilerin hayat\u0131n\u0131n herkesin g\u00f6z\u00fc \u00f6n\u00fcnde, apa\u00e7\u0131k kas\u0131tl\u0131 olarak yok edilmesi gibi hissettirdi\u011fini s\u00f6yl\u00fcyor.\u201d ifadesini kulland\u0131.<\/p>\n<p>\u0130nsani yard\u0131m\u0131n engellenmesinin silah olarak kullan\u0131ld\u0131\u011f\u0131na dikkati \u00e7eken Whittall, \u201c\u0130nsani yard\u0131mdan yoksun b\u0131rakmak me\u015frula\u015ft\u0131r\u0131lamaz ve bu asla silah olarak kullan\u0131lmamal\u0131.\u201d dedi.<\/p>\n<p>Whittall, insani yard\u0131mlar\u0131n \u00f6n\u00fcndeki engellerin kald\u0131r\u0131lmas\u0131 \u00e7a\u011fr\u0131s\u0131nda bulundu.<\/p>\n<p>\u2013 Gazze\u2019de \u00e7ocuklarda yetersiz beslenme oran\u0131 art\u0131yor<\/p>\n<p>OCHA\u2019dan yap\u0131lan yaz\u0131l\u0131 a\u00e7\u0131klamada, Gazze\u2019nin kuzeyinde muayene edilen yakla\u015f\u0131k 1300 \u00e7ocu\u011fun 80\u2019inde akut yetersiz beslenme g\u00f6r\u00fcld\u00fc\u011f\u00fc kaydedilmi\u015fti.<\/p>\n<p>A\u00e7\u0131klamada, Gazze\u2019de g\u0131dan\u0131n ciddi oranda azald\u0131\u011f\u0131, \u00f6zellikle \u00e7ocuklarda yetersiz beslenmenin h\u0131zl\u0131 art\u0131\u015f g\u00f6sterdi\u011fi vurgulanm\u0131\u015ft\u0131.<\/p>\n<\/p><\/div>\n<p><script async\n                    defer\n                    crossorigin=\"anonymous\"\n                    src=\"https:\/\/connect.facebook.net\/tr_TR\/sdk.js#xfbml=1&#038;version=v3.3\"\n            ><\/script><\/p>\n","protected":false},"excerpt":{"rendered":"<p>Birle\u015fmi\u015f Milletler (BM) \u0130nsani \u0130\u015fler Koordinasyon Ofisi\u2019nin (OCHA) i\u015fgal alt\u0131ndaki Filistin topraklar\u0131ndaki k\u0131demli insani i\u015fler g\u00f6revlisi Jonathan Whittall, Gazze\u2019de gelecek g\u00fcnlerin kritik olaca\u011f\u0131n\u0131 belirterek, \u201cBug\u00fcn, Gazze\u2019de insanlar hayatta kalam\u0131yor.\u201d dedi. BM\u2019nin \u201cUN News\u201d sitesindeki haberine g\u00f6re, Whittall, Gazze\u2019de gazetecilere m\u00fclakat verdi. Whittall, \u201cGazze\u2019de gelecek g\u00fcnler kritik olacak. Bug\u00fcn, Gazze\u2019de insanlar hayatta kalam\u0131yor. Bombalar ve mermilerle<\/p>\n","protected":false},"author":1,"featured_media":81284,"comment_status":"open","ping_status":"open","sticky":false,"template":"","format":"standard","meta":{"footnotes":""},"categories":[1],"tags":[],"class_list":["post-81283","post","type-post","status-publish","format-standard","has-post-thumbnail","hentry","category-gundem"],"yoast_head":"<!-- This site is optimized with the Yoast SEO plugin v27.5 - https:\/\/yoast.com\/product\/yoast-seo-wordpress\/ -->\n<title>BM: \u201cBug\u00fcn, Gazze\u2019de insanlar hayatta kalam\u0131yor\u201d -<\/title>\n<meta name=\"robots\" content=\"index, follow, max-snippet:-1, max-image-preview:large, max-video-preview:-1\" \/>\n<link rel=\"canonical\" href=\"https:\/\/kibrisdakik.com\/?p=81283\" \/>\n<meta property=\"og:locale\" content=\"tr_TR\" \/>\n<meta property=\"og:type\" content=\"article\" \/>\n<meta property=\"og:title\" content=\"BM: \u201cBug\u00fcn, Gazze\u2019de insanlar hayatta kalam\u0131yor\u201d -\" \/>\n<meta property=\"og:description\" content=\"Birle\u015fmi\u015f Milletler (BM) \u0130nsani \u0130\u015fler Koordinasyon Ofisi\u2019nin (OCHA) i\u015fgal alt\u0131ndaki Filistin topraklar\u0131ndaki k\u0131demli insani i\u015fler g\u00f6revlisi Jonathan Whittall, Gazze\u2019de gelecek g\u00fcnlerin kritik olaca\u011f\u0131n\u0131 belirterek, \u201cBug\u00fcn, Gazze\u2019de insanlar hayatta kalam\u0131yor.\u201d dedi. BM\u2019nin \u201cUN News\u201d sitesindeki haberine g\u00f6re, Whittall, Gazze\u2019de gazetecilere m\u00fclakat verdi. Whittall, \u201cGazze\u2019de gelecek g\u00fcnler kritik olacak. Bug\u00fcn, Gazze\u2019de insanlar hayatta kalam\u0131yor. Bombalar ve mermilerle\" \/>\n<meta property=\"og:url\" content=\"https:\/\/kibrisdakik.com\/?p=81283\" \/>\n<meta property=\"article:published_time\" content=\"2025-04-27T08:45:00+00:00\" \/>\n<meta property=\"og:image\" content=\"https:\/\/kibrisdakik.com\/wp-content\/uploads\/2025\/04\/1745743051542BM-740x420.jpg\" \/>\n\t<meta property=\"og:image:width\" content=\"1280\" \/>\n\t<meta property=\"og:image:height\" content=\"720\" \/>\n\t<meta property=\"og:image:type\" content=\"image\/jpeg\" \/>\n<meta name=\"author\" content=\"admin\" \/>\n<meta name=\"twitter:card\" content=\"summary_large_image\" \/>\n<meta name=\"twitter:label1\" content=\"Yazan:\" \/>\n\t<meta name=\"twitter:data1\" content=\"admin\" \/>\n\t<meta name=\"twitter:label2\" content=\"Tahmini okuma s\u00fcresi\" \/>\n\t<meta name=\"twitter:data2\" content=\"2 dakika\" \/>\n<script type=\"application\/ld+json\" class=\"yoast-schema-graph\">{\"@context\":\"https:\\\/\\\/schema.org\",\"@graph\":[{\"@type\":\"Article\",\"@id\":\"https:\\\/\\\/kibrisdakik.com\\\/?p=81283#article\",\"isPartOf\":{\"@id\":\"https:\\\/\\\/kibrisdakik.com\\\/?p=81283\"},\"author\":{\"name\":\"admin\",\"@id\":\"https:\\\/\\\/kibrisdakik.com\\\/#\\\/schema\\\/person\\\/9cd9d437bbb44f72b73ba127e06d8e79\"},\"headline\":\"BM: \u201cBug\u00fcn, Gazze\u2019de insanlar hayatta kalam\u0131yor\u201d\",\"datePublished\":\"2025-04-27T08:45:00+00:00\",\"mainEntityOfPage\":{\"@id\":\"https:\\\/\\\/kibrisdakik.com\\\/?p=81283\"},\"wordCount\":398,\"commentCount\":0,\"image\":{\"@id\":\"https:\\\/\\\/kibrisdakik.com\\\/?p=81283#primaryimage\"},\"thumbnailUrl\":\"https:\\\/\\\/kibrisdakik.com\\\/wp-content\\\/uploads\\\/2025\\\/04\\\/1745743051542BM-740x420.jpg\",\"articleSection\":[\"G\u00fcndem\"],\"inLanguage\":\"tr\",\"potentialAction\":[{\"@type\":\"CommentAction\",\"name\":\"Comment\",\"target\":[\"https:\\\/\\\/kibrisdakik.com\\\/?p=81283#respond\"]}]},{\"@type\":\"WebPage\",\"@id\":\"https:\\\/\\\/kibrisdakik.com\\\/?p=81283\",\"url\":\"https:\\\/\\\/kibrisdakik.com\\\/?p=81283\",\"name\":\"BM: \u201cBug\u00fcn, Gazze\u2019de insanlar hayatta kalam\u0131yor\u201d -\",\"isPartOf\":{\"@id\":\"https:\\\/\\\/kibrisdakik.com\\\/#website\"},\"primaryImageOfPage\":{\"@id\":\"https:\\\/\\\/kibrisdakik.com\\\/?p=81283#primaryimage\"},\"image\":{\"@id\":\"https:\\\/\\\/kibrisdakik.com\\\/?p=81283#primaryimage\"},\"thumbnailUrl\":\"https:\\\/\\\/kibrisdakik.com\\\/wp-content\\\/uploads\\\/2025\\\/04\\\/1745743051542BM-740x420.jpg\",\"datePublished\":\"2025-04-27T08:45:00+00:00\",\"author\":{\"@id\":\"https:\\\/\\\/kibrisdakik.com\\\/#\\\/schema\\\/person\\\/9cd9d437bbb44f72b73ba127e06d8e79\"},\"breadcrumb\":{\"@id\":\"https:\\\/\\\/kibrisdakik.com\\\/?p=81283#breadcrumb\"},\"inLanguage\":\"tr\",\"potentialAction\":[{\"@type\":\"ReadAction\",\"target\":[\"https:\\\/\\\/kibrisdakik.com\\\/?p=81283\"]}]},{\"@type\":\"ImageObject\",\"inLanguage\":\"tr\",\"@id\":\"https:\\\/\\\/kibrisdakik.com\\\/?p=81283#primaryimage\",\"url\":\"https:\\\/\\\/kibrisdakik.com\\\/wp-content\\\/uploads\\\/2025\\\/04\\\/1745743051542BM-740x420.jpg\",\"contentUrl\":\"https:\\\/\\\/kibrisdakik.com\\\/wp-content\\\/uploads\\\/2025\\\/04\\\/1745743051542BM-740x420.jpg\",\"width\":1280,\"height\":720},{\"@type\":\"BreadcrumbList\",\"@id\":\"https:\\\/\\\/kibrisdakik.com\\\/?p=81283#breadcrumb\",\"itemListElement\":[{\"@type\":\"ListItem\",\"position\":1,\"name\":\"Home\",\"item\":\"https:\\\/\\\/kibrisdakik.com\\\/\"},{\"@type\":\"ListItem\",\"position\":2,\"name\":\"BM: \u201cBug\u00fcn, Gazze\u2019de insanlar hayatta kalam\u0131yor\u201d\"}]},{\"@type\":\"WebSite\",\"@id\":\"https:\\\/\\\/kibrisdakik.com\\\/#website\",\"url\":\"https:\\\/\\\/kibrisdakik.com\\\/\",\"name\":\"\",\"description\":\"Tam vaktinde haber\",\"potentialAction\":[{\"@type\":\"SearchAction\",\"target\":{\"@type\":\"EntryPoint\",\"urlTemplate\":\"https:\\\/\\\/kibrisdakik.com\\\/?s={search_term_string}\"},\"query-input\":{\"@type\":\"PropertyValueSpecification\",\"valueRequired\":true,\"valueName\":\"search_term_string\"}}],\"inLanguage\":\"tr\"},{\"@type\":\"Person\",\"@id\":\"https:\\\/\\\/kibrisdakik.com\\\/#\\\/schema\\\/person\\\/9cd9d437bbb44f72b73ba127e06d8e79\",\"name\":\"admin\",\"image\":{\"@type\":\"ImageObject\",\"inLanguage\":\"tr\",\"@id\":\"https:\\\/\\\/secure.gravatar.com\\\/avatar\\\/ccc17943b9d660506c869530f897617f7cb1c21a4bf30023f252596d83e1f007?s=96&d=mm&r=g\",\"url\":\"https:\\\/\\\/secure.gravatar.com\\\/avatar\\\/ccc17943b9d660506c869530f897617f7cb1c21a4bf30023f252596d83e1f007?s=96&d=mm&r=g\",\"contentUrl\":\"https:\\\/\\\/secure.gravatar.com\\\/avatar\\\/ccc17943b9d660506c869530f897617f7cb1c21a4bf30023f252596d83e1f007?s=96&d=mm&r=g\",\"caption\":\"admin\"},\"sameAs\":[\"https:\\\/\\\/kibrisdakik.com\"],\"url\":\"https:\\\/\\\/kibrisdakik.com\\\/?author=1\"}]}<\/script>\n<!-- \/ Yoast SEO plugin. -->","yoast_head_json":{"title":"BM: \u201cBug\u00fcn, Gazze\u2019de insanlar hayatta kalam\u0131yor\u201d -","robots":{"index":"index","follow":"follow","max-snippet":"max-snippet:-1","max-image-preview":"max-image-preview:large","max-video-preview":"max-video-preview:-1"},"canonical":"https:\/\/kibrisdakik.com\/?p=81283","og_locale":"tr_TR","og_type":"article","og_title":"BM: \u201cBug\u00fcn, Gazze\u2019de insanlar hayatta kalam\u0131yor\u201d -","og_description":"Birle\u015fmi\u015f Milletler (BM) \u0130nsani \u0130\u015fler Koordinasyon Ofisi\u2019nin (OCHA) i\u015fgal alt\u0131ndaki Filistin topraklar\u0131ndaki k\u0131demli insani i\u015fler g\u00f6revlisi Jonathan Whittall, Gazze\u2019de gelecek g\u00fcnlerin kritik olaca\u011f\u0131n\u0131 belirterek, \u201cBug\u00fcn, Gazze\u2019de insanlar hayatta kalam\u0131yor.\u201d dedi. BM\u2019nin \u201cUN News\u201d sitesindeki haberine g\u00f6re, Whittall, Gazze\u2019de gazetecilere m\u00fclakat verdi. Whittall, \u201cGazze\u2019de gelecek g\u00fcnler kritik olacak. Bug\u00fcn, Gazze\u2019de insanlar hayatta kalam\u0131yor. Bombalar ve mermilerle","og_url":"https:\/\/kibrisdakik.com\/?p=81283","article_published_time":"2025-04-27T08:45:00+00:00","og_image":[{"width":1280,"height":720,"url":"https:\/\/kibrisdakik.com\/wp-content\/uploads\/2025\/04\/1745743051542BM-740x420.jpg","type":"image\/jpeg"}],"author":"admin","twitter_card":"summary_large_image","twitter_misc":{"Yazan:":"admin","Tahmini okuma s\u00fcresi":"2 dakika"},"schema":{"@context":"https:\/\/schema.org","@graph":[{"@type":"Article","@id":"https:\/\/kibrisdakik.com\/?p=81283#article","isPartOf":{"@id":"https:\/\/kibrisdakik.com\/?p=81283"},"author":{"name":"admin","@id":"https:\/\/kibrisdakik.com\/#\/schema\/person\/9cd9d437bbb44f72b73ba127e06d8e79"},"headline":"BM: \u201cBug\u00fcn, Gazze\u2019de insanlar hayatta kalam\u0131yor\u201d","datePublished":"2025-04-27T08:45:00+00:00","mainEntityOfPage":{"@id":"https:\/\/kibrisdakik.com\/?p=81283"},"wordCount":398,"commentCount":0,"image":{"@id":"https:\/\/kibrisdakik.com\/?p=81283#primaryimage"},"thumbnailUrl":"https:\/\/kibrisdakik.com\/wp-content\/uploads\/2025\/04\/1745743051542BM-740x420.jpg","articleSection":["G\u00fcndem"],"inLanguage":"tr","potentialAction":[{"@type":"CommentAction","name":"Comment","target":["https:\/\/kibrisdakik.com\/?p=81283#respond"]}]},{"@type":"WebPage","@id":"https:\/\/kibrisdakik.com\/?p=81283","url":"https:\/\/kibrisdakik.com\/?p=81283","name":"BM: \u201cBug\u00fcn, Gazze\u2019de insanlar hayatta kalam\u0131yor\u201d -","isPartOf":{"@id":"https:\/\/kibrisdakik.com\/#website"},"primaryImageOfPage":{"@id":"https:\/\/kibrisdakik.com\/?p=81283#primaryimage"},"image":{"@id":"https:\/\/kibrisdakik.com\/?p=81283#primaryimage"},"thumbnailUrl":"https:\/\/kibrisdakik.com\/wp-content\/uploads\/2025\/04\/1745743051542BM-740x420.jpg","datePublished":"2025-04-27T08:45:00+00:00","author":{"@id":"https:\/\/kibrisdakik.com\/#\/schema\/person\/9cd9d437bbb44f72b73ba127e06d8e79"},"breadcrumb":{"@id":"https:\/\/kibrisdakik.com\/?p=81283#breadcrumb"},"inLanguage":"tr","potentialAction":[{"@type":"ReadAction","target":["https:\/\/kibrisdakik.com\/?p=81283"]}]},{"@type":"ImageObject","inLanguage":"tr","@id":"https:\/\/kibrisdakik.com\/?p=81283#primaryimage","url":"https:\/\/kibrisdakik.com\/wp-content\/uploads\/2025\/04\/1745743051542BM-740x420.jpg","contentUrl":"https:\/\/kibrisdakik.com\/wp-content\/uploads\/2025\/04\/1745743051542BM-740x420.jpg","width":1280,"height":720},{"@type":"BreadcrumbList","@id":"https:\/\/kibrisdakik.com\/?p=81283#breadcrumb","itemListElement":[{"@type":"ListItem","position":1,"name":"Home","item":"https:\/\/kibrisdakik.com\/"},{"@type":"ListItem","position":2,"name":"BM: \u201cBug\u00fcn, Gazze\u2019de insanlar hayatta kalam\u0131yor\u201d"}]},{"@type":"WebSite","@id":"https:\/\/kibrisdakik.com\/#website","url":"https:\/\/kibrisdakik.com\/","name":"","description":"Tam vaktinde haber","potentialAction":[{"@type":"SearchAction","target":{"@type":"EntryPoint","urlTemplate":"https:\/\/kibrisdakik.com\/?s={search_term_string}"},"query-input":{"@type":"PropertyValueSpecification","valueRequired":true,"valueName":"search_term_string"}}],"inLanguage":"tr"},{"@type":"Person","@id":"https:\/\/kibrisdakik.com\/#\/schema\/person\/9cd9d437bbb44f72b73ba127e06d8e79","name":"admin","image":{"@type":"ImageObject","inLanguage":"tr","@id":"https:\/\/secure.gravatar.com\/avatar\/ccc17943b9d660506c869530f897617f7cb1c21a4bf30023f252596d83e1f007?s=96&d=mm&r=g","url":"https:\/\/secure.gravatar.com\/avatar\/ccc17943b9d660506c869530f897617f7cb1c21a4bf30023f252596d83e1f007?s=96&d=mm&r=g","contentUrl":"https:\/\/secure.gravatar.com\/avatar\/ccc17943b9d660506c869530f897617f7cb1c21a4bf30023f252596d83e1f007?s=96&d=mm&r=g","caption":"admin"},"sameAs":["https:\/\/kibrisdakik.com"],"url":"https:\/\/kibrisdakik.com\/?author=1"}]}},"_links":{"self":[{"href":"https:\/\/kibrisdakik.com\/index.php?rest_route=\/wp\/v2\/posts\/81283","targetHints":{"allow":["GET"]}}],"collection":[{"href":"https:\/\/kibrisdakik.com\/index.php?rest_route=\/wp\/v2\/posts"}],"about":[{"href":"https:\/\/kibrisdakik.com\/index.php?rest_route=\/wp\/v2\/types\/post"}],"author":[{"embeddable":true,"href":"https:\/\/kibrisdakik.com\/index.php?rest_route=\/wp\/v2\/users\/1"}],"replies":[{"embeddable":true,"href":"https:\/\/kibrisdakik.com\/index.php?rest_route=%2Fwp%2Fv2%2Fcomments&post=81283"}],"version-history":[{"count":0,"href":"https:\/\/kibrisdakik.com\/index.php?rest_route=\/wp\/v2\/posts\/81283\/revisions"}],"wp:featuredmedia":[{"embeddable":true,"href":"https:\/\/kibrisdakik.com\/index.php?rest_route=\/wp\/v2\/media\/81284"}],"wp:attachment":[{"href":"https:\/\/kibrisdakik.com\/index.php?rest_route=%2Fwp%2Fv2%2Fmedia&parent=81283"}],"wp:term":[{"taxonomy":"category","embeddable":true,"href":"https:\/\/kibrisdakik.com\/index.php?rest_route=%2Fwp%2Fv2%2Fcategories&post=81283"},{"taxonomy":"post_tag","embeddable":true,"href":"https:\/\/kibrisdakik.com\/index.php?rest_route=%2Fwp%2Fv2%2Ftags&post=81283"}],"curies":[{"name":"wp","href":"https:\/\/api.w.org\/{rel}","templated":true}]}}