{"id":81290,"date":"2025-04-28T11:11:42","date_gmt":"2025-04-28T08:11:42","guid":{"rendered":"https:\/\/kibrisdakik.com\/index.php\/2025\/04\/28\/iki-ogretmen-sendikasinin-disiplin-tuzugundeki-yapilan-degisikliklerin-iptali-icin-acilan-davanin-ilk-durusmasi-yapildi\/"},"modified":"2025-04-28T11:11:42","modified_gmt":"2025-04-28T08:11:42","slug":"iki-ogretmen-sendikasinin-disiplin-tuzugundeki-yapilan-degisikliklerin-iptali-icin-acilan-davanin-ilk-durusmasi-yapildi","status":"publish","type":"post","link":"https:\/\/kibrisdakik.com\/?p=81290","title":{"rendered":"\u0130ki \u00f6\u011fretmen sendikas\u0131n\u0131n, Disiplin T\u00fcz\u00fc\u011f\u00fc\u2019ndeki yap\u0131lan de\u011fi\u015fikliklerin iptali i\u00e7in a\u00e7\u0131lan davan\u0131n ilk duru\u015fmas\u0131 yap\u0131ld\u0131"},"content":{"rendered":"<div>\n<div class=\"mariselle-image-container center\">\n                                            <\/div>\n<p>K\u0131br\u0131s T\u00fcrk \u00d6\u011fretmenler Sendikas\u0131 ile K\u0131br\u0131s T\u00fcrk Orta E\u011fitim \u00d6\u011fretmenler Sendikas\u0131\u2019n\u0131n Disiplin T\u00fcz\u00fc\u011f\u00fc\u2019nde yap\u0131lan de\u011fi\u015fikliklerin iptali i\u00e7in Anayasa Mahmekesi\u2019nde a\u00e7t\u0131\u011f\u0131 davan\u0131n ilk duru\u015fmas\u0131 bug\u00fcn yap\u0131ld\u0131.<\/p>\n<p>Anayasa Mahkemesi Y\u00fcksek Mahkeme Ba\u015fkan\u0131 Bertan \u00d6zerda\u011f ba\u015fkanl\u0131\u011f\u0131nda toplanan mahkemede sendikalar\u0131n avukat\u0131 \u00d6ncel Polili\u2019de haz\u0131r bulundu.<br \/>Anayasa Mahkemesi Y\u00fcksek Mahkeme Ba\u015fkan\u0131\u00d6zerda\u011f, davay\u0131 ara emrine itiraz ve davaya m\u00fcdafaa dosyalanmas\u0131 i\u00e7in 15 May\u0131s Sal\u0131 sabah saat 09.30\u2019a erteledi.<\/p>\n<p>\u00d6zerda\u011f, 15 May\u0131s Sal\u0131 g\u00fcn\u00fc taraflar\u0131n haz\u0131rl\u0131klar\u0131n\u0131 tamamlamalar\u0131 halinde davan\u0131n esas\u0131n\u0131n g\u00f6r\u00fc\u015f\u00fclmesine de karar verdi.<\/p>\n<\/p><\/div>\n<p><script async\n                    defer\n                    crossorigin=\"anonymous\"\n                    src=\"https:\/\/connect.facebook.net\/tr_TR\/sdk.js#xfbml=1&#038;version=v3.3\"\n            ><\/script><\/p>\n","protected":false},"excerpt":{"rendered":"<p>K\u0131br\u0131s T\u00fcrk \u00d6\u011fretmenler Sendikas\u0131 ile K\u0131br\u0131s T\u00fcrk Orta E\u011fitim \u00d6\u011fretmenler Sendikas\u0131\u2019n\u0131n Disiplin T\u00fcz\u00fc\u011f\u00fc\u2019nde yap\u0131lan de\u011fi\u015fikliklerin iptali i\u00e7in Anayasa Mahmekesi\u2019nde a\u00e7t\u0131\u011f\u0131 davan\u0131n ilk duru\u015fmas\u0131 bug\u00fcn yap\u0131ld\u0131. Anayasa Mahkemesi Y\u00fcksek Mahkeme Ba\u015fkan\u0131 Bertan \u00d6zerda\u011f ba\u015fkanl\u0131\u011f\u0131nda toplanan mahkemede sendikalar\u0131n avukat\u0131 \u00d6ncel Polili\u2019de haz\u0131r bulundu.Anayasa Mahkemesi Y\u00fcksek Mahkeme Ba\u015fkan\u0131\u00d6zerda\u011f, davay\u0131 ara emrine itiraz ve davaya m\u00fcdafaa dosyalanmas\u0131 i\u00e7in 15<\/p>\n","protected":false},"author":1,"featured_media":81291,"comment_status":"open","ping_status":"open","sticky":false,"template":"","format":"standard","meta":{"footnotes":""},"categories":[81,101],"tags":[],"class_list":["post-81290","post","type-post","status-publish","format-standard","has-post-thumbnail","hentry","category-kibris","category-manset"],"yoast_head":"<!-- This site is optimized with the Yoast SEO plugin v27.4 - https:\/\/yoast.com\/product\/yoast-seo-wordpress\/ -->\n<title>\u0130ki \u00f6\u011fretmen sendikas\u0131n\u0131n, Disiplin T\u00fcz\u00fc\u011f\u00fc\u2019ndeki yap\u0131lan de\u011fi\u015fikliklerin iptali i\u00e7in a\u00e7\u0131lan davan\u0131n ilk duru\u015fmas\u0131 yap\u0131ld\u0131 -<\/title>\n<meta name=\"robots\" content=\"index, follow, max-snippet:-1, max-image-preview:large, max-video-preview:-1\" \/>\n<link rel=\"canonical\" href=\"https:\/\/kibrisdakik.com\/?p=81290\" \/>\n<meta property=\"og:locale\" content=\"tr_TR\" \/>\n<meta property=\"og:type\" content=\"article\" \/>\n<meta property=\"og:title\" content=\"\u0130ki \u00f6\u011fretmen sendikas\u0131n\u0131n, Disiplin T\u00fcz\u00fc\u011f\u00fc\u2019ndeki yap\u0131lan de\u011fi\u015fikliklerin iptali i\u00e7in a\u00e7\u0131lan davan\u0131n ilk duru\u015fmas\u0131 yap\u0131ld\u0131 -\" \/>\n<meta property=\"og:description\" content=\"K\u0131br\u0131s T\u00fcrk \u00d6\u011fretmenler Sendikas\u0131 ile K\u0131br\u0131s T\u00fcrk Orta E\u011fitim \u00d6\u011fretmenler Sendikas\u0131\u2019n\u0131n Disiplin T\u00fcz\u00fc\u011f\u00fc\u2019nde yap\u0131lan de\u011fi\u015fikliklerin iptali i\u00e7in Anayasa Mahmekesi\u2019nde a\u00e7t\u0131\u011f\u0131 davan\u0131n ilk duru\u015fmas\u0131 bug\u00fcn yap\u0131ld\u0131. Anayasa Mahkemesi Y\u00fcksek Mahkeme Ba\u015fkan\u0131 Bertan \u00d6zerda\u011f ba\u015fkanl\u0131\u011f\u0131nda toplanan mahkemede sendikalar\u0131n avukat\u0131 \u00d6ncel Polili\u2019de haz\u0131r bulundu.Anayasa Mahkemesi Y\u00fcksek Mahkeme Ba\u015fkan\u0131\u00d6zerda\u011f, davay\u0131 ara emrine itiraz ve davaya m\u00fcdafaa dosyalanmas\u0131 i\u00e7in 15\" \/>\n<meta property=\"og:url\" content=\"https:\/\/kibrisdakik.com\/?p=81290\" \/>\n<meta property=\"article:published_time\" content=\"2025-04-28T08:11:42+00:00\" \/>\n<meta property=\"og:image\" content=\"https:\/\/kibrisdakik.com\/wp-content\/uploads\/2025\/04\/174582609672250513ae7-221f-4ec8-bc87-8f4e607fb307-740x420.jpg\" \/>\n\t<meta property=\"og:image:width\" content=\"1600\" \/>\n\t<meta property=\"og:image:height\" content=\"1126\" \/>\n\t<meta property=\"og:image:type\" content=\"image\/jpeg\" \/>\n<meta name=\"author\" content=\"admin\" \/>\n<meta name=\"twitter:card\" content=\"summary_large_image\" \/>\n<meta name=\"twitter:label1\" content=\"Yazan:\" \/>\n\t<meta name=\"twitter:data1\" content=\"admin\" \/>\n\t<meta name=\"twitter:label2\" content=\"Tahmini okuma s\u00fcresi\" \/>\n\t<meta name=\"twitter:data2\" content=\"1 dakika\" \/>\n<script type=\"application\/ld+json\" class=\"yoast-schema-graph\">{\"@context\":\"https:\\\/\\\/schema.org\",\"@graph\":[{\"@type\":\"Article\",\"@id\":\"https:\\\/\\\/kibrisdakik.com\\\/?p=81290#article\",\"isPartOf\":{\"@id\":\"https:\\\/\\\/kibrisdakik.com\\\/?p=81290\"},\"author\":{\"name\":\"admin\",\"@id\":\"https:\\\/\\\/kibrisdakik.com\\\/#\\\/schema\\\/person\\\/9cd9d437bbb44f72b73ba127e06d8e79\"},\"headline\":\"\u0130ki \u00f6\u011fretmen sendikas\u0131n\u0131n, Disiplin T\u00fcz\u00fc\u011f\u00fc\u2019ndeki yap\u0131lan de\u011fi\u015fikliklerin iptali i\u00e7in a\u00e7\u0131lan davan\u0131n ilk duru\u015fmas\u0131 yap\u0131ld\u0131\",\"datePublished\":\"2025-04-28T08:11:42+00:00\",\"mainEntityOfPage\":{\"@id\":\"https:\\\/\\\/kibrisdakik.com\\\/?p=81290\"},\"wordCount\":146,\"commentCount\":0,\"image\":{\"@id\":\"https:\\\/\\\/kibrisdakik.com\\\/?p=81290#primaryimage\"},\"thumbnailUrl\":\"https:\\\/\\\/kibrisdakik.com\\\/wp-content\\\/uploads\\\/2025\\\/04\\\/174582609672250513ae7-221f-4ec8-bc87-8f4e607fb307-740x420.jpg\",\"articleSection\":[\"K\u0131br\u0131s\",\"Man\u015fet\"],\"inLanguage\":\"tr\",\"potentialAction\":[{\"@type\":\"CommentAction\",\"name\":\"Comment\",\"target\":[\"https:\\\/\\\/kibrisdakik.com\\\/?p=81290#respond\"]}]},{\"@type\":\"WebPage\",\"@id\":\"https:\\\/\\\/kibrisdakik.com\\\/?p=81290\",\"url\":\"https:\\\/\\\/kibrisdakik.com\\\/?p=81290\",\"name\":\"\u0130ki \u00f6\u011fretmen sendikas\u0131n\u0131n, Disiplin T\u00fcz\u00fc\u011f\u00fc\u2019ndeki yap\u0131lan de\u011fi\u015fikliklerin iptali i\u00e7in a\u00e7\u0131lan davan\u0131n ilk duru\u015fmas\u0131 yap\u0131ld\u0131 -\",\"isPartOf\":{\"@id\":\"https:\\\/\\\/kibrisdakik.com\\\/#website\"},\"primaryImageOfPage\":{\"@id\":\"https:\\\/\\\/kibrisdakik.com\\\/?p=81290#primaryimage\"},\"image\":{\"@id\":\"https:\\\/\\\/kibrisdakik.com\\\/?p=81290#primaryimage\"},\"thumbnailUrl\":\"https:\\\/\\\/kibrisdakik.com\\\/wp-content\\\/uploads\\\/2025\\\/04\\\/174582609672250513ae7-221f-4ec8-bc87-8f4e607fb307-740x420.jpg\",\"datePublished\":\"2025-04-28T08:11:42+00:00\",\"author\":{\"@id\":\"https:\\\/\\\/kibrisdakik.com\\\/#\\\/schema\\\/person\\\/9cd9d437bbb44f72b73ba127e06d8e79\"},\"breadcrumb\":{\"@id\":\"https:\\\/\\\/kibrisdakik.com\\\/?p=81290#breadcrumb\"},\"inLanguage\":\"tr\",\"potentialAction\":[{\"@type\":\"ReadAction\",\"target\":[\"https:\\\/\\\/kibrisdakik.com\\\/?p=81290\"]}]},{\"@type\":\"ImageObject\",\"inLanguage\":\"tr\",\"@id\":\"https:\\\/\\\/kibrisdakik.com\\\/?p=81290#primaryimage\",\"url\":\"https:\\\/\\\/kibrisdakik.com\\\/wp-content\\\/uploads\\\/2025\\\/04\\\/174582609672250513ae7-221f-4ec8-bc87-8f4e607fb307-740x420.jpg\",\"contentUrl\":\"https:\\\/\\\/kibrisdakik.com\\\/wp-content\\\/uploads\\\/2025\\\/04\\\/174582609672250513ae7-221f-4ec8-bc87-8f4e607fb307-740x420.jpg\",\"width\":1600,\"height\":1126},{\"@type\":\"BreadcrumbList\",\"@id\":\"https:\\\/\\\/kibrisdakik.com\\\/?p=81290#breadcrumb\",\"itemListElement\":[{\"@type\":\"ListItem\",\"position\":1,\"name\":\"Home\",\"item\":\"https:\\\/\\\/kibrisdakik.com\\\/\"},{\"@type\":\"ListItem\",\"position\":2,\"name\":\"\u0130ki \u00f6\u011fretmen sendikas\u0131n\u0131n, Disiplin T\u00fcz\u00fc\u011f\u00fc\u2019ndeki yap\u0131lan de\u011fi\u015fikliklerin iptali i\u00e7in a\u00e7\u0131lan davan\u0131n ilk duru\u015fmas\u0131 yap\u0131ld\u0131\"}]},{\"@type\":\"WebSite\",\"@id\":\"https:\\\/\\\/kibrisdakik.com\\\/#website\",\"url\":\"https:\\\/\\\/kibrisdakik.com\\\/\",\"name\":\"\",\"description\":\"Tam vaktinde haber\",\"potentialAction\":[{\"@type\":\"SearchAction\",\"target\":{\"@type\":\"EntryPoint\",\"urlTemplate\":\"https:\\\/\\\/kibrisdakik.com\\\/?s={search_term_string}\"},\"query-input\":{\"@type\":\"PropertyValueSpecification\",\"valueRequired\":true,\"valueName\":\"search_term_string\"}}],\"inLanguage\":\"tr\"},{\"@type\":\"Person\",\"@id\":\"https:\\\/\\\/kibrisdakik.com\\\/#\\\/schema\\\/person\\\/9cd9d437bbb44f72b73ba127e06d8e79\",\"name\":\"admin\",\"image\":{\"@type\":\"ImageObject\",\"inLanguage\":\"tr\",\"@id\":\"https:\\\/\\\/secure.gravatar.com\\\/avatar\\\/ccc17943b9d660506c869530f897617f7cb1c21a4bf30023f252596d83e1f007?s=96&d=mm&r=g\",\"url\":\"https:\\\/\\\/secure.gravatar.com\\\/avatar\\\/ccc17943b9d660506c869530f897617f7cb1c21a4bf30023f252596d83e1f007?s=96&d=mm&r=g\",\"contentUrl\":\"https:\\\/\\\/secure.gravatar.com\\\/avatar\\\/ccc17943b9d660506c869530f897617f7cb1c21a4bf30023f252596d83e1f007?s=96&d=mm&r=g\",\"caption\":\"admin\"},\"sameAs\":[\"https:\\\/\\\/kibrisdakik.com\"],\"url\":\"https:\\\/\\\/kibrisdakik.com\\\/?author=1\"}]}<\/script>\n<!-- \/ Yoast SEO plugin. -->","yoast_head_json":{"title":"\u0130ki \u00f6\u011fretmen sendikas\u0131n\u0131n, Disiplin T\u00fcz\u00fc\u011f\u00fc\u2019ndeki yap\u0131lan de\u011fi\u015fikliklerin iptali i\u00e7in a\u00e7\u0131lan davan\u0131n ilk duru\u015fmas\u0131 yap\u0131ld\u0131 -","robots":{"index":"index","follow":"follow","max-snippet":"max-snippet:-1","max-image-preview":"max-image-preview:large","max-video-preview":"max-video-preview:-1"},"canonical":"https:\/\/kibrisdakik.com\/?p=81290","og_locale":"tr_TR","og_type":"article","og_title":"\u0130ki \u00f6\u011fretmen sendikas\u0131n\u0131n, Disiplin T\u00fcz\u00fc\u011f\u00fc\u2019ndeki yap\u0131lan de\u011fi\u015fikliklerin iptali i\u00e7in a\u00e7\u0131lan davan\u0131n ilk duru\u015fmas\u0131 yap\u0131ld\u0131 -","og_description":"K\u0131br\u0131s T\u00fcrk \u00d6\u011fretmenler Sendikas\u0131 ile K\u0131br\u0131s T\u00fcrk Orta E\u011fitim \u00d6\u011fretmenler Sendikas\u0131\u2019n\u0131n Disiplin T\u00fcz\u00fc\u011f\u00fc\u2019nde yap\u0131lan de\u011fi\u015fikliklerin iptali i\u00e7in Anayasa Mahmekesi\u2019nde a\u00e7t\u0131\u011f\u0131 davan\u0131n ilk duru\u015fmas\u0131 bug\u00fcn yap\u0131ld\u0131. Anayasa Mahkemesi Y\u00fcksek Mahkeme Ba\u015fkan\u0131 Bertan \u00d6zerda\u011f ba\u015fkanl\u0131\u011f\u0131nda toplanan mahkemede sendikalar\u0131n avukat\u0131 \u00d6ncel Polili\u2019de haz\u0131r bulundu.Anayasa Mahkemesi Y\u00fcksek Mahkeme Ba\u015fkan\u0131\u00d6zerda\u011f, davay\u0131 ara emrine itiraz ve davaya m\u00fcdafaa dosyalanmas\u0131 i\u00e7in 15","og_url":"https:\/\/kibrisdakik.com\/?p=81290","article_published_time":"2025-04-28T08:11:42+00:00","og_image":[{"width":1600,"height":1126,"url":"https:\/\/kibrisdakik.com\/wp-content\/uploads\/2025\/04\/174582609672250513ae7-221f-4ec8-bc87-8f4e607fb307-740x420.jpg","type":"image\/jpeg"}],"author":"admin","twitter_card":"summary_large_image","twitter_misc":{"Yazan:":"admin","Tahmini okuma s\u00fcresi":"1 dakika"},"schema":{"@context":"https:\/\/schema.org","@graph":[{"@type":"Article","@id":"https:\/\/kibrisdakik.com\/?p=81290#article","isPartOf":{"@id":"https:\/\/kibrisdakik.com\/?p=81290"},"author":{"name":"admin","@id":"https:\/\/kibrisdakik.com\/#\/schema\/person\/9cd9d437bbb44f72b73ba127e06d8e79"},"headline":"\u0130ki \u00f6\u011fretmen sendikas\u0131n\u0131n, Disiplin T\u00fcz\u00fc\u011f\u00fc\u2019ndeki yap\u0131lan de\u011fi\u015fikliklerin iptali i\u00e7in a\u00e7\u0131lan davan\u0131n ilk duru\u015fmas\u0131 yap\u0131ld\u0131","datePublished":"2025-04-28T08:11:42+00:00","mainEntityOfPage":{"@id":"https:\/\/kibrisdakik.com\/?p=81290"},"wordCount":146,"commentCount":0,"image":{"@id":"https:\/\/kibrisdakik.com\/?p=81290#primaryimage"},"thumbnailUrl":"https:\/\/kibrisdakik.com\/wp-content\/uploads\/2025\/04\/174582609672250513ae7-221f-4ec8-bc87-8f4e607fb307-740x420.jpg","articleSection":["K\u0131br\u0131s","Man\u015fet"],"inLanguage":"tr","potentialAction":[{"@type":"CommentAction","name":"Comment","target":["https:\/\/kibrisdakik.com\/?p=81290#respond"]}]},{"@type":"WebPage","@id":"https:\/\/kibrisdakik.com\/?p=81290","url":"https:\/\/kibrisdakik.com\/?p=81290","name":"\u0130ki \u00f6\u011fretmen sendikas\u0131n\u0131n, Disiplin T\u00fcz\u00fc\u011f\u00fc\u2019ndeki yap\u0131lan de\u011fi\u015fikliklerin iptali i\u00e7in a\u00e7\u0131lan davan\u0131n ilk duru\u015fmas\u0131 yap\u0131ld\u0131 -","isPartOf":{"@id":"https:\/\/kibrisdakik.com\/#website"},"primaryImageOfPage":{"@id":"https:\/\/kibrisdakik.com\/?p=81290#primaryimage"},"image":{"@id":"https:\/\/kibrisdakik.com\/?p=81290#primaryimage"},"thumbnailUrl":"https:\/\/kibrisdakik.com\/wp-content\/uploads\/2025\/04\/174582609672250513ae7-221f-4ec8-bc87-8f4e607fb307-740x420.jpg","datePublished":"2025-04-28T08:11:42+00:00","author":{"@id":"https:\/\/kibrisdakik.com\/#\/schema\/person\/9cd9d437bbb44f72b73ba127e06d8e79"},"breadcrumb":{"@id":"https:\/\/kibrisdakik.com\/?p=81290#breadcrumb"},"inLanguage":"tr","potentialAction":[{"@type":"ReadAction","target":["https:\/\/kibrisdakik.com\/?p=81290"]}]},{"@type":"ImageObject","inLanguage":"tr","@id":"https:\/\/kibrisdakik.com\/?p=81290#primaryimage","url":"https:\/\/kibrisdakik.com\/wp-content\/uploads\/2025\/04\/174582609672250513ae7-221f-4ec8-bc87-8f4e607fb307-740x420.jpg","contentUrl":"https:\/\/kibrisdakik.com\/wp-content\/uploads\/2025\/04\/174582609672250513ae7-221f-4ec8-bc87-8f4e607fb307-740x420.jpg","width":1600,"height":1126},{"@type":"BreadcrumbList","@id":"https:\/\/kibrisdakik.com\/?p=81290#breadcrumb","itemListElement":[{"@type":"ListItem","position":1,"name":"Home","item":"https:\/\/kibrisdakik.com\/"},{"@type":"ListItem","position":2,"name":"\u0130ki \u00f6\u011fretmen sendikas\u0131n\u0131n, Disiplin T\u00fcz\u00fc\u011f\u00fc\u2019ndeki yap\u0131lan de\u011fi\u015fikliklerin iptali i\u00e7in a\u00e7\u0131lan davan\u0131n ilk duru\u015fmas\u0131 yap\u0131ld\u0131"}]},{"@type":"WebSite","@id":"https:\/\/kibrisdakik.com\/#website","url":"https:\/\/kibrisdakik.com\/","name":"","description":"Tam vaktinde haber","potentialAction":[{"@type":"SearchAction","target":{"@type":"EntryPoint","urlTemplate":"https:\/\/kibrisdakik.com\/?s={search_term_string}"},"query-input":{"@type":"PropertyValueSpecification","valueRequired":true,"valueName":"search_term_string"}}],"inLanguage":"tr"},{"@type":"Person","@id":"https:\/\/kibrisdakik.com\/#\/schema\/person\/9cd9d437bbb44f72b73ba127e06d8e79","name":"admin","image":{"@type":"ImageObject","inLanguage":"tr","@id":"https:\/\/secure.gravatar.com\/avatar\/ccc17943b9d660506c869530f897617f7cb1c21a4bf30023f252596d83e1f007?s=96&d=mm&r=g","url":"https:\/\/secure.gravatar.com\/avatar\/ccc17943b9d660506c869530f897617f7cb1c21a4bf30023f252596d83e1f007?s=96&d=mm&r=g","contentUrl":"https:\/\/secure.gravatar.com\/avatar\/ccc17943b9d660506c869530f897617f7cb1c21a4bf30023f252596d83e1f007?s=96&d=mm&r=g","caption":"admin"},"sameAs":["https:\/\/kibrisdakik.com"],"url":"https:\/\/kibrisdakik.com\/?author=1"}]}},"_links":{"self":[{"href":"https:\/\/kibrisdakik.com\/index.php?rest_route=\/wp\/v2\/posts\/81290","targetHints":{"allow":["GET"]}}],"collection":[{"href":"https:\/\/kibrisdakik.com\/index.php?rest_route=\/wp\/v2\/posts"}],"about":[{"href":"https:\/\/kibrisdakik.com\/index.php?rest_route=\/wp\/v2\/types\/post"}],"author":[{"embeddable":true,"href":"https:\/\/kibrisdakik.com\/index.php?rest_route=\/wp\/v2\/users\/1"}],"replies":[{"embeddable":true,"href":"https:\/\/kibrisdakik.com\/index.php?rest_route=%2Fwp%2Fv2%2Fcomments&post=81290"}],"version-history":[{"count":0,"href":"https:\/\/kibrisdakik.com\/index.php?rest_route=\/wp\/v2\/posts\/81290\/revisions"}],"wp:featuredmedia":[{"embeddable":true,"href":"https:\/\/kibrisdakik.com\/index.php?rest_route=\/wp\/v2\/media\/81291"}],"wp:attachment":[{"href":"https:\/\/kibrisdakik.com\/index.php?rest_route=%2Fwp%2Fv2%2Fmedia&parent=81290"}],"wp:term":[{"taxonomy":"category","embeddable":true,"href":"https:\/\/kibrisdakik.com\/index.php?rest_route=%2Fwp%2Fv2%2Fcategories&post=81290"},{"taxonomy":"post_tag","embeddable":true,"href":"https:\/\/kibrisdakik.com\/index.php?rest_route=%2Fwp%2Fv2%2Ftags&post=81290"}],"curies":[{"name":"wp","href":"https:\/\/api.w.org\/{rel}","templated":true}]}}