{"id":81301,"date":"2025-04-28T11:36:13","date_gmt":"2025-04-28T08:36:13","guid":{"rendered":"https:\/\/kibrisdakik.com\/index.php\/2025\/04\/28\/teknofest-kktc-icin-geri-sayim-basladi\/"},"modified":"2025-04-28T11:36:13","modified_gmt":"2025-04-28T08:36:13","slug":"teknofest-kktc-icin-geri-sayim-basladi","status":"publish","type":"post","link":"https:\/\/kibrisdakik.com\/?p=81301","title":{"rendered":"TEKNOFEST KKTC i\u00e7in geri say\u0131m ba\u015flad\u0131"},"content":{"rendered":"<div>\n<div class=\"mariselle-image-container center\">\n                                            <\/div>\n<p>T\u00fcrkiye Teknoloji Tak\u0131m\u0131 Vakf\u0131 (T3 Vakf\u0131) ve Sanayi ve Teknoloji Bakanl\u0131\u011f\u0131 y\u00fcr\u00fct\u00fcc\u00fcl\u00fc\u011f\u00fc ile KKTC Cumhurba\u015fkanl\u0131\u011f\u0131 himayesinde Lefko\u015fa\u2019daki eski Ercan Havaliman\u0131\u2019nda d\u00fczenlenecek olan TEKNOFEST KKTC, 1 May\u0131s\u2019ta kap\u0131lar\u0131n\u0131 ziyaret\u00e7ilerine a\u00e7acak.<\/p>\n<p>Anadolu Ajans\u0131n\u0131n (AA) global ileti\u015fim orta\u011f\u0131 oldu\u011fu d\u00fcnyan\u0131n en b\u00fcy\u00fck Havac\u0131l\u0131k, Uzay ve Teknoloji Festivali TEKNOFEST, 1-4 May\u0131s\u2019ta eski Ercan Havaliman\u0131\u2019nda d\u00fczenlenecek.<\/p>\n<p>AA muhabirinin derledi\u011fi bilgilere g\u00f6re, TEKNOFEST KKTC\u2019ye 22 farkl\u0131 \u00fclkeden 47 binin \u00fczerinde yar\u0131\u015fmac\u0131 ba\u015fvurdu. T\u00fcrkiye ve KKTC\u2019nin yan\u0131 s\u0131ra ba\u015fvuru yapan \u00fclkeler aras\u0131nda Afganistan, Almanya, Arnavutluk, Avustralya, Azerbaycan, Belarus, Bosna Hersek, Burundi, Endonezya, Kazakistan, K\u0131rg\u0131zistan, Kosova, Makedonya, Mali, M\u0131s\u0131r, Pakistan, Suudi Arabistan, Sudan, Tunus ve \u00d6zbekistan yer al\u0131yor.<\/p>\n<p>TEKNOFEST KKTC kapsam\u0131nda toplam 268 tak\u0131m ve 1083 \u00fcye finalist olmaya hak kazand\u0131. Finalistlerin 334\u2019\u00fc kad\u0131n, 749\u2019u ise erkek \u00fcyelerden olu\u015ftu. Yar\u0131\u015fmalar 6 ana ve 13 alt kategoride d\u00fczenlenecek.<\/p>\n<p>Festivalde, \u201cSosyal \u0130novasyon\u201d, \u201cU\u00e7an Araba Sim\u00fclasyon\u201d, \u201cTurizm Teknolojileri\u201d, \u201cTEKNOFEST Robolig Mavi Vatan\u201d, \u201cTEKNOFEST KKTC Ara\u015ft\u0131rma Proje\u201d yar\u0131\u015fmalar\u0131yla TEKNOFEST Drone \u015eampiyonas\u0131 ger\u00e7ekle\u015ftirilecek.<\/p>\n<p>Finalde 6 farkl\u0131 \u00fclkeden (Afganistan, Azerbaycan, Endonezya, KKTC, Pakistan, T\u00fcrkiye) tak\u0131mlar yar\u0131\u015facak. KKTC\u2019den 20 finalist tak\u0131m ve 103 finalist \u00fcye yar\u0131\u015fmalarda yer alacak.<\/p>\n<p><strong>\u2013 \u201cKarde\u015flik ba\u011f\u0131n\u0131 bilim ve teknolojiyle g\u00fc\u00e7lendirmeyi arzu ediyoruz\u201d<\/strong><\/p>\n<p>T3 Vakf\u0131 Y\u00f6netim Kurulu Ba\u015fkan\u0131 Elvan Kuzucu H\u0131d\u0131r, AA muhabirine yapt\u0131\u011f\u0131 a\u00e7\u0131klamada, T\u00fcrkiye ile KKTC aras\u0131nda k\u00f6kleri \u00e7ok derinlere dayanan bir karde\u015flik ba\u011f\u0131 oldu\u011funu belirterek, bu ba\u011f\u0131 bilim ve teknolojiyle g\u00fc\u00e7lendirmeyi arzu ettiklerini s\u00f6yledi.<\/p>\n<p>Milli Teknoloji Hamlesi vizyonunun sadece T\u00fcrkiye s\u0131n\u0131rlar\u0131yla de\u011fil, dost ve karde\u015f co\u011frafyalarla da yank\u0131 bulmas\u0131n\u0131 hedeflediklerini vurgulayan H\u0131d\u0131r, \u201cBu anlamda 2022 y\u0131l\u0131nda TEKNOFEST\u2019i T\u00fcrkiye d\u0131\u015f\u0131nda ilk defa Azerbaycan\u2019da d\u00fczenlemi\u015ftik. Azerbaycan\u2019\u0131n ard\u0131ndan karde\u015f vatan KKTC\u2019de TEKNOFEST\u2019i d\u00fczenlememiz bu \u00f6nemli stratejinin bir par\u00e7as\u0131. Bu anlamda KKTC\u2019nin \u00f6nemli ve anlaml\u0131 bir durak oldu\u011funu d\u00fc\u015f\u00fcn\u00fcyoruz.\u201d dedi.<\/p>\n<p>H\u0131d\u0131r, festival alan\u0131nda gen\u00e7leri hem yar\u0131\u015fmalar\u0131n hem de farkl\u0131 etkinliklerin bekledi\u011fini aktararak, KKTC\u2019de dolu dolu ve g\u00fczel bir festival ge\u00e7irmeyi hedeflediklerini dile getirdi.<\/p>\n<p>TEKNOFEST ile d\u00fcnyaya KKTC\u2019den g\u00fc\u00e7l\u00fc bir mesaj vereceklerine inand\u0131klar\u0131n\u0131 vurgulayan H\u0131d\u0131r, \u201c\u00d6zellikle T\u00fcrk d\u00fcnyas\u0131 ve dost \u00fclkeler, bilim ve teknoloji etraf\u0131nda kenetlenerek birlikte hareket ediyorlar. Bu anlamda oradaki TEKNOFEST gen\u00e7li\u011fiyle onlar\u0131n kendi teknolojilerini \u00fcreterek d\u00fcnyaya \u00f6nemli mesajlar verece\u011fi bir platformu ger\u00e7ekle\u015ftirmeyi planl\u0131yoruz.\u201d diye konu\u015ftu.<\/p>\n<p><strong>\u2013 Planetaryumdan XR Deneyim Alan\u0131\u2019na kadar bir\u00e7ok aktivite yer alacak<\/strong><\/p>\n<p>TEKNOFEST KKTC\u2019de hava ara\u00e7lar\u0131 sergisinden planetaryuma, pedall\u0131 u\u00e7u\u015f etkinli\u011finden sahne g\u00f6sterilerine, \u00f6\u011frencilerin ilk kez u\u00e7u\u015f heyecan\u0131n\u0131 ya\u015fayaca\u011f\u0131 \u201c\u0130lk U\u00e7u\u015f\u201d etkinli\u011finden konserlere kadar bir\u00e7ok aktivite ziyaret\u00e7ilere sunulacak.<\/p>\n<p>Bir kubbenin alt\u0131ndan uzay\u0131n derinliklerine uzanan bir seyahat ve g\u00f6rsel \u015f\u00f6len sunan planetaryum, TEKNOFEST KKTC\u2019de yer alacak. G\u00fcne\u015fin, y\u0131ld\u0131zlar\u0131n, gezegenlerin ve di\u011fer g\u00f6k cisimlerinin yapay g\u00f6r\u00fcnt\u00fcs\u00fcn\u00fcn, \u00f6zel bir yans\u0131t\u0131c\u0131 yard\u0131m\u0131yla kubbe \u015feklindeki tavana yans\u0131t\u0131ld\u0131\u011f\u0131 planetaryum, festival ziyaret\u00e7ilerine farkl\u0131 bir deneyim ya\u015fatacak.<\/p>\n<p>Geni\u015fletilmi\u015f Ger\u00e7eklik (XR) Deneyim Alan\u0131\u2019nda ise festival kat\u0131l\u0131mc\u0131lar\u0131, 6 farkl\u0131 XR teknolojisi ile ger\u00e7eklerine birebir benzeyen ortamlarda, birer bilim insan\u0131 gibi pek \u00e7ok deneyimi tan\u0131ma imkan\u0131 bulacak.<\/p>\n<p>T\u00fcrk Antarktika Ara\u015ft\u0131rma \u0130stasyonu XR deneyimi ile ziyaret\u00e7iler T\u00fcrkiye\u2019nin Antarktika\u2019daki bilimsel ara\u015ft\u0131rma \u00fcss\u00fcn\u00fc \u00fc\u00e7 boyutlu ve ger\u00e7ek\u00e7i bir ortamda ke\u015ffedebilecek. T\u00fcrksat Uydu Sistemleri XR deneyimi ile kullan\u0131c\u0131lar ger\u00e7ek d\u00fcnya \u00fczerine yans\u0131t\u0131lan interaktif bir T\u00fcrksat haberle\u015fme uydusuyla birebir etkile\u015fime ge\u00e7erek, uzaydan d\u00fcnyaya ileti\u015fimin nas\u0131l sa\u011fland\u0131\u011f\u0131n\u0131 g\u00f6zlemleyebilecek.<\/p>\n<p><strong>\u2013 \u00c7ok say\u0131da hava arac\u0131 u\u00e7u\u015f g\u00f6sterisi yapacak<\/strong><\/p>\n<p>Ziyaret\u00e7iler, Uluslararas\u0131 Uzay \u0130stasyonu (ISS) Bilim B\u00f6l\u00fcm\u00fc\u2019nde Astronot Alper Gezeravc\u0131\u2019n\u0131n g\u00f6revinden ilham alan kurgular\u0131 deneyimleyebilecek. FPV Drone B\u00f6l\u00fcm\u00fc\u2019nde ise FPV g\u00f6zl\u00fc\u011f\u00fc tak\u0131larak \u0130stanbul\u2019un ikonik yap\u0131lar\u0131 \u00fczerinde ger\u00e7ek\u00e7i bir dron u\u00e7u\u015fu deneyimi ya\u015fanabilecek.<\/p>\n<p>\u0130HA Ke\u015fif ve \u0130nceleme B\u00f6l\u00fcm\u00fc\u2019nde de masa \u00fcst\u00fc bir \u0130HA modeli olan KIZILELMA\u2019ya dokunarak 1\/1 \u00f6l\u00e7ekli, etkile\u015fimli bir ke\u015fif sunulacak.<\/p>\n<p>Etkinlikte ayr\u0131ca, iki \u00f6zel karma ger\u00e7eklik oyunu da yer alacak. GUNRUN, fiziksel hareketle oynanan tempolu bir ni\u015fanc\u0131 deneyimi sunarken, 4ELEMENTS ise d\u00f6rt element \u00fczerinden ziyaret\u00e7ilere yar\u0131\u015fma imkan\u0131 sa\u011flayacak. Her iki oyun da tamamen mekana duyarl\u0131, bedenle etkile\u015fimi \u00f6ne \u00e7\u0131karan, XR teknolojisini kullanan yenilik\u00e7i ve e\u011flenceli tasar\u0131mlardan olu\u015fuyor.<\/p>\n<p>TEKNOFEST KKTC kapsam\u0131nda u\u00e7u\u015f g\u00f6sterileri de ger\u00e7ekle\u015ftirilecek. Bu g\u00f6sterilerde, SOLOT\u00dcRK, T\u00fcrk Y\u0131ld\u0131zlar\u0131, F-4 sava\u015f u\u00e7aklar\u0131, ATAK helikopterleri, H\u00dcRKU\u015e, Bayraktar TB2 ve AKINCI yer alacak.<\/p>\n<p><strong>\u2013 K\u0131br\u0131s Bar\u0131\u015f Harekat\u0131 Deneyim Alan\u0131, ziyaret\u00e7ilere tarihi anlar\u0131 birebir ya\u015fatacak<\/strong><\/p>\n<p>Festival ziyaret\u00e7ileri TEKNOFEST KKTC i\u00e7in haz\u0131rlanan K\u0131br\u0131s Bar\u0131\u015f Harekat\u0131 Deneyim Alan\u0131\u2019nda ise 1974 K\u0131br\u0131s Bar\u0131\u015f Harekat\u0131\u2019n\u0131 Mehmet\u00e7ik\u2019in g\u00f6z\u00fcnden deneyimleyecek.<\/p>\n<p>Kat\u0131l\u0131mc\u0131lar, bir indirme u\u00e7a\u011f\u0131n\u0131n i\u00e7indeki sallant\u0131y\u0131 hissederken, d\u00f6nemin Ba\u015fbakan\u0131 B\u00fclent Ecevit ve Ba\u015fbakan Yard\u0131mc\u0131s\u0131 Necmettin Erbakan\u2019\u0131n harekat\u0131 bildiren ger\u00e7ek ses kay\u0131tlar\u0131n\u0131 duyacak. U\u00e7a\u011f\u0131n kapaklar\u0131n\u0131n aniden a\u00e7\u0131lmas\u0131yla ba\u015flayan sembolik atlay\u0131\u015f sim\u00fclasyonu, ziyaret\u00e7ilere tarihi anlar\u0131 birebir ya\u015fatacak.<\/p>\n<p>D\u00f6rt duvar\u0131 ve zemin y\u00fczeyi LED ekranlarla kapl\u0131 deneyim alan\u0131, geli\u015fmi\u015f g\u00f6rsel ve i\u015fitsel teknik altyap\u0131s\u0131yla ziyaret\u00e7ilere K\u0131br\u0131s Bar\u0131\u015f Harekat\u0131\u2019n\u0131n en kritik anlar\u0131n\u0131 ya\u015fama imkan\u0131 sunacak. Deneyimin ard\u0131ndan ziyaret\u00e7iler, K\u0131br\u0131s Bar\u0131\u015f Harekat\u0131 Deneyim Alan\u0131\u2019na \u00f6zel olarak tasarlanan ikinci alana ge\u00e7i\u015f yaparak yapay zeka destekli hat\u0131ra foto\u011fraf\u0131 \u00e7ektirme imkan\u0131 bulacak.<\/p>\n<p>Kat\u0131l\u0131m\u0131n tamamen \u00fccretsiz oldu\u011fu TEKNOFEST KKTC\u2019ye giri\u015f yapabilmek i\u00e7in ziyaret\u00e7ilerin TEKNOFEST\u2019in internet sitesi \u00fczerinden kay\u0131t yapt\u0131rmas\u0131 gerekiyor. Her kat\u0131l\u0131mc\u0131 i\u00e7in ayr\u0131 bilet olu\u015fturulmas\u0131 gerekirken, 7 ya\u015f alt\u0131 \u00e7ocuklar i\u00e7in kay\u0131t \u015fart\u0131 bulunmuyor.<\/p>\n<p>Festival alan\u0131na ziyaret\u00e7i giri\u015f ve \u00e7\u0131k\u0131\u015flar\u0131 09.00-19.00 saatleri aras\u0131nda yap\u0131labilecek.<\/p>\n<\/p><\/div>\n<p><script async\n                    defer\n                    crossorigin=\"anonymous\"\n                    src=\"https:\/\/connect.facebook.net\/tr_TR\/sdk.js#xfbml=1&#038;version=v3.3\"\n            ><\/script><\/p>\n","protected":false},"excerpt":{"rendered":"<p>T\u00fcrkiye Teknoloji Tak\u0131m\u0131 Vakf\u0131 (T3 Vakf\u0131) ve Sanayi ve Teknoloji Bakanl\u0131\u011f\u0131 y\u00fcr\u00fct\u00fcc\u00fcl\u00fc\u011f\u00fc ile KKTC Cumhurba\u015fkanl\u0131\u011f\u0131 himayesinde Lefko\u015fa\u2019daki eski Ercan Havaliman\u0131\u2019nda d\u00fczenlenecek olan TEKNOFEST KKTC, 1 May\u0131s\u2019ta kap\u0131lar\u0131n\u0131 ziyaret\u00e7ilerine a\u00e7acak. Anadolu Ajans\u0131n\u0131n (AA) global ileti\u015fim orta\u011f\u0131 oldu\u011fu d\u00fcnyan\u0131n en b\u00fcy\u00fck Havac\u0131l\u0131k, Uzay ve Teknoloji Festivali TEKNOFEST, 1-4 May\u0131s\u2019ta eski Ercan Havaliman\u0131\u2019nda d\u00fczenlenecek. AA muhabirinin derledi\u011fi bilgilere<\/p>\n","protected":false},"author":1,"featured_media":81302,"comment_status":"open","ping_status":"open","sticky":false,"template":"","format":"standard","meta":{"footnotes":""},"categories":[81,101],"tags":[],"class_list":["post-81301","post","type-post","status-publish","format-standard","has-post-thumbnail","hentry","category-kibris","category-manset"],"yoast_head":"<!-- This site is optimized with the Yoast SEO plugin v27.5 - https:\/\/yoast.com\/product\/yoast-seo-wordpress\/ -->\n<title>TEKNOFEST KKTC i\u00e7in geri say\u0131m ba\u015flad\u0131 -<\/title>\n<meta name=\"robots\" content=\"index, follow, max-snippet:-1, max-image-preview:large, max-video-preview:-1\" \/>\n<link rel=\"canonical\" href=\"https:\/\/kibrisdakik.com\/?p=81301\" \/>\n<meta property=\"og:locale\" content=\"tr_TR\" \/>\n<meta property=\"og:type\" content=\"article\" \/>\n<meta property=\"og:title\" content=\"TEKNOFEST KKTC i\u00e7in geri say\u0131m ba\u015flad\u0131 -\" \/>\n<meta property=\"og:description\" content=\"T\u00fcrkiye Teknoloji Tak\u0131m\u0131 Vakf\u0131 (T3 Vakf\u0131) ve Sanayi ve Teknoloji Bakanl\u0131\u011f\u0131 y\u00fcr\u00fct\u00fcc\u00fcl\u00fc\u011f\u00fc ile KKTC Cumhurba\u015fkanl\u0131\u011f\u0131 himayesinde Lefko\u015fa\u2019daki eski Ercan Havaliman\u0131\u2019nda d\u00fczenlenecek olan TEKNOFEST KKTC, 1 May\u0131s\u2019ta kap\u0131lar\u0131n\u0131 ziyaret\u00e7ilerine a\u00e7acak. Anadolu Ajans\u0131n\u0131n (AA) global ileti\u015fim orta\u011f\u0131 oldu\u011fu d\u00fcnyan\u0131n en b\u00fcy\u00fck Havac\u0131l\u0131k, Uzay ve Teknoloji Festivali TEKNOFEST, 1-4 May\u0131s\u2019ta eski Ercan Havaliman\u0131\u2019nda d\u00fczenlenecek. AA muhabirinin derledi\u011fi bilgilere\" \/>\n<meta property=\"og:url\" content=\"https:\/\/kibrisdakik.com\/?p=81301\" \/>\n<meta property=\"article:published_time\" content=\"2025-04-28T08:36:13+00:00\" \/>\n<meta property=\"og:image\" content=\"https:\/\/kibrisdakik.com\/wp-content\/uploads\/2025\/04\/oooppp-740x420.jpg\" \/>\n\t<meta property=\"og:image:width\" content=\"1280\" \/>\n\t<meta property=\"og:image:height\" content=\"720\" \/>\n\t<meta property=\"og:image:type\" content=\"image\/jpeg\" \/>\n<meta name=\"author\" content=\"admin\" \/>\n<meta name=\"twitter:card\" content=\"summary_large_image\" \/>\n<meta name=\"twitter:label1\" content=\"Yazan:\" \/>\n\t<meta name=\"twitter:data1\" content=\"admin\" \/>\n\t<meta name=\"twitter:label2\" content=\"Tahmini okuma s\u00fcresi\" \/>\n\t<meta name=\"twitter:data2\" content=\"6 dakika\" \/>\n<script type=\"application\/ld+json\" class=\"yoast-schema-graph\">{\"@context\":\"https:\\\/\\\/schema.org\",\"@graph\":[{\"@type\":\"Article\",\"@id\":\"https:\\\/\\\/kibrisdakik.com\\\/?p=81301#article\",\"isPartOf\":{\"@id\":\"https:\\\/\\\/kibrisdakik.com\\\/?p=81301\"},\"author\":{\"name\":\"admin\",\"@id\":\"https:\\\/\\\/kibrisdakik.com\\\/#\\\/schema\\\/person\\\/9cd9d437bbb44f72b73ba127e06d8e79\"},\"headline\":\"TEKNOFEST KKTC i\u00e7in geri say\u0131m ba\u015flad\u0131\",\"datePublished\":\"2025-04-28T08:36:13+00:00\",\"mainEntityOfPage\":{\"@id\":\"https:\\\/\\\/kibrisdakik.com\\\/?p=81301\"},\"wordCount\":1114,\"commentCount\":0,\"image\":{\"@id\":\"https:\\\/\\\/kibrisdakik.com\\\/?p=81301#primaryimage\"},\"thumbnailUrl\":\"https:\\\/\\\/kibrisdakik.com\\\/wp-content\\\/uploads\\\/2025\\\/04\\\/oooppp-740x420.jpg\",\"articleSection\":[\"K\u0131br\u0131s\",\"Man\u015fet\"],\"inLanguage\":\"tr\",\"potentialAction\":[{\"@type\":\"CommentAction\",\"name\":\"Comment\",\"target\":[\"https:\\\/\\\/kibrisdakik.com\\\/?p=81301#respond\"]}]},{\"@type\":\"WebPage\",\"@id\":\"https:\\\/\\\/kibrisdakik.com\\\/?p=81301\",\"url\":\"https:\\\/\\\/kibrisdakik.com\\\/?p=81301\",\"name\":\"TEKNOFEST KKTC i\u00e7in geri say\u0131m ba\u015flad\u0131 -\",\"isPartOf\":{\"@id\":\"https:\\\/\\\/kibrisdakik.com\\\/#website\"},\"primaryImageOfPage\":{\"@id\":\"https:\\\/\\\/kibrisdakik.com\\\/?p=81301#primaryimage\"},\"image\":{\"@id\":\"https:\\\/\\\/kibrisdakik.com\\\/?p=81301#primaryimage\"},\"thumbnailUrl\":\"https:\\\/\\\/kibrisdakik.com\\\/wp-content\\\/uploads\\\/2025\\\/04\\\/oooppp-740x420.jpg\",\"datePublished\":\"2025-04-28T08:36:13+00:00\",\"author\":{\"@id\":\"https:\\\/\\\/kibrisdakik.com\\\/#\\\/schema\\\/person\\\/9cd9d437bbb44f72b73ba127e06d8e79\"},\"breadcrumb\":{\"@id\":\"https:\\\/\\\/kibrisdakik.com\\\/?p=81301#breadcrumb\"},\"inLanguage\":\"tr\",\"potentialAction\":[{\"@type\":\"ReadAction\",\"target\":[\"https:\\\/\\\/kibrisdakik.com\\\/?p=81301\"]}]},{\"@type\":\"ImageObject\",\"inLanguage\":\"tr\",\"@id\":\"https:\\\/\\\/kibrisdakik.com\\\/?p=81301#primaryimage\",\"url\":\"https:\\\/\\\/kibrisdakik.com\\\/wp-content\\\/uploads\\\/2025\\\/04\\\/oooppp-740x420.jpg\",\"contentUrl\":\"https:\\\/\\\/kibrisdakik.com\\\/wp-content\\\/uploads\\\/2025\\\/04\\\/oooppp-740x420.jpg\",\"width\":1280,\"height\":720},{\"@type\":\"BreadcrumbList\",\"@id\":\"https:\\\/\\\/kibrisdakik.com\\\/?p=81301#breadcrumb\",\"itemListElement\":[{\"@type\":\"ListItem\",\"position\":1,\"name\":\"Home\",\"item\":\"https:\\\/\\\/kibrisdakik.com\\\/\"},{\"@type\":\"ListItem\",\"position\":2,\"name\":\"TEKNOFEST KKTC i\u00e7in geri say\u0131m ba\u015flad\u0131\"}]},{\"@type\":\"WebSite\",\"@id\":\"https:\\\/\\\/kibrisdakik.com\\\/#website\",\"url\":\"https:\\\/\\\/kibrisdakik.com\\\/\",\"name\":\"\",\"description\":\"Tam vaktinde haber\",\"potentialAction\":[{\"@type\":\"SearchAction\",\"target\":{\"@type\":\"EntryPoint\",\"urlTemplate\":\"https:\\\/\\\/kibrisdakik.com\\\/?s={search_term_string}\"},\"query-input\":{\"@type\":\"PropertyValueSpecification\",\"valueRequired\":true,\"valueName\":\"search_term_string\"}}],\"inLanguage\":\"tr\"},{\"@type\":\"Person\",\"@id\":\"https:\\\/\\\/kibrisdakik.com\\\/#\\\/schema\\\/person\\\/9cd9d437bbb44f72b73ba127e06d8e79\",\"name\":\"admin\",\"image\":{\"@type\":\"ImageObject\",\"inLanguage\":\"tr\",\"@id\":\"https:\\\/\\\/secure.gravatar.com\\\/avatar\\\/ccc17943b9d660506c869530f897617f7cb1c21a4bf30023f252596d83e1f007?s=96&d=mm&r=g\",\"url\":\"https:\\\/\\\/secure.gravatar.com\\\/avatar\\\/ccc17943b9d660506c869530f897617f7cb1c21a4bf30023f252596d83e1f007?s=96&d=mm&r=g\",\"contentUrl\":\"https:\\\/\\\/secure.gravatar.com\\\/avatar\\\/ccc17943b9d660506c869530f897617f7cb1c21a4bf30023f252596d83e1f007?s=96&d=mm&r=g\",\"caption\":\"admin\"},\"sameAs\":[\"https:\\\/\\\/kibrisdakik.com\"],\"url\":\"https:\\\/\\\/kibrisdakik.com\\\/?author=1\"}]}<\/script>\n<!-- \/ Yoast SEO plugin. -->","yoast_head_json":{"title":"TEKNOFEST KKTC i\u00e7in geri say\u0131m ba\u015flad\u0131 -","robots":{"index":"index","follow":"follow","max-snippet":"max-snippet:-1","max-image-preview":"max-image-preview:large","max-video-preview":"max-video-preview:-1"},"canonical":"https:\/\/kibrisdakik.com\/?p=81301","og_locale":"tr_TR","og_type":"article","og_title":"TEKNOFEST KKTC i\u00e7in geri say\u0131m ba\u015flad\u0131 -","og_description":"T\u00fcrkiye Teknoloji Tak\u0131m\u0131 Vakf\u0131 (T3 Vakf\u0131) ve Sanayi ve Teknoloji Bakanl\u0131\u011f\u0131 y\u00fcr\u00fct\u00fcc\u00fcl\u00fc\u011f\u00fc ile KKTC Cumhurba\u015fkanl\u0131\u011f\u0131 himayesinde Lefko\u015fa\u2019daki eski Ercan Havaliman\u0131\u2019nda d\u00fczenlenecek olan TEKNOFEST KKTC, 1 May\u0131s\u2019ta kap\u0131lar\u0131n\u0131 ziyaret\u00e7ilerine a\u00e7acak. Anadolu Ajans\u0131n\u0131n (AA) global ileti\u015fim orta\u011f\u0131 oldu\u011fu d\u00fcnyan\u0131n en b\u00fcy\u00fck Havac\u0131l\u0131k, Uzay ve Teknoloji Festivali TEKNOFEST, 1-4 May\u0131s\u2019ta eski Ercan Havaliman\u0131\u2019nda d\u00fczenlenecek. AA muhabirinin derledi\u011fi bilgilere","og_url":"https:\/\/kibrisdakik.com\/?p=81301","article_published_time":"2025-04-28T08:36:13+00:00","og_image":[{"width":1280,"height":720,"url":"https:\/\/kibrisdakik.com\/wp-content\/uploads\/2025\/04\/oooppp-740x420.jpg","type":"image\/jpeg"}],"author":"admin","twitter_card":"summary_large_image","twitter_misc":{"Yazan:":"admin","Tahmini okuma s\u00fcresi":"6 dakika"},"schema":{"@context":"https:\/\/schema.org","@graph":[{"@type":"Article","@id":"https:\/\/kibrisdakik.com\/?p=81301#article","isPartOf":{"@id":"https:\/\/kibrisdakik.com\/?p=81301"},"author":{"name":"admin","@id":"https:\/\/kibrisdakik.com\/#\/schema\/person\/9cd9d437bbb44f72b73ba127e06d8e79"},"headline":"TEKNOFEST KKTC i\u00e7in geri say\u0131m ba\u015flad\u0131","datePublished":"2025-04-28T08:36:13+00:00","mainEntityOfPage":{"@id":"https:\/\/kibrisdakik.com\/?p=81301"},"wordCount":1114,"commentCount":0,"image":{"@id":"https:\/\/kibrisdakik.com\/?p=81301#primaryimage"},"thumbnailUrl":"https:\/\/kibrisdakik.com\/wp-content\/uploads\/2025\/04\/oooppp-740x420.jpg","articleSection":["K\u0131br\u0131s","Man\u015fet"],"inLanguage":"tr","potentialAction":[{"@type":"CommentAction","name":"Comment","target":["https:\/\/kibrisdakik.com\/?p=81301#respond"]}]},{"@type":"WebPage","@id":"https:\/\/kibrisdakik.com\/?p=81301","url":"https:\/\/kibrisdakik.com\/?p=81301","name":"TEKNOFEST KKTC i\u00e7in geri say\u0131m ba\u015flad\u0131 -","isPartOf":{"@id":"https:\/\/kibrisdakik.com\/#website"},"primaryImageOfPage":{"@id":"https:\/\/kibrisdakik.com\/?p=81301#primaryimage"},"image":{"@id":"https:\/\/kibrisdakik.com\/?p=81301#primaryimage"},"thumbnailUrl":"https:\/\/kibrisdakik.com\/wp-content\/uploads\/2025\/04\/oooppp-740x420.jpg","datePublished":"2025-04-28T08:36:13+00:00","author":{"@id":"https:\/\/kibrisdakik.com\/#\/schema\/person\/9cd9d437bbb44f72b73ba127e06d8e79"},"breadcrumb":{"@id":"https:\/\/kibrisdakik.com\/?p=81301#breadcrumb"},"inLanguage":"tr","potentialAction":[{"@type":"ReadAction","target":["https:\/\/kibrisdakik.com\/?p=81301"]}]},{"@type":"ImageObject","inLanguage":"tr","@id":"https:\/\/kibrisdakik.com\/?p=81301#primaryimage","url":"https:\/\/kibrisdakik.com\/wp-content\/uploads\/2025\/04\/oooppp-740x420.jpg","contentUrl":"https:\/\/kibrisdakik.com\/wp-content\/uploads\/2025\/04\/oooppp-740x420.jpg","width":1280,"height":720},{"@type":"BreadcrumbList","@id":"https:\/\/kibrisdakik.com\/?p=81301#breadcrumb","itemListElement":[{"@type":"ListItem","position":1,"name":"Home","item":"https:\/\/kibrisdakik.com\/"},{"@type":"ListItem","position":2,"name":"TEKNOFEST KKTC i\u00e7in geri say\u0131m ba\u015flad\u0131"}]},{"@type":"WebSite","@id":"https:\/\/kibrisdakik.com\/#website","url":"https:\/\/kibrisdakik.com\/","name":"","description":"Tam vaktinde haber","potentialAction":[{"@type":"SearchAction","target":{"@type":"EntryPoint","urlTemplate":"https:\/\/kibrisdakik.com\/?s={search_term_string}"},"query-input":{"@type":"PropertyValueSpecification","valueRequired":true,"valueName":"search_term_string"}}],"inLanguage":"tr"},{"@type":"Person","@id":"https:\/\/kibrisdakik.com\/#\/schema\/person\/9cd9d437bbb44f72b73ba127e06d8e79","name":"admin","image":{"@type":"ImageObject","inLanguage":"tr","@id":"https:\/\/secure.gravatar.com\/avatar\/ccc17943b9d660506c869530f897617f7cb1c21a4bf30023f252596d83e1f007?s=96&d=mm&r=g","url":"https:\/\/secure.gravatar.com\/avatar\/ccc17943b9d660506c869530f897617f7cb1c21a4bf30023f252596d83e1f007?s=96&d=mm&r=g","contentUrl":"https:\/\/secure.gravatar.com\/avatar\/ccc17943b9d660506c869530f897617f7cb1c21a4bf30023f252596d83e1f007?s=96&d=mm&r=g","caption":"admin"},"sameAs":["https:\/\/kibrisdakik.com"],"url":"https:\/\/kibrisdakik.com\/?author=1"}]}},"_links":{"self":[{"href":"https:\/\/kibrisdakik.com\/index.php?rest_route=\/wp\/v2\/posts\/81301","targetHints":{"allow":["GET"]}}],"collection":[{"href":"https:\/\/kibrisdakik.com\/index.php?rest_route=\/wp\/v2\/posts"}],"about":[{"href":"https:\/\/kibrisdakik.com\/index.php?rest_route=\/wp\/v2\/types\/post"}],"author":[{"embeddable":true,"href":"https:\/\/kibrisdakik.com\/index.php?rest_route=\/wp\/v2\/users\/1"}],"replies":[{"embeddable":true,"href":"https:\/\/kibrisdakik.com\/index.php?rest_route=%2Fwp%2Fv2%2Fcomments&post=81301"}],"version-history":[{"count":0,"href":"https:\/\/kibrisdakik.com\/index.php?rest_route=\/wp\/v2\/posts\/81301\/revisions"}],"wp:featuredmedia":[{"embeddable":true,"href":"https:\/\/kibrisdakik.com\/index.php?rest_route=\/wp\/v2\/media\/81302"}],"wp:attachment":[{"href":"https:\/\/kibrisdakik.com\/index.php?rest_route=%2Fwp%2Fv2%2Fmedia&parent=81301"}],"wp:term":[{"taxonomy":"category","embeddable":true,"href":"https:\/\/kibrisdakik.com\/index.php?rest_route=%2Fwp%2Fv2%2Fcategories&post=81301"},{"taxonomy":"post_tag","embeddable":true,"href":"https:\/\/kibrisdakik.com\/index.php?rest_route=%2Fwp%2Fv2%2Ftags&post=81301"}],"curies":[{"name":"wp","href":"https:\/\/api.w.org\/{rel}","templated":true}]}}