{"id":81346,"date":"2025-04-28T21:00:58","date_gmt":"2025-04-28T18:00:58","guid":{"rendered":"https:\/\/kibrisdakik.com\/index.php\/2025\/04\/28\/tatar-19-uluslararasi-turk-kulturu-sanati-ve-kulturel-mirasi-koruma-sempozyumuna-katildi\/"},"modified":"2025-04-28T21:00:58","modified_gmt":"2025-04-28T18:00:58","slug":"tatar-19-uluslararasi-turk-kulturu-sanati-ve-kulturel-mirasi-koruma-sempozyumuna-katildi","status":"publish","type":"post","link":"https:\/\/kibrisdakik.com\/?p=81346","title":{"rendered":"Tatar, 19. Uluslararas\u0131 T\u00fcrk K\u00fclt\u00fcr\u00fc, Sanat\u0131 ve K\u00fclt\u00fcrel Miras\u0131 Koruma Sempozyumuna kat\u0131ld\u0131"},"content":{"rendered":"<div>\n<div class=\"mariselle-image-container center\">\n                                            <\/div>\n<p> Cumhurba\u015fkan\u0131 Ersin Tatar 19. Uluslararas\u0131 T\u00fcrk K\u00fclt\u00fcr\u00fc, Sanat\u0131 ve K\u00fclt\u00fcrel Miras\u0131 Koruma Sempozyumu\u2019na kat\u0131ld\u0131.<\/p>\n<p>Cumhurba\u015fkanl\u0131\u011f\u0131\u2019ndan yap\u0131lan a\u00e7\u0131klamaya g\u00f6re, Tatar burada yapt\u0131\u011f\u0131 konu\u015fmada, sempozyumun d\u00fczenlenmesine eme\u011fi ge\u00e7enlere te\u015fekk\u00fcr ederek, bilim insanlar\u0131n\u0131n yapaca\u011f\u0131 de\u011ferli katk\u0131lar\u0131n \u00f6nemine vurgu yapt\u0131.<\/p>\n<p>T\u00fcrk D\u00fcnyas\u0131ndan gelen misafirlerle kucakla\u015fmak, \u00f6\u011frencilere seslenmek i\u00e7in sempozyuma kat\u0131ld\u0131\u011f\u0131n\u0131 belirten Cumhurba\u015fkan\u0131 Ersin Tatar, davetten duydu\u011fu mutlulu\u011fu ifade etti.<\/p>\n<p> T\u00fcrk Devletleri Te\u015fkilat\u0131nda var olan dayan\u0131\u015fman\u0131n alt\u0131n\u0131 \u00e7izen Tatar, bunun bilinci i\u00e7erisinde devam ettiklerini ifade ederek, i\u00e7erisinde bulunulan ileti\u015fim \u00e7a\u011f\u0131nda i\u015f birli\u011finin ve temaslar\u0131n artmas\u0131n\u0131n \u00f6nemine ve gereklili\u011fine de\u011findi.<\/p>\n<p>T\u00fcrk D\u00fcnyas\u0131n\u0131n 5 bin y\u0131ll\u0131k bir k\u00fclt\u00fcr\u00fc ve ge\u00e7mi\u015fi oldu\u011funu vurgulayan Tatar, dayan\u0131\u015fma i\u00e7erisinde T\u00fcrk Devletlerinin ilerledi\u011fini, kurum ve kurulu\u015flarla i\u015fbirli\u011fi i\u00e7erisinde devam etti\u011fini ifade etti.<\/p>\n<p>Cumhurba\u015fkan\u0131 Ersin Tatar, \u201cBir tak\u0131m m\u00fccadelelerden sonra, Orta Asya\u2019da kendi dilimizle, dinimizle, k\u00fclt\u00fcr\u00fcm\u00fczle, sanat\u0131m\u0131zla, edebiyat ve m\u00fczi\u011fimizle bizi birbirimize ba\u011flayan k\u00fclt\u00fcr altyap\u0131m\u0131zla gelecekte daha da g\u00fc\u00e7l\u00fc olaca\u011f\u0131z. Bu b\u00fcy\u00fck zenginlikle, gelece\u011fe daha g\u00fc\u00e7l\u00fc ad\u0131mlar ataca\u011f\u0131z.\u201d dedi. Dilin senkronize edilip, alfabe birli\u011finin sa\u011flanmas\u0131 durumuna da de\u011finen Tatar, T\u00fcrk D\u00fcnyas\u0131nda bu sayede i\u015f birli\u011finin artarak devam edece\u011fini vurgulad\u0131. Ticaret, i\u015fbirli\u011fi, k\u00fclt\u00fcrel ve ekonomik alanda daha g\u00fc\u00e7l\u00fc ba\u011flar\u0131n kurulaca\u011f\u0131na inan\u00e7 belirten Tatar, bu ba\u011flamda \u00e7al\u0131\u015fmalar\u0131n devam etti\u011fini kaydetti ve ba\u011flar\u0131n daha g\u00fc\u00e7lenmesi temennisinde bulundu.<\/p>\n<p>Aliyev\u2019in \u201cBir millet \u00fc\u00e7 devlet\u201d c\u00fcmlesine at\u0131fta bulunan Cumhurba\u015fkan\u0131 Tatar, T\u00fcrk Devletleri Te\u015fkilat\u0131 i\u00e7erisinde ba\u011flar\u0131n g\u00fc\u00e7lenmesi ile \u201cBir millet yedi devlet\u201d ile g\u00fc\u00e7l\u00fc bir yap\u0131da var olmak hedefinde olduklar\u0131n\u0131 ifade etti. 5 bin y\u0131ll\u0131k tarihi, gelece\u011fe ta\u015f\u0131yacaklar\u0131n\u0131 vurgulayan Tatar, Kuzey K\u0131br\u0131s T\u00fcrk Cumhuriyeti\u2019nin t\u00fcm s\u0131k\u0131nt\u0131lar\u0131na ra\u011fmen m\u00fccadeleye devam etti\u011fini belirtti.<\/p>\n<p>Tatar, \u201cT\u00fcrkiye Cumhuriyeti Cumhurba\u015fkan\u0131 Recep Tayyip Erdo\u011fan sayesinde, T\u00fcrk Devletleri Te\u015fkilat\u0131 i\u00e7erisinde g\u00f6zlemci \u00fcye stat\u00fcs\u00fc kazand\u0131k ve bu bizler i\u00e7in olduk\u00e7a \u00f6nemli bir ad\u0131md\u0131. Kendi bayra\u011f\u0131m\u0131zla varl\u0131\u011f\u0131m\u0131z\u0131 s\u00fcrd\u00fcr\u00fcyoruz ve s\u00fcrd\u00fcrmeye devam edece\u011fiz. KKTC\u2019de ya\u015fanan s\u0131k\u0131nt\u0131lar, iki devletli \u00e7\u00f6z\u00fcm politikam\u0131za ve pozisyonumuza engel te\u015fkil etmemektedir. \u0130\u00e7erisinde bulundu\u011fumuz b\u00fcy\u00fck co\u011frafyada, K\u0131br\u0131s T\u00fcrk halk\u0131 olarak, etkinli\u011fimiz artarak devam edecektir ve huzur dolu bir gelecek bizim olacakt\u0131r.\u201d dedi.<\/p>\n<p>Konu\u015fmas\u0131n\u0131n sonunda 19. Uluslararas\u0131 T\u00fcrk K\u00fclt\u00fcr\u00fc, Sanat\u0131 ve K\u00fclt\u00fcrel Miras\u0131 Koruma Sempozyumu\u2019nu d\u00fczenleyen Yak\u0131n Do\u011fu \u00dcniversitesi\u2019ne te\u015fekk\u00fcr eden Cumhurba\u015fkan\u0131 Tatar, k\u0131ymetli \u00e7al\u0131\u015fmalardan dolay\u0131 eme\u011fi ge\u00e7enleri de tebrik etti ve ba\u015far\u0131lar diledi.<\/p>\n<\/p><\/div>\n<p><script async\n                    defer\n                    crossorigin=\"anonymous\"\n                    src=\"https:\/\/connect.facebook.net\/tr_TR\/sdk.js#xfbml=1&#038;version=v3.3\"\n            ><\/script><\/p>\n","protected":false},"excerpt":{"rendered":"<p>Cumhurba\u015fkan\u0131 Ersin Tatar 19. Uluslararas\u0131 T\u00fcrk K\u00fclt\u00fcr\u00fc, Sanat\u0131 ve K\u00fclt\u00fcrel Miras\u0131 Koruma Sempozyumu\u2019na kat\u0131ld\u0131. Cumhurba\u015fkanl\u0131\u011f\u0131\u2019ndan yap\u0131lan a\u00e7\u0131klamaya g\u00f6re, Tatar burada yapt\u0131\u011f\u0131 konu\u015fmada, sempozyumun d\u00fczenlenmesine eme\u011fi ge\u00e7enlere te\u015fekk\u00fcr ederek, bilim insanlar\u0131n\u0131n yapaca\u011f\u0131 de\u011ferli katk\u0131lar\u0131n \u00f6nemine vurgu yapt\u0131. T\u00fcrk D\u00fcnyas\u0131ndan gelen misafirlerle kucakla\u015fmak, \u00f6\u011frencilere seslenmek i\u00e7in sempozyuma kat\u0131ld\u0131\u011f\u0131n\u0131 belirten Cumhurba\u015fkan\u0131 Ersin Tatar, davetten duydu\u011fu mutlulu\u011fu ifade etti.<\/p>\n","protected":false},"author":1,"featured_media":81347,"comment_status":"open","ping_status":"open","sticky":false,"template":"","format":"standard","meta":{"footnotes":""},"categories":[81,101],"tags":[],"class_list":["post-81346","post","type-post","status-publish","format-standard","has-post-thumbnail","hentry","category-kibris","category-manset"],"yoast_head":"<!-- This site is optimized with the Yoast SEO plugin v27.5 - https:\/\/yoast.com\/product\/yoast-seo-wordpress\/ -->\n<title>Tatar, 19. Uluslararas\u0131 T\u00fcrk K\u00fclt\u00fcr\u00fc, Sanat\u0131 ve K\u00fclt\u00fcrel Miras\u0131 Koruma Sempozyumuna kat\u0131ld\u0131 -<\/title>\n<meta name=\"robots\" content=\"index, follow, max-snippet:-1, max-image-preview:large, max-video-preview:-1\" \/>\n<link rel=\"canonical\" href=\"https:\/\/kibrisdakik.com\/?p=81346\" \/>\n<meta property=\"og:locale\" content=\"tr_TR\" \/>\n<meta property=\"og:type\" content=\"article\" \/>\n<meta property=\"og:title\" content=\"Tatar, 19. Uluslararas\u0131 T\u00fcrk K\u00fclt\u00fcr\u00fc, Sanat\u0131 ve K\u00fclt\u00fcrel Miras\u0131 Koruma Sempozyumuna kat\u0131ld\u0131 -\" \/>\n<meta property=\"og:description\" content=\"Cumhurba\u015fkan\u0131 Ersin Tatar 19. Uluslararas\u0131 T\u00fcrk K\u00fclt\u00fcr\u00fc, Sanat\u0131 ve K\u00fclt\u00fcrel Miras\u0131 Koruma Sempozyumu\u2019na kat\u0131ld\u0131. Cumhurba\u015fkanl\u0131\u011f\u0131\u2019ndan yap\u0131lan a\u00e7\u0131klamaya g\u00f6re, Tatar burada yapt\u0131\u011f\u0131 konu\u015fmada, sempozyumun d\u00fczenlenmesine eme\u011fi ge\u00e7enlere te\u015fekk\u00fcr ederek, bilim insanlar\u0131n\u0131n yapaca\u011f\u0131 de\u011ferli katk\u0131lar\u0131n \u00f6nemine vurgu yapt\u0131. T\u00fcrk D\u00fcnyas\u0131ndan gelen misafirlerle kucakla\u015fmak, \u00f6\u011frencilere seslenmek i\u00e7in sempozyuma kat\u0131ld\u0131\u011f\u0131n\u0131 belirten Cumhurba\u015fkan\u0131 Ersin Tatar, davetten duydu\u011fu mutlulu\u011fu ifade etti.\" \/>\n<meta property=\"og:url\" content=\"https:\/\/kibrisdakik.com\/?p=81346\" \/>\n<meta property=\"article:published_time\" content=\"2025-04-28T18:00:58+00:00\" \/>\n<meta property=\"og:image\" content=\"https:\/\/kibrisdakik.com\/wp-content\/uploads\/2025\/04\/174585555747-740x420.jpg\" \/>\n\t<meta property=\"og:image:width\" content=\"2560\" \/>\n\t<meta property=\"og:image:height\" content=\"1703\" \/>\n\t<meta property=\"og:image:type\" content=\"image\/jpeg\" \/>\n<meta name=\"author\" content=\"admin\" \/>\n<meta name=\"twitter:card\" content=\"summary_large_image\" \/>\n<meta name=\"twitter:label1\" content=\"Yazan:\" \/>\n\t<meta name=\"twitter:data1\" content=\"admin\" \/>\n\t<meta name=\"twitter:label2\" content=\"Tahmini okuma s\u00fcresi\" \/>\n\t<meta name=\"twitter:data2\" content=\"3 dakika\" \/>\n<script type=\"application\/ld+json\" class=\"yoast-schema-graph\">{\"@context\":\"https:\\\/\\\/schema.org\",\"@graph\":[{\"@type\":\"Article\",\"@id\":\"https:\\\/\\\/kibrisdakik.com\\\/?p=81346#article\",\"isPartOf\":{\"@id\":\"https:\\\/\\\/kibrisdakik.com\\\/?p=81346\"},\"author\":{\"name\":\"admin\",\"@id\":\"https:\\\/\\\/kibrisdakik.com\\\/#\\\/schema\\\/person\\\/9cd9d437bbb44f72b73ba127e06d8e79\"},\"headline\":\"Tatar, 19. Uluslararas\u0131 T\u00fcrk K\u00fclt\u00fcr\u00fc, Sanat\u0131 ve K\u00fclt\u00fcrel Miras\u0131 Koruma Sempozyumuna kat\u0131ld\u0131\",\"datePublished\":\"2025-04-28T18:00:58+00:00\",\"mainEntityOfPage\":{\"@id\":\"https:\\\/\\\/kibrisdakik.com\\\/?p=81346\"},\"wordCount\":557,\"commentCount\":0,\"image\":{\"@id\":\"https:\\\/\\\/kibrisdakik.com\\\/?p=81346#primaryimage\"},\"thumbnailUrl\":\"https:\\\/\\\/kibrisdakik.com\\\/wp-content\\\/uploads\\\/2025\\\/04\\\/174585555747-740x420.jpg\",\"articleSection\":[\"K\u0131br\u0131s\",\"Man\u015fet\"],\"inLanguage\":\"tr\",\"potentialAction\":[{\"@type\":\"CommentAction\",\"name\":\"Comment\",\"target\":[\"https:\\\/\\\/kibrisdakik.com\\\/?p=81346#respond\"]}]},{\"@type\":\"WebPage\",\"@id\":\"https:\\\/\\\/kibrisdakik.com\\\/?p=81346\",\"url\":\"https:\\\/\\\/kibrisdakik.com\\\/?p=81346\",\"name\":\"Tatar, 19. Uluslararas\u0131 T\u00fcrk K\u00fclt\u00fcr\u00fc, Sanat\u0131 ve K\u00fclt\u00fcrel Miras\u0131 Koruma Sempozyumuna kat\u0131ld\u0131 -\",\"isPartOf\":{\"@id\":\"https:\\\/\\\/kibrisdakik.com\\\/#website\"},\"primaryImageOfPage\":{\"@id\":\"https:\\\/\\\/kibrisdakik.com\\\/?p=81346#primaryimage\"},\"image\":{\"@id\":\"https:\\\/\\\/kibrisdakik.com\\\/?p=81346#primaryimage\"},\"thumbnailUrl\":\"https:\\\/\\\/kibrisdakik.com\\\/wp-content\\\/uploads\\\/2025\\\/04\\\/174585555747-740x420.jpg\",\"datePublished\":\"2025-04-28T18:00:58+00:00\",\"author\":{\"@id\":\"https:\\\/\\\/kibrisdakik.com\\\/#\\\/schema\\\/person\\\/9cd9d437bbb44f72b73ba127e06d8e79\"},\"breadcrumb\":{\"@id\":\"https:\\\/\\\/kibrisdakik.com\\\/?p=81346#breadcrumb\"},\"inLanguage\":\"tr\",\"potentialAction\":[{\"@type\":\"ReadAction\",\"target\":[\"https:\\\/\\\/kibrisdakik.com\\\/?p=81346\"]}]},{\"@type\":\"ImageObject\",\"inLanguage\":\"tr\",\"@id\":\"https:\\\/\\\/kibrisdakik.com\\\/?p=81346#primaryimage\",\"url\":\"https:\\\/\\\/kibrisdakik.com\\\/wp-content\\\/uploads\\\/2025\\\/04\\\/174585555747-740x420.jpg\",\"contentUrl\":\"https:\\\/\\\/kibrisdakik.com\\\/wp-content\\\/uploads\\\/2025\\\/04\\\/174585555747-740x420.jpg\",\"width\":2560,\"height\":1703},{\"@type\":\"BreadcrumbList\",\"@id\":\"https:\\\/\\\/kibrisdakik.com\\\/?p=81346#breadcrumb\",\"itemListElement\":[{\"@type\":\"ListItem\",\"position\":1,\"name\":\"Home\",\"item\":\"https:\\\/\\\/kibrisdakik.com\\\/\"},{\"@type\":\"ListItem\",\"position\":2,\"name\":\"Tatar, 19. Uluslararas\u0131 T\u00fcrk K\u00fclt\u00fcr\u00fc, Sanat\u0131 ve K\u00fclt\u00fcrel Miras\u0131 Koruma Sempozyumuna kat\u0131ld\u0131\"}]},{\"@type\":\"WebSite\",\"@id\":\"https:\\\/\\\/kibrisdakik.com\\\/#website\",\"url\":\"https:\\\/\\\/kibrisdakik.com\\\/\",\"name\":\"\",\"description\":\"Tam vaktinde haber\",\"potentialAction\":[{\"@type\":\"SearchAction\",\"target\":{\"@type\":\"EntryPoint\",\"urlTemplate\":\"https:\\\/\\\/kibrisdakik.com\\\/?s={search_term_string}\"},\"query-input\":{\"@type\":\"PropertyValueSpecification\",\"valueRequired\":true,\"valueName\":\"search_term_string\"}}],\"inLanguage\":\"tr\"},{\"@type\":\"Person\",\"@id\":\"https:\\\/\\\/kibrisdakik.com\\\/#\\\/schema\\\/person\\\/9cd9d437bbb44f72b73ba127e06d8e79\",\"name\":\"admin\",\"image\":{\"@type\":\"ImageObject\",\"inLanguage\":\"tr\",\"@id\":\"https:\\\/\\\/secure.gravatar.com\\\/avatar\\\/ccc17943b9d660506c869530f897617f7cb1c21a4bf30023f252596d83e1f007?s=96&d=mm&r=g\",\"url\":\"https:\\\/\\\/secure.gravatar.com\\\/avatar\\\/ccc17943b9d660506c869530f897617f7cb1c21a4bf30023f252596d83e1f007?s=96&d=mm&r=g\",\"contentUrl\":\"https:\\\/\\\/secure.gravatar.com\\\/avatar\\\/ccc17943b9d660506c869530f897617f7cb1c21a4bf30023f252596d83e1f007?s=96&d=mm&r=g\",\"caption\":\"admin\"},\"sameAs\":[\"https:\\\/\\\/kibrisdakik.com\"],\"url\":\"https:\\\/\\\/kibrisdakik.com\\\/?author=1\"}]}<\/script>\n<!-- \/ Yoast SEO plugin. -->","yoast_head_json":{"title":"Tatar, 19. Uluslararas\u0131 T\u00fcrk K\u00fclt\u00fcr\u00fc, Sanat\u0131 ve K\u00fclt\u00fcrel Miras\u0131 Koruma Sempozyumuna kat\u0131ld\u0131 -","robots":{"index":"index","follow":"follow","max-snippet":"max-snippet:-1","max-image-preview":"max-image-preview:large","max-video-preview":"max-video-preview:-1"},"canonical":"https:\/\/kibrisdakik.com\/?p=81346","og_locale":"tr_TR","og_type":"article","og_title":"Tatar, 19. Uluslararas\u0131 T\u00fcrk K\u00fclt\u00fcr\u00fc, Sanat\u0131 ve K\u00fclt\u00fcrel Miras\u0131 Koruma Sempozyumuna kat\u0131ld\u0131 -","og_description":"Cumhurba\u015fkan\u0131 Ersin Tatar 19. Uluslararas\u0131 T\u00fcrk K\u00fclt\u00fcr\u00fc, Sanat\u0131 ve K\u00fclt\u00fcrel Miras\u0131 Koruma Sempozyumu\u2019na kat\u0131ld\u0131. Cumhurba\u015fkanl\u0131\u011f\u0131\u2019ndan yap\u0131lan a\u00e7\u0131klamaya g\u00f6re, Tatar burada yapt\u0131\u011f\u0131 konu\u015fmada, sempozyumun d\u00fczenlenmesine eme\u011fi ge\u00e7enlere te\u015fekk\u00fcr ederek, bilim insanlar\u0131n\u0131n yapaca\u011f\u0131 de\u011ferli katk\u0131lar\u0131n \u00f6nemine vurgu yapt\u0131. T\u00fcrk D\u00fcnyas\u0131ndan gelen misafirlerle kucakla\u015fmak, \u00f6\u011frencilere seslenmek i\u00e7in sempozyuma kat\u0131ld\u0131\u011f\u0131n\u0131 belirten Cumhurba\u015fkan\u0131 Ersin Tatar, davetten duydu\u011fu mutlulu\u011fu ifade etti.","og_url":"https:\/\/kibrisdakik.com\/?p=81346","article_published_time":"2025-04-28T18:00:58+00:00","og_image":[{"width":2560,"height":1703,"url":"https:\/\/kibrisdakik.com\/wp-content\/uploads\/2025\/04\/174585555747-740x420.jpg","type":"image\/jpeg"}],"author":"admin","twitter_card":"summary_large_image","twitter_misc":{"Yazan:":"admin","Tahmini okuma s\u00fcresi":"3 dakika"},"schema":{"@context":"https:\/\/schema.org","@graph":[{"@type":"Article","@id":"https:\/\/kibrisdakik.com\/?p=81346#article","isPartOf":{"@id":"https:\/\/kibrisdakik.com\/?p=81346"},"author":{"name":"admin","@id":"https:\/\/kibrisdakik.com\/#\/schema\/person\/9cd9d437bbb44f72b73ba127e06d8e79"},"headline":"Tatar, 19. Uluslararas\u0131 T\u00fcrk K\u00fclt\u00fcr\u00fc, Sanat\u0131 ve K\u00fclt\u00fcrel Miras\u0131 Koruma Sempozyumuna kat\u0131ld\u0131","datePublished":"2025-04-28T18:00:58+00:00","mainEntityOfPage":{"@id":"https:\/\/kibrisdakik.com\/?p=81346"},"wordCount":557,"commentCount":0,"image":{"@id":"https:\/\/kibrisdakik.com\/?p=81346#primaryimage"},"thumbnailUrl":"https:\/\/kibrisdakik.com\/wp-content\/uploads\/2025\/04\/174585555747-740x420.jpg","articleSection":["K\u0131br\u0131s","Man\u015fet"],"inLanguage":"tr","potentialAction":[{"@type":"CommentAction","name":"Comment","target":["https:\/\/kibrisdakik.com\/?p=81346#respond"]}]},{"@type":"WebPage","@id":"https:\/\/kibrisdakik.com\/?p=81346","url":"https:\/\/kibrisdakik.com\/?p=81346","name":"Tatar, 19. Uluslararas\u0131 T\u00fcrk K\u00fclt\u00fcr\u00fc, Sanat\u0131 ve K\u00fclt\u00fcrel Miras\u0131 Koruma Sempozyumuna kat\u0131ld\u0131 -","isPartOf":{"@id":"https:\/\/kibrisdakik.com\/#website"},"primaryImageOfPage":{"@id":"https:\/\/kibrisdakik.com\/?p=81346#primaryimage"},"image":{"@id":"https:\/\/kibrisdakik.com\/?p=81346#primaryimage"},"thumbnailUrl":"https:\/\/kibrisdakik.com\/wp-content\/uploads\/2025\/04\/174585555747-740x420.jpg","datePublished":"2025-04-28T18:00:58+00:00","author":{"@id":"https:\/\/kibrisdakik.com\/#\/schema\/person\/9cd9d437bbb44f72b73ba127e06d8e79"},"breadcrumb":{"@id":"https:\/\/kibrisdakik.com\/?p=81346#breadcrumb"},"inLanguage":"tr","potentialAction":[{"@type":"ReadAction","target":["https:\/\/kibrisdakik.com\/?p=81346"]}]},{"@type":"ImageObject","inLanguage":"tr","@id":"https:\/\/kibrisdakik.com\/?p=81346#primaryimage","url":"https:\/\/kibrisdakik.com\/wp-content\/uploads\/2025\/04\/174585555747-740x420.jpg","contentUrl":"https:\/\/kibrisdakik.com\/wp-content\/uploads\/2025\/04\/174585555747-740x420.jpg","width":2560,"height":1703},{"@type":"BreadcrumbList","@id":"https:\/\/kibrisdakik.com\/?p=81346#breadcrumb","itemListElement":[{"@type":"ListItem","position":1,"name":"Home","item":"https:\/\/kibrisdakik.com\/"},{"@type":"ListItem","position":2,"name":"Tatar, 19. Uluslararas\u0131 T\u00fcrk K\u00fclt\u00fcr\u00fc, Sanat\u0131 ve K\u00fclt\u00fcrel Miras\u0131 Koruma Sempozyumuna kat\u0131ld\u0131"}]},{"@type":"WebSite","@id":"https:\/\/kibrisdakik.com\/#website","url":"https:\/\/kibrisdakik.com\/","name":"","description":"Tam vaktinde haber","potentialAction":[{"@type":"SearchAction","target":{"@type":"EntryPoint","urlTemplate":"https:\/\/kibrisdakik.com\/?s={search_term_string}"},"query-input":{"@type":"PropertyValueSpecification","valueRequired":true,"valueName":"search_term_string"}}],"inLanguage":"tr"},{"@type":"Person","@id":"https:\/\/kibrisdakik.com\/#\/schema\/person\/9cd9d437bbb44f72b73ba127e06d8e79","name":"admin","image":{"@type":"ImageObject","inLanguage":"tr","@id":"https:\/\/secure.gravatar.com\/avatar\/ccc17943b9d660506c869530f897617f7cb1c21a4bf30023f252596d83e1f007?s=96&d=mm&r=g","url":"https:\/\/secure.gravatar.com\/avatar\/ccc17943b9d660506c869530f897617f7cb1c21a4bf30023f252596d83e1f007?s=96&d=mm&r=g","contentUrl":"https:\/\/secure.gravatar.com\/avatar\/ccc17943b9d660506c869530f897617f7cb1c21a4bf30023f252596d83e1f007?s=96&d=mm&r=g","caption":"admin"},"sameAs":["https:\/\/kibrisdakik.com"],"url":"https:\/\/kibrisdakik.com\/?author=1"}]}},"_links":{"self":[{"href":"https:\/\/kibrisdakik.com\/index.php?rest_route=\/wp\/v2\/posts\/81346","targetHints":{"allow":["GET"]}}],"collection":[{"href":"https:\/\/kibrisdakik.com\/index.php?rest_route=\/wp\/v2\/posts"}],"about":[{"href":"https:\/\/kibrisdakik.com\/index.php?rest_route=\/wp\/v2\/types\/post"}],"author":[{"embeddable":true,"href":"https:\/\/kibrisdakik.com\/index.php?rest_route=\/wp\/v2\/users\/1"}],"replies":[{"embeddable":true,"href":"https:\/\/kibrisdakik.com\/index.php?rest_route=%2Fwp%2Fv2%2Fcomments&post=81346"}],"version-history":[{"count":0,"href":"https:\/\/kibrisdakik.com\/index.php?rest_route=\/wp\/v2\/posts\/81346\/revisions"}],"wp:featuredmedia":[{"embeddable":true,"href":"https:\/\/kibrisdakik.com\/index.php?rest_route=\/wp\/v2\/media\/81347"}],"wp:attachment":[{"href":"https:\/\/kibrisdakik.com\/index.php?rest_route=%2Fwp%2Fv2%2Fmedia&parent=81346"}],"wp:term":[{"taxonomy":"category","embeddable":true,"href":"https:\/\/kibrisdakik.com\/index.php?rest_route=%2Fwp%2Fv2%2Fcategories&post=81346"},{"taxonomy":"post_tag","embeddable":true,"href":"https:\/\/kibrisdakik.com\/index.php?rest_route=%2Fwp%2Fv2%2Ftags&post=81346"}],"curies":[{"name":"wp","href":"https:\/\/api.w.org\/{rel}","templated":true}]}}