{"id":81362,"date":"2025-04-29T05:44:17","date_gmt":"2025-04-29T02:44:17","guid":{"rendered":"https:\/\/kibrisdakik.com\/index.php\/2025\/04\/29\/cumhurbaskani-tatarteknofest-2025in-ilk-kez-ulkede-duzenlenmesi-buyuk-firsat\/"},"modified":"2025-04-29T05:44:17","modified_gmt":"2025-04-29T02:44:17","slug":"cumhurbaskani-tatarteknofest-2025in-ilk-kez-ulkede-duzenlenmesi-buyuk-firsat","status":"publish","type":"post","link":"https:\/\/kibrisdakik.com\/?p=81362","title":{"rendered":"Cumhurba\u015fkan\u0131 Tatar:TEKNOFEST 2025\u2019in ilk kez \u00fclkede d\u00fczenlenmesi b\u00fcy\u00fck f\u0131rsat"},"content":{"rendered":"<div>\n<div class=\"mariselle-image-container center\">\n                                            <\/div>\n<p>Cumhurba\u015fkan\u0131 Ersin Tatar, her y\u0131l ortalama bir milyon ziyaret\u00e7inin kat\u0131ld\u0131\u011f\u0131, T\u00fcrkiye Cumhuriyeti\u2019nin kurulu\u015funun y\u00fcz\u00fcnc\u00fc y\u0131l\u0131 organizasyonunda iki bu\u00e7uk milyondan fazla insan\u0131n ziyaret etti\u011fi TEKNOFEST 2025\u2019in ilk kez \u00fclkede d\u00fczenlenmesinin \u00fclke \u00e7ocuklar\u0131, gen\u00e7leri, giri\u015fimci ve e\u011fitimcileri i\u00e7in b\u00fcy\u00fck bir f\u0131rsat oldu\u011funu vurgulad\u0131.\u00a0<\/p>\n<p>Cumhurba\u015fkan\u0131 Tatar, \u201cHavac\u0131l\u0131k, uzay ve teknoloji alan\u0131ndaki son geli\u015fmelere tan\u0131kl\u0131k etmek, Anavatan\u0131m\u0131z T\u00fcrkiye\u2019de \u00fcretilen en son teknoloji \u00fcr\u00fcnlerini yerinde incelemek, konserlere kat\u0131lmak ve dijital deneyim alan\u0131nda e\u011flenceli vakit ge\u00e7irmek \u00e7ocuklar\u0131m\u0131z ve her ya\u015ftan gen\u00e7lerimiz i\u00e7in b\u00fcy\u00fck bir heyecan kayna\u011f\u0131d\u0131r.\u201d dedi.\u00a0<\/p>\n<p>D\u00fcnyan\u0131n en b\u00fcy\u00fck havac\u0131l\u0131k uzay ve teknoloji festivali 11. TEKNOFEST, 1-4 May\u0131s tarihleri aras\u0131nda Kuzey K\u0131br\u0131s T\u00fcrk Cumhuriyeti\u2019nde Ercan Havaliman\u0131\u2019n\u0131n Eski Terminal alan\u0131nda ger\u00e7ekle\u015ftirilecek.\u00a0<\/p>\n<p>Cumhurba\u015fkan\u0131 Ersin Tatar yapt\u0131\u011f\u0131 a\u00e7\u0131klamada,\u00a0\u00fclkenin k\u0131ymetli e\u011fitimcileri, \u00f6\u011fretmenleri, akademisyenleri, aileler, gen\u00e7ler ve \u00f6\u011frencilerin b\u00f6yle benzersiz bir organizasyona kat\u0131l\u0131mlar\u0131n\u0131n havac\u0131l\u0131k, uzay ve teknoloji alan\u0131nda bilgi ve deneyimlerinin artmas\u0131na b\u00fcy\u00fck katk\u0131 sa\u011flayaca\u011f\u0131n\u0131 vurgulad\u0131.\u00a0<\/p>\n<p>Cumhurba\u015fkan\u0131 Tatar, yetmi\u015f bin metrekarelik dev bir alanda, y\u00fcz yirmiye yak\u0131n kurum ve \u015firketin, payda\u015f ve sponsor olarak sergi mek\u00e2n\u0131 a\u00e7aca\u011f\u0131 organizasyonda, konser sahnesinden dijital deneyim alan\u0131na, on bin ara\u00e7l\u0131k otoparktan yemek b\u00f6l\u00fcmlerine, halk\u0131n ihtiya\u00e7 duyaca\u011f\u0131 her t\u00fcrl\u00fc imk\u00e2n\u0131 bulaca\u011f\u0131na i\u015faret etti.<\/p>\n<p>TEKNOFEST 2025 boyunca, 12 yeni hava arac\u0131n\u0131n sergilenerek, d\u00f6rt g\u00fcn boyunca T\u00fcrk Hava Kuvvetleri\u2019ne ba\u011fl\u0131 se\u00e7kin sava\u015f pilotlar\u0131ndan olu\u015fan SOLOT\u00dcRK hava akrobasi tak\u0131m\u0131n\u0131n g\u00f6steri u\u00e7u\u015flar\u0131 yapaca\u011f\u0131n\u0131 belirten Cumhurba\u015fkan\u0131 Ersin Tatar,\u00a0bu dev festivalde teknoloji yar\u0131\u015fmalar\u0131na, 771\u2019i KKTC\u2019den olmak \u00fczere 15 binden fazla teknoloji, havac\u0131l\u0131k ve uzay tutkununun ba\u015fvuruda bulundu\u011funu kaydetti.<\/p>\n<p>-\u201cKKTC\u2019den yar\u0131\u015fmaya kat\u0131lan 20 tak\u0131mdaki gen\u00e7lerimiz finallere kat\u0131lmaya hak kazand\u0131\u201d<\/p>\n<p>Cumhurba\u015fkan\u0131 Tatar,\u00a0\u201dKKTC\u2019den yar\u0131\u015fmaya kat\u0131lan 20 tak\u0131mdaki gen\u00e7lerimiz finallere kat\u0131lmaya hak kazanm\u0131\u015ft\u0131r. Sadece bu bile bizler i\u00e7in gurur kayna\u011f\u0131d\u0131r.\u201d dedi.\u00a0<\/p>\n<p>Cumhurba\u015fkan\u0131 Tatar a\u00e7\u0131klamas\u0131nda \u015fu ifadelere yer verdi:\u00a0<\/p>\n<p>\u201cHavac\u0131l\u0131k, uzay ve teknoloji alan\u0131ndaki son geli\u015fmelere tan\u0131kl\u0131k etmek, Anavatan\u0131m\u0131z T\u00fcrkiye\u2019de \u00fcretilen en son teknoloji \u00fcr\u00fcnlerini yerinde incelemek, konserlere kat\u0131lmak ve dijital deneyim alan\u0131nda e\u011flenceli vakit ge\u00e7irmek \u00e7ocuklar\u0131m\u0131z ve her ya\u015ftan gen\u00e7lerimiz i\u00e7in b\u00fcy\u00fck bir heyecan kayna\u011f\u0131d\u0131r.<\/p>\n<p>Ancak t\u00fcm bunlar\u0131n \u00f6tesinde; \u00fclkemizin k\u0131ymetli e\u011fitimcilerinin, \u00f6\u011fretmenlerimizin, akademisyenlerimizin, ailelerimizin, gen\u00e7lerimizin ve \u00f6\u011frencilerimizin b\u00f6yle benzersiz bir organizasyona kat\u0131l\u0131mlar\u0131 havac\u0131l\u0131k, uzay ve teknoloji alan\u0131nda bilgi ve deneyimlerinin artmas\u0131na b\u00fcy\u00fck katk\u0131 sa\u011flayacakt\u0131r.<\/p>\n<p>Kuzey K\u0131br\u0131s T\u00fcrk Cumhuriyeti\u2019nde ger\u00e7ekle\u015fecek TEKNOFEST 2025, devletimize sahip \u00e7\u0131kacak, \u00fclkemizi geli\u015ftirip, yenilik\u00e7i at\u0131l\u0131mlarla gururland\u0131racak \u00e7ocuklar\u0131m\u0131z ve gen\u00e7lerimiz i\u00e7in de ayr\u0131ca ilham verici bir deneyim olacakt\u0131r.<\/p>\n<p>T\u00fcm anne ve babalar\u0131m\u0131z, \u00e7ocuklar\u0131m\u0131z, gen\u00e7lerimiz yan\u0131nda e\u011fitimcilerimizin de KKTC Cumhurba\u015fkanl\u0131\u011f\u0131\u2019n\u0131n himayesinde ger\u00e7ekle\u015fecek olan bu d\u00fcnya \u00e7ap\u0131nda ses getiren TEKNOFEST 2025 co\u015fkusuna ortak olarak, hayal ettikleri fikirleri Kuzey K\u0131br\u0131s T\u00fcrk Cumhuriyeti\u2019nde bir g\u00fcn ger\u00e7e\u011fe d\u00f6n\u00fc\u015ft\u00fcrmelerini diliyorum.\u201d<\/p>\n<\/p><\/div>\n<p><script async\n                    defer\n                    crossorigin=\"anonymous\"\n                    src=\"https:\/\/connect.facebook.net\/tr_TR\/sdk.js#xfbml=1&#038;version=v3.3\"\n            ><\/script><\/p>\n","protected":false},"excerpt":{"rendered":"<p>Cumhurba\u015fkan\u0131 Ersin Tatar, her y\u0131l ortalama bir milyon ziyaret\u00e7inin kat\u0131ld\u0131\u011f\u0131, T\u00fcrkiye Cumhuriyeti\u2019nin kurulu\u015funun y\u00fcz\u00fcnc\u00fc y\u0131l\u0131 organizasyonunda iki bu\u00e7uk milyondan fazla insan\u0131n ziyaret etti\u011fi TEKNOFEST 2025\u2019in ilk kez \u00fclkede d\u00fczenlenmesinin \u00fclke \u00e7ocuklar\u0131, gen\u00e7leri, giri\u015fimci ve e\u011fitimcileri i\u00e7in b\u00fcy\u00fck bir f\u0131rsat oldu\u011funu vurgulad\u0131.\u00a0 Cumhurba\u015fkan\u0131 Tatar, \u201cHavac\u0131l\u0131k, uzay ve teknoloji alan\u0131ndaki son geli\u015fmelere tan\u0131kl\u0131k etmek, Anavatan\u0131m\u0131z T\u00fcrkiye\u2019de \u00fcretilen<\/p>\n","protected":false},"author":1,"featured_media":81363,"comment_status":"open","ping_status":"open","sticky":false,"template":"","format":"standard","meta":{"footnotes":""},"categories":[81,101],"tags":[],"class_list":["post-81362","post","type-post","status-publish","format-standard","has-post-thumbnail","hentry","category-kibris","category-manset"],"yoast_head":"<!-- This site is optimized with the Yoast SEO plugin v27.5 - https:\/\/yoast.com\/product\/yoast-seo-wordpress\/ -->\n<title>Cumhurba\u015fkan\u0131 Tatar:TEKNOFEST 2025\u2019in ilk kez \u00fclkede d\u00fczenlenmesi b\u00fcy\u00fck f\u0131rsat -<\/title>\n<meta name=\"robots\" content=\"index, follow, max-snippet:-1, max-image-preview:large, max-video-preview:-1\" \/>\n<link rel=\"canonical\" href=\"https:\/\/kibrisdakik.com\/?p=81362\" \/>\n<meta property=\"og:locale\" content=\"tr_TR\" \/>\n<meta property=\"og:type\" content=\"article\" \/>\n<meta property=\"og:title\" content=\"Cumhurba\u015fkan\u0131 Tatar:TEKNOFEST 2025\u2019in ilk kez \u00fclkede d\u00fczenlenmesi b\u00fcy\u00fck f\u0131rsat -\" \/>\n<meta property=\"og:description\" content=\"Cumhurba\u015fkan\u0131 Ersin Tatar, her y\u0131l ortalama bir milyon ziyaret\u00e7inin kat\u0131ld\u0131\u011f\u0131, T\u00fcrkiye Cumhuriyeti\u2019nin kurulu\u015funun y\u00fcz\u00fcnc\u00fc y\u0131l\u0131 organizasyonunda iki bu\u00e7uk milyondan fazla insan\u0131n ziyaret etti\u011fi TEKNOFEST 2025\u2019in ilk kez \u00fclkede d\u00fczenlenmesinin \u00fclke \u00e7ocuklar\u0131, gen\u00e7leri, giri\u015fimci ve e\u011fitimcileri i\u00e7in b\u00fcy\u00fck bir f\u0131rsat oldu\u011funu vurgulad\u0131.\u00a0 Cumhurba\u015fkan\u0131 Tatar, \u201cHavac\u0131l\u0131k, uzay ve teknoloji alan\u0131ndaki son geli\u015fmelere tan\u0131kl\u0131k etmek, Anavatan\u0131m\u0131z T\u00fcrkiye\u2019de \u00fcretilen\" \/>\n<meta property=\"og:url\" content=\"https:\/\/kibrisdakik.com\/?p=81362\" \/>\n<meta property=\"article:published_time\" content=\"2025-04-29T02:44:17+00:00\" \/>\n<meta property=\"og:image\" content=\"https:\/\/kibrisdakik.com\/wp-content\/uploads\/2025\/04\/FB_IMG_1745870614791-740x420.jpg\" \/>\n\t<meta property=\"og:image:width\" content=\"1080\" \/>\n\t<meta property=\"og:image:height\" content=\"719\" \/>\n\t<meta property=\"og:image:type\" content=\"image\/jpeg\" \/>\n<meta name=\"author\" content=\"admin\" \/>\n<meta name=\"twitter:card\" content=\"summary_large_image\" \/>\n<meta name=\"twitter:label1\" content=\"Yazan:\" \/>\n\t<meta name=\"twitter:data1\" content=\"admin\" \/>\n\t<meta name=\"twitter:label2\" content=\"Tahmini okuma s\u00fcresi\" \/>\n\t<meta name=\"twitter:data2\" content=\"3 dakika\" \/>\n<script type=\"application\/ld+json\" class=\"yoast-schema-graph\">{\"@context\":\"https:\\\/\\\/schema.org\",\"@graph\":[{\"@type\":\"Article\",\"@id\":\"https:\\\/\\\/kibrisdakik.com\\\/?p=81362#article\",\"isPartOf\":{\"@id\":\"https:\\\/\\\/kibrisdakik.com\\\/?p=81362\"},\"author\":{\"name\":\"admin\",\"@id\":\"https:\\\/\\\/kibrisdakik.com\\\/#\\\/schema\\\/person\\\/9cd9d437bbb44f72b73ba127e06d8e79\"},\"headline\":\"Cumhurba\u015fkan\u0131 Tatar:TEKNOFEST 2025\u2019in ilk kez \u00fclkede d\u00fczenlenmesi b\u00fcy\u00fck f\u0131rsat\",\"datePublished\":\"2025-04-29T02:44:17+00:00\",\"mainEntityOfPage\":{\"@id\":\"https:\\\/\\\/kibrisdakik.com\\\/?p=81362\"},\"wordCount\":630,\"commentCount\":0,\"image\":{\"@id\":\"https:\\\/\\\/kibrisdakik.com\\\/?p=81362#primaryimage\"},\"thumbnailUrl\":\"https:\\\/\\\/kibrisdakik.com\\\/wp-content\\\/uploads\\\/2025\\\/04\\\/FB_IMG_1745870614791-740x420.jpg\",\"articleSection\":[\"K\u0131br\u0131s\",\"Man\u015fet\"],\"inLanguage\":\"tr\",\"potentialAction\":[{\"@type\":\"CommentAction\",\"name\":\"Comment\",\"target\":[\"https:\\\/\\\/kibrisdakik.com\\\/?p=81362#respond\"]}]},{\"@type\":\"WebPage\",\"@id\":\"https:\\\/\\\/kibrisdakik.com\\\/?p=81362\",\"url\":\"https:\\\/\\\/kibrisdakik.com\\\/?p=81362\",\"name\":\"Cumhurba\u015fkan\u0131 Tatar:TEKNOFEST 2025\u2019in ilk kez \u00fclkede d\u00fczenlenmesi b\u00fcy\u00fck f\u0131rsat -\",\"isPartOf\":{\"@id\":\"https:\\\/\\\/kibrisdakik.com\\\/#website\"},\"primaryImageOfPage\":{\"@id\":\"https:\\\/\\\/kibrisdakik.com\\\/?p=81362#primaryimage\"},\"image\":{\"@id\":\"https:\\\/\\\/kibrisdakik.com\\\/?p=81362#primaryimage\"},\"thumbnailUrl\":\"https:\\\/\\\/kibrisdakik.com\\\/wp-content\\\/uploads\\\/2025\\\/04\\\/FB_IMG_1745870614791-740x420.jpg\",\"datePublished\":\"2025-04-29T02:44:17+00:00\",\"author\":{\"@id\":\"https:\\\/\\\/kibrisdakik.com\\\/#\\\/schema\\\/person\\\/9cd9d437bbb44f72b73ba127e06d8e79\"},\"breadcrumb\":{\"@id\":\"https:\\\/\\\/kibrisdakik.com\\\/?p=81362#breadcrumb\"},\"inLanguage\":\"tr\",\"potentialAction\":[{\"@type\":\"ReadAction\",\"target\":[\"https:\\\/\\\/kibrisdakik.com\\\/?p=81362\"]}]},{\"@type\":\"ImageObject\",\"inLanguage\":\"tr\",\"@id\":\"https:\\\/\\\/kibrisdakik.com\\\/?p=81362#primaryimage\",\"url\":\"https:\\\/\\\/kibrisdakik.com\\\/wp-content\\\/uploads\\\/2025\\\/04\\\/FB_IMG_1745870614791-740x420.jpg\",\"contentUrl\":\"https:\\\/\\\/kibrisdakik.com\\\/wp-content\\\/uploads\\\/2025\\\/04\\\/FB_IMG_1745870614791-740x420.jpg\",\"width\":1080,\"height\":719},{\"@type\":\"BreadcrumbList\",\"@id\":\"https:\\\/\\\/kibrisdakik.com\\\/?p=81362#breadcrumb\",\"itemListElement\":[{\"@type\":\"ListItem\",\"position\":1,\"name\":\"Home\",\"item\":\"https:\\\/\\\/kibrisdakik.com\\\/\"},{\"@type\":\"ListItem\",\"position\":2,\"name\":\"Cumhurba\u015fkan\u0131 Tatar:TEKNOFEST 2025\u2019in ilk kez \u00fclkede d\u00fczenlenmesi b\u00fcy\u00fck f\u0131rsat\"}]},{\"@type\":\"WebSite\",\"@id\":\"https:\\\/\\\/kibrisdakik.com\\\/#website\",\"url\":\"https:\\\/\\\/kibrisdakik.com\\\/\",\"name\":\"\",\"description\":\"Tam vaktinde haber\",\"potentialAction\":[{\"@type\":\"SearchAction\",\"target\":{\"@type\":\"EntryPoint\",\"urlTemplate\":\"https:\\\/\\\/kibrisdakik.com\\\/?s={search_term_string}\"},\"query-input\":{\"@type\":\"PropertyValueSpecification\",\"valueRequired\":true,\"valueName\":\"search_term_string\"}}],\"inLanguage\":\"tr\"},{\"@type\":\"Person\",\"@id\":\"https:\\\/\\\/kibrisdakik.com\\\/#\\\/schema\\\/person\\\/9cd9d437bbb44f72b73ba127e06d8e79\",\"name\":\"admin\",\"image\":{\"@type\":\"ImageObject\",\"inLanguage\":\"tr\",\"@id\":\"https:\\\/\\\/secure.gravatar.com\\\/avatar\\\/ccc17943b9d660506c869530f897617f7cb1c21a4bf30023f252596d83e1f007?s=96&d=mm&r=g\",\"url\":\"https:\\\/\\\/secure.gravatar.com\\\/avatar\\\/ccc17943b9d660506c869530f897617f7cb1c21a4bf30023f252596d83e1f007?s=96&d=mm&r=g\",\"contentUrl\":\"https:\\\/\\\/secure.gravatar.com\\\/avatar\\\/ccc17943b9d660506c869530f897617f7cb1c21a4bf30023f252596d83e1f007?s=96&d=mm&r=g\",\"caption\":\"admin\"},\"sameAs\":[\"https:\\\/\\\/kibrisdakik.com\"],\"url\":\"https:\\\/\\\/kibrisdakik.com\\\/?author=1\"}]}<\/script>\n<!-- \/ Yoast SEO plugin. -->","yoast_head_json":{"title":"Cumhurba\u015fkan\u0131 Tatar:TEKNOFEST 2025\u2019in ilk kez \u00fclkede d\u00fczenlenmesi b\u00fcy\u00fck f\u0131rsat -","robots":{"index":"index","follow":"follow","max-snippet":"max-snippet:-1","max-image-preview":"max-image-preview:large","max-video-preview":"max-video-preview:-1"},"canonical":"https:\/\/kibrisdakik.com\/?p=81362","og_locale":"tr_TR","og_type":"article","og_title":"Cumhurba\u015fkan\u0131 Tatar:TEKNOFEST 2025\u2019in ilk kez \u00fclkede d\u00fczenlenmesi b\u00fcy\u00fck f\u0131rsat -","og_description":"Cumhurba\u015fkan\u0131 Ersin Tatar, her y\u0131l ortalama bir milyon ziyaret\u00e7inin kat\u0131ld\u0131\u011f\u0131, T\u00fcrkiye Cumhuriyeti\u2019nin kurulu\u015funun y\u00fcz\u00fcnc\u00fc y\u0131l\u0131 organizasyonunda iki bu\u00e7uk milyondan fazla insan\u0131n ziyaret etti\u011fi TEKNOFEST 2025\u2019in ilk kez \u00fclkede d\u00fczenlenmesinin \u00fclke \u00e7ocuklar\u0131, gen\u00e7leri, giri\u015fimci ve e\u011fitimcileri i\u00e7in b\u00fcy\u00fck bir f\u0131rsat oldu\u011funu vurgulad\u0131.\u00a0 Cumhurba\u015fkan\u0131 Tatar, \u201cHavac\u0131l\u0131k, uzay ve teknoloji alan\u0131ndaki son geli\u015fmelere tan\u0131kl\u0131k etmek, Anavatan\u0131m\u0131z T\u00fcrkiye\u2019de \u00fcretilen","og_url":"https:\/\/kibrisdakik.com\/?p=81362","article_published_time":"2025-04-29T02:44:17+00:00","og_image":[{"width":1080,"height":719,"url":"https:\/\/kibrisdakik.com\/wp-content\/uploads\/2025\/04\/FB_IMG_1745870614791-740x420.jpg","type":"image\/jpeg"}],"author":"admin","twitter_card":"summary_large_image","twitter_misc":{"Yazan:":"admin","Tahmini okuma s\u00fcresi":"3 dakika"},"schema":{"@context":"https:\/\/schema.org","@graph":[{"@type":"Article","@id":"https:\/\/kibrisdakik.com\/?p=81362#article","isPartOf":{"@id":"https:\/\/kibrisdakik.com\/?p=81362"},"author":{"name":"admin","@id":"https:\/\/kibrisdakik.com\/#\/schema\/person\/9cd9d437bbb44f72b73ba127e06d8e79"},"headline":"Cumhurba\u015fkan\u0131 Tatar:TEKNOFEST 2025\u2019in ilk kez \u00fclkede d\u00fczenlenmesi b\u00fcy\u00fck f\u0131rsat","datePublished":"2025-04-29T02:44:17+00:00","mainEntityOfPage":{"@id":"https:\/\/kibrisdakik.com\/?p=81362"},"wordCount":630,"commentCount":0,"image":{"@id":"https:\/\/kibrisdakik.com\/?p=81362#primaryimage"},"thumbnailUrl":"https:\/\/kibrisdakik.com\/wp-content\/uploads\/2025\/04\/FB_IMG_1745870614791-740x420.jpg","articleSection":["K\u0131br\u0131s","Man\u015fet"],"inLanguage":"tr","potentialAction":[{"@type":"CommentAction","name":"Comment","target":["https:\/\/kibrisdakik.com\/?p=81362#respond"]}]},{"@type":"WebPage","@id":"https:\/\/kibrisdakik.com\/?p=81362","url":"https:\/\/kibrisdakik.com\/?p=81362","name":"Cumhurba\u015fkan\u0131 Tatar:TEKNOFEST 2025\u2019in ilk kez \u00fclkede d\u00fczenlenmesi b\u00fcy\u00fck f\u0131rsat -","isPartOf":{"@id":"https:\/\/kibrisdakik.com\/#website"},"primaryImageOfPage":{"@id":"https:\/\/kibrisdakik.com\/?p=81362#primaryimage"},"image":{"@id":"https:\/\/kibrisdakik.com\/?p=81362#primaryimage"},"thumbnailUrl":"https:\/\/kibrisdakik.com\/wp-content\/uploads\/2025\/04\/FB_IMG_1745870614791-740x420.jpg","datePublished":"2025-04-29T02:44:17+00:00","author":{"@id":"https:\/\/kibrisdakik.com\/#\/schema\/person\/9cd9d437bbb44f72b73ba127e06d8e79"},"breadcrumb":{"@id":"https:\/\/kibrisdakik.com\/?p=81362#breadcrumb"},"inLanguage":"tr","potentialAction":[{"@type":"ReadAction","target":["https:\/\/kibrisdakik.com\/?p=81362"]}]},{"@type":"ImageObject","inLanguage":"tr","@id":"https:\/\/kibrisdakik.com\/?p=81362#primaryimage","url":"https:\/\/kibrisdakik.com\/wp-content\/uploads\/2025\/04\/FB_IMG_1745870614791-740x420.jpg","contentUrl":"https:\/\/kibrisdakik.com\/wp-content\/uploads\/2025\/04\/FB_IMG_1745870614791-740x420.jpg","width":1080,"height":719},{"@type":"BreadcrumbList","@id":"https:\/\/kibrisdakik.com\/?p=81362#breadcrumb","itemListElement":[{"@type":"ListItem","position":1,"name":"Home","item":"https:\/\/kibrisdakik.com\/"},{"@type":"ListItem","position":2,"name":"Cumhurba\u015fkan\u0131 Tatar:TEKNOFEST 2025\u2019in ilk kez \u00fclkede d\u00fczenlenmesi b\u00fcy\u00fck f\u0131rsat"}]},{"@type":"WebSite","@id":"https:\/\/kibrisdakik.com\/#website","url":"https:\/\/kibrisdakik.com\/","name":"","description":"Tam vaktinde haber","potentialAction":[{"@type":"SearchAction","target":{"@type":"EntryPoint","urlTemplate":"https:\/\/kibrisdakik.com\/?s={search_term_string}"},"query-input":{"@type":"PropertyValueSpecification","valueRequired":true,"valueName":"search_term_string"}}],"inLanguage":"tr"},{"@type":"Person","@id":"https:\/\/kibrisdakik.com\/#\/schema\/person\/9cd9d437bbb44f72b73ba127e06d8e79","name":"admin","image":{"@type":"ImageObject","inLanguage":"tr","@id":"https:\/\/secure.gravatar.com\/avatar\/ccc17943b9d660506c869530f897617f7cb1c21a4bf30023f252596d83e1f007?s=96&d=mm&r=g","url":"https:\/\/secure.gravatar.com\/avatar\/ccc17943b9d660506c869530f897617f7cb1c21a4bf30023f252596d83e1f007?s=96&d=mm&r=g","contentUrl":"https:\/\/secure.gravatar.com\/avatar\/ccc17943b9d660506c869530f897617f7cb1c21a4bf30023f252596d83e1f007?s=96&d=mm&r=g","caption":"admin"},"sameAs":["https:\/\/kibrisdakik.com"],"url":"https:\/\/kibrisdakik.com\/?author=1"}]}},"_links":{"self":[{"href":"https:\/\/kibrisdakik.com\/index.php?rest_route=\/wp\/v2\/posts\/81362","targetHints":{"allow":["GET"]}}],"collection":[{"href":"https:\/\/kibrisdakik.com\/index.php?rest_route=\/wp\/v2\/posts"}],"about":[{"href":"https:\/\/kibrisdakik.com\/index.php?rest_route=\/wp\/v2\/types\/post"}],"author":[{"embeddable":true,"href":"https:\/\/kibrisdakik.com\/index.php?rest_route=\/wp\/v2\/users\/1"}],"replies":[{"embeddable":true,"href":"https:\/\/kibrisdakik.com\/index.php?rest_route=%2Fwp%2Fv2%2Fcomments&post=81362"}],"version-history":[{"count":0,"href":"https:\/\/kibrisdakik.com\/index.php?rest_route=\/wp\/v2\/posts\/81362\/revisions"}],"wp:featuredmedia":[{"embeddable":true,"href":"https:\/\/kibrisdakik.com\/index.php?rest_route=\/wp\/v2\/media\/81363"}],"wp:attachment":[{"href":"https:\/\/kibrisdakik.com\/index.php?rest_route=%2Fwp%2Fv2%2Fmedia&parent=81362"}],"wp:term":[{"taxonomy":"category","embeddable":true,"href":"https:\/\/kibrisdakik.com\/index.php?rest_route=%2Fwp%2Fv2%2Fcategories&post=81362"},{"taxonomy":"post_tag","embeddable":true,"href":"https:\/\/kibrisdakik.com\/index.php?rest_route=%2Fwp%2Fv2%2Ftags&post=81362"}],"curies":[{"name":"wp","href":"https:\/\/api.w.org\/{rel}","templated":true}]}}