{"id":81368,"date":"2025-04-29T09:34:56","date_gmt":"2025-04-29T06:34:56","guid":{"rendered":"https:\/\/kibrisdakik.com\/index.php\/2025\/04\/29\/ubp-milletvekili-kucuk-gelecek-genclerin-teknofest-hepimizindir\/"},"modified":"2025-04-29T09:34:56","modified_gmt":"2025-04-29T06:34:56","slug":"ubp-milletvekili-kucuk-gelecek-genclerin-teknofest-hepimizindir","status":"publish","type":"post","link":"https:\/\/kibrisdakik.com\/?p=81368","title":{"rendered":"UBP Milletvekili K\u00fc\u00e7\u00fck: Gelecek gen\u00e7lerin, TEKNOFEST hepimizindir"},"content":{"rendered":"<div>\n<div class=\"mariselle-image-container none\">\n                                            <\/div>\n<p style=\"font-weight: 300;\"><span style=\"font-weight: 300 !important;\">Ulusal Birlik Partisi (UBP) Girne Milletvekili Dr. Hasan K\u00fc\u00e7\u00fck, K\u0131br\u0131s T\u00fcrk Orta E\u011fitim \u00d6\u011fretmenler Sendikas\u0131\u2019n\u0131n TEKNOFEST Havac\u0131l\u0131k, Uzay ve Teknoloji Festivali\u2019ni boykot etme karar\u0131na \u201cGelecek gen\u00e7lerin, TEKNOFEST hepimizindir\u201d\u00a0 diyerek tepki g\u00f6sterdi.<\/span><\/p>\n<p style=\"font-weight: 300;\">UBP Milletvekili Hasan K\u00fc\u00e7\u00fck yapt\u0131\u011f\u0131 yaz\u0131l\u0131 a\u00e7\u0131klamada, e\u011fitimin siyaset \u00fcst\u00fc bir kurum oldu\u011funu vurgulayarak, \u201cE\u011fitim, \u00e7ocuk odakl\u0131 olmal\u0131; bireyselden b\u00fct\u00fcnsele varan bir s\u00fcre\u00e7tir ve siyaset \u00fcst\u00fc bir olgudur\u201d dedi.<\/p>\n<p style=\"font-weight: 300;\">K\u00fc\u00e7\u00fck, K\u0131br\u0131s T\u00fcrk Orta E\u011fitim \u00d6\u011fretmenler Sendikas\u0131\u2019n\u0131n 1-4 May\u0131s 2025 tarihleri aras\u0131nda KKTC\u2019de d\u00fczenlenecek olan TEKNOFEST Havac\u0131l\u0131k, Uzay ve Teknoloji Festivali\u2019ni boykot etme karar\u0131na yaz\u0131l\u0131 bir a\u00e7\u0131klama ile tepki g\u00f6sterdi.<\/p>\n<p style=\"font-weight: 300;\">K\u00fc\u00e7\u00fck, TEKNOFEST\u2019in bilim, teknoloji ve inovasyonun kutland\u0131\u011f\u0131, gen\u00e7lerin hayallerine kanat takt\u0131\u011f\u0131 bir etkinlik oldu\u011funu belirtti. K\u00fc\u00e7\u00fck, \u201c\u00d6\u011frencilerin bu festivale kat\u0131l\u0131m\u0131n\u0131n sendikalar taraf\u0131ndan yasaklanmas\u0131 karar\u0131n\u0131 b\u00fcy\u00fck bir \u00fcz\u00fcnt\u00fc ve \u015fa\u015fk\u0131nl\u0131kla kar\u015f\u0131l\u0131yorum. Biz \u00e7ocuklar\u0131m\u0131zla orada olaca\u011f\u0131z. TEKNOFEST gen\u00e7lerindir.\u201d ifadelerini kulland\u0131.<\/p>\n<p style=\"font-weight: 300;\">K\u00fc\u00e7\u00fck, festivalin bug\u00fcne kadar milyonlarca \u00f6\u011frencinin eme\u011fi, tutkusu ve zek\u00e2s\u0131yla b\u00fcy\u00fcd\u00fc\u011f\u00fcn\u00fc vurgulayarak, \u201cBu festivalin ruhu; gen\u00e7lerin \u00fcretme, ke\u015ffetme ve ba\u015farma heyecan\u0131ndan do\u011fdu. \u015eimdi, gelece\u011fin m\u00fchendislerini, bilim insanlar\u0131n\u0131 ve giri\u015fimcilerini d\u0131\u015far\u0131da b\u0131rakarak bu ruha zarar veriliyor. Her \u015fey siyaset de\u011fildir.\u201d dedi.<\/p>\n<p style=\"font-weight: 300;\">-\u201cE\u011fitim Ya\u015fam\u0131n Her An\u0131ndad\u0131r\u201d<\/p>\n<p style=\"font-weight: 300;\">Sendikan\u0131n ald\u0131\u011f\u0131 boykot karar\u0131n\u0131n, \u00f6\u011frencilerin vizyon edinme ve hayal d\u00fcnyalar\u0131n\u0131 geli\u015ftirme s\u00fcre\u00e7lerini zedeledi\u011fini belirten K\u00fc\u00e7\u00fck, \u201c\u00d6\u011frenciler sadece izleyici de\u011fil, TEKNOFEST\u2019in ger\u00e7ek sahipleridir. E\u011fitim ya\u015fam\u0131n her an\u0131ndad\u0131r ve b\u00fct\u00fcnseldir. Gelece\u011fe umutla bakan, \u00fclkemizi ileri ta\u015f\u0131yacak gen\u00e7 zihinlerin sesini k\u0131smak sadece onlar\u0131n de\u011fil, hepimizin kayb\u0131d\u0131r\u201d dedi.<\/p>\n<p style=\"font-weight: 300;\">-\u201cGelecek Gen\u00e7lerin, TEKNOFEST Hepimizindir\u201d<\/p>\n<p style=\"font-weight: 300;\">K\u00fc\u00e7\u00fck, gen\u00e7lerin bilim ve teknolojiye olan sevgilerini hi\u00e7bir engelin durduramayaca\u011f\u0131n\u0131 belirterek, \u201cBiz gen\u00e7ler olarak, bilim ve teknolojiye olan sevgimizi, azmimizi ve kararl\u0131l\u0131\u011f\u0131m\u0131z\u0131 hi\u00e7bir engelin durduramayaca\u011f\u0131n\u0131 bir kez daha vurguluyoruz. TEKNOFEST\u2019te olaca\u011f\u0131z. Gelecek gen\u00e7lerin, TEKNOFEST hepimizindir.\u201d ifadelerini kulland\u0131.<\/p>\n<\/p><\/div>\n<p><script async\n                    defer\n                    crossorigin=\"anonymous\"\n                    src=\"https:\/\/connect.facebook.net\/tr_TR\/sdk.js#xfbml=1&#038;version=v3.3\"\n            ><\/script><\/p>\n","protected":false},"excerpt":{"rendered":"<p>Ulusal Birlik Partisi (UBP) Girne Milletvekili Dr. Hasan K\u00fc\u00e7\u00fck, K\u0131br\u0131s T\u00fcrk Orta E\u011fitim \u00d6\u011fretmenler Sendikas\u0131\u2019n\u0131n TEKNOFEST Havac\u0131l\u0131k, Uzay ve Teknoloji Festivali\u2019ni boykot etme karar\u0131na \u201cGelecek gen\u00e7lerin, TEKNOFEST hepimizindir\u201d\u00a0 diyerek tepki g\u00f6sterdi. UBP Milletvekili Hasan K\u00fc\u00e7\u00fck yapt\u0131\u011f\u0131 yaz\u0131l\u0131 a\u00e7\u0131klamada, e\u011fitimin siyaset \u00fcst\u00fc bir kurum oldu\u011funu vurgulayarak, \u201cE\u011fitim, \u00e7ocuk odakl\u0131 olmal\u0131; bireyselden b\u00fct\u00fcnsele varan bir s\u00fcre\u00e7tir ve<\/p>\n","protected":false},"author":1,"featured_media":81369,"comment_status":"open","ping_status":"open","sticky":false,"template":"","format":"standard","meta":{"footnotes":""},"categories":[81,101],"tags":[],"class_list":["post-81368","post","type-post","status-publish","format-standard","has-post-thumbnail","hentry","category-kibris","category-manset"],"yoast_head":"<!-- This site is optimized with the Yoast SEO plugin v27.5 - https:\/\/yoast.com\/product\/yoast-seo-wordpress\/ -->\n<title>UBP Milletvekili K\u00fc\u00e7\u00fck: Gelecek gen\u00e7lerin, TEKNOFEST hepimizindir -<\/title>\n<meta name=\"robots\" content=\"index, follow, max-snippet:-1, max-image-preview:large, max-video-preview:-1\" \/>\n<link rel=\"canonical\" href=\"https:\/\/kibrisdakik.com\/?p=81368\" \/>\n<meta property=\"og:locale\" content=\"tr_TR\" \/>\n<meta property=\"og:type\" content=\"article\" \/>\n<meta property=\"og:title\" content=\"UBP Milletvekili K\u00fc\u00e7\u00fck: Gelecek gen\u00e7lerin, TEKNOFEST hepimizindir -\" \/>\n<meta property=\"og:description\" content=\"Ulusal Birlik Partisi (UBP) Girne Milletvekili Dr. Hasan K\u00fc\u00e7\u00fck, K\u0131br\u0131s T\u00fcrk Orta E\u011fitim \u00d6\u011fretmenler Sendikas\u0131\u2019n\u0131n TEKNOFEST Havac\u0131l\u0131k, Uzay ve Teknoloji Festivali\u2019ni boykot etme karar\u0131na \u201cGelecek gen\u00e7lerin, TEKNOFEST hepimizindir\u201d\u00a0 diyerek tepki g\u00f6sterdi. UBP Milletvekili Hasan K\u00fc\u00e7\u00fck yapt\u0131\u011f\u0131 yaz\u0131l\u0131 a\u00e7\u0131klamada, e\u011fitimin siyaset \u00fcst\u00fc bir kurum oldu\u011funu vurgulayarak, \u201cE\u011fitim, \u00e7ocuk odakl\u0131 olmal\u0131; bireyselden b\u00fct\u00fcnsele varan bir s\u00fcre\u00e7tir ve\" \/>\n<meta property=\"og:url\" content=\"https:\/\/kibrisdakik.com\/?p=81368\" \/>\n<meta property=\"article:published_time\" content=\"2025-04-29T06:34:56+00:00\" \/>\n<meta property=\"og:image\" content=\"https:\/\/kibrisdakik.com\/wp-content\/uploads\/2025\/04\/hasan-kucuk-740x410.jpeg\" \/>\n\t<meta property=\"og:image:width\" content=\"930\" \/>\n\t<meta property=\"og:image:height\" content=\"410\" \/>\n\t<meta property=\"og:image:type\" content=\"image\/jpeg\" \/>\n<meta name=\"author\" content=\"admin\" \/>\n<meta name=\"twitter:card\" content=\"summary_large_image\" \/>\n<meta name=\"twitter:label1\" content=\"Yazan:\" \/>\n\t<meta name=\"twitter:data1\" content=\"admin\" \/>\n\t<meta name=\"twitter:label2\" content=\"Tahmini okuma s\u00fcresi\" \/>\n\t<meta name=\"twitter:data2\" content=\"2 dakika\" \/>\n<script type=\"application\/ld+json\" class=\"yoast-schema-graph\">{\"@context\":\"https:\\\/\\\/schema.org\",\"@graph\":[{\"@type\":\"Article\",\"@id\":\"https:\\\/\\\/kibrisdakik.com\\\/?p=81368#article\",\"isPartOf\":{\"@id\":\"https:\\\/\\\/kibrisdakik.com\\\/?p=81368\"},\"author\":{\"name\":\"admin\",\"@id\":\"https:\\\/\\\/kibrisdakik.com\\\/#\\\/schema\\\/person\\\/9cd9d437bbb44f72b73ba127e06d8e79\"},\"headline\":\"UBP Milletvekili K\u00fc\u00e7\u00fck: Gelecek gen\u00e7lerin, TEKNOFEST hepimizindir\",\"datePublished\":\"2025-04-29T06:34:56+00:00\",\"mainEntityOfPage\":{\"@id\":\"https:\\\/\\\/kibrisdakik.com\\\/?p=81368\"},\"wordCount\":398,\"commentCount\":0,\"image\":{\"@id\":\"https:\\\/\\\/kibrisdakik.com\\\/?p=81368#primaryimage\"},\"thumbnailUrl\":\"https:\\\/\\\/kibrisdakik.com\\\/wp-content\\\/uploads\\\/2025\\\/04\\\/hasan-kucuk-740x410.jpeg\",\"articleSection\":[\"K\u0131br\u0131s\",\"Man\u015fet\"],\"inLanguage\":\"tr\",\"potentialAction\":[{\"@type\":\"CommentAction\",\"name\":\"Comment\",\"target\":[\"https:\\\/\\\/kibrisdakik.com\\\/?p=81368#respond\"]}]},{\"@type\":\"WebPage\",\"@id\":\"https:\\\/\\\/kibrisdakik.com\\\/?p=81368\",\"url\":\"https:\\\/\\\/kibrisdakik.com\\\/?p=81368\",\"name\":\"UBP Milletvekili K\u00fc\u00e7\u00fck: Gelecek gen\u00e7lerin, TEKNOFEST hepimizindir -\",\"isPartOf\":{\"@id\":\"https:\\\/\\\/kibrisdakik.com\\\/#website\"},\"primaryImageOfPage\":{\"@id\":\"https:\\\/\\\/kibrisdakik.com\\\/?p=81368#primaryimage\"},\"image\":{\"@id\":\"https:\\\/\\\/kibrisdakik.com\\\/?p=81368#primaryimage\"},\"thumbnailUrl\":\"https:\\\/\\\/kibrisdakik.com\\\/wp-content\\\/uploads\\\/2025\\\/04\\\/hasan-kucuk-740x410.jpeg\",\"datePublished\":\"2025-04-29T06:34:56+00:00\",\"author\":{\"@id\":\"https:\\\/\\\/kibrisdakik.com\\\/#\\\/schema\\\/person\\\/9cd9d437bbb44f72b73ba127e06d8e79\"},\"breadcrumb\":{\"@id\":\"https:\\\/\\\/kibrisdakik.com\\\/?p=81368#breadcrumb\"},\"inLanguage\":\"tr\",\"potentialAction\":[{\"@type\":\"ReadAction\",\"target\":[\"https:\\\/\\\/kibrisdakik.com\\\/?p=81368\"]}]},{\"@type\":\"ImageObject\",\"inLanguage\":\"tr\",\"@id\":\"https:\\\/\\\/kibrisdakik.com\\\/?p=81368#primaryimage\",\"url\":\"https:\\\/\\\/kibrisdakik.com\\\/wp-content\\\/uploads\\\/2025\\\/04\\\/hasan-kucuk-740x410.jpeg\",\"contentUrl\":\"https:\\\/\\\/kibrisdakik.com\\\/wp-content\\\/uploads\\\/2025\\\/04\\\/hasan-kucuk-740x410.jpeg\",\"width\":930,\"height\":410},{\"@type\":\"BreadcrumbList\",\"@id\":\"https:\\\/\\\/kibrisdakik.com\\\/?p=81368#breadcrumb\",\"itemListElement\":[{\"@type\":\"ListItem\",\"position\":1,\"name\":\"Home\",\"item\":\"https:\\\/\\\/kibrisdakik.com\\\/\"},{\"@type\":\"ListItem\",\"position\":2,\"name\":\"UBP Milletvekili K\u00fc\u00e7\u00fck: Gelecek gen\u00e7lerin, TEKNOFEST hepimizindir\"}]},{\"@type\":\"WebSite\",\"@id\":\"https:\\\/\\\/kibrisdakik.com\\\/#website\",\"url\":\"https:\\\/\\\/kibrisdakik.com\\\/\",\"name\":\"\",\"description\":\"Tam vaktinde haber\",\"potentialAction\":[{\"@type\":\"SearchAction\",\"target\":{\"@type\":\"EntryPoint\",\"urlTemplate\":\"https:\\\/\\\/kibrisdakik.com\\\/?s={search_term_string}\"},\"query-input\":{\"@type\":\"PropertyValueSpecification\",\"valueRequired\":true,\"valueName\":\"search_term_string\"}}],\"inLanguage\":\"tr\"},{\"@type\":\"Person\",\"@id\":\"https:\\\/\\\/kibrisdakik.com\\\/#\\\/schema\\\/person\\\/9cd9d437bbb44f72b73ba127e06d8e79\",\"name\":\"admin\",\"image\":{\"@type\":\"ImageObject\",\"inLanguage\":\"tr\",\"@id\":\"https:\\\/\\\/secure.gravatar.com\\\/avatar\\\/ccc17943b9d660506c869530f897617f7cb1c21a4bf30023f252596d83e1f007?s=96&d=mm&r=g\",\"url\":\"https:\\\/\\\/secure.gravatar.com\\\/avatar\\\/ccc17943b9d660506c869530f897617f7cb1c21a4bf30023f252596d83e1f007?s=96&d=mm&r=g\",\"contentUrl\":\"https:\\\/\\\/secure.gravatar.com\\\/avatar\\\/ccc17943b9d660506c869530f897617f7cb1c21a4bf30023f252596d83e1f007?s=96&d=mm&r=g\",\"caption\":\"admin\"},\"sameAs\":[\"https:\\\/\\\/kibrisdakik.com\"],\"url\":\"https:\\\/\\\/kibrisdakik.com\\\/?author=1\"}]}<\/script>\n<!-- \/ Yoast SEO plugin. -->","yoast_head_json":{"title":"UBP Milletvekili K\u00fc\u00e7\u00fck: Gelecek gen\u00e7lerin, TEKNOFEST hepimizindir -","robots":{"index":"index","follow":"follow","max-snippet":"max-snippet:-1","max-image-preview":"max-image-preview:large","max-video-preview":"max-video-preview:-1"},"canonical":"https:\/\/kibrisdakik.com\/?p=81368","og_locale":"tr_TR","og_type":"article","og_title":"UBP Milletvekili K\u00fc\u00e7\u00fck: Gelecek gen\u00e7lerin, TEKNOFEST hepimizindir -","og_description":"Ulusal Birlik Partisi (UBP) Girne Milletvekili Dr. Hasan K\u00fc\u00e7\u00fck, K\u0131br\u0131s T\u00fcrk Orta E\u011fitim \u00d6\u011fretmenler Sendikas\u0131\u2019n\u0131n TEKNOFEST Havac\u0131l\u0131k, Uzay ve Teknoloji Festivali\u2019ni boykot etme karar\u0131na \u201cGelecek gen\u00e7lerin, TEKNOFEST hepimizindir\u201d\u00a0 diyerek tepki g\u00f6sterdi. UBP Milletvekili Hasan K\u00fc\u00e7\u00fck yapt\u0131\u011f\u0131 yaz\u0131l\u0131 a\u00e7\u0131klamada, e\u011fitimin siyaset \u00fcst\u00fc bir kurum oldu\u011funu vurgulayarak, \u201cE\u011fitim, \u00e7ocuk odakl\u0131 olmal\u0131; bireyselden b\u00fct\u00fcnsele varan bir s\u00fcre\u00e7tir ve","og_url":"https:\/\/kibrisdakik.com\/?p=81368","article_published_time":"2025-04-29T06:34:56+00:00","og_image":[{"width":930,"height":410,"url":"https:\/\/kibrisdakik.com\/wp-content\/uploads\/2025\/04\/hasan-kucuk-740x410.jpeg","type":"image\/jpeg"}],"author":"admin","twitter_card":"summary_large_image","twitter_misc":{"Yazan:":"admin","Tahmini okuma s\u00fcresi":"2 dakika"},"schema":{"@context":"https:\/\/schema.org","@graph":[{"@type":"Article","@id":"https:\/\/kibrisdakik.com\/?p=81368#article","isPartOf":{"@id":"https:\/\/kibrisdakik.com\/?p=81368"},"author":{"name":"admin","@id":"https:\/\/kibrisdakik.com\/#\/schema\/person\/9cd9d437bbb44f72b73ba127e06d8e79"},"headline":"UBP Milletvekili K\u00fc\u00e7\u00fck: Gelecek gen\u00e7lerin, TEKNOFEST hepimizindir","datePublished":"2025-04-29T06:34:56+00:00","mainEntityOfPage":{"@id":"https:\/\/kibrisdakik.com\/?p=81368"},"wordCount":398,"commentCount":0,"image":{"@id":"https:\/\/kibrisdakik.com\/?p=81368#primaryimage"},"thumbnailUrl":"https:\/\/kibrisdakik.com\/wp-content\/uploads\/2025\/04\/hasan-kucuk-740x410.jpeg","articleSection":["K\u0131br\u0131s","Man\u015fet"],"inLanguage":"tr","potentialAction":[{"@type":"CommentAction","name":"Comment","target":["https:\/\/kibrisdakik.com\/?p=81368#respond"]}]},{"@type":"WebPage","@id":"https:\/\/kibrisdakik.com\/?p=81368","url":"https:\/\/kibrisdakik.com\/?p=81368","name":"UBP Milletvekili K\u00fc\u00e7\u00fck: Gelecek gen\u00e7lerin, TEKNOFEST hepimizindir -","isPartOf":{"@id":"https:\/\/kibrisdakik.com\/#website"},"primaryImageOfPage":{"@id":"https:\/\/kibrisdakik.com\/?p=81368#primaryimage"},"image":{"@id":"https:\/\/kibrisdakik.com\/?p=81368#primaryimage"},"thumbnailUrl":"https:\/\/kibrisdakik.com\/wp-content\/uploads\/2025\/04\/hasan-kucuk-740x410.jpeg","datePublished":"2025-04-29T06:34:56+00:00","author":{"@id":"https:\/\/kibrisdakik.com\/#\/schema\/person\/9cd9d437bbb44f72b73ba127e06d8e79"},"breadcrumb":{"@id":"https:\/\/kibrisdakik.com\/?p=81368#breadcrumb"},"inLanguage":"tr","potentialAction":[{"@type":"ReadAction","target":["https:\/\/kibrisdakik.com\/?p=81368"]}]},{"@type":"ImageObject","inLanguage":"tr","@id":"https:\/\/kibrisdakik.com\/?p=81368#primaryimage","url":"https:\/\/kibrisdakik.com\/wp-content\/uploads\/2025\/04\/hasan-kucuk-740x410.jpeg","contentUrl":"https:\/\/kibrisdakik.com\/wp-content\/uploads\/2025\/04\/hasan-kucuk-740x410.jpeg","width":930,"height":410},{"@type":"BreadcrumbList","@id":"https:\/\/kibrisdakik.com\/?p=81368#breadcrumb","itemListElement":[{"@type":"ListItem","position":1,"name":"Home","item":"https:\/\/kibrisdakik.com\/"},{"@type":"ListItem","position":2,"name":"UBP Milletvekili K\u00fc\u00e7\u00fck: Gelecek gen\u00e7lerin, TEKNOFEST hepimizindir"}]},{"@type":"WebSite","@id":"https:\/\/kibrisdakik.com\/#website","url":"https:\/\/kibrisdakik.com\/","name":"","description":"Tam vaktinde haber","potentialAction":[{"@type":"SearchAction","target":{"@type":"EntryPoint","urlTemplate":"https:\/\/kibrisdakik.com\/?s={search_term_string}"},"query-input":{"@type":"PropertyValueSpecification","valueRequired":true,"valueName":"search_term_string"}}],"inLanguage":"tr"},{"@type":"Person","@id":"https:\/\/kibrisdakik.com\/#\/schema\/person\/9cd9d437bbb44f72b73ba127e06d8e79","name":"admin","image":{"@type":"ImageObject","inLanguage":"tr","@id":"https:\/\/secure.gravatar.com\/avatar\/ccc17943b9d660506c869530f897617f7cb1c21a4bf30023f252596d83e1f007?s=96&d=mm&r=g","url":"https:\/\/secure.gravatar.com\/avatar\/ccc17943b9d660506c869530f897617f7cb1c21a4bf30023f252596d83e1f007?s=96&d=mm&r=g","contentUrl":"https:\/\/secure.gravatar.com\/avatar\/ccc17943b9d660506c869530f897617f7cb1c21a4bf30023f252596d83e1f007?s=96&d=mm&r=g","caption":"admin"},"sameAs":["https:\/\/kibrisdakik.com"],"url":"https:\/\/kibrisdakik.com\/?author=1"}]}},"_links":{"self":[{"href":"https:\/\/kibrisdakik.com\/index.php?rest_route=\/wp\/v2\/posts\/81368","targetHints":{"allow":["GET"]}}],"collection":[{"href":"https:\/\/kibrisdakik.com\/index.php?rest_route=\/wp\/v2\/posts"}],"about":[{"href":"https:\/\/kibrisdakik.com\/index.php?rest_route=\/wp\/v2\/types\/post"}],"author":[{"embeddable":true,"href":"https:\/\/kibrisdakik.com\/index.php?rest_route=\/wp\/v2\/users\/1"}],"replies":[{"embeddable":true,"href":"https:\/\/kibrisdakik.com\/index.php?rest_route=%2Fwp%2Fv2%2Fcomments&post=81368"}],"version-history":[{"count":0,"href":"https:\/\/kibrisdakik.com\/index.php?rest_route=\/wp\/v2\/posts\/81368\/revisions"}],"wp:featuredmedia":[{"embeddable":true,"href":"https:\/\/kibrisdakik.com\/index.php?rest_route=\/wp\/v2\/media\/81369"}],"wp:attachment":[{"href":"https:\/\/kibrisdakik.com\/index.php?rest_route=%2Fwp%2Fv2%2Fmedia&parent=81368"}],"wp:term":[{"taxonomy":"category","embeddable":true,"href":"https:\/\/kibrisdakik.com\/index.php?rest_route=%2Fwp%2Fv2%2Fcategories&post=81368"},{"taxonomy":"post_tag","embeddable":true,"href":"https:\/\/kibrisdakik.com\/index.php?rest_route=%2Fwp%2Fv2%2Ftags&post=81368"}],"curies":[{"name":"wp","href":"https:\/\/api.w.org\/{rel}","templated":true}]}}