{"id":81405,"date":"2025-04-29T13:59:25","date_gmt":"2025-04-29T10:59:25","guid":{"rendered":"https:\/\/kibrisdakik.com\/index.php\/2025\/04\/29\/onder-avmdeki-yanginin-elektrik-kablolarinin-kisa-devre-yapmasi-sonucu-ciktigi-bildirildi\/"},"modified":"2025-04-29T13:59:25","modified_gmt":"2025-04-29T10:59:25","slug":"onder-avmdeki-yanginin-elektrik-kablolarinin-kisa-devre-yapmasi-sonucu-ciktigi-bildirildi","status":"publish","type":"post","link":"https:\/\/kibrisdakik.com\/?p=81405","title":{"rendered":"\u00d6nder AVM\u2019deki yang\u0131n\u0131n elektrik kablolar\u0131n\u0131n k\u0131sa devre yapmas\u0131 sonucu \u00e7\u0131kt\u0131\u011f\u0131 bildirildi"},"content":{"rendered":"<div>\n<div class=\"mariselle-image-container none\">\n                                            <\/div>\n<p>Gazima\u011fusa\u2019da faaliyet g\u00f6steren \u00d6nder AVM adl\u0131 i\u015f yerinde bu sabah meydana gelen yang\u0131n\u0131n, muhtemelen elektrik panolar\u0131 aras\u0131 kablolar\u0131n\u0131n k\u0131sa devre yapmas\u0131 sonucu meydana geldi\u011fi tespit edildi.<\/p>\n<p>Polis Bas\u0131n Subayl\u0131\u011f\u0131\u2019ndan yap\u0131lan a\u00e7\u0131klamaya g\u00f6re yang\u0131nda, 6 adet muhtelif ama\u00e7lar i\u00e7in kullan\u0131lan so\u011futucu buzdolaplar\u0131, ah\u015fap raflar, ah\u015fap asma tavan, 22 adet pencere, 3 adet klima i\u00e7 \u00fcnitesi, elektrik ve su boru tesisatlar\u0131, 12 adet demir raflar ve \u00fczerindeki muhtelif e\u015fyalar, 4 adet elektrik panosu, 2 adet al\u00fcminyum kap\u0131, muhtelif e\u015fya ile \u00e7e\u015fitli alkoller yand\u0131.<\/p>\n<p>\u0130\u015f yerinin zemin, tavan ve duvarlar\u0131 \u00e7\u0131kan isten dolay\u0131 zarar g\u00f6rd\u00fc.<\/p>\n<\/p><\/div>\n<p><script async\n                    defer\n                    crossorigin=\"anonymous\"\n                    src=\"https:\/\/connect.facebook.net\/tr_TR\/sdk.js#xfbml=1&#038;version=v3.3\"\n            ><\/script><\/p>\n","protected":false},"excerpt":{"rendered":"<p>Gazima\u011fusa\u2019da faaliyet g\u00f6steren \u00d6nder AVM adl\u0131 i\u015f yerinde bu sabah meydana gelen yang\u0131n\u0131n, muhtemelen elektrik panolar\u0131 aras\u0131 kablolar\u0131n\u0131n k\u0131sa devre yapmas\u0131 sonucu meydana geldi\u011fi tespit edildi. Polis Bas\u0131n Subayl\u0131\u011f\u0131\u2019ndan yap\u0131lan a\u00e7\u0131klamaya g\u00f6re yang\u0131nda, 6 adet muhtelif ama\u00e7lar i\u00e7in kullan\u0131lan so\u011futucu buzdolaplar\u0131, ah\u015fap raflar, ah\u015fap asma tavan, 22 adet pencere, 3 adet klima i\u00e7 \u00fcnitesi, elektrik<\/p>\n","protected":false},"author":1,"featured_media":81406,"comment_status":"open","ping_status":"open","sticky":false,"template":"","format":"standard","meta":{"footnotes":""},"categories":[81,101],"tags":[],"class_list":["post-81405","post","type-post","status-publish","format-standard","has-post-thumbnail","hentry","category-kibris","category-manset"],"yoast_head":"<!-- This site is optimized with the Yoast SEO plugin v27.5 - https:\/\/yoast.com\/product\/yoast-seo-wordpress\/ -->\n<title>\u00d6nder AVM\u2019deki yang\u0131n\u0131n elektrik kablolar\u0131n\u0131n k\u0131sa devre yapmas\u0131 sonucu \u00e7\u0131kt\u0131\u011f\u0131 bildirildi -<\/title>\n<meta name=\"robots\" content=\"index, follow, max-snippet:-1, max-image-preview:large, max-video-preview:-1\" \/>\n<link rel=\"canonical\" href=\"https:\/\/kibrisdakik.com\/?p=81405\" \/>\n<meta property=\"og:locale\" content=\"tr_TR\" \/>\n<meta property=\"og:type\" content=\"article\" \/>\n<meta property=\"og:title\" content=\"\u00d6nder AVM\u2019deki yang\u0131n\u0131n elektrik kablolar\u0131n\u0131n k\u0131sa devre yapmas\u0131 sonucu \u00e7\u0131kt\u0131\u011f\u0131 bildirildi -\" \/>\n<meta property=\"og:description\" content=\"Gazima\u011fusa\u2019da faaliyet g\u00f6steren \u00d6nder AVM adl\u0131 i\u015f yerinde bu sabah meydana gelen yang\u0131n\u0131n, muhtemelen elektrik panolar\u0131 aras\u0131 kablolar\u0131n\u0131n k\u0131sa devre yapmas\u0131 sonucu meydana geldi\u011fi tespit edildi. Polis Bas\u0131n Subayl\u0131\u011f\u0131\u2019ndan yap\u0131lan a\u00e7\u0131klamaya g\u00f6re yang\u0131nda, 6 adet muhtelif ama\u00e7lar i\u00e7in kullan\u0131lan so\u011futucu buzdolaplar\u0131, ah\u015fap raflar, ah\u015fap asma tavan, 22 adet pencere, 3 adet klima i\u00e7 \u00fcnitesi, elektrik\" \/>\n<meta property=\"og:url\" content=\"https:\/\/kibrisdakik.com\/?p=81405\" \/>\n<meta property=\"article:published_time\" content=\"2025-04-29T10:59:25+00:00\" \/>\n<meta property=\"og:image\" content=\"https:\/\/kibrisdakik.com\/wp-content\/uploads\/2025\/04\/Screenshot_20250429_083120_Gallery-740x420.jpg\" \/>\n\t<meta property=\"og:image:width\" content=\"1080\" \/>\n\t<meta property=\"og:image:height\" content=\"604\" \/>\n\t<meta property=\"og:image:type\" content=\"image\/jpeg\" \/>\n<meta name=\"author\" content=\"admin\" \/>\n<meta name=\"twitter:card\" content=\"summary_large_image\" \/>\n<meta name=\"twitter:label1\" content=\"Yazan:\" \/>\n\t<meta name=\"twitter:data1\" content=\"admin\" \/>\n\t<meta name=\"twitter:label2\" content=\"Tahmini okuma s\u00fcresi\" \/>\n\t<meta name=\"twitter:data2\" content=\"1 dakika\" \/>\n<script type=\"application\/ld+json\" class=\"yoast-schema-graph\">{\"@context\":\"https:\\\/\\\/schema.org\",\"@graph\":[{\"@type\":\"Article\",\"@id\":\"https:\\\/\\\/kibrisdakik.com\\\/?p=81405#article\",\"isPartOf\":{\"@id\":\"https:\\\/\\\/kibrisdakik.com\\\/?p=81405\"},\"author\":{\"name\":\"admin\",\"@id\":\"https:\\\/\\\/kibrisdakik.com\\\/#\\\/schema\\\/person\\\/9cd9d437bbb44f72b73ba127e06d8e79\"},\"headline\":\"\u00d6nder AVM\u2019deki yang\u0131n\u0131n elektrik kablolar\u0131n\u0131n k\u0131sa devre yapmas\u0131 sonucu \u00e7\u0131kt\u0131\u011f\u0131 bildirildi\",\"datePublished\":\"2025-04-29T10:59:25+00:00\",\"mainEntityOfPage\":{\"@id\":\"https:\\\/\\\/kibrisdakik.com\\\/?p=81405\"},\"wordCount\":128,\"commentCount\":0,\"image\":{\"@id\":\"https:\\\/\\\/kibrisdakik.com\\\/?p=81405#primaryimage\"},\"thumbnailUrl\":\"https:\\\/\\\/kibrisdakik.com\\\/wp-content\\\/uploads\\\/2025\\\/04\\\/Screenshot_20250429_083120_Gallery-740x420.jpg\",\"articleSection\":[\"K\u0131br\u0131s\",\"Man\u015fet\"],\"inLanguage\":\"tr\",\"potentialAction\":[{\"@type\":\"CommentAction\",\"name\":\"Comment\",\"target\":[\"https:\\\/\\\/kibrisdakik.com\\\/?p=81405#respond\"]}]},{\"@type\":\"WebPage\",\"@id\":\"https:\\\/\\\/kibrisdakik.com\\\/?p=81405\",\"url\":\"https:\\\/\\\/kibrisdakik.com\\\/?p=81405\",\"name\":\"\u00d6nder AVM\u2019deki yang\u0131n\u0131n elektrik kablolar\u0131n\u0131n k\u0131sa devre yapmas\u0131 sonucu \u00e7\u0131kt\u0131\u011f\u0131 bildirildi -\",\"isPartOf\":{\"@id\":\"https:\\\/\\\/kibrisdakik.com\\\/#website\"},\"primaryImageOfPage\":{\"@id\":\"https:\\\/\\\/kibrisdakik.com\\\/?p=81405#primaryimage\"},\"image\":{\"@id\":\"https:\\\/\\\/kibrisdakik.com\\\/?p=81405#primaryimage\"},\"thumbnailUrl\":\"https:\\\/\\\/kibrisdakik.com\\\/wp-content\\\/uploads\\\/2025\\\/04\\\/Screenshot_20250429_083120_Gallery-740x420.jpg\",\"datePublished\":\"2025-04-29T10:59:25+00:00\",\"author\":{\"@id\":\"https:\\\/\\\/kibrisdakik.com\\\/#\\\/schema\\\/person\\\/9cd9d437bbb44f72b73ba127e06d8e79\"},\"breadcrumb\":{\"@id\":\"https:\\\/\\\/kibrisdakik.com\\\/?p=81405#breadcrumb\"},\"inLanguage\":\"tr\",\"potentialAction\":[{\"@type\":\"ReadAction\",\"target\":[\"https:\\\/\\\/kibrisdakik.com\\\/?p=81405\"]}]},{\"@type\":\"ImageObject\",\"inLanguage\":\"tr\",\"@id\":\"https:\\\/\\\/kibrisdakik.com\\\/?p=81405#primaryimage\",\"url\":\"https:\\\/\\\/kibrisdakik.com\\\/wp-content\\\/uploads\\\/2025\\\/04\\\/Screenshot_20250429_083120_Gallery-740x420.jpg\",\"contentUrl\":\"https:\\\/\\\/kibrisdakik.com\\\/wp-content\\\/uploads\\\/2025\\\/04\\\/Screenshot_20250429_083120_Gallery-740x420.jpg\",\"width\":1080,\"height\":604},{\"@type\":\"BreadcrumbList\",\"@id\":\"https:\\\/\\\/kibrisdakik.com\\\/?p=81405#breadcrumb\",\"itemListElement\":[{\"@type\":\"ListItem\",\"position\":1,\"name\":\"Home\",\"item\":\"https:\\\/\\\/kibrisdakik.com\\\/\"},{\"@type\":\"ListItem\",\"position\":2,\"name\":\"\u00d6nder AVM\u2019deki yang\u0131n\u0131n elektrik kablolar\u0131n\u0131n k\u0131sa devre yapmas\u0131 sonucu \u00e7\u0131kt\u0131\u011f\u0131 bildirildi\"}]},{\"@type\":\"WebSite\",\"@id\":\"https:\\\/\\\/kibrisdakik.com\\\/#website\",\"url\":\"https:\\\/\\\/kibrisdakik.com\\\/\",\"name\":\"\",\"description\":\"Tam vaktinde haber\",\"potentialAction\":[{\"@type\":\"SearchAction\",\"target\":{\"@type\":\"EntryPoint\",\"urlTemplate\":\"https:\\\/\\\/kibrisdakik.com\\\/?s={search_term_string}\"},\"query-input\":{\"@type\":\"PropertyValueSpecification\",\"valueRequired\":true,\"valueName\":\"search_term_string\"}}],\"inLanguage\":\"tr\"},{\"@type\":\"Person\",\"@id\":\"https:\\\/\\\/kibrisdakik.com\\\/#\\\/schema\\\/person\\\/9cd9d437bbb44f72b73ba127e06d8e79\",\"name\":\"admin\",\"image\":{\"@type\":\"ImageObject\",\"inLanguage\":\"tr\",\"@id\":\"https:\\\/\\\/secure.gravatar.com\\\/avatar\\\/ccc17943b9d660506c869530f897617f7cb1c21a4bf30023f252596d83e1f007?s=96&d=mm&r=g\",\"url\":\"https:\\\/\\\/secure.gravatar.com\\\/avatar\\\/ccc17943b9d660506c869530f897617f7cb1c21a4bf30023f252596d83e1f007?s=96&d=mm&r=g\",\"contentUrl\":\"https:\\\/\\\/secure.gravatar.com\\\/avatar\\\/ccc17943b9d660506c869530f897617f7cb1c21a4bf30023f252596d83e1f007?s=96&d=mm&r=g\",\"caption\":\"admin\"},\"sameAs\":[\"https:\\\/\\\/kibrisdakik.com\"],\"url\":\"https:\\\/\\\/kibrisdakik.com\\\/?author=1\"}]}<\/script>\n<!-- \/ Yoast SEO plugin. -->","yoast_head_json":{"title":"\u00d6nder AVM\u2019deki yang\u0131n\u0131n elektrik kablolar\u0131n\u0131n k\u0131sa devre yapmas\u0131 sonucu \u00e7\u0131kt\u0131\u011f\u0131 bildirildi -","robots":{"index":"index","follow":"follow","max-snippet":"max-snippet:-1","max-image-preview":"max-image-preview:large","max-video-preview":"max-video-preview:-1"},"canonical":"https:\/\/kibrisdakik.com\/?p=81405","og_locale":"tr_TR","og_type":"article","og_title":"\u00d6nder AVM\u2019deki yang\u0131n\u0131n elektrik kablolar\u0131n\u0131n k\u0131sa devre yapmas\u0131 sonucu \u00e7\u0131kt\u0131\u011f\u0131 bildirildi -","og_description":"Gazima\u011fusa\u2019da faaliyet g\u00f6steren \u00d6nder AVM adl\u0131 i\u015f yerinde bu sabah meydana gelen yang\u0131n\u0131n, muhtemelen elektrik panolar\u0131 aras\u0131 kablolar\u0131n\u0131n k\u0131sa devre yapmas\u0131 sonucu meydana geldi\u011fi tespit edildi. Polis Bas\u0131n Subayl\u0131\u011f\u0131\u2019ndan yap\u0131lan a\u00e7\u0131klamaya g\u00f6re yang\u0131nda, 6 adet muhtelif ama\u00e7lar i\u00e7in kullan\u0131lan so\u011futucu buzdolaplar\u0131, ah\u015fap raflar, ah\u015fap asma tavan, 22 adet pencere, 3 adet klima i\u00e7 \u00fcnitesi, elektrik","og_url":"https:\/\/kibrisdakik.com\/?p=81405","article_published_time":"2025-04-29T10:59:25+00:00","og_image":[{"width":1080,"height":604,"url":"https:\/\/kibrisdakik.com\/wp-content\/uploads\/2025\/04\/Screenshot_20250429_083120_Gallery-740x420.jpg","type":"image\/jpeg"}],"author":"admin","twitter_card":"summary_large_image","twitter_misc":{"Yazan:":"admin","Tahmini okuma s\u00fcresi":"1 dakika"},"schema":{"@context":"https:\/\/schema.org","@graph":[{"@type":"Article","@id":"https:\/\/kibrisdakik.com\/?p=81405#article","isPartOf":{"@id":"https:\/\/kibrisdakik.com\/?p=81405"},"author":{"name":"admin","@id":"https:\/\/kibrisdakik.com\/#\/schema\/person\/9cd9d437bbb44f72b73ba127e06d8e79"},"headline":"\u00d6nder AVM\u2019deki yang\u0131n\u0131n elektrik kablolar\u0131n\u0131n k\u0131sa devre yapmas\u0131 sonucu \u00e7\u0131kt\u0131\u011f\u0131 bildirildi","datePublished":"2025-04-29T10:59:25+00:00","mainEntityOfPage":{"@id":"https:\/\/kibrisdakik.com\/?p=81405"},"wordCount":128,"commentCount":0,"image":{"@id":"https:\/\/kibrisdakik.com\/?p=81405#primaryimage"},"thumbnailUrl":"https:\/\/kibrisdakik.com\/wp-content\/uploads\/2025\/04\/Screenshot_20250429_083120_Gallery-740x420.jpg","articleSection":["K\u0131br\u0131s","Man\u015fet"],"inLanguage":"tr","potentialAction":[{"@type":"CommentAction","name":"Comment","target":["https:\/\/kibrisdakik.com\/?p=81405#respond"]}]},{"@type":"WebPage","@id":"https:\/\/kibrisdakik.com\/?p=81405","url":"https:\/\/kibrisdakik.com\/?p=81405","name":"\u00d6nder AVM\u2019deki yang\u0131n\u0131n elektrik kablolar\u0131n\u0131n k\u0131sa devre yapmas\u0131 sonucu \u00e7\u0131kt\u0131\u011f\u0131 bildirildi -","isPartOf":{"@id":"https:\/\/kibrisdakik.com\/#website"},"primaryImageOfPage":{"@id":"https:\/\/kibrisdakik.com\/?p=81405#primaryimage"},"image":{"@id":"https:\/\/kibrisdakik.com\/?p=81405#primaryimage"},"thumbnailUrl":"https:\/\/kibrisdakik.com\/wp-content\/uploads\/2025\/04\/Screenshot_20250429_083120_Gallery-740x420.jpg","datePublished":"2025-04-29T10:59:25+00:00","author":{"@id":"https:\/\/kibrisdakik.com\/#\/schema\/person\/9cd9d437bbb44f72b73ba127e06d8e79"},"breadcrumb":{"@id":"https:\/\/kibrisdakik.com\/?p=81405#breadcrumb"},"inLanguage":"tr","potentialAction":[{"@type":"ReadAction","target":["https:\/\/kibrisdakik.com\/?p=81405"]}]},{"@type":"ImageObject","inLanguage":"tr","@id":"https:\/\/kibrisdakik.com\/?p=81405#primaryimage","url":"https:\/\/kibrisdakik.com\/wp-content\/uploads\/2025\/04\/Screenshot_20250429_083120_Gallery-740x420.jpg","contentUrl":"https:\/\/kibrisdakik.com\/wp-content\/uploads\/2025\/04\/Screenshot_20250429_083120_Gallery-740x420.jpg","width":1080,"height":604},{"@type":"BreadcrumbList","@id":"https:\/\/kibrisdakik.com\/?p=81405#breadcrumb","itemListElement":[{"@type":"ListItem","position":1,"name":"Home","item":"https:\/\/kibrisdakik.com\/"},{"@type":"ListItem","position":2,"name":"\u00d6nder AVM\u2019deki yang\u0131n\u0131n elektrik kablolar\u0131n\u0131n k\u0131sa devre yapmas\u0131 sonucu \u00e7\u0131kt\u0131\u011f\u0131 bildirildi"}]},{"@type":"WebSite","@id":"https:\/\/kibrisdakik.com\/#website","url":"https:\/\/kibrisdakik.com\/","name":"","description":"Tam vaktinde haber","potentialAction":[{"@type":"SearchAction","target":{"@type":"EntryPoint","urlTemplate":"https:\/\/kibrisdakik.com\/?s={search_term_string}"},"query-input":{"@type":"PropertyValueSpecification","valueRequired":true,"valueName":"search_term_string"}}],"inLanguage":"tr"},{"@type":"Person","@id":"https:\/\/kibrisdakik.com\/#\/schema\/person\/9cd9d437bbb44f72b73ba127e06d8e79","name":"admin","image":{"@type":"ImageObject","inLanguage":"tr","@id":"https:\/\/secure.gravatar.com\/avatar\/ccc17943b9d660506c869530f897617f7cb1c21a4bf30023f252596d83e1f007?s=96&d=mm&r=g","url":"https:\/\/secure.gravatar.com\/avatar\/ccc17943b9d660506c869530f897617f7cb1c21a4bf30023f252596d83e1f007?s=96&d=mm&r=g","contentUrl":"https:\/\/secure.gravatar.com\/avatar\/ccc17943b9d660506c869530f897617f7cb1c21a4bf30023f252596d83e1f007?s=96&d=mm&r=g","caption":"admin"},"sameAs":["https:\/\/kibrisdakik.com"],"url":"https:\/\/kibrisdakik.com\/?author=1"}]}},"_links":{"self":[{"href":"https:\/\/kibrisdakik.com\/index.php?rest_route=\/wp\/v2\/posts\/81405","targetHints":{"allow":["GET"]}}],"collection":[{"href":"https:\/\/kibrisdakik.com\/index.php?rest_route=\/wp\/v2\/posts"}],"about":[{"href":"https:\/\/kibrisdakik.com\/index.php?rest_route=\/wp\/v2\/types\/post"}],"author":[{"embeddable":true,"href":"https:\/\/kibrisdakik.com\/index.php?rest_route=\/wp\/v2\/users\/1"}],"replies":[{"embeddable":true,"href":"https:\/\/kibrisdakik.com\/index.php?rest_route=%2Fwp%2Fv2%2Fcomments&post=81405"}],"version-history":[{"count":0,"href":"https:\/\/kibrisdakik.com\/index.php?rest_route=\/wp\/v2\/posts\/81405\/revisions"}],"wp:featuredmedia":[{"embeddable":true,"href":"https:\/\/kibrisdakik.com\/index.php?rest_route=\/wp\/v2\/media\/81406"}],"wp:attachment":[{"href":"https:\/\/kibrisdakik.com\/index.php?rest_route=%2Fwp%2Fv2%2Fmedia&parent=81405"}],"wp:term":[{"taxonomy":"category","embeddable":true,"href":"https:\/\/kibrisdakik.com\/index.php?rest_route=%2Fwp%2Fv2%2Fcategories&post=81405"},{"taxonomy":"post_tag","embeddable":true,"href":"https:\/\/kibrisdakik.com\/index.php?rest_route=%2Fwp%2Fv2%2Ftags&post=81405"}],"curies":[{"name":"wp","href":"https:\/\/api.w.org\/{rel}","templated":true}]}}