{"id":81443,"date":"2025-04-29T20:54:29","date_gmt":"2025-04-29T17:54:29","guid":{"rendered":"https:\/\/kibrisdakik.com\/index.php\/2025\/04\/29\/cumhurbaskani-tatar-kktc-olimpiyat-komitesi-heyetini-kabul-etti\/"},"modified":"2025-04-29T20:54:29","modified_gmt":"2025-04-29T17:54:29","slug":"cumhurbaskani-tatar-kktc-olimpiyat-komitesi-heyetini-kabul-etti","status":"publish","type":"post","link":"https:\/\/kibrisdakik.com\/?p=81443","title":{"rendered":"Cumhurba\u015fkan\u0131 Tatar, KKTC Olimpiyat Komitesi heyetini kabul etti"},"content":{"rendered":"<div>\n<div class=\"mariselle-image-container center\">\n                                            <\/div>\n<p>Cumhurba\u015fkan\u0131 Ersin Tatar, KKTC Olimpiyat Komitesi heyetini kabul etti.<\/p>\n<p>Cumhurba\u015fkanl\u0131\u011f\u0131\u2019ndan verilen bilgiye g\u00f6re, Cumhurba\u015fkan\u0131 Ersin Tatar, Or\u00e7un Kamal\u0131 ba\u015fkanl\u0131\u011f\u0131ndaki KKTC Olimpiyat Komitesi heyeti ile yapt\u0131\u011f\u0131 toplant\u0131da, K\u0131br\u0131sl\u0131 T\u00fcrk sporcu Buse Sava\u015fkan\u2019\u0131n Olimpiyatlarda yar\u0131\u015fmas\u0131n\u0131n cesaret verici oldu\u011funu belirtti.<\/p>\n<p>Tatar, \u00fclkedeki farkl\u0131 spor federasyonlar\u0131 ile uluslararas\u0131 alanda komitenin bir k\u00f6pr\u00fc g\u00f6revi g\u00f6rerek b\u00fcy\u00fck hizmetleri olabilece\u011fini s\u00f6yledi.<\/p>\n<p>Cumhurba\u015fkan\u0131 Tatar, K\u0131br\u0131s T\u00fcrk gen\u00e7li\u011fine hizmet etme hedefinde olan komiteye \u00e7al\u0131\u015fmalar\u0131nda ba\u015far\u0131lar diledi.<\/p>\n<\/p><\/div>\n<p><script async\n                    defer\n                    crossorigin=\"anonymous\"\n                    src=\"https:\/\/connect.facebook.net\/tr_TR\/sdk.js#xfbml=1&#038;version=v3.3\"\n            ><\/script><\/p>\n","protected":false},"excerpt":{"rendered":"<p>Cumhurba\u015fkan\u0131 Ersin Tatar, KKTC Olimpiyat Komitesi heyetini kabul etti. Cumhurba\u015fkanl\u0131\u011f\u0131\u2019ndan verilen bilgiye g\u00f6re, Cumhurba\u015fkan\u0131 Ersin Tatar, Or\u00e7un Kamal\u0131 ba\u015fkanl\u0131\u011f\u0131ndaki KKTC Olimpiyat Komitesi heyeti ile yapt\u0131\u011f\u0131 toplant\u0131da, K\u0131br\u0131sl\u0131 T\u00fcrk sporcu Buse Sava\u015fkan\u2019\u0131n Olimpiyatlarda yar\u0131\u015fmas\u0131n\u0131n cesaret verici oldu\u011funu belirtti. Tatar, \u00fclkedeki farkl\u0131 spor federasyonlar\u0131 ile uluslararas\u0131 alanda komitenin bir k\u00f6pr\u00fc g\u00f6revi g\u00f6rerek b\u00fcy\u00fck hizmetleri olabilece\u011fini s\u00f6yledi. Cumhurba\u015fkan\u0131<\/p>\n","protected":false},"author":1,"featured_media":81444,"comment_status":"open","ping_status":"open","sticky":false,"template":"","format":"standard","meta":{"footnotes":""},"categories":[81,101],"tags":[],"class_list":["post-81443","post","type-post","status-publish","format-standard","has-post-thumbnail","hentry","category-kibris","category-manset"],"yoast_head":"<!-- This site is optimized with the Yoast SEO plugin v27.5 - https:\/\/yoast.com\/product\/yoast-seo-wordpress\/ -->\n<title>Cumhurba\u015fkan\u0131 Tatar, KKTC Olimpiyat Komitesi heyetini kabul etti -<\/title>\n<meta name=\"robots\" content=\"index, follow, max-snippet:-1, max-image-preview:large, max-video-preview:-1\" \/>\n<link rel=\"canonical\" href=\"https:\/\/kibrisdakik.com\/?p=81443\" \/>\n<meta property=\"og:locale\" content=\"tr_TR\" \/>\n<meta property=\"og:type\" content=\"article\" \/>\n<meta property=\"og:title\" content=\"Cumhurba\u015fkan\u0131 Tatar, KKTC Olimpiyat Komitesi heyetini kabul etti -\" \/>\n<meta property=\"og:description\" content=\"Cumhurba\u015fkan\u0131 Ersin Tatar, KKTC Olimpiyat Komitesi heyetini kabul etti. Cumhurba\u015fkanl\u0131\u011f\u0131\u2019ndan verilen bilgiye g\u00f6re, Cumhurba\u015fkan\u0131 Ersin Tatar, Or\u00e7un Kamal\u0131 ba\u015fkanl\u0131\u011f\u0131ndaki KKTC Olimpiyat Komitesi heyeti ile yapt\u0131\u011f\u0131 toplant\u0131da, K\u0131br\u0131sl\u0131 T\u00fcrk sporcu Buse Sava\u015fkan\u2019\u0131n Olimpiyatlarda yar\u0131\u015fmas\u0131n\u0131n cesaret verici oldu\u011funu belirtti. Tatar, \u00fclkedeki farkl\u0131 spor federasyonlar\u0131 ile uluslararas\u0131 alanda komitenin bir k\u00f6pr\u00fc g\u00f6revi g\u00f6rerek b\u00fcy\u00fck hizmetleri olabilece\u011fini s\u00f6yledi. Cumhurba\u015fkan\u0131\" \/>\n<meta property=\"og:url\" content=\"https:\/\/kibrisdakik.com\/?p=81443\" \/>\n<meta property=\"article:published_time\" content=\"2025-04-29T17:54:29+00:00\" \/>\n<meta property=\"og:image\" content=\"https:\/\/kibrisdakik.com\/wp-content\/uploads\/2025\/04\/kkkkkkkkkkkkkkkkkkkkk-740x420.jpg\" \/>\n\t<meta property=\"og:image:width\" content=\"2560\" \/>\n\t<meta property=\"og:image:height\" content=\"1209\" \/>\n\t<meta property=\"og:image:type\" content=\"image\/jpeg\" \/>\n<meta name=\"author\" content=\"admin\" \/>\n<meta name=\"twitter:card\" content=\"summary_large_image\" \/>\n<meta name=\"twitter:label1\" content=\"Yazan:\" \/>\n\t<meta name=\"twitter:data1\" content=\"admin\" \/>\n\t<meta name=\"twitter:label2\" content=\"Tahmini okuma s\u00fcresi\" \/>\n\t<meta name=\"twitter:data2\" content=\"1 dakika\" \/>\n<script type=\"application\/ld+json\" class=\"yoast-schema-graph\">{\"@context\":\"https:\\\/\\\/schema.org\",\"@graph\":[{\"@type\":\"Article\",\"@id\":\"https:\\\/\\\/kibrisdakik.com\\\/?p=81443#article\",\"isPartOf\":{\"@id\":\"https:\\\/\\\/kibrisdakik.com\\\/?p=81443\"},\"author\":{\"name\":\"admin\",\"@id\":\"https:\\\/\\\/kibrisdakik.com\\\/#\\\/schema\\\/person\\\/9cd9d437bbb44f72b73ba127e06d8e79\"},\"headline\":\"Cumhurba\u015fkan\u0131 Tatar, KKTC Olimpiyat Komitesi heyetini kabul etti\",\"datePublished\":\"2025-04-29T17:54:29+00:00\",\"mainEntityOfPage\":{\"@id\":\"https:\\\/\\\/kibrisdakik.com\\\/?p=81443\"},\"wordCount\":111,\"commentCount\":0,\"image\":{\"@id\":\"https:\\\/\\\/kibrisdakik.com\\\/?p=81443#primaryimage\"},\"thumbnailUrl\":\"https:\\\/\\\/kibrisdakik.com\\\/wp-content\\\/uploads\\\/2025\\\/04\\\/kkkkkkkkkkkkkkkkkkkkk-740x420.jpg\",\"articleSection\":[\"K\u0131br\u0131s\",\"Man\u015fet\"],\"inLanguage\":\"tr\",\"potentialAction\":[{\"@type\":\"CommentAction\",\"name\":\"Comment\",\"target\":[\"https:\\\/\\\/kibrisdakik.com\\\/?p=81443#respond\"]}]},{\"@type\":\"WebPage\",\"@id\":\"https:\\\/\\\/kibrisdakik.com\\\/?p=81443\",\"url\":\"https:\\\/\\\/kibrisdakik.com\\\/?p=81443\",\"name\":\"Cumhurba\u015fkan\u0131 Tatar, KKTC Olimpiyat Komitesi heyetini kabul etti -\",\"isPartOf\":{\"@id\":\"https:\\\/\\\/kibrisdakik.com\\\/#website\"},\"primaryImageOfPage\":{\"@id\":\"https:\\\/\\\/kibrisdakik.com\\\/?p=81443#primaryimage\"},\"image\":{\"@id\":\"https:\\\/\\\/kibrisdakik.com\\\/?p=81443#primaryimage\"},\"thumbnailUrl\":\"https:\\\/\\\/kibrisdakik.com\\\/wp-content\\\/uploads\\\/2025\\\/04\\\/kkkkkkkkkkkkkkkkkkkkk-740x420.jpg\",\"datePublished\":\"2025-04-29T17:54:29+00:00\",\"author\":{\"@id\":\"https:\\\/\\\/kibrisdakik.com\\\/#\\\/schema\\\/person\\\/9cd9d437bbb44f72b73ba127e06d8e79\"},\"breadcrumb\":{\"@id\":\"https:\\\/\\\/kibrisdakik.com\\\/?p=81443#breadcrumb\"},\"inLanguage\":\"tr\",\"potentialAction\":[{\"@type\":\"ReadAction\",\"target\":[\"https:\\\/\\\/kibrisdakik.com\\\/?p=81443\"]}]},{\"@type\":\"ImageObject\",\"inLanguage\":\"tr\",\"@id\":\"https:\\\/\\\/kibrisdakik.com\\\/?p=81443#primaryimage\",\"url\":\"https:\\\/\\\/kibrisdakik.com\\\/wp-content\\\/uploads\\\/2025\\\/04\\\/kkkkkkkkkkkkkkkkkkkkk-740x420.jpg\",\"contentUrl\":\"https:\\\/\\\/kibrisdakik.com\\\/wp-content\\\/uploads\\\/2025\\\/04\\\/kkkkkkkkkkkkkkkkkkkkk-740x420.jpg\",\"width\":2560,\"height\":1209},{\"@type\":\"BreadcrumbList\",\"@id\":\"https:\\\/\\\/kibrisdakik.com\\\/?p=81443#breadcrumb\",\"itemListElement\":[{\"@type\":\"ListItem\",\"position\":1,\"name\":\"Home\",\"item\":\"https:\\\/\\\/kibrisdakik.com\\\/\"},{\"@type\":\"ListItem\",\"position\":2,\"name\":\"Cumhurba\u015fkan\u0131 Tatar, KKTC Olimpiyat Komitesi heyetini kabul etti\"}]},{\"@type\":\"WebSite\",\"@id\":\"https:\\\/\\\/kibrisdakik.com\\\/#website\",\"url\":\"https:\\\/\\\/kibrisdakik.com\\\/\",\"name\":\"\",\"description\":\"Tam vaktinde haber\",\"potentialAction\":[{\"@type\":\"SearchAction\",\"target\":{\"@type\":\"EntryPoint\",\"urlTemplate\":\"https:\\\/\\\/kibrisdakik.com\\\/?s={search_term_string}\"},\"query-input\":{\"@type\":\"PropertyValueSpecification\",\"valueRequired\":true,\"valueName\":\"search_term_string\"}}],\"inLanguage\":\"tr\"},{\"@type\":\"Person\",\"@id\":\"https:\\\/\\\/kibrisdakik.com\\\/#\\\/schema\\\/person\\\/9cd9d437bbb44f72b73ba127e06d8e79\",\"name\":\"admin\",\"image\":{\"@type\":\"ImageObject\",\"inLanguage\":\"tr\",\"@id\":\"https:\\\/\\\/secure.gravatar.com\\\/avatar\\\/ccc17943b9d660506c869530f897617f7cb1c21a4bf30023f252596d83e1f007?s=96&d=mm&r=g\",\"url\":\"https:\\\/\\\/secure.gravatar.com\\\/avatar\\\/ccc17943b9d660506c869530f897617f7cb1c21a4bf30023f252596d83e1f007?s=96&d=mm&r=g\",\"contentUrl\":\"https:\\\/\\\/secure.gravatar.com\\\/avatar\\\/ccc17943b9d660506c869530f897617f7cb1c21a4bf30023f252596d83e1f007?s=96&d=mm&r=g\",\"caption\":\"admin\"},\"sameAs\":[\"https:\\\/\\\/kibrisdakik.com\"],\"url\":\"https:\\\/\\\/kibrisdakik.com\\\/?author=1\"}]}<\/script>\n<!-- \/ Yoast SEO plugin. -->","yoast_head_json":{"title":"Cumhurba\u015fkan\u0131 Tatar, KKTC Olimpiyat Komitesi heyetini kabul etti -","robots":{"index":"index","follow":"follow","max-snippet":"max-snippet:-1","max-image-preview":"max-image-preview:large","max-video-preview":"max-video-preview:-1"},"canonical":"https:\/\/kibrisdakik.com\/?p=81443","og_locale":"tr_TR","og_type":"article","og_title":"Cumhurba\u015fkan\u0131 Tatar, KKTC Olimpiyat Komitesi heyetini kabul etti -","og_description":"Cumhurba\u015fkan\u0131 Ersin Tatar, KKTC Olimpiyat Komitesi heyetini kabul etti. Cumhurba\u015fkanl\u0131\u011f\u0131\u2019ndan verilen bilgiye g\u00f6re, Cumhurba\u015fkan\u0131 Ersin Tatar, Or\u00e7un Kamal\u0131 ba\u015fkanl\u0131\u011f\u0131ndaki KKTC Olimpiyat Komitesi heyeti ile yapt\u0131\u011f\u0131 toplant\u0131da, K\u0131br\u0131sl\u0131 T\u00fcrk sporcu Buse Sava\u015fkan\u2019\u0131n Olimpiyatlarda yar\u0131\u015fmas\u0131n\u0131n cesaret verici oldu\u011funu belirtti. Tatar, \u00fclkedeki farkl\u0131 spor federasyonlar\u0131 ile uluslararas\u0131 alanda komitenin bir k\u00f6pr\u00fc g\u00f6revi g\u00f6rerek b\u00fcy\u00fck hizmetleri olabilece\u011fini s\u00f6yledi. Cumhurba\u015fkan\u0131","og_url":"https:\/\/kibrisdakik.com\/?p=81443","article_published_time":"2025-04-29T17:54:29+00:00","og_image":[{"width":2560,"height":1209,"url":"https:\/\/kibrisdakik.com\/wp-content\/uploads\/2025\/04\/kkkkkkkkkkkkkkkkkkkkk-740x420.jpg","type":"image\/jpeg"}],"author":"admin","twitter_card":"summary_large_image","twitter_misc":{"Yazan:":"admin","Tahmini okuma s\u00fcresi":"1 dakika"},"schema":{"@context":"https:\/\/schema.org","@graph":[{"@type":"Article","@id":"https:\/\/kibrisdakik.com\/?p=81443#article","isPartOf":{"@id":"https:\/\/kibrisdakik.com\/?p=81443"},"author":{"name":"admin","@id":"https:\/\/kibrisdakik.com\/#\/schema\/person\/9cd9d437bbb44f72b73ba127e06d8e79"},"headline":"Cumhurba\u015fkan\u0131 Tatar, KKTC Olimpiyat Komitesi heyetini kabul etti","datePublished":"2025-04-29T17:54:29+00:00","mainEntityOfPage":{"@id":"https:\/\/kibrisdakik.com\/?p=81443"},"wordCount":111,"commentCount":0,"image":{"@id":"https:\/\/kibrisdakik.com\/?p=81443#primaryimage"},"thumbnailUrl":"https:\/\/kibrisdakik.com\/wp-content\/uploads\/2025\/04\/kkkkkkkkkkkkkkkkkkkkk-740x420.jpg","articleSection":["K\u0131br\u0131s","Man\u015fet"],"inLanguage":"tr","potentialAction":[{"@type":"CommentAction","name":"Comment","target":["https:\/\/kibrisdakik.com\/?p=81443#respond"]}]},{"@type":"WebPage","@id":"https:\/\/kibrisdakik.com\/?p=81443","url":"https:\/\/kibrisdakik.com\/?p=81443","name":"Cumhurba\u015fkan\u0131 Tatar, KKTC Olimpiyat Komitesi heyetini kabul etti -","isPartOf":{"@id":"https:\/\/kibrisdakik.com\/#website"},"primaryImageOfPage":{"@id":"https:\/\/kibrisdakik.com\/?p=81443#primaryimage"},"image":{"@id":"https:\/\/kibrisdakik.com\/?p=81443#primaryimage"},"thumbnailUrl":"https:\/\/kibrisdakik.com\/wp-content\/uploads\/2025\/04\/kkkkkkkkkkkkkkkkkkkkk-740x420.jpg","datePublished":"2025-04-29T17:54:29+00:00","author":{"@id":"https:\/\/kibrisdakik.com\/#\/schema\/person\/9cd9d437bbb44f72b73ba127e06d8e79"},"breadcrumb":{"@id":"https:\/\/kibrisdakik.com\/?p=81443#breadcrumb"},"inLanguage":"tr","potentialAction":[{"@type":"ReadAction","target":["https:\/\/kibrisdakik.com\/?p=81443"]}]},{"@type":"ImageObject","inLanguage":"tr","@id":"https:\/\/kibrisdakik.com\/?p=81443#primaryimage","url":"https:\/\/kibrisdakik.com\/wp-content\/uploads\/2025\/04\/kkkkkkkkkkkkkkkkkkkkk-740x420.jpg","contentUrl":"https:\/\/kibrisdakik.com\/wp-content\/uploads\/2025\/04\/kkkkkkkkkkkkkkkkkkkkk-740x420.jpg","width":2560,"height":1209},{"@type":"BreadcrumbList","@id":"https:\/\/kibrisdakik.com\/?p=81443#breadcrumb","itemListElement":[{"@type":"ListItem","position":1,"name":"Home","item":"https:\/\/kibrisdakik.com\/"},{"@type":"ListItem","position":2,"name":"Cumhurba\u015fkan\u0131 Tatar, KKTC Olimpiyat Komitesi heyetini kabul etti"}]},{"@type":"WebSite","@id":"https:\/\/kibrisdakik.com\/#website","url":"https:\/\/kibrisdakik.com\/","name":"","description":"Tam vaktinde haber","potentialAction":[{"@type":"SearchAction","target":{"@type":"EntryPoint","urlTemplate":"https:\/\/kibrisdakik.com\/?s={search_term_string}"},"query-input":{"@type":"PropertyValueSpecification","valueRequired":true,"valueName":"search_term_string"}}],"inLanguage":"tr"},{"@type":"Person","@id":"https:\/\/kibrisdakik.com\/#\/schema\/person\/9cd9d437bbb44f72b73ba127e06d8e79","name":"admin","image":{"@type":"ImageObject","inLanguage":"tr","@id":"https:\/\/secure.gravatar.com\/avatar\/ccc17943b9d660506c869530f897617f7cb1c21a4bf30023f252596d83e1f007?s=96&d=mm&r=g","url":"https:\/\/secure.gravatar.com\/avatar\/ccc17943b9d660506c869530f897617f7cb1c21a4bf30023f252596d83e1f007?s=96&d=mm&r=g","contentUrl":"https:\/\/secure.gravatar.com\/avatar\/ccc17943b9d660506c869530f897617f7cb1c21a4bf30023f252596d83e1f007?s=96&d=mm&r=g","caption":"admin"},"sameAs":["https:\/\/kibrisdakik.com"],"url":"https:\/\/kibrisdakik.com\/?author=1"}]}},"_links":{"self":[{"href":"https:\/\/kibrisdakik.com\/index.php?rest_route=\/wp\/v2\/posts\/81443","targetHints":{"allow":["GET"]}}],"collection":[{"href":"https:\/\/kibrisdakik.com\/index.php?rest_route=\/wp\/v2\/posts"}],"about":[{"href":"https:\/\/kibrisdakik.com\/index.php?rest_route=\/wp\/v2\/types\/post"}],"author":[{"embeddable":true,"href":"https:\/\/kibrisdakik.com\/index.php?rest_route=\/wp\/v2\/users\/1"}],"replies":[{"embeddable":true,"href":"https:\/\/kibrisdakik.com\/index.php?rest_route=%2Fwp%2Fv2%2Fcomments&post=81443"}],"version-history":[{"count":0,"href":"https:\/\/kibrisdakik.com\/index.php?rest_route=\/wp\/v2\/posts\/81443\/revisions"}],"wp:featuredmedia":[{"embeddable":true,"href":"https:\/\/kibrisdakik.com\/index.php?rest_route=\/wp\/v2\/media\/81444"}],"wp:attachment":[{"href":"https:\/\/kibrisdakik.com\/index.php?rest_route=%2Fwp%2Fv2%2Fmedia&parent=81443"}],"wp:term":[{"taxonomy":"category","embeddable":true,"href":"https:\/\/kibrisdakik.com\/index.php?rest_route=%2Fwp%2Fv2%2Fcategories&post=81443"},{"taxonomy":"post_tag","embeddable":true,"href":"https:\/\/kibrisdakik.com\/index.php?rest_route=%2Fwp%2Fv2%2Ftags&post=81443"}],"curies":[{"name":"wp","href":"https:\/\/api.w.org\/{rel}","templated":true}]}}