{"id":8148,"date":"2023-06-03T12:39:54","date_gmt":"2023-06-03T12:39:54","guid":{"rendered":"https:\/\/kibrisdakik.com\/index.php\/2023\/06\/03\/gonyeli-alaykoy-belediye-baskani-amcaoglu-belediye-bulvarindaki-magazalari-gezdi-talepleri-dinledi\/"},"modified":"2023-06-03T12:39:54","modified_gmt":"2023-06-03T12:39:54","slug":"gonyeli-alaykoy-belediye-baskani-amcaoglu-belediye-bulvarindaki-magazalari-gezdi-talepleri-dinledi","status":"publish","type":"post","link":"https:\/\/kibrisdakik.com\/?p=8148","title":{"rendered":"G\u00f6nyeli-Alayk\u00f6y Belediye Ba\u015fkan\u0131 Amcao\u011flu, Belediye Bulvar\u0131\u2019ndaki ma\u011fazalar\u0131 gezdi, talepleri dinledi"},"content":{"rendered":"<p><\/p>\n<div>\n<div class=\"mariselle-image-container center\">\n                <img width=\"1024\" height=\"678\" class=\"lazy-image\" alt=\"\" decoding=\"async\" loading=\"lazy\" sizes=\"auto, (max-width: 1024px) 100vw, 1024px\" src=\"https:\/\/brtk.net\/wp-content\/uploads\/2023\/06\/03\/gab-yenikentesnaf1-6--e1685790020440-1024x678.jpg?ver=2c89d21789ec8e21dc94754379ee949a\" srcset=\"https:\/\/brtk.net\/wp-content\/uploads\/2023\/06\/03\/gab-yenikentesnaf1-6--e1685790020440-1024x678.jpg?ver=2c89d21789ec8e21dc94754379ee949a 1024w, https:\/\/brtk.net\/wp-content\/uploads\/2023\/06\/03\/gab-yenikentesnaf1-6--e1685790020440-300x199.jpg?ver=2c89d21789ec8e21dc94754379ee949a 300w, https:\/\/brtk.net\/wp-content\/uploads\/2023\/06\/03\/gab-yenikentesnaf1-6--e1685790020440-768x509.jpg?ver=2c89d21789ec8e21dc94754379ee949a 768w, https:\/\/brtk.net\/wp-content\/uploads\/2023\/06\/03\/gab-yenikentesnaf1-6--e1685790020440-1536x1018.jpg?ver=15901c1d0b7db4f61181ba1f5bb15a7c 1536w, https:\/\/brtk.net\/wp-content\/uploads\/2023\/06\/03\/gab-yenikentesnaf1-6--e1685790020440.jpg?ver=2c89d21789ec8e21dc94754379ee949a 1600w\"\/>                            <\/div>\n<p>G\u00f6nyeli-Alayk\u00f6y Belediye Ba\u015fkan\u0131 H\u00fcseyin Amcao\u011flu, bug\u00fcn d\u00fczenlenen Yenikent Al\u0131\u015fveri\u015f \u015e\u00f6leni\u2019nde Yenikent esnaf\u0131n\u0131 ziyaret etti.<\/p>\n<p>Belediyeden verilen bilgiye g\u00f6re, Amcao\u011flu, Belediye Bulvar\u0131\u2019ndaki ma\u011fazalar\u0131 tek tek gezerek esnafa \u201chay\u0131rl\u0131 i\u015fler\u201d diledi. Ziyaretler s\u0131ras\u0131nda hem esnafla hem de vatanda\u015flarla sohbet etme f\u0131rsat\u0131 bulan Amcao\u011flu, b\u00f6lge esnaf\u0131n\u0131n sorunlar\u0131 ve taleplerini dinledi.<\/p>\n<p>Amcao\u011flu, \u00f6zelde G\u00f6nyeli-Alayk\u00f6y\u2019e, genelde \u00fclke ekonomisine katk\u0131 sa\u011flayan t\u00fcm esnaflar\u0131n kendileri i\u00e7in de\u011ferli oldu\u011funun da alt\u0131n\u0131 \u00e7izdi.<\/p>\n<p>Amcao\u011flu, \u201cBug\u00fcn Yenikent esnaf\u0131m\u0131zla i\u015f birli\u011fi i\u00e7erisinde ger\u00e7ekle\u015ftirdi\u011fimiz \u015fenlikte; Yenikent esnaf\u0131m\u0131z\u0131 ziyaret ettik, hat\u0131rlar\u0131n\u0131 sorduk ve hay\u0131rl\u0131 i\u015fler dileklerimizi ilettik. Umar\u0131m bu tip organizasyonlarla esnaf\u0131m\u0131za bir nebze katk\u0131m\u0131z olur\u201d ifadelerini kulland\u0131.<\/p>\n<\/p><\/div>\n<p><script async\n                    defer\n                    crossorigin=\"anonymous\"\n                    src=\"https:\/\/connect.facebook.net\/tr_TR\/sdk.js#xfbml=1&#038;version=v3.3\"\n            ><\/script><\/p>\n","protected":false},"excerpt":{"rendered":"<p>G\u00f6nyeli-Alayk\u00f6y Belediye Ba\u015fkan\u0131 H\u00fcseyin Amcao\u011flu, bug\u00fcn d\u00fczenlenen Yenikent Al\u0131\u015fveri\u015f \u015e\u00f6leni\u2019nde Yenikent esnaf\u0131n\u0131 ziyaret etti. Belediyeden verilen bilgiye g\u00f6re, Amcao\u011flu, Belediye Bulvar\u0131\u2019ndaki ma\u011fazalar\u0131 tek tek gezerek esnafa \u201chay\u0131rl\u0131 i\u015fler\u201d diledi. Ziyaretler s\u0131ras\u0131nda hem esnafla hem de vatanda\u015flarla sohbet etme f\u0131rsat\u0131 bulan Amcao\u011flu, b\u00f6lge esnaf\u0131n\u0131n sorunlar\u0131 ve taleplerini dinledi. Amcao\u011flu, \u00f6zelde G\u00f6nyeli-Alayk\u00f6y\u2019e, genelde \u00fclke ekonomisine katk\u0131 sa\u011flayan<\/p>\n","protected":false},"author":1,"featured_media":8149,"comment_status":"open","ping_status":"open","sticky":false,"template":"","format":"standard","meta":{"footnotes":""},"categories":[1],"tags":[],"class_list":["post-8148","post","type-post","status-publish","format-standard","has-post-thumbnail","hentry","category-gundem"],"yoast_head":"<!-- This site is optimized with the Yoast SEO plugin v27.4 - https:\/\/yoast.com\/product\/yoast-seo-wordpress\/ -->\n<title>G\u00f6nyeli-Alayk\u00f6y Belediye Ba\u015fkan\u0131 Amcao\u011flu, Belediye Bulvar\u0131\u2019ndaki ma\u011fazalar\u0131 gezdi, talepleri dinledi -<\/title>\n<meta name=\"robots\" content=\"index, follow, max-snippet:-1, max-image-preview:large, max-video-preview:-1\" \/>\n<link rel=\"canonical\" href=\"https:\/\/kibrisdakik.com\/?p=8148\" \/>\n<meta property=\"og:locale\" content=\"tr_TR\" \/>\n<meta property=\"og:type\" content=\"article\" \/>\n<meta property=\"og:title\" content=\"G\u00f6nyeli-Alayk\u00f6y Belediye Ba\u015fkan\u0131 Amcao\u011flu, Belediye Bulvar\u0131\u2019ndaki ma\u011fazalar\u0131 gezdi, talepleri dinledi -\" \/>\n<meta property=\"og:description\" content=\"G\u00f6nyeli-Alayk\u00f6y Belediye Ba\u015fkan\u0131 H\u00fcseyin Amcao\u011flu, bug\u00fcn d\u00fczenlenen Yenikent Al\u0131\u015fveri\u015f \u015e\u00f6leni\u2019nde Yenikent esnaf\u0131n\u0131 ziyaret etti. Belediyeden verilen bilgiye g\u00f6re, Amcao\u011flu, Belediye Bulvar\u0131\u2019ndaki ma\u011fazalar\u0131 tek tek gezerek esnafa \u201chay\u0131rl\u0131 i\u015fler\u201d diledi. Ziyaretler s\u0131ras\u0131nda hem esnafla hem de vatanda\u015flarla sohbet etme f\u0131rsat\u0131 bulan Amcao\u011flu, b\u00f6lge esnaf\u0131n\u0131n sorunlar\u0131 ve taleplerini dinledi. Amcao\u011flu, \u00f6zelde G\u00f6nyeli-Alayk\u00f6y\u2019e, genelde \u00fclke ekonomisine katk\u0131 sa\u011flayan\" \/>\n<meta property=\"og:url\" content=\"https:\/\/kibrisdakik.com\/?p=8148\" \/>\n<meta property=\"article:published_time\" content=\"2023-06-03T12:39:54+00:00\" \/>\n<meta property=\"og:image\" content=\"https:\/\/kibrisdakik.com\/wp-content\/uploads\/2023\/06\/gab-yenikentesnaf1-6-e1685790020440-740x420.jpg\" \/>\n\t<meta property=\"og:image:width\" content=\"1600\" \/>\n\t<meta property=\"og:image:height\" content=\"1060\" \/>\n\t<meta property=\"og:image:type\" content=\"image\/jpeg\" \/>\n<meta name=\"author\" content=\"admin\" \/>\n<meta name=\"twitter:card\" content=\"summary_large_image\" \/>\n<meta name=\"twitter:label1\" content=\"Yazan:\" \/>\n\t<meta name=\"twitter:data1\" content=\"admin\" \/>\n\t<meta name=\"twitter:label2\" content=\"Tahmini okuma s\u00fcresi\" \/>\n\t<meta name=\"twitter:data2\" content=\"1 dakika\" \/>\n<script type=\"application\/ld+json\" class=\"yoast-schema-graph\">{\"@context\":\"https:\\\/\\\/schema.org\",\"@graph\":[{\"@type\":\"Article\",\"@id\":\"https:\\\/\\\/kibrisdakik.com\\\/?p=8148#article\",\"isPartOf\":{\"@id\":\"https:\\\/\\\/kibrisdakik.com\\\/?p=8148\"},\"author\":{\"name\":\"admin\",\"@id\":\"https:\\\/\\\/kibrisdakik.com\\\/#\\\/schema\\\/person\\\/9cd9d437bbb44f72b73ba127e06d8e79\"},\"headline\":\"G\u00f6nyeli-Alayk\u00f6y Belediye Ba\u015fkan\u0131 Amcao\u011flu, Belediye Bulvar\u0131\u2019ndaki ma\u011fazalar\u0131 gezdi, talepleri dinledi\",\"datePublished\":\"2023-06-03T12:39:54+00:00\",\"mainEntityOfPage\":{\"@id\":\"https:\\\/\\\/kibrisdakik.com\\\/?p=8148\"},\"wordCount\":166,\"commentCount\":0,\"image\":{\"@id\":\"https:\\\/\\\/kibrisdakik.com\\\/?p=8148#primaryimage\"},\"thumbnailUrl\":\"https:\\\/\\\/kibrisdakik.com\\\/wp-content\\\/uploads\\\/2023\\\/06\\\/gab-yenikentesnaf1-6-e1685790020440-740x420.jpg\",\"articleSection\":[\"G\u00fcndem\"],\"inLanguage\":\"tr\",\"potentialAction\":[{\"@type\":\"CommentAction\",\"name\":\"Comment\",\"target\":[\"https:\\\/\\\/kibrisdakik.com\\\/?p=8148#respond\"]}]},{\"@type\":\"WebPage\",\"@id\":\"https:\\\/\\\/kibrisdakik.com\\\/?p=8148\",\"url\":\"https:\\\/\\\/kibrisdakik.com\\\/?p=8148\",\"name\":\"G\u00f6nyeli-Alayk\u00f6y Belediye Ba\u015fkan\u0131 Amcao\u011flu, Belediye Bulvar\u0131\u2019ndaki ma\u011fazalar\u0131 gezdi, talepleri dinledi -\",\"isPartOf\":{\"@id\":\"https:\\\/\\\/kibrisdakik.com\\\/#website\"},\"primaryImageOfPage\":{\"@id\":\"https:\\\/\\\/kibrisdakik.com\\\/?p=8148#primaryimage\"},\"image\":{\"@id\":\"https:\\\/\\\/kibrisdakik.com\\\/?p=8148#primaryimage\"},\"thumbnailUrl\":\"https:\\\/\\\/kibrisdakik.com\\\/wp-content\\\/uploads\\\/2023\\\/06\\\/gab-yenikentesnaf1-6-e1685790020440-740x420.jpg\",\"datePublished\":\"2023-06-03T12:39:54+00:00\",\"author\":{\"@id\":\"https:\\\/\\\/kibrisdakik.com\\\/#\\\/schema\\\/person\\\/9cd9d437bbb44f72b73ba127e06d8e79\"},\"breadcrumb\":{\"@id\":\"https:\\\/\\\/kibrisdakik.com\\\/?p=8148#breadcrumb\"},\"inLanguage\":\"tr\",\"potentialAction\":[{\"@type\":\"ReadAction\",\"target\":[\"https:\\\/\\\/kibrisdakik.com\\\/?p=8148\"]}]},{\"@type\":\"ImageObject\",\"inLanguage\":\"tr\",\"@id\":\"https:\\\/\\\/kibrisdakik.com\\\/?p=8148#primaryimage\",\"url\":\"https:\\\/\\\/kibrisdakik.com\\\/wp-content\\\/uploads\\\/2023\\\/06\\\/gab-yenikentesnaf1-6-e1685790020440-740x420.jpg\",\"contentUrl\":\"https:\\\/\\\/kibrisdakik.com\\\/wp-content\\\/uploads\\\/2023\\\/06\\\/gab-yenikentesnaf1-6-e1685790020440-740x420.jpg\",\"width\":1600,\"height\":1060},{\"@type\":\"BreadcrumbList\",\"@id\":\"https:\\\/\\\/kibrisdakik.com\\\/?p=8148#breadcrumb\",\"itemListElement\":[{\"@type\":\"ListItem\",\"position\":1,\"name\":\"Home\",\"item\":\"https:\\\/\\\/kibrisdakik.com\\\/\"},{\"@type\":\"ListItem\",\"position\":2,\"name\":\"G\u00f6nyeli-Alayk\u00f6y Belediye Ba\u015fkan\u0131 Amcao\u011flu, Belediye Bulvar\u0131\u2019ndaki ma\u011fazalar\u0131 gezdi, talepleri dinledi\"}]},{\"@type\":\"WebSite\",\"@id\":\"https:\\\/\\\/kibrisdakik.com\\\/#website\",\"url\":\"https:\\\/\\\/kibrisdakik.com\\\/\",\"name\":\"\",\"description\":\"Tam vaktinde haber\",\"potentialAction\":[{\"@type\":\"SearchAction\",\"target\":{\"@type\":\"EntryPoint\",\"urlTemplate\":\"https:\\\/\\\/kibrisdakik.com\\\/?s={search_term_string}\"},\"query-input\":{\"@type\":\"PropertyValueSpecification\",\"valueRequired\":true,\"valueName\":\"search_term_string\"}}],\"inLanguage\":\"tr\"},{\"@type\":\"Person\",\"@id\":\"https:\\\/\\\/kibrisdakik.com\\\/#\\\/schema\\\/person\\\/9cd9d437bbb44f72b73ba127e06d8e79\",\"name\":\"admin\",\"image\":{\"@type\":\"ImageObject\",\"inLanguage\":\"tr\",\"@id\":\"https:\\\/\\\/secure.gravatar.com\\\/avatar\\\/ccc17943b9d660506c869530f897617f7cb1c21a4bf30023f252596d83e1f007?s=96&d=mm&r=g\",\"url\":\"https:\\\/\\\/secure.gravatar.com\\\/avatar\\\/ccc17943b9d660506c869530f897617f7cb1c21a4bf30023f252596d83e1f007?s=96&d=mm&r=g\",\"contentUrl\":\"https:\\\/\\\/secure.gravatar.com\\\/avatar\\\/ccc17943b9d660506c869530f897617f7cb1c21a4bf30023f252596d83e1f007?s=96&d=mm&r=g\",\"caption\":\"admin\"},\"sameAs\":[\"https:\\\/\\\/kibrisdakik.com\"],\"url\":\"https:\\\/\\\/kibrisdakik.com\\\/?author=1\"}]}<\/script>\n<!-- \/ Yoast SEO plugin. -->","yoast_head_json":{"title":"G\u00f6nyeli-Alayk\u00f6y Belediye Ba\u015fkan\u0131 Amcao\u011flu, Belediye Bulvar\u0131\u2019ndaki ma\u011fazalar\u0131 gezdi, talepleri dinledi -","robots":{"index":"index","follow":"follow","max-snippet":"max-snippet:-1","max-image-preview":"max-image-preview:large","max-video-preview":"max-video-preview:-1"},"canonical":"https:\/\/kibrisdakik.com\/?p=8148","og_locale":"tr_TR","og_type":"article","og_title":"G\u00f6nyeli-Alayk\u00f6y Belediye Ba\u015fkan\u0131 Amcao\u011flu, Belediye Bulvar\u0131\u2019ndaki ma\u011fazalar\u0131 gezdi, talepleri dinledi -","og_description":"G\u00f6nyeli-Alayk\u00f6y Belediye Ba\u015fkan\u0131 H\u00fcseyin Amcao\u011flu, bug\u00fcn d\u00fczenlenen Yenikent Al\u0131\u015fveri\u015f \u015e\u00f6leni\u2019nde Yenikent esnaf\u0131n\u0131 ziyaret etti. Belediyeden verilen bilgiye g\u00f6re, Amcao\u011flu, Belediye Bulvar\u0131\u2019ndaki ma\u011fazalar\u0131 tek tek gezerek esnafa \u201chay\u0131rl\u0131 i\u015fler\u201d diledi. Ziyaretler s\u0131ras\u0131nda hem esnafla hem de vatanda\u015flarla sohbet etme f\u0131rsat\u0131 bulan Amcao\u011flu, b\u00f6lge esnaf\u0131n\u0131n sorunlar\u0131 ve taleplerini dinledi. Amcao\u011flu, \u00f6zelde G\u00f6nyeli-Alayk\u00f6y\u2019e, genelde \u00fclke ekonomisine katk\u0131 sa\u011flayan","og_url":"https:\/\/kibrisdakik.com\/?p=8148","article_published_time":"2023-06-03T12:39:54+00:00","og_image":[{"width":1600,"height":1060,"url":"https:\/\/kibrisdakik.com\/wp-content\/uploads\/2023\/06\/gab-yenikentesnaf1-6-e1685790020440-740x420.jpg","type":"image\/jpeg"}],"author":"admin","twitter_card":"summary_large_image","twitter_misc":{"Yazan:":"admin","Tahmini okuma s\u00fcresi":"1 dakika"},"schema":{"@context":"https:\/\/schema.org","@graph":[{"@type":"Article","@id":"https:\/\/kibrisdakik.com\/?p=8148#article","isPartOf":{"@id":"https:\/\/kibrisdakik.com\/?p=8148"},"author":{"name":"admin","@id":"https:\/\/kibrisdakik.com\/#\/schema\/person\/9cd9d437bbb44f72b73ba127e06d8e79"},"headline":"G\u00f6nyeli-Alayk\u00f6y Belediye Ba\u015fkan\u0131 Amcao\u011flu, Belediye Bulvar\u0131\u2019ndaki ma\u011fazalar\u0131 gezdi, talepleri dinledi","datePublished":"2023-06-03T12:39:54+00:00","mainEntityOfPage":{"@id":"https:\/\/kibrisdakik.com\/?p=8148"},"wordCount":166,"commentCount":0,"image":{"@id":"https:\/\/kibrisdakik.com\/?p=8148#primaryimage"},"thumbnailUrl":"https:\/\/kibrisdakik.com\/wp-content\/uploads\/2023\/06\/gab-yenikentesnaf1-6-e1685790020440-740x420.jpg","articleSection":["G\u00fcndem"],"inLanguage":"tr","potentialAction":[{"@type":"CommentAction","name":"Comment","target":["https:\/\/kibrisdakik.com\/?p=8148#respond"]}]},{"@type":"WebPage","@id":"https:\/\/kibrisdakik.com\/?p=8148","url":"https:\/\/kibrisdakik.com\/?p=8148","name":"G\u00f6nyeli-Alayk\u00f6y Belediye Ba\u015fkan\u0131 Amcao\u011flu, Belediye Bulvar\u0131\u2019ndaki ma\u011fazalar\u0131 gezdi, talepleri dinledi -","isPartOf":{"@id":"https:\/\/kibrisdakik.com\/#website"},"primaryImageOfPage":{"@id":"https:\/\/kibrisdakik.com\/?p=8148#primaryimage"},"image":{"@id":"https:\/\/kibrisdakik.com\/?p=8148#primaryimage"},"thumbnailUrl":"https:\/\/kibrisdakik.com\/wp-content\/uploads\/2023\/06\/gab-yenikentesnaf1-6-e1685790020440-740x420.jpg","datePublished":"2023-06-03T12:39:54+00:00","author":{"@id":"https:\/\/kibrisdakik.com\/#\/schema\/person\/9cd9d437bbb44f72b73ba127e06d8e79"},"breadcrumb":{"@id":"https:\/\/kibrisdakik.com\/?p=8148#breadcrumb"},"inLanguage":"tr","potentialAction":[{"@type":"ReadAction","target":["https:\/\/kibrisdakik.com\/?p=8148"]}]},{"@type":"ImageObject","inLanguage":"tr","@id":"https:\/\/kibrisdakik.com\/?p=8148#primaryimage","url":"https:\/\/kibrisdakik.com\/wp-content\/uploads\/2023\/06\/gab-yenikentesnaf1-6-e1685790020440-740x420.jpg","contentUrl":"https:\/\/kibrisdakik.com\/wp-content\/uploads\/2023\/06\/gab-yenikentesnaf1-6-e1685790020440-740x420.jpg","width":1600,"height":1060},{"@type":"BreadcrumbList","@id":"https:\/\/kibrisdakik.com\/?p=8148#breadcrumb","itemListElement":[{"@type":"ListItem","position":1,"name":"Home","item":"https:\/\/kibrisdakik.com\/"},{"@type":"ListItem","position":2,"name":"G\u00f6nyeli-Alayk\u00f6y Belediye Ba\u015fkan\u0131 Amcao\u011flu, Belediye Bulvar\u0131\u2019ndaki ma\u011fazalar\u0131 gezdi, talepleri dinledi"}]},{"@type":"WebSite","@id":"https:\/\/kibrisdakik.com\/#website","url":"https:\/\/kibrisdakik.com\/","name":"","description":"Tam vaktinde haber","potentialAction":[{"@type":"SearchAction","target":{"@type":"EntryPoint","urlTemplate":"https:\/\/kibrisdakik.com\/?s={search_term_string}"},"query-input":{"@type":"PropertyValueSpecification","valueRequired":true,"valueName":"search_term_string"}}],"inLanguage":"tr"},{"@type":"Person","@id":"https:\/\/kibrisdakik.com\/#\/schema\/person\/9cd9d437bbb44f72b73ba127e06d8e79","name":"admin","image":{"@type":"ImageObject","inLanguage":"tr","@id":"https:\/\/secure.gravatar.com\/avatar\/ccc17943b9d660506c869530f897617f7cb1c21a4bf30023f252596d83e1f007?s=96&d=mm&r=g","url":"https:\/\/secure.gravatar.com\/avatar\/ccc17943b9d660506c869530f897617f7cb1c21a4bf30023f252596d83e1f007?s=96&d=mm&r=g","contentUrl":"https:\/\/secure.gravatar.com\/avatar\/ccc17943b9d660506c869530f897617f7cb1c21a4bf30023f252596d83e1f007?s=96&d=mm&r=g","caption":"admin"},"sameAs":["https:\/\/kibrisdakik.com"],"url":"https:\/\/kibrisdakik.com\/?author=1"}]}},"_links":{"self":[{"href":"https:\/\/kibrisdakik.com\/index.php?rest_route=\/wp\/v2\/posts\/8148","targetHints":{"allow":["GET"]}}],"collection":[{"href":"https:\/\/kibrisdakik.com\/index.php?rest_route=\/wp\/v2\/posts"}],"about":[{"href":"https:\/\/kibrisdakik.com\/index.php?rest_route=\/wp\/v2\/types\/post"}],"author":[{"embeddable":true,"href":"https:\/\/kibrisdakik.com\/index.php?rest_route=\/wp\/v2\/users\/1"}],"replies":[{"embeddable":true,"href":"https:\/\/kibrisdakik.com\/index.php?rest_route=%2Fwp%2Fv2%2Fcomments&post=8148"}],"version-history":[{"count":0,"href":"https:\/\/kibrisdakik.com\/index.php?rest_route=\/wp\/v2\/posts\/8148\/revisions"}],"wp:featuredmedia":[{"embeddable":true,"href":"https:\/\/kibrisdakik.com\/index.php?rest_route=\/wp\/v2\/media\/8149"}],"wp:attachment":[{"href":"https:\/\/kibrisdakik.com\/index.php?rest_route=%2Fwp%2Fv2%2Fmedia&parent=8148"}],"wp:term":[{"taxonomy":"category","embeddable":true,"href":"https:\/\/kibrisdakik.com\/index.php?rest_route=%2Fwp%2Fv2%2Fcategories&post=8148"},{"taxonomy":"post_tag","embeddable":true,"href":"https:\/\/kibrisdakik.com\/index.php?rest_route=%2Fwp%2Fv2%2Ftags&post=8148"}],"curies":[{"name":"wp","href":"https:\/\/api.w.org\/{rel}","templated":true}]}}