{"id":81515,"date":"2025-05-04T15:08:00","date_gmt":"2025-05-04T12:08:00","guid":{"rendered":"https:\/\/kibrisdakik.com\/index.php\/2025\/05\/04\/turkiye-sanayi-ve-teknoloji-bakani-kacir-kibris-turk-halkiyla-omuz-omuza-olmaya-devam-edecegiz\/"},"modified":"2025-05-04T15:08:00","modified_gmt":"2025-05-04T12:08:00","slug":"turkiye-sanayi-ve-teknoloji-bakani-kacir-kibris-turk-halkiyla-omuz-omuza-olmaya-devam-edecegiz","status":"publish","type":"post","link":"https:\/\/kibrisdakik.com\/?p=81515","title":{"rendered":"T\u00fcrkiye Sanayi ve Teknoloji Bakan\u0131 Kac\u0131r: K\u0131br\u0131s T\u00fcrk halk\u0131yla omuz omuza olmaya devam edece\u011fiz"},"content":{"rendered":"<p><\/p>\n<div>\n<div class=\"mariselle-image-container center\">\n                <img loading=\"lazy\" decoding=\"async\" width=\"2048\" height=\"1366\" class=\"lazy-image\" alt=\"\" sizes=\"auto, (max-width: 2048px) 100vw, 2048px\" src=\"https:\/\/brtk.net\/wp-content\/uploads\/2025\/05\/04\/1746358087561TEKNOFEST-KKTC-KAPANIS-TORENI-Bakan-Karcin-2.jpg?ver=192199a6b575e9f8adc505e5cbfd069c\" srcset=\"https:\/\/brtk.net\/wp-content\/uploads\/2025\/05\/04\/1746358087561TEKNOFEST-KKTC-KAPANIS-TORENI-Bakan-Karcin-2.jpg?ver=192199a6b575e9f8adc505e5cbfd069c 2048w, https:\/\/brtk.net\/wp-content\/uploads\/2025\/05\/04\/1746358087561TEKNOFEST-KKTC-KAPANIS-TORENI-Bakan-Karcin-2-300x200.jpg?ver=2d09dce27a9ce8760d86f6730c52b5c9 300w, https:\/\/brtk.net\/wp-content\/uploads\/2025\/05\/04\/1746358087561TEKNOFEST-KKTC-KAPANIS-TORENI-Bakan-Karcin-2-1024x683.jpg?ver=2d09dce27a9ce8760d86f6730c52b5c9 1024w, https:\/\/brtk.net\/wp-content\/uploads\/2025\/05\/04\/1746358087561TEKNOFEST-KKTC-KAPANIS-TORENI-Bakan-Karcin-2-768x512.jpg?ver=85298380d89204b063c8c5e5fb72fc84 768w, https:\/\/brtk.net\/wp-content\/uploads\/2025\/05\/04\/1746358087561TEKNOFEST-KKTC-KAPANIS-TORENI-Bakan-Karcin-2-1536x1025.jpg?ver=dab5a5affbf4e59058e368cbb148faf8 1536w\"\/>                            <\/div>\n<p>\nT\u00fcrkiye Sanayi ve Teknoloji Bakan\u0131 Mehmet Fatih Kac\u0131r, KKTC\u2019yi hak etti\u011fi sayg\u0131n konuma ta\u015f\u0131mak i\u00e7in K\u0131br\u0131s T\u00fcrk halk\u0131yla omuz omuza olmaya devam edeceklerini belirterek, \u201c\u015eehitlerimizin kanlar\u0131yla sulanm\u0131\u015f bu topraklarda K\u0131br\u0131s T\u00fcrk halk\u0131n\u0131n yolcu de\u011fil hanc\u0131, misafir de\u011fil ev sahibi oldu\u011funu t\u00fcm d\u00fcnyaya tekrar ilan ettik.\u201d dedi.<\/p>\n<p>Eski Ercan Havaliman\u0131\u2019nda d\u00fczenlenen TEKNOFEST KKTC Kapan\u0131\u015f ve \u00d6d\u00fcl T\u00f6reni\u2019nde konu\u015fan Kac\u0131r, milli teknoloji hamlesinin meydan\u0131 TEKNOFEST\u2019te K\u0131br\u0131s T\u00fcrk halk\u0131n\u0131n yo\u011fun ilgisiyle, tarihle, bilimle ve teknoloji ile yorulmu\u015f muazzam bir co\u015fku ya\u015fad\u0131klar\u0131n\u0131 ifade etti.<\/p>\n<p>\u201c\u015eehitlerimizin kanlar\u0131yla sulanm\u0131\u015f bu topraklarda K\u0131br\u0131s T\u00fcrk halk\u0131n\u0131n yolcu de\u011fil hanc\u0131, misafir de\u011fil ev sahibi oldu\u011funu t\u00fcm d\u00fcnyaya bire kez daha tekrar ilan ettik.\u201d ifadesini kullanan Kac\u0131r, T\u00fcrk milletinin, bilim insanlar\u0131n\u0131n, m\u00fchendislerinin, teknisyenlerinin al\u0131n ve ak\u0131l terinin eserlerle, her biri d\u00fcnyada b\u00fcy\u00fck yank\u0131 uyand\u0131ran teknoloji harikalar\u0131yla hep birlikte iftihar ettiklerini aktard\u0131.<\/p>\n<p>KKTC, T\u00fcrkiye ve d\u00fcnyan\u0131n farkl\u0131 \u00fclkelerinden gelen gen\u00e7lerin, yenilik\u00e7i projelerle kendilerini gururland\u0131rd\u0131\u011f\u0131n\u0131 belirten Kac\u0131r, bu topraklar\u0131n gen\u00e7lerinin isterlerse ve \u00e7al\u0131\u015f\u0131rlarsa ba\u015faramayacaklar\u0131 hi\u00e7bir \u015fey olmad\u0131\u011f\u0131n\u0131 g\u00f6rd\u00fcklerini belirtti.<\/p>\n<p><em>\u2013 \u201cBir ve beraber olacak, bu hedeflere hep birlikte ko\u015faca\u011f\u0131z\u201d<\/em><\/p>\n<p>Arzular\u0131n\u0131n T\u00fcrk milletinin y\u00fckseli\u015finin sembol\u00fc TEKNOFEST\u2019in bu co\u015fkusunun KKTC\u2019de devam etmesi oldu\u011funu belirten Kac\u0131r, konu\u015fmas\u0131nda \u201cArzumuz, 100 bine yak\u0131n \u00fcniversite \u00f6\u011frencisiyle, e\u015fsiz g\u00fczellikleri ile Akdeniz\u2019in parlayan incisi Kuzey K\u0131br\u0131s T\u00fcrk Cumhuriyeti\u2019nin d\u00fcnyan\u0131n d\u00f6rt bir yan\u0131na hizmet sunacak bili\u015fimcilerin, teknoloji giri\u015fimlerinin adresi konumuna gelmesidir. Burada geli\u015ftirilen yenilik\u00e7i dijital \u00fcr\u00fcn ve hizmetlerin Kuzey K\u0131br\u0131s\u2019tan d\u00fcnyaya a\u00e7\u0131lan birer ba\u015far\u0131 hikayesine d\u00f6n\u00fc\u015fmesidir. Y\u0131llarca haks\u0131z izolasyonlara maruz kalan K\u0131br\u0131s T\u00fcrk halk\u0131n\u0131n refah\u0131n\u0131n y\u00fckselmesidir. Bir ve beraber olacak, bu hedeflere hep birlikte ko\u015faca\u011f\u0131z.\u201d ifadelerini kulland\u0131.<\/p>\n<p>KKTC\u2019yi hak etti\u011fi sayg\u0131n konuma ta\u015f\u0131mak i\u00e7in karde\u015f K\u0131br\u0131s T\u00fcrk halk\u0131yla omuz omuza olmaya devam edeceklerini s\u00f6yleyen Kac\u0131r, Milli Teknoloji Hamlesi\u201dne adeta bir seferberlik ruhuyla sahip \u00e7\u0131kacaklar\u0131n\u0131 belirtti.<\/p>\n<p>TEKNOFEST yar\u0131\u015fmalar\u0131na kat\u0131lan Milli Teknoloji Hamlesi kahraman\u0131 gen\u00e7leri y\u00fcrekten kutlayan Kac\u0131r, anne ve babalar\u0131n\u0131n, \u00f6\u011fretmenlerinin ve g\u00f6\u011f\u00fcslerini kabartan, iftihar kayna\u011f\u0131 TEKNOFEST ku\u015fa\u011f\u0131n\u0131 tebrik eden Kac\u0131r, \u015f\u00f6yle devam etti:<\/p>\n<p>\u201cMisafirperverlikleriyle bizleri ba\u011fr\u0131na basan karde\u015f topraklar\u0131n, Kuzey K\u0131br\u0131s\u2019\u0131n evlatlar\u0131na, t\u00fcm payda\u015flar\u0131m\u0131za TEKNOFEST\u2019in d\u00fczenlenmesine sunduklar\u0131 katk\u0131lar i\u00e7in \u015f\u00fckranlar\u0131m\u0131 sunuyorum. Gelin hep birlikte hayk\u0131ral\u0131m Kuzey\u2019den, anavatan\u0131m\u0131z T\u00fcrkiye\u2019den duyulsun, \u2018Ya\u015fas\u0131n T\u00fcrkiye\u2019, \u2018Ya\u015fas\u0131n h\u00fcr ve egemen KKTC\u2019. Gelin g\u00fcr sesle hayk\u0131ral\u0131m, do\u011fudan, bat\u0131dan ve mutlaka g\u00fcneyden duyulsun, \u2018Ya\u015fas\u0131n T\u00fcrkiye\u2019, \u2018Ya\u015fas\u0131n h\u00fcr ve egemen KKTC\u2019.\u201d<\/p>\n<\/p><\/div>\n<p><script async\n                    defer\n                    crossorigin=\"anonymous\"\n                    src=\"https:\/\/connect.facebook.net\/tr_TR\/sdk.js#xfbml=1&#038;version=v3.3\"\n            ><\/script><\/p>\n","protected":false},"excerpt":{"rendered":"<p>T\u00fcrkiye Sanayi ve Teknoloji Bakan\u0131 Mehmet Fatih Kac\u0131r, KKTC\u2019yi hak etti\u011fi sayg\u0131n konuma ta\u015f\u0131mak i\u00e7in K\u0131br\u0131s T\u00fcrk halk\u0131yla omuz omuza olmaya devam edeceklerini belirterek, \u201c\u015eehitlerimizin kanlar\u0131yla sulanm\u0131\u015f bu topraklarda K\u0131br\u0131s T\u00fcrk halk\u0131n\u0131n yolcu de\u011fil hanc\u0131, misafir de\u011fil ev sahibi oldu\u011funu t\u00fcm d\u00fcnyaya tekrar ilan ettik.\u201d dedi. Eski Ercan Havaliman\u0131\u2019nda d\u00fczenlenen TEKNOFEST KKTC Kapan\u0131\u015f ve \u00d6d\u00fcl<\/p>\n","protected":false},"author":1,"featured_media":81516,"comment_status":"open","ping_status":"open","sticky":false,"template":"","format":"standard","meta":{"footnotes":""},"categories":[86],"tags":[],"class_list":["post-81515","post","type-post","status-publish","format-standard","has-post-thumbnail","hentry","category-turkiye"],"yoast_head":"<!-- This site is optimized with the Yoast SEO plugin v27.5 - https:\/\/yoast.com\/product\/yoast-seo-wordpress\/ -->\n<title>T\u00fcrkiye Sanayi ve Teknoloji Bakan\u0131 Kac\u0131r: K\u0131br\u0131s T\u00fcrk halk\u0131yla omuz omuza olmaya devam edece\u011fiz -<\/title>\n<meta name=\"robots\" content=\"index, follow, max-snippet:-1, max-image-preview:large, max-video-preview:-1\" \/>\n<link rel=\"canonical\" href=\"https:\/\/kibrisdakik.com\/?p=81515\" \/>\n<meta property=\"og:locale\" content=\"tr_TR\" \/>\n<meta property=\"og:type\" content=\"article\" \/>\n<meta property=\"og:title\" content=\"T\u00fcrkiye Sanayi ve Teknoloji Bakan\u0131 Kac\u0131r: K\u0131br\u0131s T\u00fcrk halk\u0131yla omuz omuza olmaya devam edece\u011fiz -\" \/>\n<meta property=\"og:description\" content=\"T\u00fcrkiye Sanayi ve Teknoloji Bakan\u0131 Mehmet Fatih Kac\u0131r, KKTC\u2019yi hak etti\u011fi sayg\u0131n konuma ta\u015f\u0131mak i\u00e7in K\u0131br\u0131s T\u00fcrk halk\u0131yla omuz omuza olmaya devam edeceklerini belirterek, \u201c\u015eehitlerimizin kanlar\u0131yla sulanm\u0131\u015f bu topraklarda K\u0131br\u0131s T\u00fcrk halk\u0131n\u0131n yolcu de\u011fil hanc\u0131, misafir de\u011fil ev sahibi oldu\u011funu t\u00fcm d\u00fcnyaya tekrar ilan ettik.\u201d dedi. Eski Ercan Havaliman\u0131\u2019nda d\u00fczenlenen TEKNOFEST KKTC Kapan\u0131\u015f ve \u00d6d\u00fcl\" \/>\n<meta property=\"og:url\" content=\"https:\/\/kibrisdakik.com\/?p=81515\" \/>\n<meta property=\"article:published_time\" content=\"2025-05-04T12:08:00+00:00\" \/>\n<meta property=\"og:image\" content=\"https:\/\/kibrisdakik.com\/wp-content\/uploads\/2025\/05\/1746358087561TEKNOFEST-KKTC-KAPANIS-TORENI-Bakan-Karcin-2-740x420.jpg\" \/>\n\t<meta property=\"og:image:width\" content=\"2048\" \/>\n\t<meta property=\"og:image:height\" content=\"1366\" \/>\n\t<meta property=\"og:image:type\" content=\"image\/jpeg\" \/>\n<meta name=\"author\" content=\"admin\" \/>\n<meta name=\"twitter:card\" content=\"summary_large_image\" \/>\n<meta name=\"twitter:label1\" content=\"Yazan:\" \/>\n\t<meta name=\"twitter:data1\" content=\"admin\" \/>\n\t<meta name=\"twitter:label2\" content=\"Tahmini okuma s\u00fcresi\" \/>\n\t<meta name=\"twitter:data2\" content=\"3 dakika\" \/>\n<script type=\"application\/ld+json\" class=\"yoast-schema-graph\">{\"@context\":\"https:\\\/\\\/schema.org\",\"@graph\":[{\"@type\":\"Article\",\"@id\":\"https:\\\/\\\/kibrisdakik.com\\\/?p=81515#article\",\"isPartOf\":{\"@id\":\"https:\\\/\\\/kibrisdakik.com\\\/?p=81515\"},\"author\":{\"name\":\"admin\",\"@id\":\"https:\\\/\\\/kibrisdakik.com\\\/#\\\/schema\\\/person\\\/9cd9d437bbb44f72b73ba127e06d8e79\"},\"headline\":\"T\u00fcrkiye Sanayi ve Teknoloji Bakan\u0131 Kac\u0131r: K\u0131br\u0131s T\u00fcrk halk\u0131yla omuz omuza olmaya devam edece\u011fiz\",\"datePublished\":\"2025-05-04T12:08:00+00:00\",\"mainEntityOfPage\":{\"@id\":\"https:\\\/\\\/kibrisdakik.com\\\/?p=81515\"},\"wordCount\":567,\"commentCount\":0,\"image\":{\"@id\":\"https:\\\/\\\/kibrisdakik.com\\\/?p=81515#primaryimage\"},\"thumbnailUrl\":\"https:\\\/\\\/kibrisdakik.com\\\/wp-content\\\/uploads\\\/2025\\\/05\\\/1746358087561TEKNOFEST-KKTC-KAPANIS-TORENI-Bakan-Karcin-2-740x420.jpg\",\"articleSection\":[\"T\u00fcrkiye\"],\"inLanguage\":\"tr\",\"potentialAction\":[{\"@type\":\"CommentAction\",\"name\":\"Comment\",\"target\":[\"https:\\\/\\\/kibrisdakik.com\\\/?p=81515#respond\"]}]},{\"@type\":\"WebPage\",\"@id\":\"https:\\\/\\\/kibrisdakik.com\\\/?p=81515\",\"url\":\"https:\\\/\\\/kibrisdakik.com\\\/?p=81515\",\"name\":\"T\u00fcrkiye Sanayi ve Teknoloji Bakan\u0131 Kac\u0131r: K\u0131br\u0131s T\u00fcrk halk\u0131yla omuz omuza olmaya devam edece\u011fiz -\",\"isPartOf\":{\"@id\":\"https:\\\/\\\/kibrisdakik.com\\\/#website\"},\"primaryImageOfPage\":{\"@id\":\"https:\\\/\\\/kibrisdakik.com\\\/?p=81515#primaryimage\"},\"image\":{\"@id\":\"https:\\\/\\\/kibrisdakik.com\\\/?p=81515#primaryimage\"},\"thumbnailUrl\":\"https:\\\/\\\/kibrisdakik.com\\\/wp-content\\\/uploads\\\/2025\\\/05\\\/1746358087561TEKNOFEST-KKTC-KAPANIS-TORENI-Bakan-Karcin-2-740x420.jpg\",\"datePublished\":\"2025-05-04T12:08:00+00:00\",\"author\":{\"@id\":\"https:\\\/\\\/kibrisdakik.com\\\/#\\\/schema\\\/person\\\/9cd9d437bbb44f72b73ba127e06d8e79\"},\"breadcrumb\":{\"@id\":\"https:\\\/\\\/kibrisdakik.com\\\/?p=81515#breadcrumb\"},\"inLanguage\":\"tr\",\"potentialAction\":[{\"@type\":\"ReadAction\",\"target\":[\"https:\\\/\\\/kibrisdakik.com\\\/?p=81515\"]}]},{\"@type\":\"ImageObject\",\"inLanguage\":\"tr\",\"@id\":\"https:\\\/\\\/kibrisdakik.com\\\/?p=81515#primaryimage\",\"url\":\"https:\\\/\\\/kibrisdakik.com\\\/wp-content\\\/uploads\\\/2025\\\/05\\\/1746358087561TEKNOFEST-KKTC-KAPANIS-TORENI-Bakan-Karcin-2-740x420.jpg\",\"contentUrl\":\"https:\\\/\\\/kibrisdakik.com\\\/wp-content\\\/uploads\\\/2025\\\/05\\\/1746358087561TEKNOFEST-KKTC-KAPANIS-TORENI-Bakan-Karcin-2-740x420.jpg\",\"width\":2048,\"height\":1366},{\"@type\":\"BreadcrumbList\",\"@id\":\"https:\\\/\\\/kibrisdakik.com\\\/?p=81515#breadcrumb\",\"itemListElement\":[{\"@type\":\"ListItem\",\"position\":1,\"name\":\"Home\",\"item\":\"https:\\\/\\\/kibrisdakik.com\\\/\"},{\"@type\":\"ListItem\",\"position\":2,\"name\":\"T\u00fcrkiye Sanayi ve Teknoloji Bakan\u0131 Kac\u0131r: K\u0131br\u0131s T\u00fcrk halk\u0131yla omuz omuza olmaya devam edece\u011fiz\"}]},{\"@type\":\"WebSite\",\"@id\":\"https:\\\/\\\/kibrisdakik.com\\\/#website\",\"url\":\"https:\\\/\\\/kibrisdakik.com\\\/\",\"name\":\"\",\"description\":\"Tam vaktinde haber\",\"potentialAction\":[{\"@type\":\"SearchAction\",\"target\":{\"@type\":\"EntryPoint\",\"urlTemplate\":\"https:\\\/\\\/kibrisdakik.com\\\/?s={search_term_string}\"},\"query-input\":{\"@type\":\"PropertyValueSpecification\",\"valueRequired\":true,\"valueName\":\"search_term_string\"}}],\"inLanguage\":\"tr\"},{\"@type\":\"Person\",\"@id\":\"https:\\\/\\\/kibrisdakik.com\\\/#\\\/schema\\\/person\\\/9cd9d437bbb44f72b73ba127e06d8e79\",\"name\":\"admin\",\"image\":{\"@type\":\"ImageObject\",\"inLanguage\":\"tr\",\"@id\":\"https:\\\/\\\/secure.gravatar.com\\\/avatar\\\/ccc17943b9d660506c869530f897617f7cb1c21a4bf30023f252596d83e1f007?s=96&d=mm&r=g\",\"url\":\"https:\\\/\\\/secure.gravatar.com\\\/avatar\\\/ccc17943b9d660506c869530f897617f7cb1c21a4bf30023f252596d83e1f007?s=96&d=mm&r=g\",\"contentUrl\":\"https:\\\/\\\/secure.gravatar.com\\\/avatar\\\/ccc17943b9d660506c869530f897617f7cb1c21a4bf30023f252596d83e1f007?s=96&d=mm&r=g\",\"caption\":\"admin\"},\"sameAs\":[\"https:\\\/\\\/kibrisdakik.com\"],\"url\":\"https:\\\/\\\/kibrisdakik.com\\\/?author=1\"}]}<\/script>\n<!-- \/ Yoast SEO plugin. -->","yoast_head_json":{"title":"T\u00fcrkiye Sanayi ve Teknoloji Bakan\u0131 Kac\u0131r: K\u0131br\u0131s T\u00fcrk halk\u0131yla omuz omuza olmaya devam edece\u011fiz -","robots":{"index":"index","follow":"follow","max-snippet":"max-snippet:-1","max-image-preview":"max-image-preview:large","max-video-preview":"max-video-preview:-1"},"canonical":"https:\/\/kibrisdakik.com\/?p=81515","og_locale":"tr_TR","og_type":"article","og_title":"T\u00fcrkiye Sanayi ve Teknoloji Bakan\u0131 Kac\u0131r: K\u0131br\u0131s T\u00fcrk halk\u0131yla omuz omuza olmaya devam edece\u011fiz -","og_description":"T\u00fcrkiye Sanayi ve Teknoloji Bakan\u0131 Mehmet Fatih Kac\u0131r, KKTC\u2019yi hak etti\u011fi sayg\u0131n konuma ta\u015f\u0131mak i\u00e7in K\u0131br\u0131s T\u00fcrk halk\u0131yla omuz omuza olmaya devam edeceklerini belirterek, \u201c\u015eehitlerimizin kanlar\u0131yla sulanm\u0131\u015f bu topraklarda K\u0131br\u0131s T\u00fcrk halk\u0131n\u0131n yolcu de\u011fil hanc\u0131, misafir de\u011fil ev sahibi oldu\u011funu t\u00fcm d\u00fcnyaya tekrar ilan ettik.\u201d dedi. Eski Ercan Havaliman\u0131\u2019nda d\u00fczenlenen TEKNOFEST KKTC Kapan\u0131\u015f ve \u00d6d\u00fcl","og_url":"https:\/\/kibrisdakik.com\/?p=81515","article_published_time":"2025-05-04T12:08:00+00:00","og_image":[{"width":2048,"height":1366,"url":"https:\/\/kibrisdakik.com\/wp-content\/uploads\/2025\/05\/1746358087561TEKNOFEST-KKTC-KAPANIS-TORENI-Bakan-Karcin-2-740x420.jpg","type":"image\/jpeg"}],"author":"admin","twitter_card":"summary_large_image","twitter_misc":{"Yazan:":"admin","Tahmini okuma s\u00fcresi":"3 dakika"},"schema":{"@context":"https:\/\/schema.org","@graph":[{"@type":"Article","@id":"https:\/\/kibrisdakik.com\/?p=81515#article","isPartOf":{"@id":"https:\/\/kibrisdakik.com\/?p=81515"},"author":{"name":"admin","@id":"https:\/\/kibrisdakik.com\/#\/schema\/person\/9cd9d437bbb44f72b73ba127e06d8e79"},"headline":"T\u00fcrkiye Sanayi ve Teknoloji Bakan\u0131 Kac\u0131r: K\u0131br\u0131s T\u00fcrk halk\u0131yla omuz omuza olmaya devam edece\u011fiz","datePublished":"2025-05-04T12:08:00+00:00","mainEntityOfPage":{"@id":"https:\/\/kibrisdakik.com\/?p=81515"},"wordCount":567,"commentCount":0,"image":{"@id":"https:\/\/kibrisdakik.com\/?p=81515#primaryimage"},"thumbnailUrl":"https:\/\/kibrisdakik.com\/wp-content\/uploads\/2025\/05\/1746358087561TEKNOFEST-KKTC-KAPANIS-TORENI-Bakan-Karcin-2-740x420.jpg","articleSection":["T\u00fcrkiye"],"inLanguage":"tr","potentialAction":[{"@type":"CommentAction","name":"Comment","target":["https:\/\/kibrisdakik.com\/?p=81515#respond"]}]},{"@type":"WebPage","@id":"https:\/\/kibrisdakik.com\/?p=81515","url":"https:\/\/kibrisdakik.com\/?p=81515","name":"T\u00fcrkiye Sanayi ve Teknoloji Bakan\u0131 Kac\u0131r: K\u0131br\u0131s T\u00fcrk halk\u0131yla omuz omuza olmaya devam edece\u011fiz -","isPartOf":{"@id":"https:\/\/kibrisdakik.com\/#website"},"primaryImageOfPage":{"@id":"https:\/\/kibrisdakik.com\/?p=81515#primaryimage"},"image":{"@id":"https:\/\/kibrisdakik.com\/?p=81515#primaryimage"},"thumbnailUrl":"https:\/\/kibrisdakik.com\/wp-content\/uploads\/2025\/05\/1746358087561TEKNOFEST-KKTC-KAPANIS-TORENI-Bakan-Karcin-2-740x420.jpg","datePublished":"2025-05-04T12:08:00+00:00","author":{"@id":"https:\/\/kibrisdakik.com\/#\/schema\/person\/9cd9d437bbb44f72b73ba127e06d8e79"},"breadcrumb":{"@id":"https:\/\/kibrisdakik.com\/?p=81515#breadcrumb"},"inLanguage":"tr","potentialAction":[{"@type":"ReadAction","target":["https:\/\/kibrisdakik.com\/?p=81515"]}]},{"@type":"ImageObject","inLanguage":"tr","@id":"https:\/\/kibrisdakik.com\/?p=81515#primaryimage","url":"https:\/\/kibrisdakik.com\/wp-content\/uploads\/2025\/05\/1746358087561TEKNOFEST-KKTC-KAPANIS-TORENI-Bakan-Karcin-2-740x420.jpg","contentUrl":"https:\/\/kibrisdakik.com\/wp-content\/uploads\/2025\/05\/1746358087561TEKNOFEST-KKTC-KAPANIS-TORENI-Bakan-Karcin-2-740x420.jpg","width":2048,"height":1366},{"@type":"BreadcrumbList","@id":"https:\/\/kibrisdakik.com\/?p=81515#breadcrumb","itemListElement":[{"@type":"ListItem","position":1,"name":"Home","item":"https:\/\/kibrisdakik.com\/"},{"@type":"ListItem","position":2,"name":"T\u00fcrkiye Sanayi ve Teknoloji Bakan\u0131 Kac\u0131r: K\u0131br\u0131s T\u00fcrk halk\u0131yla omuz omuza olmaya devam edece\u011fiz"}]},{"@type":"WebSite","@id":"https:\/\/kibrisdakik.com\/#website","url":"https:\/\/kibrisdakik.com\/","name":"","description":"Tam vaktinde haber","potentialAction":[{"@type":"SearchAction","target":{"@type":"EntryPoint","urlTemplate":"https:\/\/kibrisdakik.com\/?s={search_term_string}"},"query-input":{"@type":"PropertyValueSpecification","valueRequired":true,"valueName":"search_term_string"}}],"inLanguage":"tr"},{"@type":"Person","@id":"https:\/\/kibrisdakik.com\/#\/schema\/person\/9cd9d437bbb44f72b73ba127e06d8e79","name":"admin","image":{"@type":"ImageObject","inLanguage":"tr","@id":"https:\/\/secure.gravatar.com\/avatar\/ccc17943b9d660506c869530f897617f7cb1c21a4bf30023f252596d83e1f007?s=96&d=mm&r=g","url":"https:\/\/secure.gravatar.com\/avatar\/ccc17943b9d660506c869530f897617f7cb1c21a4bf30023f252596d83e1f007?s=96&d=mm&r=g","contentUrl":"https:\/\/secure.gravatar.com\/avatar\/ccc17943b9d660506c869530f897617f7cb1c21a4bf30023f252596d83e1f007?s=96&d=mm&r=g","caption":"admin"},"sameAs":["https:\/\/kibrisdakik.com"],"url":"https:\/\/kibrisdakik.com\/?author=1"}]}},"_links":{"self":[{"href":"https:\/\/kibrisdakik.com\/index.php?rest_route=\/wp\/v2\/posts\/81515","targetHints":{"allow":["GET"]}}],"collection":[{"href":"https:\/\/kibrisdakik.com\/index.php?rest_route=\/wp\/v2\/posts"}],"about":[{"href":"https:\/\/kibrisdakik.com\/index.php?rest_route=\/wp\/v2\/types\/post"}],"author":[{"embeddable":true,"href":"https:\/\/kibrisdakik.com\/index.php?rest_route=\/wp\/v2\/users\/1"}],"replies":[{"embeddable":true,"href":"https:\/\/kibrisdakik.com\/index.php?rest_route=%2Fwp%2Fv2%2Fcomments&post=81515"}],"version-history":[{"count":0,"href":"https:\/\/kibrisdakik.com\/index.php?rest_route=\/wp\/v2\/posts\/81515\/revisions"}],"wp:featuredmedia":[{"embeddable":true,"href":"https:\/\/kibrisdakik.com\/index.php?rest_route=\/wp\/v2\/media\/81516"}],"wp:attachment":[{"href":"https:\/\/kibrisdakik.com\/index.php?rest_route=%2Fwp%2Fv2%2Fmedia&parent=81515"}],"wp:term":[{"taxonomy":"category","embeddable":true,"href":"https:\/\/kibrisdakik.com\/index.php?rest_route=%2Fwp%2Fv2%2Fcategories&post=81515"},{"taxonomy":"post_tag","embeddable":true,"href":"https:\/\/kibrisdakik.com\/index.php?rest_route=%2Fwp%2Fv2%2Ftags&post=81515"}],"curies":[{"name":"wp","href":"https:\/\/api.w.org\/{rel}","templated":true}]}}