{"id":81517,"date":"2025-05-04T14:50:00","date_gmt":"2025-05-04T11:50:00","guid":{"rendered":"https:\/\/kibrisdakik.com\/index.php\/2025\/05\/04\/bayraktarteknofest-yalnizca-bir-teknoloji-yarismasi-degil-bir-milletin-uyanis-hikayesidir\/"},"modified":"2025-05-04T14:50:00","modified_gmt":"2025-05-04T11:50:00","slug":"bayraktarteknofest-yalnizca-bir-teknoloji-yarismasi-degil-bir-milletin-uyanis-hikayesidir","status":"publish","type":"post","link":"https:\/\/kibrisdakik.com\/?p=81517","title":{"rendered":"Bayraktar:TEKNOFEST yaln\u0131zca bir teknoloji yar\u0131\u015fmas\u0131 de\u011fil, bir milletin uyan\u0131\u015f hikayesidir"},"content":{"rendered":"<p><\/p>\n<div>\n<div class=\"mariselle-image-container center\">\n                <img loading=\"lazy\" decoding=\"async\" width=\"1072\" height=\"721\" class=\"lazy-image\" alt=\"\" sizes=\"auto, (max-width: 1072px) 100vw, 1072px\" src=\"https:\/\/brtk.net\/wp-content\/uploads\/2025\/05\/04\/1746356197929TEKNOFEST-KKTC-KAPANIS-TORENI-Bayraktar-4.jpg?ver=821f942f54423be1425e2d0c695c896b\" srcset=\"https:\/\/brtk.net\/wp-content\/uploads\/2025\/05\/04\/1746356197929TEKNOFEST-KKTC-KAPANIS-TORENI-Bayraktar-4.jpg?ver=821f942f54423be1425e2d0c695c896b 1072w, https:\/\/brtk.net\/wp-content\/uploads\/2025\/05\/04\/1746356197929TEKNOFEST-KKTC-KAPANIS-TORENI-Bayraktar-4-300x202.jpg?ver=031bc8ea5e9d220e280082ce67765666 300w, https:\/\/brtk.net\/wp-content\/uploads\/2025\/05\/04\/1746356197929TEKNOFEST-KKTC-KAPANIS-TORENI-Bayraktar-4-1024x689.jpg?ver=031bc8ea5e9d220e280082ce67765666 1024w, https:\/\/brtk.net\/wp-content\/uploads\/2025\/05\/04\/1746356197929TEKNOFEST-KKTC-KAPANIS-TORENI-Bayraktar-4-768x517.jpg?ver=e0cde4d0ca19bc908ef7ed8019ee3347 768w\"\/>                            <\/div>\n<p>\nTEKNOFEST Y\u00f6netim Kurulu ve T\u00fcrkiye Teknoloji Tak\u0131m\u0131 Vakf\u0131 M\u00fctevelli Heyet Ba\u015fkan\u0131 Sel\u00e7uk Bayraktar, \u201cKKTC\u2019de bir TEKNOFEST\u2019i daha heyecanla tamaml\u0131yoruz.  Bug\u00fcn TEKNOFEST\u2019lerde gen\u00e7 karde\u015flerim roketlerini, yaz\u0131l\u0131mlar\u0131n\u0131 yar\u0131\u015ft\u0131r\u0131yor. Bu festival K\u0131br\u0131s T\u00fcrk\u00fcn\u00fcn inanc\u0131n\u0131n ve tutkusunun en g\u00fc\u00e7l\u00fc ni\u015fanesidir.\u201d diye konu\u015ftu.<\/p>\n<p>Cumhurba\u015fkanl\u0131\u011f\u0131 himayesinde, T\u00fcrkiye Teknoloji Tak\u0131m\u0131 Vakf\u0131 (T3 Vakf\u0131) ile TC Sanayi ve Teknoloji Bakanl\u0131\u011f\u0131\u2019n\u0131n ana y\u00fcr\u00fct\u00fcc\u00fcl\u00fc\u011f\u00fcnde eski Ercan Havaliman\u0131\u2019nda d\u00fczenlenen TEKNOFEST KKTC\u2019nin kapan\u0131\u015f\u0131 ve \u00f6d\u00fcl t\u00f6reni yap\u0131ld\u0131.<\/p>\n<p>T\u00f6rende yapt\u0131\u011f\u0131 konu\u015fmada, tam ba\u011f\u0131ms\u0131z bir vatan i\u00e7in m\u00fccadele eden \u015fehitleri ve gazileri yad eden Bayraktar, onlar\u0131n en zor \u015fartlarda g\u00f6sterdi\u011fi m\u00fccadele azminin g\u00f6klere uzanan ser\u00fcvenlerinde kendilerine ilham kayna\u011f\u0131 oldu\u011funu dile getirdi.<\/p>\n<p>Kendilerini burada bulu\u015fturan sadece teknoloji de\u011fil tarihin ve karde\u015fliklerinin kendilerine y\u00fckledi\u011fi sorumluluk oldu\u011funu belirten Bayraktar, \u015f\u00f6yle devam etti:<\/p>\n<p>\u201cTEKNOFEST i\u00e7in yola \u00e7\u0131karken bir hayalimiz vard\u0131. Bu topraklar\u0131n \u00e7ocuklar\u0131 bir g\u00fcn kendi u\u00e7a\u011f\u0131n\u0131, uydusunu, yapay zeka teknolojisini geli\u015ftirsin diye yola \u00e7\u0131kt\u0131k. 47 bin gencimizin teknoloji yar\u0131\u015fmalar\u0131na ba\u015fvurdu\u011fu bu festival, K\u0131br\u0131s T\u00fcrk\u00fcn\u00fcn inanc\u0131n\u0131 ve tutkusunun en g\u00fc\u00e7l\u00fc ni\u015fanesidir. Bu yola \u00e7\u0131karken bizlere yapamazs\u0131n\u0131z diyenler vard\u0131. Sizler, onlar\u0131 haks\u0131z \u00e7\u0131kartt\u0131n\u0131z. Bu yol kolay de\u011fil. Engeller olacak, \u00f6n\u00fcn\u00fcze takozlar koyulacak. Ama emin olun, sizi onlar da durduramayacak. Bir kez daha ilan ediyoruz. Bizler asla durmayaca\u011f\u0131z.\u201d   <\/p>\n<p>\u00d6d\u00fcllerine kavu\u015fan t\u00fcm \u015fampiyonlar\u0131 y\u00fcrekten tebrik eden Bayraktar, TEKNOFEST\u2019in yaln\u0131zca bir teknoloji yar\u0131\u015fmas\u0131, bir festival de\u011fil, bir milletin uyan\u0131\u015f hikayesi oldu\u011funu dile getirdi.<\/p>\n<p>TEKNOFEST\u2019in gelece\u011fi umutla bakan, kendine g\u00fcvenen bir neslin in\u015fa edildi\u011fi yer oldu\u011funu belirten Bayraktar, TEKNOFEST\u2019in milli teknoloji hamlesinin meydan\u0131 oldu\u011funu ifade etti.<\/p>\n<p>\u201cMilli teknoloji hamlesi sadece bir memleketin de\u011fil t\u00fcm bir medeniyetin yeniden aya\u011fa kalkma m\u00fccadelesidir.\u201d diye konu\u015fan Bayraktar, organizasyonun hayata ge\u00e7mesinde eme\u011fi ge\u00e7enlere te\u015fekk\u00fcrlerini iletti.<\/p>\n<p>\u2013 \u201c\u0130stanbul\u2019da yeni rekorlara imza ataca\u011f\u0131z\u201d<\/p>\n<p>Bayraktar, ya\u011fmur \u00e7amur demeden bu meydan\u0131 dolduran, heyecanlar\u0131na ortak olan, dualar\u0131n\u0131 eksik etmeyen K\u0131br\u0131s T\u00fcrk halk\u0131na ve T\u00fcrkiye\u2019nin her bir k\u00f6\u015fesinden gelenlere \u015f\u00fckranlar\u0131n\u0131 sundu.<\/p>\n<p>TEKNOFEST yolculu\u011funun h\u0131z kesmeden devam etti\u011fini belirten Bayraktar, konu\u015fmas\u0131nda \u201cBu Birlik ruhunun yeni rotas\u0131 \u0130stanbul. Eyl\u00fcl ay\u0131nda d\u00fcnyan\u0131n g\u00f6z bebe\u011fi \u0130stanbul\u2019da TEKNOFEST co\u015fkusuyla yeniden bulu\u015faca\u011f\u0131z. K\u0131br\u0131s\u2019tan ald\u0131\u011f\u0131m\u0131z g\u00fc\u00e7le \u0130stanbul\u2019da yeni rekorlara imza ataca\u011f\u0131z. \u015eimdiden hepinizi t\u00fcm T\u00fcrkiye\u2019yi t\u00fcm d\u00fcnyay\u0131 TEKNOFEST \u0130stanbul\u2019a davet ediyorum.\u201d ifadelerini kulland\u0131.<\/p>\n<p>Gen\u00e7lere seslenen Bayraktar, \u201cGelecek sizin parlak zihinlerinizde, t\u00fckenmeyen enerjinizde ve sars\u0131lmaz inanc\u0131n\u0131zda. Gen\u00e7 karde\u015flerim, gelecek sizlersiniz siz geleceksiniz.\u201d diye konu\u015ftu.<\/p>\n<\/p><\/div>\n<p><script async\n                    defer\n                    crossorigin=\"anonymous\"\n                    src=\"https:\/\/connect.facebook.net\/tr_TR\/sdk.js#xfbml=1&#038;version=v3.3\"\n            ><\/script><\/p>\n","protected":false},"excerpt":{"rendered":"<p>TEKNOFEST Y\u00f6netim Kurulu ve T\u00fcrkiye Teknoloji Tak\u0131m\u0131 Vakf\u0131 M\u00fctevelli Heyet Ba\u015fkan\u0131 Sel\u00e7uk Bayraktar, \u201cKKTC\u2019de bir TEKNOFEST\u2019i daha heyecanla tamaml\u0131yoruz. Bug\u00fcn TEKNOFEST\u2019lerde gen\u00e7 karde\u015flerim roketlerini, yaz\u0131l\u0131mlar\u0131n\u0131 yar\u0131\u015ft\u0131r\u0131yor. Bu festival K\u0131br\u0131s T\u00fcrk\u00fcn\u00fcn inanc\u0131n\u0131n ve tutkusunun en g\u00fc\u00e7l\u00fc ni\u015fanesidir.\u201d diye konu\u015ftu. Cumhurba\u015fkanl\u0131\u011f\u0131 himayesinde, T\u00fcrkiye Teknoloji Tak\u0131m\u0131 Vakf\u0131 (T3 Vakf\u0131) ile TC Sanayi ve Teknoloji Bakanl\u0131\u011f\u0131\u2019n\u0131n ana y\u00fcr\u00fct\u00fcc\u00fcl\u00fc\u011f\u00fcnde eski<\/p>\n","protected":false},"author":1,"featured_media":81518,"comment_status":"open","ping_status":"open","sticky":false,"template":"","format":"standard","meta":{"footnotes":""},"categories":[86],"tags":[],"class_list":["post-81517","post","type-post","status-publish","format-standard","has-post-thumbnail","hentry","category-turkiye"],"yoast_head":"<!-- This site is optimized with the Yoast SEO plugin v27.4 - https:\/\/yoast.com\/product\/yoast-seo-wordpress\/ -->\n<title>Bayraktar:TEKNOFEST yaln\u0131zca bir teknoloji yar\u0131\u015fmas\u0131 de\u011fil, bir milletin uyan\u0131\u015f hikayesidir -<\/title>\n<meta name=\"robots\" content=\"index, follow, max-snippet:-1, max-image-preview:large, max-video-preview:-1\" \/>\n<link rel=\"canonical\" href=\"https:\/\/kibrisdakik.com\/?p=81517\" \/>\n<meta property=\"og:locale\" content=\"tr_TR\" \/>\n<meta property=\"og:type\" content=\"article\" \/>\n<meta property=\"og:title\" content=\"Bayraktar:TEKNOFEST yaln\u0131zca bir teknoloji yar\u0131\u015fmas\u0131 de\u011fil, bir milletin uyan\u0131\u015f hikayesidir -\" \/>\n<meta property=\"og:description\" content=\"TEKNOFEST Y\u00f6netim Kurulu ve T\u00fcrkiye Teknoloji Tak\u0131m\u0131 Vakf\u0131 M\u00fctevelli Heyet Ba\u015fkan\u0131 Sel\u00e7uk Bayraktar, \u201cKKTC\u2019de bir TEKNOFEST\u2019i daha heyecanla tamaml\u0131yoruz. Bug\u00fcn TEKNOFEST\u2019lerde gen\u00e7 karde\u015flerim roketlerini, yaz\u0131l\u0131mlar\u0131n\u0131 yar\u0131\u015ft\u0131r\u0131yor. Bu festival K\u0131br\u0131s T\u00fcrk\u00fcn\u00fcn inanc\u0131n\u0131n ve tutkusunun en g\u00fc\u00e7l\u00fc ni\u015fanesidir.\u201d diye konu\u015ftu. Cumhurba\u015fkanl\u0131\u011f\u0131 himayesinde, T\u00fcrkiye Teknoloji Tak\u0131m\u0131 Vakf\u0131 (T3 Vakf\u0131) ile TC Sanayi ve Teknoloji Bakanl\u0131\u011f\u0131\u2019n\u0131n ana y\u00fcr\u00fct\u00fcc\u00fcl\u00fc\u011f\u00fcnde eski\" \/>\n<meta property=\"og:url\" content=\"https:\/\/kibrisdakik.com\/?p=81517\" \/>\n<meta property=\"article:published_time\" content=\"2025-05-04T11:50:00+00:00\" \/>\n<meta property=\"og:image\" content=\"https:\/\/kibrisdakik.com\/wp-content\/uploads\/2025\/05\/1746356197929TEKNOFEST-KKTC-KAPANIS-TORENI-Bayraktar-4-740x420.jpg\" \/>\n\t<meta property=\"og:image:width\" content=\"1072\" \/>\n\t<meta property=\"og:image:height\" content=\"721\" \/>\n\t<meta property=\"og:image:type\" content=\"image\/jpeg\" \/>\n<meta name=\"author\" content=\"admin\" \/>\n<meta name=\"twitter:card\" content=\"summary_large_image\" \/>\n<meta name=\"twitter:label1\" content=\"Yazan:\" \/>\n\t<meta name=\"twitter:data1\" content=\"admin\" \/>\n\t<meta name=\"twitter:label2\" content=\"Tahmini okuma s\u00fcresi\" \/>\n\t<meta name=\"twitter:data2\" content=\"3 dakika\" \/>\n<script type=\"application\/ld+json\" class=\"yoast-schema-graph\">{\"@context\":\"https:\\\/\\\/schema.org\",\"@graph\":[{\"@type\":\"Article\",\"@id\":\"https:\\\/\\\/kibrisdakik.com\\\/?p=81517#article\",\"isPartOf\":{\"@id\":\"https:\\\/\\\/kibrisdakik.com\\\/?p=81517\"},\"author\":{\"name\":\"admin\",\"@id\":\"https:\\\/\\\/kibrisdakik.com\\\/#\\\/schema\\\/person\\\/9cd9d437bbb44f72b73ba127e06d8e79\"},\"headline\":\"Bayraktar:TEKNOFEST yaln\u0131zca bir teknoloji yar\u0131\u015fmas\u0131 de\u011fil, bir milletin uyan\u0131\u015f hikayesidir\",\"datePublished\":\"2025-05-04T11:50:00+00:00\",\"mainEntityOfPage\":{\"@id\":\"https:\\\/\\\/kibrisdakik.com\\\/?p=81517\"},\"wordCount\":531,\"commentCount\":0,\"image\":{\"@id\":\"https:\\\/\\\/kibrisdakik.com\\\/?p=81517#primaryimage\"},\"thumbnailUrl\":\"https:\\\/\\\/kibrisdakik.com\\\/wp-content\\\/uploads\\\/2025\\\/05\\\/1746356197929TEKNOFEST-KKTC-KAPANIS-TORENI-Bayraktar-4-740x420.jpg\",\"articleSection\":[\"T\u00fcrkiye\"],\"inLanguage\":\"tr\",\"potentialAction\":[{\"@type\":\"CommentAction\",\"name\":\"Comment\",\"target\":[\"https:\\\/\\\/kibrisdakik.com\\\/?p=81517#respond\"]}]},{\"@type\":\"WebPage\",\"@id\":\"https:\\\/\\\/kibrisdakik.com\\\/?p=81517\",\"url\":\"https:\\\/\\\/kibrisdakik.com\\\/?p=81517\",\"name\":\"Bayraktar:TEKNOFEST yaln\u0131zca bir teknoloji yar\u0131\u015fmas\u0131 de\u011fil, bir milletin uyan\u0131\u015f hikayesidir -\",\"isPartOf\":{\"@id\":\"https:\\\/\\\/kibrisdakik.com\\\/#website\"},\"primaryImageOfPage\":{\"@id\":\"https:\\\/\\\/kibrisdakik.com\\\/?p=81517#primaryimage\"},\"image\":{\"@id\":\"https:\\\/\\\/kibrisdakik.com\\\/?p=81517#primaryimage\"},\"thumbnailUrl\":\"https:\\\/\\\/kibrisdakik.com\\\/wp-content\\\/uploads\\\/2025\\\/05\\\/1746356197929TEKNOFEST-KKTC-KAPANIS-TORENI-Bayraktar-4-740x420.jpg\",\"datePublished\":\"2025-05-04T11:50:00+00:00\",\"author\":{\"@id\":\"https:\\\/\\\/kibrisdakik.com\\\/#\\\/schema\\\/person\\\/9cd9d437bbb44f72b73ba127e06d8e79\"},\"breadcrumb\":{\"@id\":\"https:\\\/\\\/kibrisdakik.com\\\/?p=81517#breadcrumb\"},\"inLanguage\":\"tr\",\"potentialAction\":[{\"@type\":\"ReadAction\",\"target\":[\"https:\\\/\\\/kibrisdakik.com\\\/?p=81517\"]}]},{\"@type\":\"ImageObject\",\"inLanguage\":\"tr\",\"@id\":\"https:\\\/\\\/kibrisdakik.com\\\/?p=81517#primaryimage\",\"url\":\"https:\\\/\\\/kibrisdakik.com\\\/wp-content\\\/uploads\\\/2025\\\/05\\\/1746356197929TEKNOFEST-KKTC-KAPANIS-TORENI-Bayraktar-4-740x420.jpg\",\"contentUrl\":\"https:\\\/\\\/kibrisdakik.com\\\/wp-content\\\/uploads\\\/2025\\\/05\\\/1746356197929TEKNOFEST-KKTC-KAPANIS-TORENI-Bayraktar-4-740x420.jpg\",\"width\":1072,\"height\":721},{\"@type\":\"BreadcrumbList\",\"@id\":\"https:\\\/\\\/kibrisdakik.com\\\/?p=81517#breadcrumb\",\"itemListElement\":[{\"@type\":\"ListItem\",\"position\":1,\"name\":\"Home\",\"item\":\"https:\\\/\\\/kibrisdakik.com\\\/\"},{\"@type\":\"ListItem\",\"position\":2,\"name\":\"Bayraktar:TEKNOFEST yaln\u0131zca bir teknoloji yar\u0131\u015fmas\u0131 de\u011fil, bir milletin uyan\u0131\u015f hikayesidir\"}]},{\"@type\":\"WebSite\",\"@id\":\"https:\\\/\\\/kibrisdakik.com\\\/#website\",\"url\":\"https:\\\/\\\/kibrisdakik.com\\\/\",\"name\":\"\",\"description\":\"Tam vaktinde haber\",\"potentialAction\":[{\"@type\":\"SearchAction\",\"target\":{\"@type\":\"EntryPoint\",\"urlTemplate\":\"https:\\\/\\\/kibrisdakik.com\\\/?s={search_term_string}\"},\"query-input\":{\"@type\":\"PropertyValueSpecification\",\"valueRequired\":true,\"valueName\":\"search_term_string\"}}],\"inLanguage\":\"tr\"},{\"@type\":\"Person\",\"@id\":\"https:\\\/\\\/kibrisdakik.com\\\/#\\\/schema\\\/person\\\/9cd9d437bbb44f72b73ba127e06d8e79\",\"name\":\"admin\",\"image\":{\"@type\":\"ImageObject\",\"inLanguage\":\"tr\",\"@id\":\"https:\\\/\\\/secure.gravatar.com\\\/avatar\\\/ccc17943b9d660506c869530f897617f7cb1c21a4bf30023f252596d83e1f007?s=96&d=mm&r=g\",\"url\":\"https:\\\/\\\/secure.gravatar.com\\\/avatar\\\/ccc17943b9d660506c869530f897617f7cb1c21a4bf30023f252596d83e1f007?s=96&d=mm&r=g\",\"contentUrl\":\"https:\\\/\\\/secure.gravatar.com\\\/avatar\\\/ccc17943b9d660506c869530f897617f7cb1c21a4bf30023f252596d83e1f007?s=96&d=mm&r=g\",\"caption\":\"admin\"},\"sameAs\":[\"https:\\\/\\\/kibrisdakik.com\"],\"url\":\"https:\\\/\\\/kibrisdakik.com\\\/?author=1\"}]}<\/script>\n<!-- \/ Yoast SEO plugin. -->","yoast_head_json":{"title":"Bayraktar:TEKNOFEST yaln\u0131zca bir teknoloji yar\u0131\u015fmas\u0131 de\u011fil, bir milletin uyan\u0131\u015f hikayesidir -","robots":{"index":"index","follow":"follow","max-snippet":"max-snippet:-1","max-image-preview":"max-image-preview:large","max-video-preview":"max-video-preview:-1"},"canonical":"https:\/\/kibrisdakik.com\/?p=81517","og_locale":"tr_TR","og_type":"article","og_title":"Bayraktar:TEKNOFEST yaln\u0131zca bir teknoloji yar\u0131\u015fmas\u0131 de\u011fil, bir milletin uyan\u0131\u015f hikayesidir -","og_description":"TEKNOFEST Y\u00f6netim Kurulu ve T\u00fcrkiye Teknoloji Tak\u0131m\u0131 Vakf\u0131 M\u00fctevelli Heyet Ba\u015fkan\u0131 Sel\u00e7uk Bayraktar, \u201cKKTC\u2019de bir TEKNOFEST\u2019i daha heyecanla tamaml\u0131yoruz. Bug\u00fcn TEKNOFEST\u2019lerde gen\u00e7 karde\u015flerim roketlerini, yaz\u0131l\u0131mlar\u0131n\u0131 yar\u0131\u015ft\u0131r\u0131yor. Bu festival K\u0131br\u0131s T\u00fcrk\u00fcn\u00fcn inanc\u0131n\u0131n ve tutkusunun en g\u00fc\u00e7l\u00fc ni\u015fanesidir.\u201d diye konu\u015ftu. Cumhurba\u015fkanl\u0131\u011f\u0131 himayesinde, T\u00fcrkiye Teknoloji Tak\u0131m\u0131 Vakf\u0131 (T3 Vakf\u0131) ile TC Sanayi ve Teknoloji Bakanl\u0131\u011f\u0131\u2019n\u0131n ana y\u00fcr\u00fct\u00fcc\u00fcl\u00fc\u011f\u00fcnde eski","og_url":"https:\/\/kibrisdakik.com\/?p=81517","article_published_time":"2025-05-04T11:50:00+00:00","og_image":[{"width":1072,"height":721,"url":"https:\/\/kibrisdakik.com\/wp-content\/uploads\/2025\/05\/1746356197929TEKNOFEST-KKTC-KAPANIS-TORENI-Bayraktar-4-740x420.jpg","type":"image\/jpeg"}],"author":"admin","twitter_card":"summary_large_image","twitter_misc":{"Yazan:":"admin","Tahmini okuma s\u00fcresi":"3 dakika"},"schema":{"@context":"https:\/\/schema.org","@graph":[{"@type":"Article","@id":"https:\/\/kibrisdakik.com\/?p=81517#article","isPartOf":{"@id":"https:\/\/kibrisdakik.com\/?p=81517"},"author":{"name":"admin","@id":"https:\/\/kibrisdakik.com\/#\/schema\/person\/9cd9d437bbb44f72b73ba127e06d8e79"},"headline":"Bayraktar:TEKNOFEST yaln\u0131zca bir teknoloji yar\u0131\u015fmas\u0131 de\u011fil, bir milletin uyan\u0131\u015f hikayesidir","datePublished":"2025-05-04T11:50:00+00:00","mainEntityOfPage":{"@id":"https:\/\/kibrisdakik.com\/?p=81517"},"wordCount":531,"commentCount":0,"image":{"@id":"https:\/\/kibrisdakik.com\/?p=81517#primaryimage"},"thumbnailUrl":"https:\/\/kibrisdakik.com\/wp-content\/uploads\/2025\/05\/1746356197929TEKNOFEST-KKTC-KAPANIS-TORENI-Bayraktar-4-740x420.jpg","articleSection":["T\u00fcrkiye"],"inLanguage":"tr","potentialAction":[{"@type":"CommentAction","name":"Comment","target":["https:\/\/kibrisdakik.com\/?p=81517#respond"]}]},{"@type":"WebPage","@id":"https:\/\/kibrisdakik.com\/?p=81517","url":"https:\/\/kibrisdakik.com\/?p=81517","name":"Bayraktar:TEKNOFEST yaln\u0131zca bir teknoloji yar\u0131\u015fmas\u0131 de\u011fil, bir milletin uyan\u0131\u015f hikayesidir -","isPartOf":{"@id":"https:\/\/kibrisdakik.com\/#website"},"primaryImageOfPage":{"@id":"https:\/\/kibrisdakik.com\/?p=81517#primaryimage"},"image":{"@id":"https:\/\/kibrisdakik.com\/?p=81517#primaryimage"},"thumbnailUrl":"https:\/\/kibrisdakik.com\/wp-content\/uploads\/2025\/05\/1746356197929TEKNOFEST-KKTC-KAPANIS-TORENI-Bayraktar-4-740x420.jpg","datePublished":"2025-05-04T11:50:00+00:00","author":{"@id":"https:\/\/kibrisdakik.com\/#\/schema\/person\/9cd9d437bbb44f72b73ba127e06d8e79"},"breadcrumb":{"@id":"https:\/\/kibrisdakik.com\/?p=81517#breadcrumb"},"inLanguage":"tr","potentialAction":[{"@type":"ReadAction","target":["https:\/\/kibrisdakik.com\/?p=81517"]}]},{"@type":"ImageObject","inLanguage":"tr","@id":"https:\/\/kibrisdakik.com\/?p=81517#primaryimage","url":"https:\/\/kibrisdakik.com\/wp-content\/uploads\/2025\/05\/1746356197929TEKNOFEST-KKTC-KAPANIS-TORENI-Bayraktar-4-740x420.jpg","contentUrl":"https:\/\/kibrisdakik.com\/wp-content\/uploads\/2025\/05\/1746356197929TEKNOFEST-KKTC-KAPANIS-TORENI-Bayraktar-4-740x420.jpg","width":1072,"height":721},{"@type":"BreadcrumbList","@id":"https:\/\/kibrisdakik.com\/?p=81517#breadcrumb","itemListElement":[{"@type":"ListItem","position":1,"name":"Home","item":"https:\/\/kibrisdakik.com\/"},{"@type":"ListItem","position":2,"name":"Bayraktar:TEKNOFEST yaln\u0131zca bir teknoloji yar\u0131\u015fmas\u0131 de\u011fil, bir milletin uyan\u0131\u015f hikayesidir"}]},{"@type":"WebSite","@id":"https:\/\/kibrisdakik.com\/#website","url":"https:\/\/kibrisdakik.com\/","name":"","description":"Tam vaktinde haber","potentialAction":[{"@type":"SearchAction","target":{"@type":"EntryPoint","urlTemplate":"https:\/\/kibrisdakik.com\/?s={search_term_string}"},"query-input":{"@type":"PropertyValueSpecification","valueRequired":true,"valueName":"search_term_string"}}],"inLanguage":"tr"},{"@type":"Person","@id":"https:\/\/kibrisdakik.com\/#\/schema\/person\/9cd9d437bbb44f72b73ba127e06d8e79","name":"admin","image":{"@type":"ImageObject","inLanguage":"tr","@id":"https:\/\/secure.gravatar.com\/avatar\/ccc17943b9d660506c869530f897617f7cb1c21a4bf30023f252596d83e1f007?s=96&d=mm&r=g","url":"https:\/\/secure.gravatar.com\/avatar\/ccc17943b9d660506c869530f897617f7cb1c21a4bf30023f252596d83e1f007?s=96&d=mm&r=g","contentUrl":"https:\/\/secure.gravatar.com\/avatar\/ccc17943b9d660506c869530f897617f7cb1c21a4bf30023f252596d83e1f007?s=96&d=mm&r=g","caption":"admin"},"sameAs":["https:\/\/kibrisdakik.com"],"url":"https:\/\/kibrisdakik.com\/?author=1"}]}},"_links":{"self":[{"href":"https:\/\/kibrisdakik.com\/index.php?rest_route=\/wp\/v2\/posts\/81517","targetHints":{"allow":["GET"]}}],"collection":[{"href":"https:\/\/kibrisdakik.com\/index.php?rest_route=\/wp\/v2\/posts"}],"about":[{"href":"https:\/\/kibrisdakik.com\/index.php?rest_route=\/wp\/v2\/types\/post"}],"author":[{"embeddable":true,"href":"https:\/\/kibrisdakik.com\/index.php?rest_route=\/wp\/v2\/users\/1"}],"replies":[{"embeddable":true,"href":"https:\/\/kibrisdakik.com\/index.php?rest_route=%2Fwp%2Fv2%2Fcomments&post=81517"}],"version-history":[{"count":0,"href":"https:\/\/kibrisdakik.com\/index.php?rest_route=\/wp\/v2\/posts\/81517\/revisions"}],"wp:featuredmedia":[{"embeddable":true,"href":"https:\/\/kibrisdakik.com\/index.php?rest_route=\/wp\/v2\/media\/81518"}],"wp:attachment":[{"href":"https:\/\/kibrisdakik.com\/index.php?rest_route=%2Fwp%2Fv2%2Fmedia&parent=81517"}],"wp:term":[{"taxonomy":"category","embeddable":true,"href":"https:\/\/kibrisdakik.com\/index.php?rest_route=%2Fwp%2Fv2%2Fcategories&post=81517"},{"taxonomy":"post_tag","embeddable":true,"href":"https:\/\/kibrisdakik.com\/index.php?rest_route=%2Fwp%2Fv2%2Ftags&post=81517"}],"curies":[{"name":"wp","href":"https:\/\/api.w.org\/{rel}","templated":true}]}}