{"id":81545,"date":"2025-05-05T08:06:00","date_gmt":"2025-05-05T05:06:00","guid":{"rendered":"https:\/\/kibrisdakik.com\/index.php\/2025\/05\/05\/hristodulidis-israil-ziyaretinde-aykut-destekcilerinin-protestosuyla-karsilasti\/"},"modified":"2025-05-05T08:06:00","modified_gmt":"2025-05-05T05:06:00","slug":"hristodulidis-israil-ziyaretinde-aykut-destekcilerinin-protestosuyla-karsilasti","status":"publish","type":"post","link":"https:\/\/kibrisdakik.com\/?p=81545","title":{"rendered":"Hristodulidis \u0130srail ziyaretinde Aykut destek\u00e7ilerinin protestosuyla kar\u015f\u0131la\u015ft\u0131"},"content":{"rendered":"<p><\/p>\n<div>\n<div class=\"mariselle-image-container center\">\n                <img loading=\"lazy\" decoding=\"async\" width=\"1091\" height=\"596\" class=\"lazy-image\" alt=\"\" sizes=\"auto, (max-width: 1091px) 100vw, 1091px\" src=\"https:\/\/brtk.net\/wp-content\/uploads\/2025\/05\/05\/9898.jpeg?ver=72795132fb8bf4b181a09f9417fc589e\" srcset=\"https:\/\/brtk.net\/wp-content\/uploads\/2025\/05\/05\/9898.jpeg?ver=72795132fb8bf4b181a09f9417fc589e 1091w, https:\/\/brtk.net\/wp-content\/uploads\/2025\/05\/05\/9898-300x164.jpeg?ver=72795132fb8bf4b181a09f9417fc589e 300w, https:\/\/brtk.net\/wp-content\/uploads\/2025\/05\/05\/9898-1024x559.jpeg?ver=72795132fb8bf4b181a09f9417fc589e 1024w, https:\/\/brtk.net\/wp-content\/uploads\/2025\/05\/05\/9898-768x420.jpeg?ver=72795132fb8bf4b181a09f9417fc589e 768w\"\/>                            <\/div>\n<p>Resmi bir ziyaret i\u00e7in \u0130srail\u2019e giden Rum Y\u00f6netimi Ba\u015fkan\u0131 Nikos Hristodulidis, KKTC\u2019deki Rum mallar\u0131n\u0131 \u201cgasp etti\u011fi\u201d iddias\u0131yla G\u00fcney K\u0131br\u0131s\u2019ta tutuklu yarg\u0131lanan \u0130srailli i\u015f adam\u0131 Simon Mistriel Aykut\u2019un destek\u00e7ileri taraf\u0131ndan protestoyla kar\u015f\u0131land\u0131.<\/p>\n<p>\u201cPhilenews\u201d haber sitesinde yer alan habere g\u00f6re Rum H\u00fck\u00fcmet S\u00f6zc\u00fc Vekili Yannis Andoniu, sosyal medya hesab\u0131ndan yapt\u0131\u011f\u0131 k\u0131sa a\u00e7\u0131klamada, Hristodulidis\u2019in \u0130srail Cumhurba\u015fkan\u0131 Isaac Herzog ile g\u00f6r\u00fc\u015fmek i\u00e7in Cumhurba\u015fkanl\u0131\u011f\u0131 Saray\u0131\u2019na gitti\u011finde, Aykut\u2019un destek\u00e7ilerinin protestosuyla kar\u015f\u0131la\u015ft\u0131\u011f\u0131n\u0131 belirtti.<\/p>\n<p>Hristodulidis protestolar e\u015fli\u011finde Cumhurba\u015fkanl\u0131\u011f\u0131 Saray\u0131\u2019na girerek Herzog ile g\u00f6r\u00fc\u015ft\u00fc.<\/p>\n<p>Hristodulidis\u2019e \u0130srail ziyaretinde D\u0131\u015fi\u015fleri Bakan\u0131 Konstandinos Kombos, Enerji Bakan\u0131 Yorgos Papanastasiu, Avrupa Konular\u0131 M\u00fcste\u015far\u0131 Marilena Rauna, H\u00fck\u00fcmet S\u00f6zc\u00fc Vekili Yannis Andoniu, Milli G\u00fcvenlik Dan\u0131\u015fman\u0131 Tasos Conis ve baz\u0131 di\u011fer h\u00fck\u00fcmet yetkilileri e\u015flik ediyor.<\/p>\n<\/p><\/div>\n<p><script async\n                    defer\n                    crossorigin=\"anonymous\"\n                    src=\"https:\/\/connect.facebook.net\/tr_TR\/sdk.js#xfbml=1&#038;version=v3.3\"\n            ><\/script><\/p>\n","protected":false},"excerpt":{"rendered":"<p>Resmi bir ziyaret i\u00e7in \u0130srail\u2019e giden Rum Y\u00f6netimi Ba\u015fkan\u0131 Nikos Hristodulidis, KKTC\u2019deki Rum mallar\u0131n\u0131 \u201cgasp etti\u011fi\u201d iddias\u0131yla G\u00fcney K\u0131br\u0131s\u2019ta tutuklu yarg\u0131lanan \u0130srailli i\u015f adam\u0131 Simon Mistriel Aykut\u2019un destek\u00e7ileri taraf\u0131ndan protestoyla kar\u015f\u0131land\u0131. \u201cPhilenews\u201d haber sitesinde yer alan habere g\u00f6re Rum H\u00fck\u00fcmet S\u00f6zc\u00fc Vekili Yannis Andoniu, sosyal medya hesab\u0131ndan yapt\u0131\u011f\u0131 k\u0131sa a\u00e7\u0131klamada, Hristodulidis\u2019in \u0130srail Cumhurba\u015fkan\u0131 Isaac Herzog<\/p>\n","protected":false},"author":1,"featured_media":81546,"comment_status":"open","ping_status":"open","sticky":false,"template":"","format":"standard","meta":{"footnotes":""},"categories":[1],"tags":[],"class_list":["post-81545","post","type-post","status-publish","format-standard","has-post-thumbnail","hentry","category-gundem"],"yoast_head":"<!-- This site is optimized with the Yoast SEO plugin v27.5 - https:\/\/yoast.com\/product\/yoast-seo-wordpress\/ -->\n<title>Hristodulidis \u0130srail ziyaretinde Aykut destek\u00e7ilerinin protestosuyla kar\u015f\u0131la\u015ft\u0131 -<\/title>\n<meta name=\"robots\" content=\"index, follow, max-snippet:-1, max-image-preview:large, max-video-preview:-1\" \/>\n<link rel=\"canonical\" href=\"https:\/\/kibrisdakik.com\/?p=81545\" \/>\n<meta property=\"og:locale\" content=\"tr_TR\" \/>\n<meta property=\"og:type\" content=\"article\" \/>\n<meta property=\"og:title\" content=\"Hristodulidis \u0130srail ziyaretinde Aykut destek\u00e7ilerinin protestosuyla kar\u015f\u0131la\u015ft\u0131 -\" \/>\n<meta property=\"og:description\" content=\"Resmi bir ziyaret i\u00e7in \u0130srail\u2019e giden Rum Y\u00f6netimi Ba\u015fkan\u0131 Nikos Hristodulidis, KKTC\u2019deki Rum mallar\u0131n\u0131 \u201cgasp etti\u011fi\u201d iddias\u0131yla G\u00fcney K\u0131br\u0131s\u2019ta tutuklu yarg\u0131lanan \u0130srailli i\u015f adam\u0131 Simon Mistriel Aykut\u2019un destek\u00e7ileri taraf\u0131ndan protestoyla kar\u015f\u0131land\u0131. \u201cPhilenews\u201d haber sitesinde yer alan habere g\u00f6re Rum H\u00fck\u00fcmet S\u00f6zc\u00fc Vekili Yannis Andoniu, sosyal medya hesab\u0131ndan yapt\u0131\u011f\u0131 k\u0131sa a\u00e7\u0131klamada, Hristodulidis\u2019in \u0130srail Cumhurba\u015fkan\u0131 Isaac Herzog\" \/>\n<meta property=\"og:url\" content=\"https:\/\/kibrisdakik.com\/?p=81545\" \/>\n<meta property=\"article:published_time\" content=\"2025-05-05T05:06:00+00:00\" \/>\n<meta property=\"og:image\" content=\"https:\/\/kibrisdakik.com\/wp-content\/uploads\/2025\/05\/9898-740x420.jpeg\" \/>\n\t<meta property=\"og:image:width\" content=\"1091\" \/>\n\t<meta property=\"og:image:height\" content=\"596\" \/>\n\t<meta property=\"og:image:type\" content=\"image\/jpeg\" \/>\n<meta name=\"author\" content=\"admin\" \/>\n<meta name=\"twitter:card\" content=\"summary_large_image\" \/>\n<meta name=\"twitter:label1\" content=\"Yazan:\" \/>\n\t<meta name=\"twitter:data1\" content=\"admin\" \/>\n\t<meta name=\"twitter:label2\" content=\"Tahmini okuma s\u00fcresi\" \/>\n\t<meta name=\"twitter:data2\" content=\"1 dakika\" \/>\n<script type=\"application\/ld+json\" class=\"yoast-schema-graph\">{\"@context\":\"https:\\\/\\\/schema.org\",\"@graph\":[{\"@type\":\"Article\",\"@id\":\"https:\\\/\\\/kibrisdakik.com\\\/?p=81545#article\",\"isPartOf\":{\"@id\":\"https:\\\/\\\/kibrisdakik.com\\\/?p=81545\"},\"author\":{\"name\":\"admin\",\"@id\":\"https:\\\/\\\/kibrisdakik.com\\\/#\\\/schema\\\/person\\\/9cd9d437bbb44f72b73ba127e06d8e79\"},\"headline\":\"Hristodulidis \u0130srail ziyaretinde Aykut destek\u00e7ilerinin protestosuyla kar\u015f\u0131la\u015ft\u0131\",\"datePublished\":\"2025-05-05T05:06:00+00:00\",\"mainEntityOfPage\":{\"@id\":\"https:\\\/\\\/kibrisdakik.com\\\/?p=81545\"},\"wordCount\":175,\"commentCount\":0,\"image\":{\"@id\":\"https:\\\/\\\/kibrisdakik.com\\\/?p=81545#primaryimage\"},\"thumbnailUrl\":\"https:\\\/\\\/kibrisdakik.com\\\/wp-content\\\/uploads\\\/2025\\\/05\\\/9898-740x420.jpeg\",\"articleSection\":[\"G\u00fcndem\"],\"inLanguage\":\"tr\",\"potentialAction\":[{\"@type\":\"CommentAction\",\"name\":\"Comment\",\"target\":[\"https:\\\/\\\/kibrisdakik.com\\\/?p=81545#respond\"]}]},{\"@type\":\"WebPage\",\"@id\":\"https:\\\/\\\/kibrisdakik.com\\\/?p=81545\",\"url\":\"https:\\\/\\\/kibrisdakik.com\\\/?p=81545\",\"name\":\"Hristodulidis \u0130srail ziyaretinde Aykut destek\u00e7ilerinin protestosuyla kar\u015f\u0131la\u015ft\u0131 -\",\"isPartOf\":{\"@id\":\"https:\\\/\\\/kibrisdakik.com\\\/#website\"},\"primaryImageOfPage\":{\"@id\":\"https:\\\/\\\/kibrisdakik.com\\\/?p=81545#primaryimage\"},\"image\":{\"@id\":\"https:\\\/\\\/kibrisdakik.com\\\/?p=81545#primaryimage\"},\"thumbnailUrl\":\"https:\\\/\\\/kibrisdakik.com\\\/wp-content\\\/uploads\\\/2025\\\/05\\\/9898-740x420.jpeg\",\"datePublished\":\"2025-05-05T05:06:00+00:00\",\"author\":{\"@id\":\"https:\\\/\\\/kibrisdakik.com\\\/#\\\/schema\\\/person\\\/9cd9d437bbb44f72b73ba127e06d8e79\"},\"breadcrumb\":{\"@id\":\"https:\\\/\\\/kibrisdakik.com\\\/?p=81545#breadcrumb\"},\"inLanguage\":\"tr\",\"potentialAction\":[{\"@type\":\"ReadAction\",\"target\":[\"https:\\\/\\\/kibrisdakik.com\\\/?p=81545\"]}]},{\"@type\":\"ImageObject\",\"inLanguage\":\"tr\",\"@id\":\"https:\\\/\\\/kibrisdakik.com\\\/?p=81545#primaryimage\",\"url\":\"https:\\\/\\\/kibrisdakik.com\\\/wp-content\\\/uploads\\\/2025\\\/05\\\/9898-740x420.jpeg\",\"contentUrl\":\"https:\\\/\\\/kibrisdakik.com\\\/wp-content\\\/uploads\\\/2025\\\/05\\\/9898-740x420.jpeg\",\"width\":1091,\"height\":596},{\"@type\":\"BreadcrumbList\",\"@id\":\"https:\\\/\\\/kibrisdakik.com\\\/?p=81545#breadcrumb\",\"itemListElement\":[{\"@type\":\"ListItem\",\"position\":1,\"name\":\"Home\",\"item\":\"https:\\\/\\\/kibrisdakik.com\\\/\"},{\"@type\":\"ListItem\",\"position\":2,\"name\":\"Hristodulidis \u0130srail ziyaretinde Aykut destek\u00e7ilerinin protestosuyla kar\u015f\u0131la\u015ft\u0131\"}]},{\"@type\":\"WebSite\",\"@id\":\"https:\\\/\\\/kibrisdakik.com\\\/#website\",\"url\":\"https:\\\/\\\/kibrisdakik.com\\\/\",\"name\":\"\",\"description\":\"Tam vaktinde haber\",\"potentialAction\":[{\"@type\":\"SearchAction\",\"target\":{\"@type\":\"EntryPoint\",\"urlTemplate\":\"https:\\\/\\\/kibrisdakik.com\\\/?s={search_term_string}\"},\"query-input\":{\"@type\":\"PropertyValueSpecification\",\"valueRequired\":true,\"valueName\":\"search_term_string\"}}],\"inLanguage\":\"tr\"},{\"@type\":\"Person\",\"@id\":\"https:\\\/\\\/kibrisdakik.com\\\/#\\\/schema\\\/person\\\/9cd9d437bbb44f72b73ba127e06d8e79\",\"name\":\"admin\",\"image\":{\"@type\":\"ImageObject\",\"inLanguage\":\"tr\",\"@id\":\"https:\\\/\\\/secure.gravatar.com\\\/avatar\\\/ccc17943b9d660506c869530f897617f7cb1c21a4bf30023f252596d83e1f007?s=96&d=mm&r=g\",\"url\":\"https:\\\/\\\/secure.gravatar.com\\\/avatar\\\/ccc17943b9d660506c869530f897617f7cb1c21a4bf30023f252596d83e1f007?s=96&d=mm&r=g\",\"contentUrl\":\"https:\\\/\\\/secure.gravatar.com\\\/avatar\\\/ccc17943b9d660506c869530f897617f7cb1c21a4bf30023f252596d83e1f007?s=96&d=mm&r=g\",\"caption\":\"admin\"},\"sameAs\":[\"https:\\\/\\\/kibrisdakik.com\"],\"url\":\"https:\\\/\\\/kibrisdakik.com\\\/?author=1\"}]}<\/script>\n<!-- \/ Yoast SEO plugin. -->","yoast_head_json":{"title":"Hristodulidis \u0130srail ziyaretinde Aykut destek\u00e7ilerinin protestosuyla kar\u015f\u0131la\u015ft\u0131 -","robots":{"index":"index","follow":"follow","max-snippet":"max-snippet:-1","max-image-preview":"max-image-preview:large","max-video-preview":"max-video-preview:-1"},"canonical":"https:\/\/kibrisdakik.com\/?p=81545","og_locale":"tr_TR","og_type":"article","og_title":"Hristodulidis \u0130srail ziyaretinde Aykut destek\u00e7ilerinin protestosuyla kar\u015f\u0131la\u015ft\u0131 -","og_description":"Resmi bir ziyaret i\u00e7in \u0130srail\u2019e giden Rum Y\u00f6netimi Ba\u015fkan\u0131 Nikos Hristodulidis, KKTC\u2019deki Rum mallar\u0131n\u0131 \u201cgasp etti\u011fi\u201d iddias\u0131yla G\u00fcney K\u0131br\u0131s\u2019ta tutuklu yarg\u0131lanan \u0130srailli i\u015f adam\u0131 Simon Mistriel Aykut\u2019un destek\u00e7ileri taraf\u0131ndan protestoyla kar\u015f\u0131land\u0131. \u201cPhilenews\u201d haber sitesinde yer alan habere g\u00f6re Rum H\u00fck\u00fcmet S\u00f6zc\u00fc Vekili Yannis Andoniu, sosyal medya hesab\u0131ndan yapt\u0131\u011f\u0131 k\u0131sa a\u00e7\u0131klamada, Hristodulidis\u2019in \u0130srail Cumhurba\u015fkan\u0131 Isaac Herzog","og_url":"https:\/\/kibrisdakik.com\/?p=81545","article_published_time":"2025-05-05T05:06:00+00:00","og_image":[{"width":1091,"height":596,"url":"https:\/\/kibrisdakik.com\/wp-content\/uploads\/2025\/05\/9898-740x420.jpeg","type":"image\/jpeg"}],"author":"admin","twitter_card":"summary_large_image","twitter_misc":{"Yazan:":"admin","Tahmini okuma s\u00fcresi":"1 dakika"},"schema":{"@context":"https:\/\/schema.org","@graph":[{"@type":"Article","@id":"https:\/\/kibrisdakik.com\/?p=81545#article","isPartOf":{"@id":"https:\/\/kibrisdakik.com\/?p=81545"},"author":{"name":"admin","@id":"https:\/\/kibrisdakik.com\/#\/schema\/person\/9cd9d437bbb44f72b73ba127e06d8e79"},"headline":"Hristodulidis \u0130srail ziyaretinde Aykut destek\u00e7ilerinin protestosuyla kar\u015f\u0131la\u015ft\u0131","datePublished":"2025-05-05T05:06:00+00:00","mainEntityOfPage":{"@id":"https:\/\/kibrisdakik.com\/?p=81545"},"wordCount":175,"commentCount":0,"image":{"@id":"https:\/\/kibrisdakik.com\/?p=81545#primaryimage"},"thumbnailUrl":"https:\/\/kibrisdakik.com\/wp-content\/uploads\/2025\/05\/9898-740x420.jpeg","articleSection":["G\u00fcndem"],"inLanguage":"tr","potentialAction":[{"@type":"CommentAction","name":"Comment","target":["https:\/\/kibrisdakik.com\/?p=81545#respond"]}]},{"@type":"WebPage","@id":"https:\/\/kibrisdakik.com\/?p=81545","url":"https:\/\/kibrisdakik.com\/?p=81545","name":"Hristodulidis \u0130srail ziyaretinde Aykut destek\u00e7ilerinin protestosuyla kar\u015f\u0131la\u015ft\u0131 -","isPartOf":{"@id":"https:\/\/kibrisdakik.com\/#website"},"primaryImageOfPage":{"@id":"https:\/\/kibrisdakik.com\/?p=81545#primaryimage"},"image":{"@id":"https:\/\/kibrisdakik.com\/?p=81545#primaryimage"},"thumbnailUrl":"https:\/\/kibrisdakik.com\/wp-content\/uploads\/2025\/05\/9898-740x420.jpeg","datePublished":"2025-05-05T05:06:00+00:00","author":{"@id":"https:\/\/kibrisdakik.com\/#\/schema\/person\/9cd9d437bbb44f72b73ba127e06d8e79"},"breadcrumb":{"@id":"https:\/\/kibrisdakik.com\/?p=81545#breadcrumb"},"inLanguage":"tr","potentialAction":[{"@type":"ReadAction","target":["https:\/\/kibrisdakik.com\/?p=81545"]}]},{"@type":"ImageObject","inLanguage":"tr","@id":"https:\/\/kibrisdakik.com\/?p=81545#primaryimage","url":"https:\/\/kibrisdakik.com\/wp-content\/uploads\/2025\/05\/9898-740x420.jpeg","contentUrl":"https:\/\/kibrisdakik.com\/wp-content\/uploads\/2025\/05\/9898-740x420.jpeg","width":1091,"height":596},{"@type":"BreadcrumbList","@id":"https:\/\/kibrisdakik.com\/?p=81545#breadcrumb","itemListElement":[{"@type":"ListItem","position":1,"name":"Home","item":"https:\/\/kibrisdakik.com\/"},{"@type":"ListItem","position":2,"name":"Hristodulidis \u0130srail ziyaretinde Aykut destek\u00e7ilerinin protestosuyla kar\u015f\u0131la\u015ft\u0131"}]},{"@type":"WebSite","@id":"https:\/\/kibrisdakik.com\/#website","url":"https:\/\/kibrisdakik.com\/","name":"","description":"Tam vaktinde haber","potentialAction":[{"@type":"SearchAction","target":{"@type":"EntryPoint","urlTemplate":"https:\/\/kibrisdakik.com\/?s={search_term_string}"},"query-input":{"@type":"PropertyValueSpecification","valueRequired":true,"valueName":"search_term_string"}}],"inLanguage":"tr"},{"@type":"Person","@id":"https:\/\/kibrisdakik.com\/#\/schema\/person\/9cd9d437bbb44f72b73ba127e06d8e79","name":"admin","image":{"@type":"ImageObject","inLanguage":"tr","@id":"https:\/\/secure.gravatar.com\/avatar\/ccc17943b9d660506c869530f897617f7cb1c21a4bf30023f252596d83e1f007?s=96&d=mm&r=g","url":"https:\/\/secure.gravatar.com\/avatar\/ccc17943b9d660506c869530f897617f7cb1c21a4bf30023f252596d83e1f007?s=96&d=mm&r=g","contentUrl":"https:\/\/secure.gravatar.com\/avatar\/ccc17943b9d660506c869530f897617f7cb1c21a4bf30023f252596d83e1f007?s=96&d=mm&r=g","caption":"admin"},"sameAs":["https:\/\/kibrisdakik.com"],"url":"https:\/\/kibrisdakik.com\/?author=1"}]}},"_links":{"self":[{"href":"https:\/\/kibrisdakik.com\/index.php?rest_route=\/wp\/v2\/posts\/81545","targetHints":{"allow":["GET"]}}],"collection":[{"href":"https:\/\/kibrisdakik.com\/index.php?rest_route=\/wp\/v2\/posts"}],"about":[{"href":"https:\/\/kibrisdakik.com\/index.php?rest_route=\/wp\/v2\/types\/post"}],"author":[{"embeddable":true,"href":"https:\/\/kibrisdakik.com\/index.php?rest_route=\/wp\/v2\/users\/1"}],"replies":[{"embeddable":true,"href":"https:\/\/kibrisdakik.com\/index.php?rest_route=%2Fwp%2Fv2%2Fcomments&post=81545"}],"version-history":[{"count":0,"href":"https:\/\/kibrisdakik.com\/index.php?rest_route=\/wp\/v2\/posts\/81545\/revisions"}],"wp:featuredmedia":[{"embeddable":true,"href":"https:\/\/kibrisdakik.com\/index.php?rest_route=\/wp\/v2\/media\/81546"}],"wp:attachment":[{"href":"https:\/\/kibrisdakik.com\/index.php?rest_route=%2Fwp%2Fv2%2Fmedia&parent=81545"}],"wp:term":[{"taxonomy":"category","embeddable":true,"href":"https:\/\/kibrisdakik.com\/index.php?rest_route=%2Fwp%2Fv2%2Fcategories&post=81545"},{"taxonomy":"post_tag","embeddable":true,"href":"https:\/\/kibrisdakik.com\/index.php?rest_route=%2Fwp%2Fv2%2Ftags&post=81545"}],"curies":[{"name":"wp","href":"https:\/\/api.w.org\/{rel}","templated":true}]}}