{"id":81557,"date":"2025-05-05T13:30:22","date_gmt":"2025-05-05T10:30:22","guid":{"rendered":"https:\/\/kibrisdakik.com\/index.php\/2025\/05\/05\/ctp-genel-sekreteri-sahali-cumhurbaskanligi-ve-meclis-binasi-acilis-torenleriyle-ilgili-konustu\/"},"modified":"2025-05-05T13:30:22","modified_gmt":"2025-05-05T10:30:22","slug":"ctp-genel-sekreteri-sahali-cumhurbaskanligi-ve-meclis-binasi-acilis-torenleriyle-ilgili-konustu","status":"publish","type":"post","link":"https:\/\/kibrisdakik.com\/?p=81557","title":{"rendered":"CTP Genel Sekreteri \u015eahali Cumhurba\u015fkanl\u0131\u011f\u0131 ve Meclis binas\u0131 a\u00e7\u0131l\u0131\u015f t\u00f6renleriyle ilgili konu\u015ftu"},"content":{"rendered":"<div>\n<div class=\"mariselle-image-container center\">\n                                            <\/div>\n<p>Cumhuriyet\u00e7i T\u00fcrk Partisi Genel Sekreteri Erkut \u015eahali, ge\u00e7ti\u011fimiz g\u00fcn ger\u00e7ekle\u015ftirilen Cumhurba\u015fkanl\u0131\u011f\u0131 ve Meclis binas\u0131 a\u00e7\u0131l\u0131\u015f\u0131 ile ilgili a\u00e7\u0131klama yapt\u0131. <\/p>\n<p>Kat\u0131ld\u0131\u011f\u0131 bir tv kanal\u0131nda sorular\u0131 yan\u0131tlayan CTP Genel Sekreteri Erkut \u015eahali, Cumhurba\u015fkanl\u0131\u011f\u0131 ve Meclis binas\u0131 a\u00e7\u0131l\u0131\u015f t\u00f6renleriyle ilgili  \u201cD\u0131\u015far\u0131da ba\u015fka t\u00f6ren, i\u00e7eride ba\u015fka t\u00f6ren ger\u00e7ekle\u015ftirildi. Bu, bir tav\u0131r kar\u015f\u0131s\u0131nda bir sonucun ortaya \u00e7\u0131kmas\u0131 olarak g\u00f6r\u00fclebilir\u201d dedi.<\/p>\n<p>Y\u00fcksek Mahkeme Binas\u0131n\u0131n a\u00e7\u0131l\u0131\u015f\u0131n\u0131n ard\u0131ndan, bir sonraki t\u00f6renlerle ilgili beklentilerini dile getirdiklerini kaydeden \u015eahali, \u00f6nerdikleri format\u0131n d\u0131\u015f\u0131ndaki t\u00f6rene davet edilmediklerini belirtti. <\/p>\n<p>\u201cDavet edildi\u011fimiz t\u00f6rende yad\u0131rgayaca\u011f\u0131m\u0131z bir \u015fey yoktu\u201d diyen \u015eahali, kap\u0131 \u00f6n\u00fcndeki t\u00f6rende ise Cumhurba\u015fkanlar\u0131 ve bakanlar\u0131n yer ald\u0131\u011f\u0131n\u0131 s\u00f6yledi.<br \/>Y\u00f6netim ve anlay\u0131\u015f\u0131n de\u011fi\u015fmesi gerekti\u011fini kaydeden \u015eahali, i\u015flerin bu \u015fekilde ray\u0131na oturabilece\u011fini belirtti.<\/p>\n<p>Cumhurba\u015fkanl\u0131\u011f\u0131 se\u00e7imine de i\u015faret eden \u015eahali, \u201cBizim hedefimiz Cumhurba\u015fkanl\u0131\u011f\u0131 se\u00e7iminde K\u0131br\u0131s T\u00fcrk toplum liderini se\u00e7mektir. Olas\u0131 en geni\u015f ittifak\u0131n sa\u011flanabilece\u011fi bir \u00e7aba i\u00e7erisindeyiz\u201d dedi.<\/p>\n<\/p><\/div>\n<p><script async\n                    defer\n                    crossorigin=\"anonymous\"\n                    src=\"https:\/\/connect.facebook.net\/tr_TR\/sdk.js#xfbml=1&#038;version=v3.3\"\n            ><\/script><\/p>\n","protected":false},"excerpt":{"rendered":"<p>Cumhuriyet\u00e7i T\u00fcrk Partisi Genel Sekreteri Erkut \u015eahali, ge\u00e7ti\u011fimiz g\u00fcn ger\u00e7ekle\u015ftirilen Cumhurba\u015fkanl\u0131\u011f\u0131 ve Meclis binas\u0131 a\u00e7\u0131l\u0131\u015f\u0131 ile ilgili a\u00e7\u0131klama yapt\u0131. Kat\u0131ld\u0131\u011f\u0131 bir tv kanal\u0131nda sorular\u0131 yan\u0131tlayan CTP Genel Sekreteri Erkut \u015eahali, Cumhurba\u015fkanl\u0131\u011f\u0131 ve Meclis binas\u0131 a\u00e7\u0131l\u0131\u015f t\u00f6renleriyle ilgili \u201cD\u0131\u015far\u0131da ba\u015fka t\u00f6ren, i\u00e7eride ba\u015fka t\u00f6ren ger\u00e7ekle\u015ftirildi. Bu, bir tav\u0131r kar\u015f\u0131s\u0131nda bir sonucun ortaya \u00e7\u0131kmas\u0131 olarak g\u00f6r\u00fclebilir\u201d dedi.<\/p>\n","protected":false},"author":1,"featured_media":80739,"comment_status":"open","ping_status":"open","sticky":false,"template":"","format":"standard","meta":{"footnotes":""},"categories":[81,101],"tags":[],"class_list":["post-81557","post","type-post","status-publish","format-standard","has-post-thumbnail","hentry","category-kibris","category-manset"],"yoast_head":"<!-- This site is optimized with the Yoast SEO plugin v27.5 - https:\/\/yoast.com\/product\/yoast-seo-wordpress\/ -->\n<title>CTP Genel Sekreteri \u015eahali Cumhurba\u015fkanl\u0131\u011f\u0131 ve Meclis binas\u0131 a\u00e7\u0131l\u0131\u015f t\u00f6renleriyle ilgili konu\u015ftu -<\/title>\n<meta name=\"robots\" content=\"index, follow, max-snippet:-1, max-image-preview:large, max-video-preview:-1\" \/>\n<link rel=\"canonical\" href=\"https:\/\/kibrisdakik.com\/?p=81557\" \/>\n<meta property=\"og:locale\" content=\"tr_TR\" \/>\n<meta property=\"og:type\" content=\"article\" \/>\n<meta property=\"og:title\" content=\"CTP Genel Sekreteri \u015eahali Cumhurba\u015fkanl\u0131\u011f\u0131 ve Meclis binas\u0131 a\u00e7\u0131l\u0131\u015f t\u00f6renleriyle ilgili konu\u015ftu -\" \/>\n<meta property=\"og:description\" content=\"Cumhuriyet\u00e7i T\u00fcrk Partisi Genel Sekreteri Erkut \u015eahali, ge\u00e7ti\u011fimiz g\u00fcn ger\u00e7ekle\u015ftirilen Cumhurba\u015fkanl\u0131\u011f\u0131 ve Meclis binas\u0131 a\u00e7\u0131l\u0131\u015f\u0131 ile ilgili a\u00e7\u0131klama yapt\u0131. Kat\u0131ld\u0131\u011f\u0131 bir tv kanal\u0131nda sorular\u0131 yan\u0131tlayan CTP Genel Sekreteri Erkut \u015eahali, Cumhurba\u015fkanl\u0131\u011f\u0131 ve Meclis binas\u0131 a\u00e7\u0131l\u0131\u015f t\u00f6renleriyle ilgili \u201cD\u0131\u015far\u0131da ba\u015fka t\u00f6ren, i\u00e7eride ba\u015fka t\u00f6ren ger\u00e7ekle\u015ftirildi. Bu, bir tav\u0131r kar\u015f\u0131s\u0131nda bir sonucun ortaya \u00e7\u0131kmas\u0131 olarak g\u00f6r\u00fclebilir\u201d dedi.\" \/>\n<meta property=\"og:url\" content=\"https:\/\/kibrisdakik.com\/?p=81557\" \/>\n<meta property=\"article:published_time\" content=\"2025-05-05T10:30:22+00:00\" \/>\n<meta property=\"og:image\" content=\"https:\/\/kibrisdakik.com\/wp-content\/uploads\/2025\/04\/1745247638352Erkut-Sahali-scaled-740x420.jpg\" \/>\n\t<meta property=\"og:image:width\" content=\"2560\" \/>\n\t<meta property=\"og:image:height\" content=\"1707\" \/>\n\t<meta property=\"og:image:type\" content=\"image\/jpeg\" \/>\n<meta name=\"author\" content=\"admin\" \/>\n<meta name=\"twitter:card\" content=\"summary_large_image\" \/>\n<meta name=\"twitter:label1\" content=\"Yazan:\" \/>\n\t<meta name=\"twitter:data1\" content=\"admin\" \/>\n\t<meta name=\"twitter:label2\" content=\"Tahmini okuma s\u00fcresi\" \/>\n\t<meta name=\"twitter:data2\" content=\"1 dakika\" \/>\n<script type=\"application\/ld+json\" class=\"yoast-schema-graph\">{\"@context\":\"https:\\\/\\\/schema.org\",\"@graph\":[{\"@type\":\"Article\",\"@id\":\"https:\\\/\\\/kibrisdakik.com\\\/?p=81557#article\",\"isPartOf\":{\"@id\":\"https:\\\/\\\/kibrisdakik.com\\\/?p=81557\"},\"author\":{\"name\":\"admin\",\"@id\":\"https:\\\/\\\/kibrisdakik.com\\\/#\\\/schema\\\/person\\\/9cd9d437bbb44f72b73ba127e06d8e79\"},\"headline\":\"CTP Genel Sekreteri \u015eahali Cumhurba\u015fkanl\u0131\u011f\u0131 ve Meclis binas\u0131 a\u00e7\u0131l\u0131\u015f t\u00f6renleriyle ilgili konu\u015ftu\",\"datePublished\":\"2025-05-05T10:30:22+00:00\",\"mainEntityOfPage\":{\"@id\":\"https:\\\/\\\/kibrisdakik.com\\\/?p=81557\"},\"wordCount\":221,\"commentCount\":0,\"image\":{\"@id\":\"https:\\\/\\\/kibrisdakik.com\\\/?p=81557#primaryimage\"},\"thumbnailUrl\":\"https:\\\/\\\/kibrisdakik.com\\\/wp-content\\\/uploads\\\/2025\\\/04\\\/1745247638352Erkut-Sahali-scaled-740x420.jpg\",\"articleSection\":[\"K\u0131br\u0131s\",\"Man\u015fet\"],\"inLanguage\":\"tr\",\"potentialAction\":[{\"@type\":\"CommentAction\",\"name\":\"Comment\",\"target\":[\"https:\\\/\\\/kibrisdakik.com\\\/?p=81557#respond\"]}]},{\"@type\":\"WebPage\",\"@id\":\"https:\\\/\\\/kibrisdakik.com\\\/?p=81557\",\"url\":\"https:\\\/\\\/kibrisdakik.com\\\/?p=81557\",\"name\":\"CTP Genel Sekreteri \u015eahali Cumhurba\u015fkanl\u0131\u011f\u0131 ve Meclis binas\u0131 a\u00e7\u0131l\u0131\u015f t\u00f6renleriyle ilgili konu\u015ftu -\",\"isPartOf\":{\"@id\":\"https:\\\/\\\/kibrisdakik.com\\\/#website\"},\"primaryImageOfPage\":{\"@id\":\"https:\\\/\\\/kibrisdakik.com\\\/?p=81557#primaryimage\"},\"image\":{\"@id\":\"https:\\\/\\\/kibrisdakik.com\\\/?p=81557#primaryimage\"},\"thumbnailUrl\":\"https:\\\/\\\/kibrisdakik.com\\\/wp-content\\\/uploads\\\/2025\\\/04\\\/1745247638352Erkut-Sahali-scaled-740x420.jpg\",\"datePublished\":\"2025-05-05T10:30:22+00:00\",\"author\":{\"@id\":\"https:\\\/\\\/kibrisdakik.com\\\/#\\\/schema\\\/person\\\/9cd9d437bbb44f72b73ba127e06d8e79\"},\"breadcrumb\":{\"@id\":\"https:\\\/\\\/kibrisdakik.com\\\/?p=81557#breadcrumb\"},\"inLanguage\":\"tr\",\"potentialAction\":[{\"@type\":\"ReadAction\",\"target\":[\"https:\\\/\\\/kibrisdakik.com\\\/?p=81557\"]}]},{\"@type\":\"ImageObject\",\"inLanguage\":\"tr\",\"@id\":\"https:\\\/\\\/kibrisdakik.com\\\/?p=81557#primaryimage\",\"url\":\"https:\\\/\\\/kibrisdakik.com\\\/wp-content\\\/uploads\\\/2025\\\/04\\\/1745247638352Erkut-Sahali-scaled-740x420.jpg\",\"contentUrl\":\"https:\\\/\\\/kibrisdakik.com\\\/wp-content\\\/uploads\\\/2025\\\/04\\\/1745247638352Erkut-Sahali-scaled-740x420.jpg\",\"width\":2560,\"height\":1707},{\"@type\":\"BreadcrumbList\",\"@id\":\"https:\\\/\\\/kibrisdakik.com\\\/?p=81557#breadcrumb\",\"itemListElement\":[{\"@type\":\"ListItem\",\"position\":1,\"name\":\"Home\",\"item\":\"https:\\\/\\\/kibrisdakik.com\\\/\"},{\"@type\":\"ListItem\",\"position\":2,\"name\":\"CTP Genel Sekreteri \u015eahali Cumhurba\u015fkanl\u0131\u011f\u0131 ve Meclis binas\u0131 a\u00e7\u0131l\u0131\u015f t\u00f6renleriyle ilgili konu\u015ftu\"}]},{\"@type\":\"WebSite\",\"@id\":\"https:\\\/\\\/kibrisdakik.com\\\/#website\",\"url\":\"https:\\\/\\\/kibrisdakik.com\\\/\",\"name\":\"\",\"description\":\"Tam vaktinde haber\",\"potentialAction\":[{\"@type\":\"SearchAction\",\"target\":{\"@type\":\"EntryPoint\",\"urlTemplate\":\"https:\\\/\\\/kibrisdakik.com\\\/?s={search_term_string}\"},\"query-input\":{\"@type\":\"PropertyValueSpecification\",\"valueRequired\":true,\"valueName\":\"search_term_string\"}}],\"inLanguage\":\"tr\"},{\"@type\":\"Person\",\"@id\":\"https:\\\/\\\/kibrisdakik.com\\\/#\\\/schema\\\/person\\\/9cd9d437bbb44f72b73ba127e06d8e79\",\"name\":\"admin\",\"image\":{\"@type\":\"ImageObject\",\"inLanguage\":\"tr\",\"@id\":\"https:\\\/\\\/secure.gravatar.com\\\/avatar\\\/ccc17943b9d660506c869530f897617f7cb1c21a4bf30023f252596d83e1f007?s=96&d=mm&r=g\",\"url\":\"https:\\\/\\\/secure.gravatar.com\\\/avatar\\\/ccc17943b9d660506c869530f897617f7cb1c21a4bf30023f252596d83e1f007?s=96&d=mm&r=g\",\"contentUrl\":\"https:\\\/\\\/secure.gravatar.com\\\/avatar\\\/ccc17943b9d660506c869530f897617f7cb1c21a4bf30023f252596d83e1f007?s=96&d=mm&r=g\",\"caption\":\"admin\"},\"sameAs\":[\"https:\\\/\\\/kibrisdakik.com\"],\"url\":\"https:\\\/\\\/kibrisdakik.com\\\/?author=1\"}]}<\/script>\n<!-- \/ Yoast SEO plugin. -->","yoast_head_json":{"title":"CTP Genel Sekreteri \u015eahali Cumhurba\u015fkanl\u0131\u011f\u0131 ve Meclis binas\u0131 a\u00e7\u0131l\u0131\u015f t\u00f6renleriyle ilgili konu\u015ftu -","robots":{"index":"index","follow":"follow","max-snippet":"max-snippet:-1","max-image-preview":"max-image-preview:large","max-video-preview":"max-video-preview:-1"},"canonical":"https:\/\/kibrisdakik.com\/?p=81557","og_locale":"tr_TR","og_type":"article","og_title":"CTP Genel Sekreteri \u015eahali Cumhurba\u015fkanl\u0131\u011f\u0131 ve Meclis binas\u0131 a\u00e7\u0131l\u0131\u015f t\u00f6renleriyle ilgili konu\u015ftu -","og_description":"Cumhuriyet\u00e7i T\u00fcrk Partisi Genel Sekreteri Erkut \u015eahali, ge\u00e7ti\u011fimiz g\u00fcn ger\u00e7ekle\u015ftirilen Cumhurba\u015fkanl\u0131\u011f\u0131 ve Meclis binas\u0131 a\u00e7\u0131l\u0131\u015f\u0131 ile ilgili a\u00e7\u0131klama yapt\u0131. Kat\u0131ld\u0131\u011f\u0131 bir tv kanal\u0131nda sorular\u0131 yan\u0131tlayan CTP Genel Sekreteri Erkut \u015eahali, Cumhurba\u015fkanl\u0131\u011f\u0131 ve Meclis binas\u0131 a\u00e7\u0131l\u0131\u015f t\u00f6renleriyle ilgili \u201cD\u0131\u015far\u0131da ba\u015fka t\u00f6ren, i\u00e7eride ba\u015fka t\u00f6ren ger\u00e7ekle\u015ftirildi. Bu, bir tav\u0131r kar\u015f\u0131s\u0131nda bir sonucun ortaya \u00e7\u0131kmas\u0131 olarak g\u00f6r\u00fclebilir\u201d dedi.","og_url":"https:\/\/kibrisdakik.com\/?p=81557","article_published_time":"2025-05-05T10:30:22+00:00","og_image":[{"width":2560,"height":1707,"url":"https:\/\/kibrisdakik.com\/wp-content\/uploads\/2025\/04\/1745247638352Erkut-Sahali-scaled-740x420.jpg","type":"image\/jpeg"}],"author":"admin","twitter_card":"summary_large_image","twitter_misc":{"Yazan:":"admin","Tahmini okuma s\u00fcresi":"1 dakika"},"schema":{"@context":"https:\/\/schema.org","@graph":[{"@type":"Article","@id":"https:\/\/kibrisdakik.com\/?p=81557#article","isPartOf":{"@id":"https:\/\/kibrisdakik.com\/?p=81557"},"author":{"name":"admin","@id":"https:\/\/kibrisdakik.com\/#\/schema\/person\/9cd9d437bbb44f72b73ba127e06d8e79"},"headline":"CTP Genel Sekreteri \u015eahali Cumhurba\u015fkanl\u0131\u011f\u0131 ve Meclis binas\u0131 a\u00e7\u0131l\u0131\u015f t\u00f6renleriyle ilgili konu\u015ftu","datePublished":"2025-05-05T10:30:22+00:00","mainEntityOfPage":{"@id":"https:\/\/kibrisdakik.com\/?p=81557"},"wordCount":221,"commentCount":0,"image":{"@id":"https:\/\/kibrisdakik.com\/?p=81557#primaryimage"},"thumbnailUrl":"https:\/\/kibrisdakik.com\/wp-content\/uploads\/2025\/04\/1745247638352Erkut-Sahali-scaled-740x420.jpg","articleSection":["K\u0131br\u0131s","Man\u015fet"],"inLanguage":"tr","potentialAction":[{"@type":"CommentAction","name":"Comment","target":["https:\/\/kibrisdakik.com\/?p=81557#respond"]}]},{"@type":"WebPage","@id":"https:\/\/kibrisdakik.com\/?p=81557","url":"https:\/\/kibrisdakik.com\/?p=81557","name":"CTP Genel Sekreteri \u015eahali Cumhurba\u015fkanl\u0131\u011f\u0131 ve Meclis binas\u0131 a\u00e7\u0131l\u0131\u015f t\u00f6renleriyle ilgili konu\u015ftu -","isPartOf":{"@id":"https:\/\/kibrisdakik.com\/#website"},"primaryImageOfPage":{"@id":"https:\/\/kibrisdakik.com\/?p=81557#primaryimage"},"image":{"@id":"https:\/\/kibrisdakik.com\/?p=81557#primaryimage"},"thumbnailUrl":"https:\/\/kibrisdakik.com\/wp-content\/uploads\/2025\/04\/1745247638352Erkut-Sahali-scaled-740x420.jpg","datePublished":"2025-05-05T10:30:22+00:00","author":{"@id":"https:\/\/kibrisdakik.com\/#\/schema\/person\/9cd9d437bbb44f72b73ba127e06d8e79"},"breadcrumb":{"@id":"https:\/\/kibrisdakik.com\/?p=81557#breadcrumb"},"inLanguage":"tr","potentialAction":[{"@type":"ReadAction","target":["https:\/\/kibrisdakik.com\/?p=81557"]}]},{"@type":"ImageObject","inLanguage":"tr","@id":"https:\/\/kibrisdakik.com\/?p=81557#primaryimage","url":"https:\/\/kibrisdakik.com\/wp-content\/uploads\/2025\/04\/1745247638352Erkut-Sahali-scaled-740x420.jpg","contentUrl":"https:\/\/kibrisdakik.com\/wp-content\/uploads\/2025\/04\/1745247638352Erkut-Sahali-scaled-740x420.jpg","width":2560,"height":1707},{"@type":"BreadcrumbList","@id":"https:\/\/kibrisdakik.com\/?p=81557#breadcrumb","itemListElement":[{"@type":"ListItem","position":1,"name":"Home","item":"https:\/\/kibrisdakik.com\/"},{"@type":"ListItem","position":2,"name":"CTP Genel Sekreteri \u015eahali Cumhurba\u015fkanl\u0131\u011f\u0131 ve Meclis binas\u0131 a\u00e7\u0131l\u0131\u015f t\u00f6renleriyle ilgili konu\u015ftu"}]},{"@type":"WebSite","@id":"https:\/\/kibrisdakik.com\/#website","url":"https:\/\/kibrisdakik.com\/","name":"","description":"Tam vaktinde haber","potentialAction":[{"@type":"SearchAction","target":{"@type":"EntryPoint","urlTemplate":"https:\/\/kibrisdakik.com\/?s={search_term_string}"},"query-input":{"@type":"PropertyValueSpecification","valueRequired":true,"valueName":"search_term_string"}}],"inLanguage":"tr"},{"@type":"Person","@id":"https:\/\/kibrisdakik.com\/#\/schema\/person\/9cd9d437bbb44f72b73ba127e06d8e79","name":"admin","image":{"@type":"ImageObject","inLanguage":"tr","@id":"https:\/\/secure.gravatar.com\/avatar\/ccc17943b9d660506c869530f897617f7cb1c21a4bf30023f252596d83e1f007?s=96&d=mm&r=g","url":"https:\/\/secure.gravatar.com\/avatar\/ccc17943b9d660506c869530f897617f7cb1c21a4bf30023f252596d83e1f007?s=96&d=mm&r=g","contentUrl":"https:\/\/secure.gravatar.com\/avatar\/ccc17943b9d660506c869530f897617f7cb1c21a4bf30023f252596d83e1f007?s=96&d=mm&r=g","caption":"admin"},"sameAs":["https:\/\/kibrisdakik.com"],"url":"https:\/\/kibrisdakik.com\/?author=1"}]}},"_links":{"self":[{"href":"https:\/\/kibrisdakik.com\/index.php?rest_route=\/wp\/v2\/posts\/81557","targetHints":{"allow":["GET"]}}],"collection":[{"href":"https:\/\/kibrisdakik.com\/index.php?rest_route=\/wp\/v2\/posts"}],"about":[{"href":"https:\/\/kibrisdakik.com\/index.php?rest_route=\/wp\/v2\/types\/post"}],"author":[{"embeddable":true,"href":"https:\/\/kibrisdakik.com\/index.php?rest_route=\/wp\/v2\/users\/1"}],"replies":[{"embeddable":true,"href":"https:\/\/kibrisdakik.com\/index.php?rest_route=%2Fwp%2Fv2%2Fcomments&post=81557"}],"version-history":[{"count":0,"href":"https:\/\/kibrisdakik.com\/index.php?rest_route=\/wp\/v2\/posts\/81557\/revisions"}],"wp:featuredmedia":[{"embeddable":true,"href":"https:\/\/kibrisdakik.com\/index.php?rest_route=\/wp\/v2\/media\/80739"}],"wp:attachment":[{"href":"https:\/\/kibrisdakik.com\/index.php?rest_route=%2Fwp%2Fv2%2Fmedia&parent=81557"}],"wp:term":[{"taxonomy":"category","embeddable":true,"href":"https:\/\/kibrisdakik.com\/index.php?rest_route=%2Fwp%2Fv2%2Fcategories&post=81557"},{"taxonomy":"post_tag","embeddable":true,"href":"https:\/\/kibrisdakik.com\/index.php?rest_route=%2Fwp%2Fv2%2Ftags&post=81557"}],"curies":[{"name":"wp","href":"https:\/\/api.w.org\/{rel}","templated":true}]}}