{"id":8160,"date":"2023-06-03T17:45:06","date_gmt":"2023-06-03T17:45:06","guid":{"rendered":"https:\/\/kibrisdakik.com\/index.php\/2023\/06\/03\/tore-erdoganin-goreve-baslama-torenine-katildi\/"},"modified":"2023-06-03T17:45:06","modified_gmt":"2023-06-03T17:45:06","slug":"tore-erdoganin-goreve-baslama-torenine-katildi","status":"publish","type":"post","link":"https:\/\/kibrisdakik.com\/?p=8160","title":{"rendered":"T\u00f6re, Erdo\u011fan\u2019\u0131n \u201cG\u00f6reve Ba\u015flama T\u00f6reni\u201dne kat\u0131ld\u0131"},"content":{"rendered":"<p><\/p>\n<div>\n<div class=\"mariselle-image-container center\">\n                <img width=\"1024\" height=\"638\" class=\"lazy-image\" alt=\"\" decoding=\"async\" loading=\"lazy\" sizes=\"auto, (max-width: 1024px) 100vw, 1024px\" src=\"https:\/\/brtk.net\/wp-content\/uploads\/2023\/06\/03\/tore-kuli-ye-1024x638.jpeg?ver=edd6f3a3519c0b1a6266de2535d9ed38\" srcset=\"https:\/\/brtk.net\/wp-content\/uploads\/2023\/06\/03\/tore-kuli-ye-1024x638.jpeg?ver=edd6f3a3519c0b1a6266de2535d9ed38 1024w, https:\/\/brtk.net\/wp-content\/uploads\/2023\/06\/03\/tore-kuli-ye-300x187.jpeg?ver=edd6f3a3519c0b1a6266de2535d9ed38 300w, https:\/\/brtk.net\/wp-content\/uploads\/2023\/06\/03\/tore-kuli-ye-768x478.jpeg?ver=22d48b6179b3899d1f08406b2488f5ff 768w, https:\/\/brtk.net\/wp-content\/uploads\/2023\/06\/03\/tore-kuli-ye-1536x957.jpeg?ver=22d48b6179b3899d1f08406b2488f5ff 1536w, https:\/\/brtk.net\/wp-content\/uploads\/2023\/06\/03\/tore-kuli-ye.jpeg?ver=edd6f3a3519c0b1a6266de2535d9ed38 1580w\"\/>                            <\/div>\n<p>Cumhuriyet Meclisi Ba\u015fkan\u0131 Zorlu T\u00f6re, T\u00fcrkiye Cumhurba\u015fkan\u0131 olarak yeniden se\u00e7ilen Recep Tayyip Erdo\u011fan\u2019\u0131n Cumhurba\u015fkanl\u0131\u011f\u0131 K\u00fclliyesi Sergi Salonu\u2019nda ger\u00e7ekle\u015ftirilen \u201cG\u00f6reve Ba\u015flama T\u00f6reni\u2019ne kat\u0131ld\u0131<\/p>\n<p>Meclis Ba\u015fkanl\u0131\u011f\u0131ndan yap\u0131lan a\u00e7\u0131klamaya g\u00f6re, t\u00f6rende Cumhurba\u015fkan\u0131 Erdo\u011fan ile sohbet etme f\u0131rsat\u0131 bulan T\u00f6re, Erdo\u011fan\u2019\u0131 kutlayarak, yeni d\u00f6nemde ba\u015far\u0131 diledi.<\/p>\n<p>Ba\u015fkan T\u00f6re \u00c7ankaya K\u00f6\u015fk\u00fc\u2019nde bu ak\u015fam  T\u00fcrkiye Cumhurba\u015fkan\u0131 Erdo\u011fan\u2019\u0131n  konuk \u00fclke temsilcilerine verece\u011fi ak\u015fam yeme\u011fine kat\u0131lacak<\/p>\n<\/p><\/div>\n<p><script async\n                    defer\n                    crossorigin=\"anonymous\"\n                    src=\"https:\/\/connect.facebook.net\/tr_TR\/sdk.js#xfbml=1&#038;version=v3.3\"\n            ><\/script><\/p>\n","protected":false},"excerpt":{"rendered":"<p>Cumhuriyet Meclisi Ba\u015fkan\u0131 Zorlu T\u00f6re, T\u00fcrkiye Cumhurba\u015fkan\u0131 olarak yeniden se\u00e7ilen Recep Tayyip Erdo\u011fan\u2019\u0131n Cumhurba\u015fkanl\u0131\u011f\u0131 K\u00fclliyesi Sergi Salonu\u2019nda ger\u00e7ekle\u015ftirilen \u201cG\u00f6reve Ba\u015flama T\u00f6reni\u2019ne kat\u0131ld\u0131 Meclis Ba\u015fkanl\u0131\u011f\u0131ndan yap\u0131lan a\u00e7\u0131klamaya g\u00f6re, t\u00f6rende Cumhurba\u015fkan\u0131 Erdo\u011fan ile sohbet etme f\u0131rsat\u0131 bulan T\u00f6re, Erdo\u011fan\u2019\u0131 kutlayarak, yeni d\u00f6nemde ba\u015far\u0131 diledi. Ba\u015fkan T\u00f6re \u00c7ankaya K\u00f6\u015fk\u00fc\u2019nde bu ak\u015fam T\u00fcrkiye Cumhurba\u015fkan\u0131 Erdo\u011fan\u2019\u0131n konuk \u00fclke temsilcilerine verece\u011fi<\/p>\n","protected":false},"author":1,"featured_media":8161,"comment_status":"open","ping_status":"open","sticky":false,"template":"","format":"standard","meta":{"footnotes":""},"categories":[1],"tags":[],"class_list":["post-8160","post","type-post","status-publish","format-standard","has-post-thumbnail","hentry","category-gundem"],"yoast_head":"<!-- This site is optimized with the Yoast SEO plugin v27.4 - https:\/\/yoast.com\/product\/yoast-seo-wordpress\/ -->\n<title>T\u00f6re, Erdo\u011fan\u2019\u0131n \u201cG\u00f6reve Ba\u015flama T\u00f6reni\u201dne kat\u0131ld\u0131 -<\/title>\n<meta name=\"robots\" content=\"index, follow, max-snippet:-1, max-image-preview:large, max-video-preview:-1\" \/>\n<link rel=\"canonical\" href=\"https:\/\/kibrisdakik.com\/?p=8160\" \/>\n<meta property=\"og:locale\" content=\"tr_TR\" \/>\n<meta property=\"og:type\" content=\"article\" \/>\n<meta property=\"og:title\" content=\"T\u00f6re, Erdo\u011fan\u2019\u0131n \u201cG\u00f6reve Ba\u015flama T\u00f6reni\u201dne kat\u0131ld\u0131 -\" \/>\n<meta property=\"og:description\" content=\"Cumhuriyet Meclisi Ba\u015fkan\u0131 Zorlu T\u00f6re, T\u00fcrkiye Cumhurba\u015fkan\u0131 olarak yeniden se\u00e7ilen Recep Tayyip Erdo\u011fan\u2019\u0131n Cumhurba\u015fkanl\u0131\u011f\u0131 K\u00fclliyesi Sergi Salonu\u2019nda ger\u00e7ekle\u015ftirilen \u201cG\u00f6reve Ba\u015flama T\u00f6reni\u2019ne kat\u0131ld\u0131 Meclis Ba\u015fkanl\u0131\u011f\u0131ndan yap\u0131lan a\u00e7\u0131klamaya g\u00f6re, t\u00f6rende Cumhurba\u015fkan\u0131 Erdo\u011fan ile sohbet etme f\u0131rsat\u0131 bulan T\u00f6re, Erdo\u011fan\u2019\u0131 kutlayarak, yeni d\u00f6nemde ba\u015far\u0131 diledi. Ba\u015fkan T\u00f6re \u00c7ankaya K\u00f6\u015fk\u00fc\u2019nde bu ak\u015fam T\u00fcrkiye Cumhurba\u015fkan\u0131 Erdo\u011fan\u2019\u0131n konuk \u00fclke temsilcilerine verece\u011fi\" \/>\n<meta property=\"og:url\" content=\"https:\/\/kibrisdakik.com\/?p=8160\" \/>\n<meta property=\"article:published_time\" content=\"2023-06-03T17:45:06+00:00\" \/>\n<meta property=\"og:image\" content=\"https:\/\/kibrisdakik.com\/wp-content\/uploads\/2023\/06\/tore-kuli-ye-740x420.jpeg\" \/>\n\t<meta property=\"og:image:width\" content=\"1580\" \/>\n\t<meta property=\"og:image:height\" content=\"984\" \/>\n\t<meta property=\"og:image:type\" content=\"image\/jpeg\" \/>\n<meta name=\"author\" content=\"admin\" \/>\n<meta name=\"twitter:card\" content=\"summary_large_image\" \/>\n<meta name=\"twitter:label1\" content=\"Yazan:\" \/>\n\t<meta name=\"twitter:data1\" content=\"admin\" \/>\n\t<meta name=\"twitter:label2\" content=\"Tahmini okuma s\u00fcresi\" \/>\n\t<meta name=\"twitter:data2\" content=\"1 dakika\" \/>\n<script type=\"application\/ld+json\" class=\"yoast-schema-graph\">{\"@context\":\"https:\\\/\\\/schema.org\",\"@graph\":[{\"@type\":\"Article\",\"@id\":\"https:\\\/\\\/kibrisdakik.com\\\/?p=8160#article\",\"isPartOf\":{\"@id\":\"https:\\\/\\\/kibrisdakik.com\\\/?p=8160\"},\"author\":{\"name\":\"admin\",\"@id\":\"https:\\\/\\\/kibrisdakik.com\\\/#\\\/schema\\\/person\\\/9cd9d437bbb44f72b73ba127e06d8e79\"},\"headline\":\"T\u00f6re, Erdo\u011fan\u2019\u0131n \u201cG\u00f6reve Ba\u015flama T\u00f6reni\u201dne kat\u0131ld\u0131\",\"datePublished\":\"2023-06-03T17:45:06+00:00\",\"mainEntityOfPage\":{\"@id\":\"https:\\\/\\\/kibrisdakik.com\\\/?p=8160\"},\"wordCount\":115,\"commentCount\":0,\"image\":{\"@id\":\"https:\\\/\\\/kibrisdakik.com\\\/?p=8160#primaryimage\"},\"thumbnailUrl\":\"https:\\\/\\\/kibrisdakik.com\\\/wp-content\\\/uploads\\\/2023\\\/06\\\/tore-kuli-ye-740x420.jpeg\",\"articleSection\":[\"G\u00fcndem\"],\"inLanguage\":\"tr\",\"potentialAction\":[{\"@type\":\"CommentAction\",\"name\":\"Comment\",\"target\":[\"https:\\\/\\\/kibrisdakik.com\\\/?p=8160#respond\"]}]},{\"@type\":\"WebPage\",\"@id\":\"https:\\\/\\\/kibrisdakik.com\\\/?p=8160\",\"url\":\"https:\\\/\\\/kibrisdakik.com\\\/?p=8160\",\"name\":\"T\u00f6re, Erdo\u011fan\u2019\u0131n \u201cG\u00f6reve Ba\u015flama T\u00f6reni\u201dne kat\u0131ld\u0131 -\",\"isPartOf\":{\"@id\":\"https:\\\/\\\/kibrisdakik.com\\\/#website\"},\"primaryImageOfPage\":{\"@id\":\"https:\\\/\\\/kibrisdakik.com\\\/?p=8160#primaryimage\"},\"image\":{\"@id\":\"https:\\\/\\\/kibrisdakik.com\\\/?p=8160#primaryimage\"},\"thumbnailUrl\":\"https:\\\/\\\/kibrisdakik.com\\\/wp-content\\\/uploads\\\/2023\\\/06\\\/tore-kuli-ye-740x420.jpeg\",\"datePublished\":\"2023-06-03T17:45:06+00:00\",\"author\":{\"@id\":\"https:\\\/\\\/kibrisdakik.com\\\/#\\\/schema\\\/person\\\/9cd9d437bbb44f72b73ba127e06d8e79\"},\"breadcrumb\":{\"@id\":\"https:\\\/\\\/kibrisdakik.com\\\/?p=8160#breadcrumb\"},\"inLanguage\":\"tr\",\"potentialAction\":[{\"@type\":\"ReadAction\",\"target\":[\"https:\\\/\\\/kibrisdakik.com\\\/?p=8160\"]}]},{\"@type\":\"ImageObject\",\"inLanguage\":\"tr\",\"@id\":\"https:\\\/\\\/kibrisdakik.com\\\/?p=8160#primaryimage\",\"url\":\"https:\\\/\\\/kibrisdakik.com\\\/wp-content\\\/uploads\\\/2023\\\/06\\\/tore-kuli-ye-740x420.jpeg\",\"contentUrl\":\"https:\\\/\\\/kibrisdakik.com\\\/wp-content\\\/uploads\\\/2023\\\/06\\\/tore-kuli-ye-740x420.jpeg\",\"width\":1580,\"height\":984},{\"@type\":\"BreadcrumbList\",\"@id\":\"https:\\\/\\\/kibrisdakik.com\\\/?p=8160#breadcrumb\",\"itemListElement\":[{\"@type\":\"ListItem\",\"position\":1,\"name\":\"Home\",\"item\":\"https:\\\/\\\/kibrisdakik.com\\\/\"},{\"@type\":\"ListItem\",\"position\":2,\"name\":\"T\u00f6re, Erdo\u011fan\u2019\u0131n \u201cG\u00f6reve Ba\u015flama T\u00f6reni\u201dne kat\u0131ld\u0131\"}]},{\"@type\":\"WebSite\",\"@id\":\"https:\\\/\\\/kibrisdakik.com\\\/#website\",\"url\":\"https:\\\/\\\/kibrisdakik.com\\\/\",\"name\":\"\",\"description\":\"Tam vaktinde haber\",\"potentialAction\":[{\"@type\":\"SearchAction\",\"target\":{\"@type\":\"EntryPoint\",\"urlTemplate\":\"https:\\\/\\\/kibrisdakik.com\\\/?s={search_term_string}\"},\"query-input\":{\"@type\":\"PropertyValueSpecification\",\"valueRequired\":true,\"valueName\":\"search_term_string\"}}],\"inLanguage\":\"tr\"},{\"@type\":\"Person\",\"@id\":\"https:\\\/\\\/kibrisdakik.com\\\/#\\\/schema\\\/person\\\/9cd9d437bbb44f72b73ba127e06d8e79\",\"name\":\"admin\",\"image\":{\"@type\":\"ImageObject\",\"inLanguage\":\"tr\",\"@id\":\"https:\\\/\\\/secure.gravatar.com\\\/avatar\\\/ccc17943b9d660506c869530f897617f7cb1c21a4bf30023f252596d83e1f007?s=96&d=mm&r=g\",\"url\":\"https:\\\/\\\/secure.gravatar.com\\\/avatar\\\/ccc17943b9d660506c869530f897617f7cb1c21a4bf30023f252596d83e1f007?s=96&d=mm&r=g\",\"contentUrl\":\"https:\\\/\\\/secure.gravatar.com\\\/avatar\\\/ccc17943b9d660506c869530f897617f7cb1c21a4bf30023f252596d83e1f007?s=96&d=mm&r=g\",\"caption\":\"admin\"},\"sameAs\":[\"https:\\\/\\\/kibrisdakik.com\"],\"url\":\"https:\\\/\\\/kibrisdakik.com\\\/?author=1\"}]}<\/script>\n<!-- \/ Yoast SEO plugin. -->","yoast_head_json":{"title":"T\u00f6re, Erdo\u011fan\u2019\u0131n \u201cG\u00f6reve Ba\u015flama T\u00f6reni\u201dne kat\u0131ld\u0131 -","robots":{"index":"index","follow":"follow","max-snippet":"max-snippet:-1","max-image-preview":"max-image-preview:large","max-video-preview":"max-video-preview:-1"},"canonical":"https:\/\/kibrisdakik.com\/?p=8160","og_locale":"tr_TR","og_type":"article","og_title":"T\u00f6re, Erdo\u011fan\u2019\u0131n \u201cG\u00f6reve Ba\u015flama T\u00f6reni\u201dne kat\u0131ld\u0131 -","og_description":"Cumhuriyet Meclisi Ba\u015fkan\u0131 Zorlu T\u00f6re, T\u00fcrkiye Cumhurba\u015fkan\u0131 olarak yeniden se\u00e7ilen Recep Tayyip Erdo\u011fan\u2019\u0131n Cumhurba\u015fkanl\u0131\u011f\u0131 K\u00fclliyesi Sergi Salonu\u2019nda ger\u00e7ekle\u015ftirilen \u201cG\u00f6reve Ba\u015flama T\u00f6reni\u2019ne kat\u0131ld\u0131 Meclis Ba\u015fkanl\u0131\u011f\u0131ndan yap\u0131lan a\u00e7\u0131klamaya g\u00f6re, t\u00f6rende Cumhurba\u015fkan\u0131 Erdo\u011fan ile sohbet etme f\u0131rsat\u0131 bulan T\u00f6re, Erdo\u011fan\u2019\u0131 kutlayarak, yeni d\u00f6nemde ba\u015far\u0131 diledi. Ba\u015fkan T\u00f6re \u00c7ankaya K\u00f6\u015fk\u00fc\u2019nde bu ak\u015fam T\u00fcrkiye Cumhurba\u015fkan\u0131 Erdo\u011fan\u2019\u0131n konuk \u00fclke temsilcilerine verece\u011fi","og_url":"https:\/\/kibrisdakik.com\/?p=8160","article_published_time":"2023-06-03T17:45:06+00:00","og_image":[{"width":1580,"height":984,"url":"https:\/\/kibrisdakik.com\/wp-content\/uploads\/2023\/06\/tore-kuli-ye-740x420.jpeg","type":"image\/jpeg"}],"author":"admin","twitter_card":"summary_large_image","twitter_misc":{"Yazan:":"admin","Tahmini okuma s\u00fcresi":"1 dakika"},"schema":{"@context":"https:\/\/schema.org","@graph":[{"@type":"Article","@id":"https:\/\/kibrisdakik.com\/?p=8160#article","isPartOf":{"@id":"https:\/\/kibrisdakik.com\/?p=8160"},"author":{"name":"admin","@id":"https:\/\/kibrisdakik.com\/#\/schema\/person\/9cd9d437bbb44f72b73ba127e06d8e79"},"headline":"T\u00f6re, Erdo\u011fan\u2019\u0131n \u201cG\u00f6reve Ba\u015flama T\u00f6reni\u201dne kat\u0131ld\u0131","datePublished":"2023-06-03T17:45:06+00:00","mainEntityOfPage":{"@id":"https:\/\/kibrisdakik.com\/?p=8160"},"wordCount":115,"commentCount":0,"image":{"@id":"https:\/\/kibrisdakik.com\/?p=8160#primaryimage"},"thumbnailUrl":"https:\/\/kibrisdakik.com\/wp-content\/uploads\/2023\/06\/tore-kuli-ye-740x420.jpeg","articleSection":["G\u00fcndem"],"inLanguage":"tr","potentialAction":[{"@type":"CommentAction","name":"Comment","target":["https:\/\/kibrisdakik.com\/?p=8160#respond"]}]},{"@type":"WebPage","@id":"https:\/\/kibrisdakik.com\/?p=8160","url":"https:\/\/kibrisdakik.com\/?p=8160","name":"T\u00f6re, Erdo\u011fan\u2019\u0131n \u201cG\u00f6reve Ba\u015flama T\u00f6reni\u201dne kat\u0131ld\u0131 -","isPartOf":{"@id":"https:\/\/kibrisdakik.com\/#website"},"primaryImageOfPage":{"@id":"https:\/\/kibrisdakik.com\/?p=8160#primaryimage"},"image":{"@id":"https:\/\/kibrisdakik.com\/?p=8160#primaryimage"},"thumbnailUrl":"https:\/\/kibrisdakik.com\/wp-content\/uploads\/2023\/06\/tore-kuli-ye-740x420.jpeg","datePublished":"2023-06-03T17:45:06+00:00","author":{"@id":"https:\/\/kibrisdakik.com\/#\/schema\/person\/9cd9d437bbb44f72b73ba127e06d8e79"},"breadcrumb":{"@id":"https:\/\/kibrisdakik.com\/?p=8160#breadcrumb"},"inLanguage":"tr","potentialAction":[{"@type":"ReadAction","target":["https:\/\/kibrisdakik.com\/?p=8160"]}]},{"@type":"ImageObject","inLanguage":"tr","@id":"https:\/\/kibrisdakik.com\/?p=8160#primaryimage","url":"https:\/\/kibrisdakik.com\/wp-content\/uploads\/2023\/06\/tore-kuli-ye-740x420.jpeg","contentUrl":"https:\/\/kibrisdakik.com\/wp-content\/uploads\/2023\/06\/tore-kuli-ye-740x420.jpeg","width":1580,"height":984},{"@type":"BreadcrumbList","@id":"https:\/\/kibrisdakik.com\/?p=8160#breadcrumb","itemListElement":[{"@type":"ListItem","position":1,"name":"Home","item":"https:\/\/kibrisdakik.com\/"},{"@type":"ListItem","position":2,"name":"T\u00f6re, Erdo\u011fan\u2019\u0131n \u201cG\u00f6reve Ba\u015flama T\u00f6reni\u201dne kat\u0131ld\u0131"}]},{"@type":"WebSite","@id":"https:\/\/kibrisdakik.com\/#website","url":"https:\/\/kibrisdakik.com\/","name":"","description":"Tam vaktinde haber","potentialAction":[{"@type":"SearchAction","target":{"@type":"EntryPoint","urlTemplate":"https:\/\/kibrisdakik.com\/?s={search_term_string}"},"query-input":{"@type":"PropertyValueSpecification","valueRequired":true,"valueName":"search_term_string"}}],"inLanguage":"tr"},{"@type":"Person","@id":"https:\/\/kibrisdakik.com\/#\/schema\/person\/9cd9d437bbb44f72b73ba127e06d8e79","name":"admin","image":{"@type":"ImageObject","inLanguage":"tr","@id":"https:\/\/secure.gravatar.com\/avatar\/ccc17943b9d660506c869530f897617f7cb1c21a4bf30023f252596d83e1f007?s=96&d=mm&r=g","url":"https:\/\/secure.gravatar.com\/avatar\/ccc17943b9d660506c869530f897617f7cb1c21a4bf30023f252596d83e1f007?s=96&d=mm&r=g","contentUrl":"https:\/\/secure.gravatar.com\/avatar\/ccc17943b9d660506c869530f897617f7cb1c21a4bf30023f252596d83e1f007?s=96&d=mm&r=g","caption":"admin"},"sameAs":["https:\/\/kibrisdakik.com"],"url":"https:\/\/kibrisdakik.com\/?author=1"}]}},"_links":{"self":[{"href":"https:\/\/kibrisdakik.com\/index.php?rest_route=\/wp\/v2\/posts\/8160","targetHints":{"allow":["GET"]}}],"collection":[{"href":"https:\/\/kibrisdakik.com\/index.php?rest_route=\/wp\/v2\/posts"}],"about":[{"href":"https:\/\/kibrisdakik.com\/index.php?rest_route=\/wp\/v2\/types\/post"}],"author":[{"embeddable":true,"href":"https:\/\/kibrisdakik.com\/index.php?rest_route=\/wp\/v2\/users\/1"}],"replies":[{"embeddable":true,"href":"https:\/\/kibrisdakik.com\/index.php?rest_route=%2Fwp%2Fv2%2Fcomments&post=8160"}],"version-history":[{"count":0,"href":"https:\/\/kibrisdakik.com\/index.php?rest_route=\/wp\/v2\/posts\/8160\/revisions"}],"wp:featuredmedia":[{"embeddable":true,"href":"https:\/\/kibrisdakik.com\/index.php?rest_route=\/wp\/v2\/media\/8161"}],"wp:attachment":[{"href":"https:\/\/kibrisdakik.com\/index.php?rest_route=%2Fwp%2Fv2%2Fmedia&parent=8160"}],"wp:term":[{"taxonomy":"category","embeddable":true,"href":"https:\/\/kibrisdakik.com\/index.php?rest_route=%2Fwp%2Fv2%2Fcategories&post=8160"},{"taxonomy":"post_tag","embeddable":true,"href":"https:\/\/kibrisdakik.com\/index.php?rest_route=%2Fwp%2Fv2%2Ftags&post=8160"}],"curies":[{"name":"wp","href":"https:\/\/api.w.org\/{rel}","templated":true}]}}