{"id":81616,"date":"2025-05-06T10:36:29","date_gmt":"2025-05-06T07:36:29","guid":{"rendered":"https:\/\/kibrisdakik.com\/index.php\/2025\/05\/06\/kamusen-baskani-atangecici-ve-sozlesmeli-personeli-guvence-altina-alacak-yasa-meclisten-gecirilmeli\/"},"modified":"2025-05-06T10:36:29","modified_gmt":"2025-05-06T07:36:29","slug":"kamusen-baskani-atangecici-ve-sozlesmeli-personeli-guvence-altina-alacak-yasa-meclisten-gecirilmeli","status":"publish","type":"post","link":"https:\/\/kibrisdakik.com\/?p=81616","title":{"rendered":"KAMUSEN Ba\u015fkan\u0131 Atan:Ge\u00e7ici ve s\u00f6zle\u015fmeli personeli g\u00fcvence alt\u0131na alacak yasa Meclis\u2019ten ge\u00e7irilmeli"},"content":{"rendered":"<div>\n<div class=\"mariselle-image-container center\">\n                                            <\/div>\n<p>K\u0131br\u0131s T\u00fcrk Kamu G\u00f6revlileri Sendikas\u0131 (KAMUSEN)  Ba\u015fkan\u0131 Metin Atan, ge\u00e7ici ve s\u00f6zle\u015fmeli personelin y\u0131llard\u0131r belirsizlik i\u00e7inde g\u00f6rev yapt\u0131\u011f\u0131n\u0131 savunarak, \u00e7al\u0131\u015fanlar\u0131 g\u00fcvence alt\u0131na alacak yasan\u0131n bir an \u00f6nce Cumhuriyet Meclisi\u2019nden ge\u00e7irilmesini talep etti.<\/p>\n<p>S\u00f6z konusu yasan\u0131n bayram sonras\u0131nda Meclis\u2019e sunulaca\u011f\u0131na dair kendilerine s\u00f6z verildi\u011fini de savunan Atan, Ba\u015fbakan \u00dcnal \u00dcstel\u2019e \u201cVerdi\u011finiz s\u00f6z\u00fc tutun.\u201d diyerek seslendi.<\/p>\n<p>Metin Atan yaz\u0131l\u0131 a\u00e7\u0131klamas\u0131nda, personelin kaderinin oyalama taktiklerine b\u0131rak\u0131lamayaca\u011f\u0131n\u0131 da ifade ederek,  \u201cSay\u0131n Ba\u015fbakan, kamuoyunun \u00f6n\u00fcnde verdi\u011finiz s\u00f6z\u00fc yerine getirin. Emek\u00e7ilerin hakk\u0131 daha fazla ertelenemez.\u201d ifadelerini kulland\u0131.<\/p>\n<p>KAMUSEN olarak s\u00fcrecin takip\u00e7isi olacaklar\u0131n\u0131 s\u00f6yleyen Metin Atan, \u201cVerilen s\u00f6zler g\u00fcven duygusunun temelidir; gere\u011fi derhal yap\u0131lmal\u0131.\u201d dedi.<\/p>\n<\/p><\/div>\n<p><script async\n                    defer\n                    crossorigin=\"anonymous\"\n                    src=\"https:\/\/connect.facebook.net\/tr_TR\/sdk.js#xfbml=1&#038;version=v3.3\"\n            ><\/script><\/p>\n","protected":false},"excerpt":{"rendered":"<p>K\u0131br\u0131s T\u00fcrk Kamu G\u00f6revlileri Sendikas\u0131 (KAMUSEN) Ba\u015fkan\u0131 Metin Atan, ge\u00e7ici ve s\u00f6zle\u015fmeli personelin y\u0131llard\u0131r belirsizlik i\u00e7inde g\u00f6rev yapt\u0131\u011f\u0131n\u0131 savunarak, \u00e7al\u0131\u015fanlar\u0131 g\u00fcvence alt\u0131na alacak yasan\u0131n bir an \u00f6nce Cumhuriyet Meclisi\u2019nden ge\u00e7irilmesini talep etti. S\u00f6z konusu yasan\u0131n bayram sonras\u0131nda Meclis\u2019e sunulaca\u011f\u0131na dair kendilerine s\u00f6z verildi\u011fini de savunan Atan, Ba\u015fbakan \u00dcnal \u00dcstel\u2019e \u201cVerdi\u011finiz s\u00f6z\u00fc tutun.\u201d diyerek seslendi. Metin<\/p>\n","protected":false},"author":1,"featured_media":78981,"comment_status":"open","ping_status":"open","sticky":false,"template":"","format":"standard","meta":{"footnotes":""},"categories":[81,101],"tags":[],"class_list":["post-81616","post","type-post","status-publish","format-standard","has-post-thumbnail","hentry","category-kibris","category-manset"],"yoast_head":"<!-- This site is optimized with the Yoast SEO plugin v27.5 - https:\/\/yoast.com\/product\/yoast-seo-wordpress\/ -->\n<title>KAMUSEN Ba\u015fkan\u0131 Atan:Ge\u00e7ici ve s\u00f6zle\u015fmeli personeli g\u00fcvence alt\u0131na alacak yasa Meclis\u2019ten ge\u00e7irilmeli -<\/title>\n<meta name=\"robots\" content=\"index, follow, max-snippet:-1, max-image-preview:large, max-video-preview:-1\" \/>\n<link rel=\"canonical\" href=\"https:\/\/kibrisdakik.com\/?p=81616\" \/>\n<meta property=\"og:locale\" content=\"tr_TR\" \/>\n<meta property=\"og:type\" content=\"article\" \/>\n<meta property=\"og:title\" content=\"KAMUSEN Ba\u015fkan\u0131 Atan:Ge\u00e7ici ve s\u00f6zle\u015fmeli personeli g\u00fcvence alt\u0131na alacak yasa Meclis\u2019ten ge\u00e7irilmeli -\" \/>\n<meta property=\"og:description\" content=\"K\u0131br\u0131s T\u00fcrk Kamu G\u00f6revlileri Sendikas\u0131 (KAMUSEN) Ba\u015fkan\u0131 Metin Atan, ge\u00e7ici ve s\u00f6zle\u015fmeli personelin y\u0131llard\u0131r belirsizlik i\u00e7inde g\u00f6rev yapt\u0131\u011f\u0131n\u0131 savunarak, \u00e7al\u0131\u015fanlar\u0131 g\u00fcvence alt\u0131na alacak yasan\u0131n bir an \u00f6nce Cumhuriyet Meclisi\u2019nden ge\u00e7irilmesini talep etti. S\u00f6z konusu yasan\u0131n bayram sonras\u0131nda Meclis\u2019e sunulaca\u011f\u0131na dair kendilerine s\u00f6z verildi\u011fini de savunan Atan, Ba\u015fbakan \u00dcnal \u00dcstel\u2019e \u201cVerdi\u011finiz s\u00f6z\u00fc tutun.\u201d diyerek seslendi. Metin\" \/>\n<meta property=\"og:url\" content=\"https:\/\/kibrisdakik.com\/?p=81616\" \/>\n<meta property=\"article:published_time\" content=\"2025-05-06T07:36:29+00:00\" \/>\n<meta property=\"og:image\" content=\"https:\/\/kibrisdakik.com\/wp-content\/uploads\/2025\/03\/1743159367426kamusen-son-16027555642-740x420.jpg\" \/>\n\t<meta property=\"og:image:width\" content=\"971\" \/>\n\t<meta property=\"og:image:height\" content=\"551\" \/>\n\t<meta property=\"og:image:type\" content=\"image\/jpeg\" \/>\n<meta name=\"author\" content=\"admin\" \/>\n<meta name=\"twitter:card\" content=\"summary_large_image\" \/>\n<meta name=\"twitter:label1\" content=\"Yazan:\" \/>\n\t<meta name=\"twitter:data1\" content=\"admin\" \/>\n\t<meta name=\"twitter:label2\" content=\"Tahmini okuma s\u00fcresi\" \/>\n\t<meta name=\"twitter:data2\" content=\"1 dakika\" \/>\n<script type=\"application\/ld+json\" class=\"yoast-schema-graph\">{\"@context\":\"https:\\\/\\\/schema.org\",\"@graph\":[{\"@type\":\"Article\",\"@id\":\"https:\\\/\\\/kibrisdakik.com\\\/?p=81616#article\",\"isPartOf\":{\"@id\":\"https:\\\/\\\/kibrisdakik.com\\\/?p=81616\"},\"author\":{\"name\":\"admin\",\"@id\":\"https:\\\/\\\/kibrisdakik.com\\\/#\\\/schema\\\/person\\\/9cd9d437bbb44f72b73ba127e06d8e79\"},\"headline\":\"KAMUSEN Ba\u015fkan\u0131 Atan:Ge\u00e7ici ve s\u00f6zle\u015fmeli personeli g\u00fcvence alt\u0131na alacak yasa Meclis\u2019ten ge\u00e7irilmeli\",\"datePublished\":\"2025-05-06T07:36:29+00:00\",\"mainEntityOfPage\":{\"@id\":\"https:\\\/\\\/kibrisdakik.com\\\/?p=81616\"},\"wordCount\":169,\"commentCount\":0,\"image\":{\"@id\":\"https:\\\/\\\/kibrisdakik.com\\\/?p=81616#primaryimage\"},\"thumbnailUrl\":\"https:\\\/\\\/kibrisdakik.com\\\/wp-content\\\/uploads\\\/2025\\\/03\\\/1743159367426kamusen-son-16027555642-740x420.jpg\",\"articleSection\":[\"K\u0131br\u0131s\",\"Man\u015fet\"],\"inLanguage\":\"tr\",\"potentialAction\":[{\"@type\":\"CommentAction\",\"name\":\"Comment\",\"target\":[\"https:\\\/\\\/kibrisdakik.com\\\/?p=81616#respond\"]}]},{\"@type\":\"WebPage\",\"@id\":\"https:\\\/\\\/kibrisdakik.com\\\/?p=81616\",\"url\":\"https:\\\/\\\/kibrisdakik.com\\\/?p=81616\",\"name\":\"KAMUSEN Ba\u015fkan\u0131 Atan:Ge\u00e7ici ve s\u00f6zle\u015fmeli personeli g\u00fcvence alt\u0131na alacak yasa Meclis\u2019ten ge\u00e7irilmeli -\",\"isPartOf\":{\"@id\":\"https:\\\/\\\/kibrisdakik.com\\\/#website\"},\"primaryImageOfPage\":{\"@id\":\"https:\\\/\\\/kibrisdakik.com\\\/?p=81616#primaryimage\"},\"image\":{\"@id\":\"https:\\\/\\\/kibrisdakik.com\\\/?p=81616#primaryimage\"},\"thumbnailUrl\":\"https:\\\/\\\/kibrisdakik.com\\\/wp-content\\\/uploads\\\/2025\\\/03\\\/1743159367426kamusen-son-16027555642-740x420.jpg\",\"datePublished\":\"2025-05-06T07:36:29+00:00\",\"author\":{\"@id\":\"https:\\\/\\\/kibrisdakik.com\\\/#\\\/schema\\\/person\\\/9cd9d437bbb44f72b73ba127e06d8e79\"},\"breadcrumb\":{\"@id\":\"https:\\\/\\\/kibrisdakik.com\\\/?p=81616#breadcrumb\"},\"inLanguage\":\"tr\",\"potentialAction\":[{\"@type\":\"ReadAction\",\"target\":[\"https:\\\/\\\/kibrisdakik.com\\\/?p=81616\"]}]},{\"@type\":\"ImageObject\",\"inLanguage\":\"tr\",\"@id\":\"https:\\\/\\\/kibrisdakik.com\\\/?p=81616#primaryimage\",\"url\":\"https:\\\/\\\/kibrisdakik.com\\\/wp-content\\\/uploads\\\/2025\\\/03\\\/1743159367426kamusen-son-16027555642-740x420.jpg\",\"contentUrl\":\"https:\\\/\\\/kibrisdakik.com\\\/wp-content\\\/uploads\\\/2025\\\/03\\\/1743159367426kamusen-son-16027555642-740x420.jpg\",\"width\":971,\"height\":551},{\"@type\":\"BreadcrumbList\",\"@id\":\"https:\\\/\\\/kibrisdakik.com\\\/?p=81616#breadcrumb\",\"itemListElement\":[{\"@type\":\"ListItem\",\"position\":1,\"name\":\"Home\",\"item\":\"https:\\\/\\\/kibrisdakik.com\\\/\"},{\"@type\":\"ListItem\",\"position\":2,\"name\":\"KAMUSEN Ba\u015fkan\u0131 Atan:Ge\u00e7ici ve s\u00f6zle\u015fmeli personeli g\u00fcvence alt\u0131na alacak yasa Meclis\u2019ten ge\u00e7irilmeli\"}]},{\"@type\":\"WebSite\",\"@id\":\"https:\\\/\\\/kibrisdakik.com\\\/#website\",\"url\":\"https:\\\/\\\/kibrisdakik.com\\\/\",\"name\":\"\",\"description\":\"Tam vaktinde haber\",\"potentialAction\":[{\"@type\":\"SearchAction\",\"target\":{\"@type\":\"EntryPoint\",\"urlTemplate\":\"https:\\\/\\\/kibrisdakik.com\\\/?s={search_term_string}\"},\"query-input\":{\"@type\":\"PropertyValueSpecification\",\"valueRequired\":true,\"valueName\":\"search_term_string\"}}],\"inLanguage\":\"tr\"},{\"@type\":\"Person\",\"@id\":\"https:\\\/\\\/kibrisdakik.com\\\/#\\\/schema\\\/person\\\/9cd9d437bbb44f72b73ba127e06d8e79\",\"name\":\"admin\",\"image\":{\"@type\":\"ImageObject\",\"inLanguage\":\"tr\",\"@id\":\"https:\\\/\\\/secure.gravatar.com\\\/avatar\\\/ccc17943b9d660506c869530f897617f7cb1c21a4bf30023f252596d83e1f007?s=96&d=mm&r=g\",\"url\":\"https:\\\/\\\/secure.gravatar.com\\\/avatar\\\/ccc17943b9d660506c869530f897617f7cb1c21a4bf30023f252596d83e1f007?s=96&d=mm&r=g\",\"contentUrl\":\"https:\\\/\\\/secure.gravatar.com\\\/avatar\\\/ccc17943b9d660506c869530f897617f7cb1c21a4bf30023f252596d83e1f007?s=96&d=mm&r=g\",\"caption\":\"admin\"},\"sameAs\":[\"https:\\\/\\\/kibrisdakik.com\"],\"url\":\"https:\\\/\\\/kibrisdakik.com\\\/?author=1\"}]}<\/script>\n<!-- \/ Yoast SEO plugin. -->","yoast_head_json":{"title":"KAMUSEN Ba\u015fkan\u0131 Atan:Ge\u00e7ici ve s\u00f6zle\u015fmeli personeli g\u00fcvence alt\u0131na alacak yasa Meclis\u2019ten ge\u00e7irilmeli -","robots":{"index":"index","follow":"follow","max-snippet":"max-snippet:-1","max-image-preview":"max-image-preview:large","max-video-preview":"max-video-preview:-1"},"canonical":"https:\/\/kibrisdakik.com\/?p=81616","og_locale":"tr_TR","og_type":"article","og_title":"KAMUSEN Ba\u015fkan\u0131 Atan:Ge\u00e7ici ve s\u00f6zle\u015fmeli personeli g\u00fcvence alt\u0131na alacak yasa Meclis\u2019ten ge\u00e7irilmeli -","og_description":"K\u0131br\u0131s T\u00fcrk Kamu G\u00f6revlileri Sendikas\u0131 (KAMUSEN) Ba\u015fkan\u0131 Metin Atan, ge\u00e7ici ve s\u00f6zle\u015fmeli personelin y\u0131llard\u0131r belirsizlik i\u00e7inde g\u00f6rev yapt\u0131\u011f\u0131n\u0131 savunarak, \u00e7al\u0131\u015fanlar\u0131 g\u00fcvence alt\u0131na alacak yasan\u0131n bir an \u00f6nce Cumhuriyet Meclisi\u2019nden ge\u00e7irilmesini talep etti. S\u00f6z konusu yasan\u0131n bayram sonras\u0131nda Meclis\u2019e sunulaca\u011f\u0131na dair kendilerine s\u00f6z verildi\u011fini de savunan Atan, Ba\u015fbakan \u00dcnal \u00dcstel\u2019e \u201cVerdi\u011finiz s\u00f6z\u00fc tutun.\u201d diyerek seslendi. Metin","og_url":"https:\/\/kibrisdakik.com\/?p=81616","article_published_time":"2025-05-06T07:36:29+00:00","og_image":[{"width":971,"height":551,"url":"https:\/\/kibrisdakik.com\/wp-content\/uploads\/2025\/03\/1743159367426kamusen-son-16027555642-740x420.jpg","type":"image\/jpeg"}],"author":"admin","twitter_card":"summary_large_image","twitter_misc":{"Yazan:":"admin","Tahmini okuma s\u00fcresi":"1 dakika"},"schema":{"@context":"https:\/\/schema.org","@graph":[{"@type":"Article","@id":"https:\/\/kibrisdakik.com\/?p=81616#article","isPartOf":{"@id":"https:\/\/kibrisdakik.com\/?p=81616"},"author":{"name":"admin","@id":"https:\/\/kibrisdakik.com\/#\/schema\/person\/9cd9d437bbb44f72b73ba127e06d8e79"},"headline":"KAMUSEN Ba\u015fkan\u0131 Atan:Ge\u00e7ici ve s\u00f6zle\u015fmeli personeli g\u00fcvence alt\u0131na alacak yasa Meclis\u2019ten ge\u00e7irilmeli","datePublished":"2025-05-06T07:36:29+00:00","mainEntityOfPage":{"@id":"https:\/\/kibrisdakik.com\/?p=81616"},"wordCount":169,"commentCount":0,"image":{"@id":"https:\/\/kibrisdakik.com\/?p=81616#primaryimage"},"thumbnailUrl":"https:\/\/kibrisdakik.com\/wp-content\/uploads\/2025\/03\/1743159367426kamusen-son-16027555642-740x420.jpg","articleSection":["K\u0131br\u0131s","Man\u015fet"],"inLanguage":"tr","potentialAction":[{"@type":"CommentAction","name":"Comment","target":["https:\/\/kibrisdakik.com\/?p=81616#respond"]}]},{"@type":"WebPage","@id":"https:\/\/kibrisdakik.com\/?p=81616","url":"https:\/\/kibrisdakik.com\/?p=81616","name":"KAMUSEN Ba\u015fkan\u0131 Atan:Ge\u00e7ici ve s\u00f6zle\u015fmeli personeli g\u00fcvence alt\u0131na alacak yasa Meclis\u2019ten ge\u00e7irilmeli -","isPartOf":{"@id":"https:\/\/kibrisdakik.com\/#website"},"primaryImageOfPage":{"@id":"https:\/\/kibrisdakik.com\/?p=81616#primaryimage"},"image":{"@id":"https:\/\/kibrisdakik.com\/?p=81616#primaryimage"},"thumbnailUrl":"https:\/\/kibrisdakik.com\/wp-content\/uploads\/2025\/03\/1743159367426kamusen-son-16027555642-740x420.jpg","datePublished":"2025-05-06T07:36:29+00:00","author":{"@id":"https:\/\/kibrisdakik.com\/#\/schema\/person\/9cd9d437bbb44f72b73ba127e06d8e79"},"breadcrumb":{"@id":"https:\/\/kibrisdakik.com\/?p=81616#breadcrumb"},"inLanguage":"tr","potentialAction":[{"@type":"ReadAction","target":["https:\/\/kibrisdakik.com\/?p=81616"]}]},{"@type":"ImageObject","inLanguage":"tr","@id":"https:\/\/kibrisdakik.com\/?p=81616#primaryimage","url":"https:\/\/kibrisdakik.com\/wp-content\/uploads\/2025\/03\/1743159367426kamusen-son-16027555642-740x420.jpg","contentUrl":"https:\/\/kibrisdakik.com\/wp-content\/uploads\/2025\/03\/1743159367426kamusen-son-16027555642-740x420.jpg","width":971,"height":551},{"@type":"BreadcrumbList","@id":"https:\/\/kibrisdakik.com\/?p=81616#breadcrumb","itemListElement":[{"@type":"ListItem","position":1,"name":"Home","item":"https:\/\/kibrisdakik.com\/"},{"@type":"ListItem","position":2,"name":"KAMUSEN Ba\u015fkan\u0131 Atan:Ge\u00e7ici ve s\u00f6zle\u015fmeli personeli g\u00fcvence alt\u0131na alacak yasa Meclis\u2019ten ge\u00e7irilmeli"}]},{"@type":"WebSite","@id":"https:\/\/kibrisdakik.com\/#website","url":"https:\/\/kibrisdakik.com\/","name":"","description":"Tam vaktinde haber","potentialAction":[{"@type":"SearchAction","target":{"@type":"EntryPoint","urlTemplate":"https:\/\/kibrisdakik.com\/?s={search_term_string}"},"query-input":{"@type":"PropertyValueSpecification","valueRequired":true,"valueName":"search_term_string"}}],"inLanguage":"tr"},{"@type":"Person","@id":"https:\/\/kibrisdakik.com\/#\/schema\/person\/9cd9d437bbb44f72b73ba127e06d8e79","name":"admin","image":{"@type":"ImageObject","inLanguage":"tr","@id":"https:\/\/secure.gravatar.com\/avatar\/ccc17943b9d660506c869530f897617f7cb1c21a4bf30023f252596d83e1f007?s=96&d=mm&r=g","url":"https:\/\/secure.gravatar.com\/avatar\/ccc17943b9d660506c869530f897617f7cb1c21a4bf30023f252596d83e1f007?s=96&d=mm&r=g","contentUrl":"https:\/\/secure.gravatar.com\/avatar\/ccc17943b9d660506c869530f897617f7cb1c21a4bf30023f252596d83e1f007?s=96&d=mm&r=g","caption":"admin"},"sameAs":["https:\/\/kibrisdakik.com"],"url":"https:\/\/kibrisdakik.com\/?author=1"}]}},"_links":{"self":[{"href":"https:\/\/kibrisdakik.com\/index.php?rest_route=\/wp\/v2\/posts\/81616","targetHints":{"allow":["GET"]}}],"collection":[{"href":"https:\/\/kibrisdakik.com\/index.php?rest_route=\/wp\/v2\/posts"}],"about":[{"href":"https:\/\/kibrisdakik.com\/index.php?rest_route=\/wp\/v2\/types\/post"}],"author":[{"embeddable":true,"href":"https:\/\/kibrisdakik.com\/index.php?rest_route=\/wp\/v2\/users\/1"}],"replies":[{"embeddable":true,"href":"https:\/\/kibrisdakik.com\/index.php?rest_route=%2Fwp%2Fv2%2Fcomments&post=81616"}],"version-history":[{"count":0,"href":"https:\/\/kibrisdakik.com\/index.php?rest_route=\/wp\/v2\/posts\/81616\/revisions"}],"wp:featuredmedia":[{"embeddable":true,"href":"https:\/\/kibrisdakik.com\/index.php?rest_route=\/wp\/v2\/media\/78981"}],"wp:attachment":[{"href":"https:\/\/kibrisdakik.com\/index.php?rest_route=%2Fwp%2Fv2%2Fmedia&parent=81616"}],"wp:term":[{"taxonomy":"category","embeddable":true,"href":"https:\/\/kibrisdakik.com\/index.php?rest_route=%2Fwp%2Fv2%2Fcategories&post=81616"},{"taxonomy":"post_tag","embeddable":true,"href":"https:\/\/kibrisdakik.com\/index.php?rest_route=%2Fwp%2Fv2%2Ftags&post=81616"}],"curies":[{"name":"wp","href":"https:\/\/api.w.org\/{rel}","templated":true}]}}