{"id":81643,"date":"2025-05-06T09:48:00","date_gmt":"2025-05-06T06:48:00","guid":{"rendered":"https:\/\/kibrisdakik.com\/index.php\/2025\/05\/06\/alsancaktaki-kazada-iki-surucuye-de-yasal-islem\/"},"modified":"2025-05-06T09:48:00","modified_gmt":"2025-05-06T06:48:00","slug":"alsancaktaki-kazada-iki-surucuye-de-yasal-islem","status":"publish","type":"post","link":"https:\/\/kibrisdakik.com\/?p=81643","title":{"rendered":"Alsancak\u2019taki kazada iki s\u00fcr\u00fcc\u00fcye de yasal i\u015flem"},"content":{"rendered":"<p><\/p>\n<div>\n<div class=\"mariselle-image-container center\">\n                <img loading=\"lazy\" decoding=\"async\" width=\"930\" height=\"410\" class=\"lazy-image\" alt=\"\" sizes=\"auto, (max-width: 930px) 100vw, 930px\" src=\"https:\/\/brtk.net\/wp-content\/uploads\/2025\/03\/23\/1742730584489polis-3118.jpg?ver=92ddc2ae4b9083866767a09fcc27f548\" srcset=\"https:\/\/brtk.net\/wp-content\/uploads\/2025\/03\/23\/1742730584489polis-3118.jpg?ver=92ddc2ae4b9083866767a09fcc27f548 930w, https:\/\/brtk.net\/wp-content\/uploads\/2025\/03\/23\/1742730584489polis-3118-300x132.jpg?ver=288f0f435466b58b4a14dd3273548945 300w, https:\/\/brtk.net\/wp-content\/uploads\/2025\/03\/23\/1742730584489polis-3118-768x339.jpg?ver=288f0f435466b58b4a14dd3273548945 768w\"\/>                            <\/div>\n<p>\nAlsancak\u2019ta d\u00fcn gece meydana gelen trafik kazas\u0131 nedeniyle hem kazaya neden olan s\u00fcr\u00fcc\u00fc hem de \u00e7arpt\u0131\u011f\u0131 alkoll\u00fc s\u00fcr\u00fcc\u00fc hakk\u0131nda yasal i\u015flem ba\u015flat\u0131ld\u0131.<\/p>\n<p>Polis Bas\u0131n Subayl\u0131\u011f\u0131\u2019ndan yap\u0131lan a\u00e7\u0131klamaya g\u00f6re \u0130pek S\u00fcp\u00fcrgeci (K-28), saat 22.30 s\u0131ralar\u0131nda Karao\u011flano\u011flu Caddesi \u00fczerinde, y\u00f6netimindeki YB 748 plakal\u0131 salon ara\u00e7 ile do\u011fu istikametine do\u011fru seyretti\u011fi s\u0131rada \u00e7embere geldi\u011finde, sa\u011fdan gelen ara\u00e7lara \u00f6ncelik vermeden \u00e7embere giri\u015f yapt\u0131.<\/p>\n<p>S\u00fcp\u00fcrgeci arac\u0131yla, o esnada ayn\u0131 cadde \u00fczerinde \u00e7emberi kuzey istikametine do\u011fru d\u00f6nen 98 miligram alkoll\u00fc i\u00e7ki tesiri alt\u0131ndaki Birtan Menak (E-36) y\u00f6netimindeki NK 118 plakal\u0131 arac\u0131n sol yan k\u0131sm\u0131na \u00e7arpt\u0131.<\/p>\n<p>Kaza sonucu yaralanan olmad\u0131. Ara\u00e7 s\u00fcr\u00fcc\u00fcleri aleyhinde yasal i\u015flem ba\u015flat\u0131ld\u0131.<\/p>\n<\/p><\/div>\n<p><script async\n                    defer\n                    crossorigin=\"anonymous\"\n                    src=\"https:\/\/connect.facebook.net\/tr_TR\/sdk.js#xfbml=1&#038;version=v3.3\"\n            ><\/script><\/p>\n","protected":false},"excerpt":{"rendered":"<p>Alsancak\u2019ta d\u00fcn gece meydana gelen trafik kazas\u0131 nedeniyle hem kazaya neden olan s\u00fcr\u00fcc\u00fc hem de \u00e7arpt\u0131\u011f\u0131 alkoll\u00fc s\u00fcr\u00fcc\u00fc hakk\u0131nda yasal i\u015flem ba\u015flat\u0131ld\u0131. Polis Bas\u0131n Subayl\u0131\u011f\u0131\u2019ndan yap\u0131lan a\u00e7\u0131klamaya g\u00f6re \u0130pek S\u00fcp\u00fcrgeci (K-28), saat 22.30 s\u0131ralar\u0131nda Karao\u011flano\u011flu Caddesi \u00fczerinde, y\u00f6netimindeki YB 748 plakal\u0131 salon ara\u00e7 ile do\u011fu istikametine do\u011fru seyretti\u011fi s\u0131rada \u00e7embere geldi\u011finde, sa\u011fdan gelen ara\u00e7lara \u00f6ncelik<\/p>\n","protected":false},"author":1,"featured_media":81245,"comment_status":"open","ping_status":"open","sticky":false,"template":"","format":"standard","meta":{"footnotes":""},"categories":[1,101],"tags":[],"class_list":["post-81643","post","type-post","status-publish","format-standard","has-post-thumbnail","hentry","category-gundem","category-manset"],"yoast_head":"<!-- This site is optimized with the Yoast SEO plugin v27.5 - https:\/\/yoast.com\/product\/yoast-seo-wordpress\/ -->\n<title>Alsancak\u2019taki kazada iki s\u00fcr\u00fcc\u00fcye de yasal i\u015flem -<\/title>\n<meta name=\"robots\" content=\"index, follow, max-snippet:-1, max-image-preview:large, max-video-preview:-1\" \/>\n<link rel=\"canonical\" href=\"https:\/\/kibrisdakik.com\/?p=81643\" \/>\n<meta property=\"og:locale\" content=\"tr_TR\" \/>\n<meta property=\"og:type\" content=\"article\" \/>\n<meta property=\"og:title\" content=\"Alsancak\u2019taki kazada iki s\u00fcr\u00fcc\u00fcye de yasal i\u015flem -\" \/>\n<meta property=\"og:description\" content=\"Alsancak\u2019ta d\u00fcn gece meydana gelen trafik kazas\u0131 nedeniyle hem kazaya neden olan s\u00fcr\u00fcc\u00fc hem de \u00e7arpt\u0131\u011f\u0131 alkoll\u00fc s\u00fcr\u00fcc\u00fc hakk\u0131nda yasal i\u015flem ba\u015flat\u0131ld\u0131. Polis Bas\u0131n Subayl\u0131\u011f\u0131\u2019ndan yap\u0131lan a\u00e7\u0131klamaya g\u00f6re \u0130pek S\u00fcp\u00fcrgeci (K-28), saat 22.30 s\u0131ralar\u0131nda Karao\u011flano\u011flu Caddesi \u00fczerinde, y\u00f6netimindeki YB 748 plakal\u0131 salon ara\u00e7 ile do\u011fu istikametine do\u011fru seyretti\u011fi s\u0131rada \u00e7embere geldi\u011finde, sa\u011fdan gelen ara\u00e7lara \u00f6ncelik\" \/>\n<meta property=\"og:url\" content=\"https:\/\/kibrisdakik.com\/?p=81643\" \/>\n<meta property=\"article:published_time\" content=\"2025-05-06T06:48:00+00:00\" \/>\n<meta property=\"og:image\" content=\"https:\/\/kibrisdakik.com\/wp-content\/uploads\/2025\/04\/1745570702141POLIS.jpg\" \/>\n\t<meta property=\"og:image:width\" content=\"302\" \/>\n\t<meta property=\"og:image:height\" content=\"167\" \/>\n\t<meta property=\"og:image:type\" content=\"image\/jpeg\" \/>\n<meta name=\"author\" content=\"admin\" \/>\n<meta name=\"twitter:card\" content=\"summary_large_image\" \/>\n<meta name=\"twitter:label1\" content=\"Yazan:\" \/>\n\t<meta name=\"twitter:data1\" content=\"admin\" \/>\n\t<meta name=\"twitter:label2\" content=\"Tahmini okuma s\u00fcresi\" \/>\n\t<meta name=\"twitter:data2\" content=\"1 dakika\" \/>\n<script type=\"application\/ld+json\" class=\"yoast-schema-graph\">{\"@context\":\"https:\\\/\\\/schema.org\",\"@graph\":[{\"@type\":\"Article\",\"@id\":\"https:\\\/\\\/kibrisdakik.com\\\/?p=81643#article\",\"isPartOf\":{\"@id\":\"https:\\\/\\\/kibrisdakik.com\\\/?p=81643\"},\"author\":{\"name\":\"admin\",\"@id\":\"https:\\\/\\\/kibrisdakik.com\\\/#\\\/schema\\\/person\\\/9cd9d437bbb44f72b73ba127e06d8e79\"},\"headline\":\"Alsancak\u2019taki kazada iki s\u00fcr\u00fcc\u00fcye de yasal i\u015flem\",\"datePublished\":\"2025-05-06T06:48:00+00:00\",\"mainEntityOfPage\":{\"@id\":\"https:\\\/\\\/kibrisdakik.com\\\/?p=81643\"},\"wordCount\":153,\"commentCount\":0,\"image\":{\"@id\":\"https:\\\/\\\/kibrisdakik.com\\\/?p=81643#primaryimage\"},\"thumbnailUrl\":\"https:\\\/\\\/kibrisdakik.com\\\/wp-content\\\/uploads\\\/2025\\\/04\\\/1745570702141POLIS.jpg\",\"articleSection\":[\"G\u00fcndem\",\"Man\u015fet\"],\"inLanguage\":\"tr\",\"potentialAction\":[{\"@type\":\"CommentAction\",\"name\":\"Comment\",\"target\":[\"https:\\\/\\\/kibrisdakik.com\\\/?p=81643#respond\"]}]},{\"@type\":\"WebPage\",\"@id\":\"https:\\\/\\\/kibrisdakik.com\\\/?p=81643\",\"url\":\"https:\\\/\\\/kibrisdakik.com\\\/?p=81643\",\"name\":\"Alsancak\u2019taki kazada iki s\u00fcr\u00fcc\u00fcye de yasal i\u015flem -\",\"isPartOf\":{\"@id\":\"https:\\\/\\\/kibrisdakik.com\\\/#website\"},\"primaryImageOfPage\":{\"@id\":\"https:\\\/\\\/kibrisdakik.com\\\/?p=81643#primaryimage\"},\"image\":{\"@id\":\"https:\\\/\\\/kibrisdakik.com\\\/?p=81643#primaryimage\"},\"thumbnailUrl\":\"https:\\\/\\\/kibrisdakik.com\\\/wp-content\\\/uploads\\\/2025\\\/04\\\/1745570702141POLIS.jpg\",\"datePublished\":\"2025-05-06T06:48:00+00:00\",\"author\":{\"@id\":\"https:\\\/\\\/kibrisdakik.com\\\/#\\\/schema\\\/person\\\/9cd9d437bbb44f72b73ba127e06d8e79\"},\"breadcrumb\":{\"@id\":\"https:\\\/\\\/kibrisdakik.com\\\/?p=81643#breadcrumb\"},\"inLanguage\":\"tr\",\"potentialAction\":[{\"@type\":\"ReadAction\",\"target\":[\"https:\\\/\\\/kibrisdakik.com\\\/?p=81643\"]}]},{\"@type\":\"ImageObject\",\"inLanguage\":\"tr\",\"@id\":\"https:\\\/\\\/kibrisdakik.com\\\/?p=81643#primaryimage\",\"url\":\"https:\\\/\\\/kibrisdakik.com\\\/wp-content\\\/uploads\\\/2025\\\/04\\\/1745570702141POLIS.jpg\",\"contentUrl\":\"https:\\\/\\\/kibrisdakik.com\\\/wp-content\\\/uploads\\\/2025\\\/04\\\/1745570702141POLIS.jpg\",\"width\":302,\"height\":167},{\"@type\":\"BreadcrumbList\",\"@id\":\"https:\\\/\\\/kibrisdakik.com\\\/?p=81643#breadcrumb\",\"itemListElement\":[{\"@type\":\"ListItem\",\"position\":1,\"name\":\"Home\",\"item\":\"https:\\\/\\\/kibrisdakik.com\\\/\"},{\"@type\":\"ListItem\",\"position\":2,\"name\":\"Alsancak\u2019taki kazada iki s\u00fcr\u00fcc\u00fcye de yasal i\u015flem\"}]},{\"@type\":\"WebSite\",\"@id\":\"https:\\\/\\\/kibrisdakik.com\\\/#website\",\"url\":\"https:\\\/\\\/kibrisdakik.com\\\/\",\"name\":\"\",\"description\":\"Tam vaktinde haber\",\"potentialAction\":[{\"@type\":\"SearchAction\",\"target\":{\"@type\":\"EntryPoint\",\"urlTemplate\":\"https:\\\/\\\/kibrisdakik.com\\\/?s={search_term_string}\"},\"query-input\":{\"@type\":\"PropertyValueSpecification\",\"valueRequired\":true,\"valueName\":\"search_term_string\"}}],\"inLanguage\":\"tr\"},{\"@type\":\"Person\",\"@id\":\"https:\\\/\\\/kibrisdakik.com\\\/#\\\/schema\\\/person\\\/9cd9d437bbb44f72b73ba127e06d8e79\",\"name\":\"admin\",\"image\":{\"@type\":\"ImageObject\",\"inLanguage\":\"tr\",\"@id\":\"https:\\\/\\\/secure.gravatar.com\\\/avatar\\\/ccc17943b9d660506c869530f897617f7cb1c21a4bf30023f252596d83e1f007?s=96&d=mm&r=g\",\"url\":\"https:\\\/\\\/secure.gravatar.com\\\/avatar\\\/ccc17943b9d660506c869530f897617f7cb1c21a4bf30023f252596d83e1f007?s=96&d=mm&r=g\",\"contentUrl\":\"https:\\\/\\\/secure.gravatar.com\\\/avatar\\\/ccc17943b9d660506c869530f897617f7cb1c21a4bf30023f252596d83e1f007?s=96&d=mm&r=g\",\"caption\":\"admin\"},\"sameAs\":[\"https:\\\/\\\/kibrisdakik.com\"],\"url\":\"https:\\\/\\\/kibrisdakik.com\\\/?author=1\"}]}<\/script>\n<!-- \/ Yoast SEO plugin. -->","yoast_head_json":{"title":"Alsancak\u2019taki kazada iki s\u00fcr\u00fcc\u00fcye de yasal i\u015flem -","robots":{"index":"index","follow":"follow","max-snippet":"max-snippet:-1","max-image-preview":"max-image-preview:large","max-video-preview":"max-video-preview:-1"},"canonical":"https:\/\/kibrisdakik.com\/?p=81643","og_locale":"tr_TR","og_type":"article","og_title":"Alsancak\u2019taki kazada iki s\u00fcr\u00fcc\u00fcye de yasal i\u015flem -","og_description":"Alsancak\u2019ta d\u00fcn gece meydana gelen trafik kazas\u0131 nedeniyle hem kazaya neden olan s\u00fcr\u00fcc\u00fc hem de \u00e7arpt\u0131\u011f\u0131 alkoll\u00fc s\u00fcr\u00fcc\u00fc hakk\u0131nda yasal i\u015flem ba\u015flat\u0131ld\u0131. Polis Bas\u0131n Subayl\u0131\u011f\u0131\u2019ndan yap\u0131lan a\u00e7\u0131klamaya g\u00f6re \u0130pek S\u00fcp\u00fcrgeci (K-28), saat 22.30 s\u0131ralar\u0131nda Karao\u011flano\u011flu Caddesi \u00fczerinde, y\u00f6netimindeki YB 748 plakal\u0131 salon ara\u00e7 ile do\u011fu istikametine do\u011fru seyretti\u011fi s\u0131rada \u00e7embere geldi\u011finde, sa\u011fdan gelen ara\u00e7lara \u00f6ncelik","og_url":"https:\/\/kibrisdakik.com\/?p=81643","article_published_time":"2025-05-06T06:48:00+00:00","og_image":[{"width":302,"height":167,"url":"https:\/\/kibrisdakik.com\/wp-content\/uploads\/2025\/04\/1745570702141POLIS.jpg","type":"image\/jpeg"}],"author":"admin","twitter_card":"summary_large_image","twitter_misc":{"Yazan:":"admin","Tahmini okuma s\u00fcresi":"1 dakika"},"schema":{"@context":"https:\/\/schema.org","@graph":[{"@type":"Article","@id":"https:\/\/kibrisdakik.com\/?p=81643#article","isPartOf":{"@id":"https:\/\/kibrisdakik.com\/?p=81643"},"author":{"name":"admin","@id":"https:\/\/kibrisdakik.com\/#\/schema\/person\/9cd9d437bbb44f72b73ba127e06d8e79"},"headline":"Alsancak\u2019taki kazada iki s\u00fcr\u00fcc\u00fcye de yasal i\u015flem","datePublished":"2025-05-06T06:48:00+00:00","mainEntityOfPage":{"@id":"https:\/\/kibrisdakik.com\/?p=81643"},"wordCount":153,"commentCount":0,"image":{"@id":"https:\/\/kibrisdakik.com\/?p=81643#primaryimage"},"thumbnailUrl":"https:\/\/kibrisdakik.com\/wp-content\/uploads\/2025\/04\/1745570702141POLIS.jpg","articleSection":["G\u00fcndem","Man\u015fet"],"inLanguage":"tr","potentialAction":[{"@type":"CommentAction","name":"Comment","target":["https:\/\/kibrisdakik.com\/?p=81643#respond"]}]},{"@type":"WebPage","@id":"https:\/\/kibrisdakik.com\/?p=81643","url":"https:\/\/kibrisdakik.com\/?p=81643","name":"Alsancak\u2019taki kazada iki s\u00fcr\u00fcc\u00fcye de yasal i\u015flem -","isPartOf":{"@id":"https:\/\/kibrisdakik.com\/#website"},"primaryImageOfPage":{"@id":"https:\/\/kibrisdakik.com\/?p=81643#primaryimage"},"image":{"@id":"https:\/\/kibrisdakik.com\/?p=81643#primaryimage"},"thumbnailUrl":"https:\/\/kibrisdakik.com\/wp-content\/uploads\/2025\/04\/1745570702141POLIS.jpg","datePublished":"2025-05-06T06:48:00+00:00","author":{"@id":"https:\/\/kibrisdakik.com\/#\/schema\/person\/9cd9d437bbb44f72b73ba127e06d8e79"},"breadcrumb":{"@id":"https:\/\/kibrisdakik.com\/?p=81643#breadcrumb"},"inLanguage":"tr","potentialAction":[{"@type":"ReadAction","target":["https:\/\/kibrisdakik.com\/?p=81643"]}]},{"@type":"ImageObject","inLanguage":"tr","@id":"https:\/\/kibrisdakik.com\/?p=81643#primaryimage","url":"https:\/\/kibrisdakik.com\/wp-content\/uploads\/2025\/04\/1745570702141POLIS.jpg","contentUrl":"https:\/\/kibrisdakik.com\/wp-content\/uploads\/2025\/04\/1745570702141POLIS.jpg","width":302,"height":167},{"@type":"BreadcrumbList","@id":"https:\/\/kibrisdakik.com\/?p=81643#breadcrumb","itemListElement":[{"@type":"ListItem","position":1,"name":"Home","item":"https:\/\/kibrisdakik.com\/"},{"@type":"ListItem","position":2,"name":"Alsancak\u2019taki kazada iki s\u00fcr\u00fcc\u00fcye de yasal i\u015flem"}]},{"@type":"WebSite","@id":"https:\/\/kibrisdakik.com\/#website","url":"https:\/\/kibrisdakik.com\/","name":"","description":"Tam vaktinde haber","potentialAction":[{"@type":"SearchAction","target":{"@type":"EntryPoint","urlTemplate":"https:\/\/kibrisdakik.com\/?s={search_term_string}"},"query-input":{"@type":"PropertyValueSpecification","valueRequired":true,"valueName":"search_term_string"}}],"inLanguage":"tr"},{"@type":"Person","@id":"https:\/\/kibrisdakik.com\/#\/schema\/person\/9cd9d437bbb44f72b73ba127e06d8e79","name":"admin","image":{"@type":"ImageObject","inLanguage":"tr","@id":"https:\/\/secure.gravatar.com\/avatar\/ccc17943b9d660506c869530f897617f7cb1c21a4bf30023f252596d83e1f007?s=96&d=mm&r=g","url":"https:\/\/secure.gravatar.com\/avatar\/ccc17943b9d660506c869530f897617f7cb1c21a4bf30023f252596d83e1f007?s=96&d=mm&r=g","contentUrl":"https:\/\/secure.gravatar.com\/avatar\/ccc17943b9d660506c869530f897617f7cb1c21a4bf30023f252596d83e1f007?s=96&d=mm&r=g","caption":"admin"},"sameAs":["https:\/\/kibrisdakik.com"],"url":"https:\/\/kibrisdakik.com\/?author=1"}]}},"_links":{"self":[{"href":"https:\/\/kibrisdakik.com\/index.php?rest_route=\/wp\/v2\/posts\/81643","targetHints":{"allow":["GET"]}}],"collection":[{"href":"https:\/\/kibrisdakik.com\/index.php?rest_route=\/wp\/v2\/posts"}],"about":[{"href":"https:\/\/kibrisdakik.com\/index.php?rest_route=\/wp\/v2\/types\/post"}],"author":[{"embeddable":true,"href":"https:\/\/kibrisdakik.com\/index.php?rest_route=\/wp\/v2\/users\/1"}],"replies":[{"embeddable":true,"href":"https:\/\/kibrisdakik.com\/index.php?rest_route=%2Fwp%2Fv2%2Fcomments&post=81643"}],"version-history":[{"count":0,"href":"https:\/\/kibrisdakik.com\/index.php?rest_route=\/wp\/v2\/posts\/81643\/revisions"}],"wp:featuredmedia":[{"embeddable":true,"href":"https:\/\/kibrisdakik.com\/index.php?rest_route=\/wp\/v2\/media\/81245"}],"wp:attachment":[{"href":"https:\/\/kibrisdakik.com\/index.php?rest_route=%2Fwp%2Fv2%2Fmedia&parent=81643"}],"wp:term":[{"taxonomy":"category","embeddable":true,"href":"https:\/\/kibrisdakik.com\/index.php?rest_route=%2Fwp%2Fv2%2Fcategories&post=81643"},{"taxonomy":"post_tag","embeddable":true,"href":"https:\/\/kibrisdakik.com\/index.php?rest_route=%2Fwp%2Fv2%2Ftags&post=81643"}],"curies":[{"name":"wp","href":"https:\/\/api.w.org\/{rel}","templated":true}]}}