{"id":81678,"date":"2025-05-06T18:44:35","date_gmt":"2025-05-06T15:44:35","guid":{"rendered":"https:\/\/kibrisdakik.com\/index.php\/2025\/05\/06\/is-dunyasindan-teknofeste-tesekkur\/"},"modified":"2025-05-06T18:44:35","modified_gmt":"2025-05-06T15:44:35","slug":"is-dunyasindan-teknofeste-tesekkur","status":"publish","type":"post","link":"https:\/\/kibrisdakik.com\/?p=81678","title":{"rendered":"\u0130\u015f d\u00fcnyas\u0131ndan Teknofest\u2019e te\u015fekk\u00fcr"},"content":{"rendered":"<div>\n<div class=\"mariselle-image-container center\">\n                                            <\/div>\n<p>\nK\u0131br\u0131s T\u00fcrk \u0130\u015f \u0130nsanlar\u0131 Derne\u011fi (\u0130\u015eAD), Mavi Vatan ve Alayk\u00f6y Organize Sanayi B\u00f6lgesi \u0130\u015f \u0130nsanlar\u0131 Derne\u011fi ortak a\u00e7\u0131klama yaparak, TEKNOFEST KKTC\u2019nin d\u00fczenlenmesinden duydu\u011fu memnuniyeti dile getirerek, TC Cumhurba\u015fkan\u0131 Recep Tayyip Erdo\u011fan ve TEKNOFEST Y\u00f6netim Kurulu Ba\u015fkan\u0131 Sel\u00e7uk Bayraktar\u2019a te\u015fekk\u00fcr etti.<\/p>\n<p>A\u00e7\u0131klamada, \u201cBu kadar g\u00fczel bir yola ba\u015f koyan, birbirinden muhte\u015fem teknolojik eserlerin ortaya \u00e7\u0131kar\u0131lmas\u0131na vesile olan, d\u00fcnyan\u0131n en b\u00fcy\u00fck havac\u0131l\u0131k ve teknoloji festivalinin hayata ge\u00e7mesini sa\u011flayan, yoldaki t\u00fcm engelleri, takozlar\u0131, ta\u015flar\u0131 kald\u0131ran ba\u015fta T\u00fcrkiye Cumhuriyeti Cumhurba\u015fkan\u0131 Sn. Recep Tayyip Erdo\u011fan olmak \u00fczere t\u00fcm devlet erkan\u0131na te\u015fekk\u00fcrlerimizi bir bor\u00e7 biliriz\u201d denildi.<\/p>\n<p>Cumhurba\u015fkanl\u0131\u011f\u0131 ve Cumhuriyet Meclisi yerle\u015fkelerinin hay\u0131rl\u0131 olmas\u0131 temennisinde de bulunulan a\u00e7\u0131klamada, \u201cBir kez daha g\u00f6rd\u00fck ki isteyince, kararl\u0131 olunca T\u00fcrk\u2019\u00fcn yapamayaca\u011f\u0131 hi\u00e7 bir \u015fey yokmu\u015f\u201d ifadesi kullan\u0131ld\u0131.<\/p>\n<p>A\u00e7\u0131klama \u015f\u00f6yle devam etti:<\/p>\n<p>\u201c\u0130\u015f d\u00fcnyas\u0131 olarak her yap\u0131t\u0131n, her \u00fcretimin \u00fclkenin kaderini de\u011fi\u015ftirecek birer unsur oldu\u011funun fark\u0131nday\u0131z. Umar\u0131z bundan sonra bu teknoloji festivalinin \u00f6\u011fretileri ile ileri teknoloji alan\u0131nda de\u011ferli yat\u0131r\u0131mlar ger\u00e7ekle\u015ftirerek, \u00fclkemiz gen\u00e7lerini bulu\u015fturabilir ve onlar\u0131n muass\u0131r medeniyetler \u00fczerine \u00e7\u0131kmas\u0131 i\u00e7in arac\u0131 olabiliriz. Bug\u00fcne kadar oldu\u011fu gibi bundan sonrada her bir fabrikan\u0131n, \u00fcretim tesisinin bir kale oldu\u011fu inanc\u0131yla daha \u00e7ok \u00e7al\u0131\u015faca\u011f\u0131z\u201d<\/p>\n<\/p><\/div>\n<p><script async\n                    defer\n                    crossorigin=\"anonymous\"\n                    src=\"https:\/\/connect.facebook.net\/tr_TR\/sdk.js#xfbml=1&#038;version=v3.3\"\n            ><\/script><\/p>\n","protected":false},"excerpt":{"rendered":"<p>K\u0131br\u0131s T\u00fcrk \u0130\u015f \u0130nsanlar\u0131 Derne\u011fi (\u0130\u015eAD), Mavi Vatan ve Alayk\u00f6y Organize Sanayi B\u00f6lgesi \u0130\u015f \u0130nsanlar\u0131 Derne\u011fi ortak a\u00e7\u0131klama yaparak, TEKNOFEST KKTC\u2019nin d\u00fczenlenmesinden duydu\u011fu memnuniyeti dile getirerek, TC Cumhurba\u015fkan\u0131 Recep Tayyip Erdo\u011fan ve TEKNOFEST Y\u00f6netim Kurulu Ba\u015fkan\u0131 Sel\u00e7uk Bayraktar\u2019a te\u015fekk\u00fcr etti. A\u00e7\u0131klamada, \u201cBu kadar g\u00fczel bir yola ba\u015f koyan, birbirinden muhte\u015fem teknolojik eserlerin ortaya \u00e7\u0131kar\u0131lmas\u0131na vesile<\/p>\n","protected":false},"author":1,"featured_media":81679,"comment_status":"open","ping_status":"open","sticky":false,"template":"","format":"standard","meta":{"footnotes":""},"categories":[81,101],"tags":[],"class_list":["post-81678","post","type-post","status-publish","format-standard","has-post-thumbnail","hentry","category-kibris","category-manset"],"yoast_head":"<!-- This site is optimized with the Yoast SEO plugin v27.5 - https:\/\/yoast.com\/product\/yoast-seo-wordpress\/ -->\n<title>\u0130\u015f d\u00fcnyas\u0131ndan Teknofest\u2019e te\u015fekk\u00fcr -<\/title>\n<meta name=\"robots\" content=\"index, follow, max-snippet:-1, max-image-preview:large, max-video-preview:-1\" \/>\n<link rel=\"canonical\" href=\"https:\/\/kibrisdakik.com\/?p=81678\" \/>\n<meta property=\"og:locale\" content=\"tr_TR\" \/>\n<meta property=\"og:type\" content=\"article\" \/>\n<meta property=\"og:title\" content=\"\u0130\u015f d\u00fcnyas\u0131ndan Teknofest\u2019e te\u015fekk\u00fcr -\" \/>\n<meta property=\"og:description\" content=\"K\u0131br\u0131s T\u00fcrk \u0130\u015f \u0130nsanlar\u0131 Derne\u011fi (\u0130\u015eAD), Mavi Vatan ve Alayk\u00f6y Organize Sanayi B\u00f6lgesi \u0130\u015f \u0130nsanlar\u0131 Derne\u011fi ortak a\u00e7\u0131klama yaparak, TEKNOFEST KKTC\u2019nin d\u00fczenlenmesinden duydu\u011fu memnuniyeti dile getirerek, TC Cumhurba\u015fkan\u0131 Recep Tayyip Erdo\u011fan ve TEKNOFEST Y\u00f6netim Kurulu Ba\u015fkan\u0131 Sel\u00e7uk Bayraktar\u2019a te\u015fekk\u00fcr etti. A\u00e7\u0131klamada, \u201cBu kadar g\u00fczel bir yola ba\u015f koyan, birbirinden muhte\u015fem teknolojik eserlerin ortaya \u00e7\u0131kar\u0131lmas\u0131na vesile\" \/>\n<meta property=\"og:url\" content=\"https:\/\/kibrisdakik.com\/?p=81678\" \/>\n<meta property=\"article:published_time\" content=\"2025-05-06T15:44:35+00:00\" \/>\n<meta property=\"og:image\" content=\"https:\/\/kibrisdakik.com\/wp-content\/uploads\/2025\/05\/teknofest-740x420.jpg\" \/>\n\t<meta property=\"og:image:width\" content=\"982\" \/>\n\t<meta property=\"og:image:height\" content=\"526\" \/>\n\t<meta property=\"og:image:type\" content=\"image\/jpeg\" \/>\n<meta name=\"author\" content=\"admin\" \/>\n<meta name=\"twitter:card\" content=\"summary_large_image\" \/>\n<meta name=\"twitter:label1\" content=\"Yazan:\" \/>\n\t<meta name=\"twitter:data1\" content=\"admin\" \/>\n\t<meta name=\"twitter:label2\" content=\"Tahmini okuma s\u00fcresi\" \/>\n\t<meta name=\"twitter:data2\" content=\"1 dakika\" \/>\n<script type=\"application\/ld+json\" class=\"yoast-schema-graph\">{\"@context\":\"https:\\\/\\\/schema.org\",\"@graph\":[{\"@type\":\"Article\",\"@id\":\"https:\\\/\\\/kibrisdakik.com\\\/?p=81678#article\",\"isPartOf\":{\"@id\":\"https:\\\/\\\/kibrisdakik.com\\\/?p=81678\"},\"author\":{\"name\":\"admin\",\"@id\":\"https:\\\/\\\/kibrisdakik.com\\\/#\\\/schema\\\/person\\\/9cd9d437bbb44f72b73ba127e06d8e79\"},\"headline\":\"\u0130\u015f d\u00fcnyas\u0131ndan Teknofest\u2019e te\u015fekk\u00fcr\",\"datePublished\":\"2025-05-06T15:44:35+00:00\",\"mainEntityOfPage\":{\"@id\":\"https:\\\/\\\/kibrisdakik.com\\\/?p=81678\"},\"wordCount\":264,\"commentCount\":0,\"image\":{\"@id\":\"https:\\\/\\\/kibrisdakik.com\\\/?p=81678#primaryimage\"},\"thumbnailUrl\":\"https:\\\/\\\/kibrisdakik.com\\\/wp-content\\\/uploads\\\/2025\\\/05\\\/teknofest-740x420.jpg\",\"articleSection\":[\"K\u0131br\u0131s\",\"Man\u015fet\"],\"inLanguage\":\"tr\",\"potentialAction\":[{\"@type\":\"CommentAction\",\"name\":\"Comment\",\"target\":[\"https:\\\/\\\/kibrisdakik.com\\\/?p=81678#respond\"]}]},{\"@type\":\"WebPage\",\"@id\":\"https:\\\/\\\/kibrisdakik.com\\\/?p=81678\",\"url\":\"https:\\\/\\\/kibrisdakik.com\\\/?p=81678\",\"name\":\"\u0130\u015f d\u00fcnyas\u0131ndan Teknofest\u2019e te\u015fekk\u00fcr -\",\"isPartOf\":{\"@id\":\"https:\\\/\\\/kibrisdakik.com\\\/#website\"},\"primaryImageOfPage\":{\"@id\":\"https:\\\/\\\/kibrisdakik.com\\\/?p=81678#primaryimage\"},\"image\":{\"@id\":\"https:\\\/\\\/kibrisdakik.com\\\/?p=81678#primaryimage\"},\"thumbnailUrl\":\"https:\\\/\\\/kibrisdakik.com\\\/wp-content\\\/uploads\\\/2025\\\/05\\\/teknofest-740x420.jpg\",\"datePublished\":\"2025-05-06T15:44:35+00:00\",\"author\":{\"@id\":\"https:\\\/\\\/kibrisdakik.com\\\/#\\\/schema\\\/person\\\/9cd9d437bbb44f72b73ba127e06d8e79\"},\"breadcrumb\":{\"@id\":\"https:\\\/\\\/kibrisdakik.com\\\/?p=81678#breadcrumb\"},\"inLanguage\":\"tr\",\"potentialAction\":[{\"@type\":\"ReadAction\",\"target\":[\"https:\\\/\\\/kibrisdakik.com\\\/?p=81678\"]}]},{\"@type\":\"ImageObject\",\"inLanguage\":\"tr\",\"@id\":\"https:\\\/\\\/kibrisdakik.com\\\/?p=81678#primaryimage\",\"url\":\"https:\\\/\\\/kibrisdakik.com\\\/wp-content\\\/uploads\\\/2025\\\/05\\\/teknofest-740x420.jpg\",\"contentUrl\":\"https:\\\/\\\/kibrisdakik.com\\\/wp-content\\\/uploads\\\/2025\\\/05\\\/teknofest-740x420.jpg\",\"width\":982,\"height\":526},{\"@type\":\"BreadcrumbList\",\"@id\":\"https:\\\/\\\/kibrisdakik.com\\\/?p=81678#breadcrumb\",\"itemListElement\":[{\"@type\":\"ListItem\",\"position\":1,\"name\":\"Home\",\"item\":\"https:\\\/\\\/kibrisdakik.com\\\/\"},{\"@type\":\"ListItem\",\"position\":2,\"name\":\"\u0130\u015f d\u00fcnyas\u0131ndan Teknofest\u2019e te\u015fekk\u00fcr\"}]},{\"@type\":\"WebSite\",\"@id\":\"https:\\\/\\\/kibrisdakik.com\\\/#website\",\"url\":\"https:\\\/\\\/kibrisdakik.com\\\/\",\"name\":\"\",\"description\":\"Tam vaktinde haber\",\"potentialAction\":[{\"@type\":\"SearchAction\",\"target\":{\"@type\":\"EntryPoint\",\"urlTemplate\":\"https:\\\/\\\/kibrisdakik.com\\\/?s={search_term_string}\"},\"query-input\":{\"@type\":\"PropertyValueSpecification\",\"valueRequired\":true,\"valueName\":\"search_term_string\"}}],\"inLanguage\":\"tr\"},{\"@type\":\"Person\",\"@id\":\"https:\\\/\\\/kibrisdakik.com\\\/#\\\/schema\\\/person\\\/9cd9d437bbb44f72b73ba127e06d8e79\",\"name\":\"admin\",\"image\":{\"@type\":\"ImageObject\",\"inLanguage\":\"tr\",\"@id\":\"https:\\\/\\\/secure.gravatar.com\\\/avatar\\\/ccc17943b9d660506c869530f897617f7cb1c21a4bf30023f252596d83e1f007?s=96&d=mm&r=g\",\"url\":\"https:\\\/\\\/secure.gravatar.com\\\/avatar\\\/ccc17943b9d660506c869530f897617f7cb1c21a4bf30023f252596d83e1f007?s=96&d=mm&r=g\",\"contentUrl\":\"https:\\\/\\\/secure.gravatar.com\\\/avatar\\\/ccc17943b9d660506c869530f897617f7cb1c21a4bf30023f252596d83e1f007?s=96&d=mm&r=g\",\"caption\":\"admin\"},\"sameAs\":[\"https:\\\/\\\/kibrisdakik.com\"],\"url\":\"https:\\\/\\\/kibrisdakik.com\\\/?author=1\"}]}<\/script>\n<!-- \/ Yoast SEO plugin. -->","yoast_head_json":{"title":"\u0130\u015f d\u00fcnyas\u0131ndan Teknofest\u2019e te\u015fekk\u00fcr -","robots":{"index":"index","follow":"follow","max-snippet":"max-snippet:-1","max-image-preview":"max-image-preview:large","max-video-preview":"max-video-preview:-1"},"canonical":"https:\/\/kibrisdakik.com\/?p=81678","og_locale":"tr_TR","og_type":"article","og_title":"\u0130\u015f d\u00fcnyas\u0131ndan Teknofest\u2019e te\u015fekk\u00fcr -","og_description":"K\u0131br\u0131s T\u00fcrk \u0130\u015f \u0130nsanlar\u0131 Derne\u011fi (\u0130\u015eAD), Mavi Vatan ve Alayk\u00f6y Organize Sanayi B\u00f6lgesi \u0130\u015f \u0130nsanlar\u0131 Derne\u011fi ortak a\u00e7\u0131klama yaparak, TEKNOFEST KKTC\u2019nin d\u00fczenlenmesinden duydu\u011fu memnuniyeti dile getirerek, TC Cumhurba\u015fkan\u0131 Recep Tayyip Erdo\u011fan ve TEKNOFEST Y\u00f6netim Kurulu Ba\u015fkan\u0131 Sel\u00e7uk Bayraktar\u2019a te\u015fekk\u00fcr etti. A\u00e7\u0131klamada, \u201cBu kadar g\u00fczel bir yola ba\u015f koyan, birbirinden muhte\u015fem teknolojik eserlerin ortaya \u00e7\u0131kar\u0131lmas\u0131na vesile","og_url":"https:\/\/kibrisdakik.com\/?p=81678","article_published_time":"2025-05-06T15:44:35+00:00","og_image":[{"width":982,"height":526,"url":"https:\/\/kibrisdakik.com\/wp-content\/uploads\/2025\/05\/teknofest-740x420.jpg","type":"image\/jpeg"}],"author":"admin","twitter_card":"summary_large_image","twitter_misc":{"Yazan:":"admin","Tahmini okuma s\u00fcresi":"1 dakika"},"schema":{"@context":"https:\/\/schema.org","@graph":[{"@type":"Article","@id":"https:\/\/kibrisdakik.com\/?p=81678#article","isPartOf":{"@id":"https:\/\/kibrisdakik.com\/?p=81678"},"author":{"name":"admin","@id":"https:\/\/kibrisdakik.com\/#\/schema\/person\/9cd9d437bbb44f72b73ba127e06d8e79"},"headline":"\u0130\u015f d\u00fcnyas\u0131ndan Teknofest\u2019e te\u015fekk\u00fcr","datePublished":"2025-05-06T15:44:35+00:00","mainEntityOfPage":{"@id":"https:\/\/kibrisdakik.com\/?p=81678"},"wordCount":264,"commentCount":0,"image":{"@id":"https:\/\/kibrisdakik.com\/?p=81678#primaryimage"},"thumbnailUrl":"https:\/\/kibrisdakik.com\/wp-content\/uploads\/2025\/05\/teknofest-740x420.jpg","articleSection":["K\u0131br\u0131s","Man\u015fet"],"inLanguage":"tr","potentialAction":[{"@type":"CommentAction","name":"Comment","target":["https:\/\/kibrisdakik.com\/?p=81678#respond"]}]},{"@type":"WebPage","@id":"https:\/\/kibrisdakik.com\/?p=81678","url":"https:\/\/kibrisdakik.com\/?p=81678","name":"\u0130\u015f d\u00fcnyas\u0131ndan Teknofest\u2019e te\u015fekk\u00fcr -","isPartOf":{"@id":"https:\/\/kibrisdakik.com\/#website"},"primaryImageOfPage":{"@id":"https:\/\/kibrisdakik.com\/?p=81678#primaryimage"},"image":{"@id":"https:\/\/kibrisdakik.com\/?p=81678#primaryimage"},"thumbnailUrl":"https:\/\/kibrisdakik.com\/wp-content\/uploads\/2025\/05\/teknofest-740x420.jpg","datePublished":"2025-05-06T15:44:35+00:00","author":{"@id":"https:\/\/kibrisdakik.com\/#\/schema\/person\/9cd9d437bbb44f72b73ba127e06d8e79"},"breadcrumb":{"@id":"https:\/\/kibrisdakik.com\/?p=81678#breadcrumb"},"inLanguage":"tr","potentialAction":[{"@type":"ReadAction","target":["https:\/\/kibrisdakik.com\/?p=81678"]}]},{"@type":"ImageObject","inLanguage":"tr","@id":"https:\/\/kibrisdakik.com\/?p=81678#primaryimage","url":"https:\/\/kibrisdakik.com\/wp-content\/uploads\/2025\/05\/teknofest-740x420.jpg","contentUrl":"https:\/\/kibrisdakik.com\/wp-content\/uploads\/2025\/05\/teknofest-740x420.jpg","width":982,"height":526},{"@type":"BreadcrumbList","@id":"https:\/\/kibrisdakik.com\/?p=81678#breadcrumb","itemListElement":[{"@type":"ListItem","position":1,"name":"Home","item":"https:\/\/kibrisdakik.com\/"},{"@type":"ListItem","position":2,"name":"\u0130\u015f d\u00fcnyas\u0131ndan Teknofest\u2019e te\u015fekk\u00fcr"}]},{"@type":"WebSite","@id":"https:\/\/kibrisdakik.com\/#website","url":"https:\/\/kibrisdakik.com\/","name":"","description":"Tam vaktinde haber","potentialAction":[{"@type":"SearchAction","target":{"@type":"EntryPoint","urlTemplate":"https:\/\/kibrisdakik.com\/?s={search_term_string}"},"query-input":{"@type":"PropertyValueSpecification","valueRequired":true,"valueName":"search_term_string"}}],"inLanguage":"tr"},{"@type":"Person","@id":"https:\/\/kibrisdakik.com\/#\/schema\/person\/9cd9d437bbb44f72b73ba127e06d8e79","name":"admin","image":{"@type":"ImageObject","inLanguage":"tr","@id":"https:\/\/secure.gravatar.com\/avatar\/ccc17943b9d660506c869530f897617f7cb1c21a4bf30023f252596d83e1f007?s=96&d=mm&r=g","url":"https:\/\/secure.gravatar.com\/avatar\/ccc17943b9d660506c869530f897617f7cb1c21a4bf30023f252596d83e1f007?s=96&d=mm&r=g","contentUrl":"https:\/\/secure.gravatar.com\/avatar\/ccc17943b9d660506c869530f897617f7cb1c21a4bf30023f252596d83e1f007?s=96&d=mm&r=g","caption":"admin"},"sameAs":["https:\/\/kibrisdakik.com"],"url":"https:\/\/kibrisdakik.com\/?author=1"}]}},"_links":{"self":[{"href":"https:\/\/kibrisdakik.com\/index.php?rest_route=\/wp\/v2\/posts\/81678","targetHints":{"allow":["GET"]}}],"collection":[{"href":"https:\/\/kibrisdakik.com\/index.php?rest_route=\/wp\/v2\/posts"}],"about":[{"href":"https:\/\/kibrisdakik.com\/index.php?rest_route=\/wp\/v2\/types\/post"}],"author":[{"embeddable":true,"href":"https:\/\/kibrisdakik.com\/index.php?rest_route=\/wp\/v2\/users\/1"}],"replies":[{"embeddable":true,"href":"https:\/\/kibrisdakik.com\/index.php?rest_route=%2Fwp%2Fv2%2Fcomments&post=81678"}],"version-history":[{"count":0,"href":"https:\/\/kibrisdakik.com\/index.php?rest_route=\/wp\/v2\/posts\/81678\/revisions"}],"wp:featuredmedia":[{"embeddable":true,"href":"https:\/\/kibrisdakik.com\/index.php?rest_route=\/wp\/v2\/media\/81679"}],"wp:attachment":[{"href":"https:\/\/kibrisdakik.com\/index.php?rest_route=%2Fwp%2Fv2%2Fmedia&parent=81678"}],"wp:term":[{"taxonomy":"category","embeddable":true,"href":"https:\/\/kibrisdakik.com\/index.php?rest_route=%2Fwp%2Fv2%2Fcategories&post=81678"},{"taxonomy":"post_tag","embeddable":true,"href":"https:\/\/kibrisdakik.com\/index.php?rest_route=%2Fwp%2Fv2%2Ftags&post=81678"}],"curies":[{"name":"wp","href":"https:\/\/api.w.org\/{rel}","templated":true}]}}