{"id":81729,"date":"2025-05-07T16:17:05","date_gmt":"2025-05-07T13:17:05","guid":{"rendered":"https:\/\/kibrisdakik.com\/index.php\/2025\/05\/07\/ktos-yarin-dr-suat-gunsel-devlet-ilkokulunda-eylem-yapacak\/"},"modified":"2025-05-07T16:17:05","modified_gmt":"2025-05-07T13:17:05","slug":"ktos-yarin-dr-suat-gunsel-devlet-ilkokulunda-eylem-yapacak","status":"publish","type":"post","link":"https:\/\/kibrisdakik.com\/?p=81729","title":{"rendered":"KT\u00d6S yar\u0131n Dr. Suat G\u00fcnsel Devlet \u0130lkokulu\u2019nda eylem yapacak"},"content":{"rendered":"<div>\n<div class=\"mariselle-image-container center\">\n                                            <\/div>\n<p>K\u0131br\u0131s T\u00fcrk \u00d6\u011fretmenler Sendikas\u0131 (KT\u00d6S), her y\u0131l oldu\u011fu gibi, artan hava s\u0131cakl\u0131klardan dolay\u0131 okullardaki \u00f6\u011fleden sonraki etkinlikler sonland\u0131r\u0131lmad\u0131\u011f\u0131 gerek\u00e7esiyle yar\u0131n saat 14.00\u2019de Dr. Suat G\u00fcnsel Devlet \u0130lkokulu\u2019nda eylem ve bas\u0131n a\u00e7\u0131klamas\u0131 yapaca\u011f\u0131n\u0131 a\u00e7\u0131klad\u0131.<\/p>\n<p>KT\u00d6S Genel Sekreteri Burak Mavi\u015f yapt\u0131\u011f\u0131 yaz\u0131l\u0131 a\u00e7\u0131klamada, \u201cSon 51 y\u0131l her may\u0131s ay\u0131nda artan s\u0131cakl\u0131klar ve okullar\u0131n altyap\u0131 eksiklikleri nedeniyle \u00f6\u011fleden sonra etkinlikleri sonland\u0131r\u0131l\u0131rken, bu y\u0131l E\u011fitim Bakan\u0131 Naz\u0131m \u00c7avu\u015fo\u011flu sendikalara d\u00fc\u015fmanca yakla\u015f\u0131m\u0131n\u0131 \u00e7ocuklar\u0131 cezaland\u0131rma noktas\u0131na ta\u015f\u0131m\u0131\u015ft\u0131r.\u201d ifadesini kulland\u0131.  <\/p>\n<p>S\u0131cak havan\u0131n \u00f6zellikle a\u00e7\u0131k alan etkinliklerinde \u00e7ocuklar\u0131n sa\u011fl\u0131\u011f\u0131n\u0131 tehdit etti\u011fini belirten Mavi\u015f, pedagojik kayg\u0131larla y\u0131llard\u0131r s\u00fcrd\u00fcr\u00fclen bu uygulaman\u0131n g\u00f6z ard\u0131 edilmesinin bilimsel ve insani olmad\u0131\u011f\u0131n\u0131 savundu.<\/p>\n<p>A\u00e7\u0131klamada, \u201cSendikalara g\u00f6zda\u011f\u0131 vermek ad\u0131na pedagojik gerekleri hi\u00e7e sayan bu karar, e\u011fitimin niteli\u011fini ve \u00f6\u011frencilerin sa\u011fl\u0131\u011f\u0131n\u0131 tehlikeye atmaktad\u0131r. E\u011fitim Bakanl\u0131\u011f\u0131\u2019n\u0131n intikamc\u0131 tavr\u0131 kabul edilemez.\u201d denildi.<\/p>\n<\/p><\/div>\n<p><script async\n                    defer\n                    crossorigin=\"anonymous\"\n                    src=\"https:\/\/connect.facebook.net\/tr_TR\/sdk.js#xfbml=1&#038;version=v3.3\"\n            ><\/script><\/p>\n","protected":false},"excerpt":{"rendered":"<p>K\u0131br\u0131s T\u00fcrk \u00d6\u011fretmenler Sendikas\u0131 (KT\u00d6S), her y\u0131l oldu\u011fu gibi, artan hava s\u0131cakl\u0131klardan dolay\u0131 okullardaki \u00f6\u011fleden sonraki etkinlikler sonland\u0131r\u0131lmad\u0131\u011f\u0131 gerek\u00e7esiyle yar\u0131n saat 14.00\u2019de Dr. Suat G\u00fcnsel Devlet \u0130lkokulu\u2019nda eylem ve bas\u0131n a\u00e7\u0131klamas\u0131 yapaca\u011f\u0131n\u0131 a\u00e7\u0131klad\u0131. KT\u00d6S Genel Sekreteri Burak Mavi\u015f yapt\u0131\u011f\u0131 yaz\u0131l\u0131 a\u00e7\u0131klamada, \u201cSon 51 y\u0131l her may\u0131s ay\u0131nda artan s\u0131cakl\u0131klar ve okullar\u0131n altyap\u0131 eksiklikleri nedeniyle \u00f6\u011fleden<\/p>\n","protected":false},"author":1,"featured_media":69604,"comment_status":"open","ping_status":"open","sticky":false,"template":"","format":"standard","meta":{"footnotes":""},"categories":[81,101],"tags":[],"class_list":["post-81729","post","type-post","status-publish","format-standard","has-post-thumbnail","hentry","category-kibris","category-manset"],"yoast_head":"<!-- This site is optimized with the Yoast SEO plugin v27.5 - https:\/\/yoast.com\/product\/yoast-seo-wordpress\/ -->\n<title>KT\u00d6S yar\u0131n Dr. Suat G\u00fcnsel Devlet \u0130lkokulu\u2019nda eylem yapacak -<\/title>\n<meta name=\"robots\" content=\"index, follow, max-snippet:-1, max-image-preview:large, max-video-preview:-1\" \/>\n<link rel=\"canonical\" href=\"https:\/\/kibrisdakik.com\/?p=81729\" \/>\n<meta property=\"og:locale\" content=\"tr_TR\" \/>\n<meta property=\"og:type\" content=\"article\" \/>\n<meta property=\"og:title\" content=\"KT\u00d6S yar\u0131n Dr. Suat G\u00fcnsel Devlet \u0130lkokulu\u2019nda eylem yapacak -\" \/>\n<meta property=\"og:description\" content=\"K\u0131br\u0131s T\u00fcrk \u00d6\u011fretmenler Sendikas\u0131 (KT\u00d6S), her y\u0131l oldu\u011fu gibi, artan hava s\u0131cakl\u0131klardan dolay\u0131 okullardaki \u00f6\u011fleden sonraki etkinlikler sonland\u0131r\u0131lmad\u0131\u011f\u0131 gerek\u00e7esiyle yar\u0131n saat 14.00\u2019de Dr. Suat G\u00fcnsel Devlet \u0130lkokulu\u2019nda eylem ve bas\u0131n a\u00e7\u0131klamas\u0131 yapaca\u011f\u0131n\u0131 a\u00e7\u0131klad\u0131. KT\u00d6S Genel Sekreteri Burak Mavi\u015f yapt\u0131\u011f\u0131 yaz\u0131l\u0131 a\u00e7\u0131klamada, \u201cSon 51 y\u0131l her may\u0131s ay\u0131nda artan s\u0131cakl\u0131klar ve okullar\u0131n altyap\u0131 eksiklikleri nedeniyle \u00f6\u011fleden\" \/>\n<meta property=\"og:url\" content=\"https:\/\/kibrisdakik.com\/?p=81729\" \/>\n<meta property=\"article:published_time\" content=\"2025-05-07T13:17:05+00:00\" \/>\n<meta property=\"og:image\" content=\"https:\/\/kibrisdakik.com\/wp-content\/uploads\/2024\/11\/ktos291-740x420.jpg\" \/>\n\t<meta property=\"og:image:width\" content=\"971\" \/>\n\t<meta property=\"og:image:height\" content=\"551\" \/>\n\t<meta property=\"og:image:type\" content=\"image\/jpeg\" \/>\n<meta name=\"author\" content=\"admin\" \/>\n<meta name=\"twitter:card\" content=\"summary_large_image\" \/>\n<meta name=\"twitter:label1\" content=\"Yazan:\" \/>\n\t<meta name=\"twitter:data1\" content=\"admin\" \/>\n\t<meta name=\"twitter:label2\" content=\"Tahmini okuma s\u00fcresi\" \/>\n\t<meta name=\"twitter:data2\" content=\"1 dakika\" \/>\n<script type=\"application\/ld+json\" class=\"yoast-schema-graph\">{\"@context\":\"https:\\\/\\\/schema.org\",\"@graph\":[{\"@type\":\"Article\",\"@id\":\"https:\\\/\\\/kibrisdakik.com\\\/?p=81729#article\",\"isPartOf\":{\"@id\":\"https:\\\/\\\/kibrisdakik.com\\\/?p=81729\"},\"author\":{\"name\":\"admin\",\"@id\":\"https:\\\/\\\/kibrisdakik.com\\\/#\\\/schema\\\/person\\\/9cd9d437bbb44f72b73ba127e06d8e79\"},\"headline\":\"KT\u00d6S yar\u0131n Dr. Suat G\u00fcnsel Devlet \u0130lkokulu\u2019nda eylem yapacak\",\"datePublished\":\"2025-05-07T13:17:05+00:00\",\"mainEntityOfPage\":{\"@id\":\"https:\\\/\\\/kibrisdakik.com\\\/?p=81729\"},\"wordCount\":207,\"commentCount\":0,\"image\":{\"@id\":\"https:\\\/\\\/kibrisdakik.com\\\/?p=81729#primaryimage\"},\"thumbnailUrl\":\"https:\\\/\\\/kibrisdakik.com\\\/wp-content\\\/uploads\\\/2024\\\/11\\\/ktos291-740x420.jpg\",\"articleSection\":[\"K\u0131br\u0131s\",\"Man\u015fet\"],\"inLanguage\":\"tr\",\"potentialAction\":[{\"@type\":\"CommentAction\",\"name\":\"Comment\",\"target\":[\"https:\\\/\\\/kibrisdakik.com\\\/?p=81729#respond\"]}]},{\"@type\":\"WebPage\",\"@id\":\"https:\\\/\\\/kibrisdakik.com\\\/?p=81729\",\"url\":\"https:\\\/\\\/kibrisdakik.com\\\/?p=81729\",\"name\":\"KT\u00d6S yar\u0131n Dr. Suat G\u00fcnsel Devlet \u0130lkokulu\u2019nda eylem yapacak -\",\"isPartOf\":{\"@id\":\"https:\\\/\\\/kibrisdakik.com\\\/#website\"},\"primaryImageOfPage\":{\"@id\":\"https:\\\/\\\/kibrisdakik.com\\\/?p=81729#primaryimage\"},\"image\":{\"@id\":\"https:\\\/\\\/kibrisdakik.com\\\/?p=81729#primaryimage\"},\"thumbnailUrl\":\"https:\\\/\\\/kibrisdakik.com\\\/wp-content\\\/uploads\\\/2024\\\/11\\\/ktos291-740x420.jpg\",\"datePublished\":\"2025-05-07T13:17:05+00:00\",\"author\":{\"@id\":\"https:\\\/\\\/kibrisdakik.com\\\/#\\\/schema\\\/person\\\/9cd9d437bbb44f72b73ba127e06d8e79\"},\"breadcrumb\":{\"@id\":\"https:\\\/\\\/kibrisdakik.com\\\/?p=81729#breadcrumb\"},\"inLanguage\":\"tr\",\"potentialAction\":[{\"@type\":\"ReadAction\",\"target\":[\"https:\\\/\\\/kibrisdakik.com\\\/?p=81729\"]}]},{\"@type\":\"ImageObject\",\"inLanguage\":\"tr\",\"@id\":\"https:\\\/\\\/kibrisdakik.com\\\/?p=81729#primaryimage\",\"url\":\"https:\\\/\\\/kibrisdakik.com\\\/wp-content\\\/uploads\\\/2024\\\/11\\\/ktos291-740x420.jpg\",\"contentUrl\":\"https:\\\/\\\/kibrisdakik.com\\\/wp-content\\\/uploads\\\/2024\\\/11\\\/ktos291-740x420.jpg\",\"width\":971,\"height\":551},{\"@type\":\"BreadcrumbList\",\"@id\":\"https:\\\/\\\/kibrisdakik.com\\\/?p=81729#breadcrumb\",\"itemListElement\":[{\"@type\":\"ListItem\",\"position\":1,\"name\":\"Home\",\"item\":\"https:\\\/\\\/kibrisdakik.com\\\/\"},{\"@type\":\"ListItem\",\"position\":2,\"name\":\"KT\u00d6S yar\u0131n Dr. Suat G\u00fcnsel Devlet \u0130lkokulu\u2019nda eylem yapacak\"}]},{\"@type\":\"WebSite\",\"@id\":\"https:\\\/\\\/kibrisdakik.com\\\/#website\",\"url\":\"https:\\\/\\\/kibrisdakik.com\\\/\",\"name\":\"\",\"description\":\"Tam vaktinde haber\",\"potentialAction\":[{\"@type\":\"SearchAction\",\"target\":{\"@type\":\"EntryPoint\",\"urlTemplate\":\"https:\\\/\\\/kibrisdakik.com\\\/?s={search_term_string}\"},\"query-input\":{\"@type\":\"PropertyValueSpecification\",\"valueRequired\":true,\"valueName\":\"search_term_string\"}}],\"inLanguage\":\"tr\"},{\"@type\":\"Person\",\"@id\":\"https:\\\/\\\/kibrisdakik.com\\\/#\\\/schema\\\/person\\\/9cd9d437bbb44f72b73ba127e06d8e79\",\"name\":\"admin\",\"image\":{\"@type\":\"ImageObject\",\"inLanguage\":\"tr\",\"@id\":\"https:\\\/\\\/secure.gravatar.com\\\/avatar\\\/ccc17943b9d660506c869530f897617f7cb1c21a4bf30023f252596d83e1f007?s=96&d=mm&r=g\",\"url\":\"https:\\\/\\\/secure.gravatar.com\\\/avatar\\\/ccc17943b9d660506c869530f897617f7cb1c21a4bf30023f252596d83e1f007?s=96&d=mm&r=g\",\"contentUrl\":\"https:\\\/\\\/secure.gravatar.com\\\/avatar\\\/ccc17943b9d660506c869530f897617f7cb1c21a4bf30023f252596d83e1f007?s=96&d=mm&r=g\",\"caption\":\"admin\"},\"sameAs\":[\"https:\\\/\\\/kibrisdakik.com\"],\"url\":\"https:\\\/\\\/kibrisdakik.com\\\/?author=1\"}]}<\/script>\n<!-- \/ Yoast SEO plugin. -->","yoast_head_json":{"title":"KT\u00d6S yar\u0131n Dr. Suat G\u00fcnsel Devlet \u0130lkokulu\u2019nda eylem yapacak -","robots":{"index":"index","follow":"follow","max-snippet":"max-snippet:-1","max-image-preview":"max-image-preview:large","max-video-preview":"max-video-preview:-1"},"canonical":"https:\/\/kibrisdakik.com\/?p=81729","og_locale":"tr_TR","og_type":"article","og_title":"KT\u00d6S yar\u0131n Dr. Suat G\u00fcnsel Devlet \u0130lkokulu\u2019nda eylem yapacak -","og_description":"K\u0131br\u0131s T\u00fcrk \u00d6\u011fretmenler Sendikas\u0131 (KT\u00d6S), her y\u0131l oldu\u011fu gibi, artan hava s\u0131cakl\u0131klardan dolay\u0131 okullardaki \u00f6\u011fleden sonraki etkinlikler sonland\u0131r\u0131lmad\u0131\u011f\u0131 gerek\u00e7esiyle yar\u0131n saat 14.00\u2019de Dr. Suat G\u00fcnsel Devlet \u0130lkokulu\u2019nda eylem ve bas\u0131n a\u00e7\u0131klamas\u0131 yapaca\u011f\u0131n\u0131 a\u00e7\u0131klad\u0131. KT\u00d6S Genel Sekreteri Burak Mavi\u015f yapt\u0131\u011f\u0131 yaz\u0131l\u0131 a\u00e7\u0131klamada, \u201cSon 51 y\u0131l her may\u0131s ay\u0131nda artan s\u0131cakl\u0131klar ve okullar\u0131n altyap\u0131 eksiklikleri nedeniyle \u00f6\u011fleden","og_url":"https:\/\/kibrisdakik.com\/?p=81729","article_published_time":"2025-05-07T13:17:05+00:00","og_image":[{"width":971,"height":551,"url":"https:\/\/kibrisdakik.com\/wp-content\/uploads\/2024\/11\/ktos291-740x420.jpg","type":"image\/jpeg"}],"author":"admin","twitter_card":"summary_large_image","twitter_misc":{"Yazan:":"admin","Tahmini okuma s\u00fcresi":"1 dakika"},"schema":{"@context":"https:\/\/schema.org","@graph":[{"@type":"Article","@id":"https:\/\/kibrisdakik.com\/?p=81729#article","isPartOf":{"@id":"https:\/\/kibrisdakik.com\/?p=81729"},"author":{"name":"admin","@id":"https:\/\/kibrisdakik.com\/#\/schema\/person\/9cd9d437bbb44f72b73ba127e06d8e79"},"headline":"KT\u00d6S yar\u0131n Dr. Suat G\u00fcnsel Devlet \u0130lkokulu\u2019nda eylem yapacak","datePublished":"2025-05-07T13:17:05+00:00","mainEntityOfPage":{"@id":"https:\/\/kibrisdakik.com\/?p=81729"},"wordCount":207,"commentCount":0,"image":{"@id":"https:\/\/kibrisdakik.com\/?p=81729#primaryimage"},"thumbnailUrl":"https:\/\/kibrisdakik.com\/wp-content\/uploads\/2024\/11\/ktos291-740x420.jpg","articleSection":["K\u0131br\u0131s","Man\u015fet"],"inLanguage":"tr","potentialAction":[{"@type":"CommentAction","name":"Comment","target":["https:\/\/kibrisdakik.com\/?p=81729#respond"]}]},{"@type":"WebPage","@id":"https:\/\/kibrisdakik.com\/?p=81729","url":"https:\/\/kibrisdakik.com\/?p=81729","name":"KT\u00d6S yar\u0131n Dr. Suat G\u00fcnsel Devlet \u0130lkokulu\u2019nda eylem yapacak -","isPartOf":{"@id":"https:\/\/kibrisdakik.com\/#website"},"primaryImageOfPage":{"@id":"https:\/\/kibrisdakik.com\/?p=81729#primaryimage"},"image":{"@id":"https:\/\/kibrisdakik.com\/?p=81729#primaryimage"},"thumbnailUrl":"https:\/\/kibrisdakik.com\/wp-content\/uploads\/2024\/11\/ktos291-740x420.jpg","datePublished":"2025-05-07T13:17:05+00:00","author":{"@id":"https:\/\/kibrisdakik.com\/#\/schema\/person\/9cd9d437bbb44f72b73ba127e06d8e79"},"breadcrumb":{"@id":"https:\/\/kibrisdakik.com\/?p=81729#breadcrumb"},"inLanguage":"tr","potentialAction":[{"@type":"ReadAction","target":["https:\/\/kibrisdakik.com\/?p=81729"]}]},{"@type":"ImageObject","inLanguage":"tr","@id":"https:\/\/kibrisdakik.com\/?p=81729#primaryimage","url":"https:\/\/kibrisdakik.com\/wp-content\/uploads\/2024\/11\/ktos291-740x420.jpg","contentUrl":"https:\/\/kibrisdakik.com\/wp-content\/uploads\/2024\/11\/ktos291-740x420.jpg","width":971,"height":551},{"@type":"BreadcrumbList","@id":"https:\/\/kibrisdakik.com\/?p=81729#breadcrumb","itemListElement":[{"@type":"ListItem","position":1,"name":"Home","item":"https:\/\/kibrisdakik.com\/"},{"@type":"ListItem","position":2,"name":"KT\u00d6S yar\u0131n Dr. Suat G\u00fcnsel Devlet \u0130lkokulu\u2019nda eylem yapacak"}]},{"@type":"WebSite","@id":"https:\/\/kibrisdakik.com\/#website","url":"https:\/\/kibrisdakik.com\/","name":"","description":"Tam vaktinde haber","potentialAction":[{"@type":"SearchAction","target":{"@type":"EntryPoint","urlTemplate":"https:\/\/kibrisdakik.com\/?s={search_term_string}"},"query-input":{"@type":"PropertyValueSpecification","valueRequired":true,"valueName":"search_term_string"}}],"inLanguage":"tr"},{"@type":"Person","@id":"https:\/\/kibrisdakik.com\/#\/schema\/person\/9cd9d437bbb44f72b73ba127e06d8e79","name":"admin","image":{"@type":"ImageObject","inLanguage":"tr","@id":"https:\/\/secure.gravatar.com\/avatar\/ccc17943b9d660506c869530f897617f7cb1c21a4bf30023f252596d83e1f007?s=96&d=mm&r=g","url":"https:\/\/secure.gravatar.com\/avatar\/ccc17943b9d660506c869530f897617f7cb1c21a4bf30023f252596d83e1f007?s=96&d=mm&r=g","contentUrl":"https:\/\/secure.gravatar.com\/avatar\/ccc17943b9d660506c869530f897617f7cb1c21a4bf30023f252596d83e1f007?s=96&d=mm&r=g","caption":"admin"},"sameAs":["https:\/\/kibrisdakik.com"],"url":"https:\/\/kibrisdakik.com\/?author=1"}]}},"_links":{"self":[{"href":"https:\/\/kibrisdakik.com\/index.php?rest_route=\/wp\/v2\/posts\/81729","targetHints":{"allow":["GET"]}}],"collection":[{"href":"https:\/\/kibrisdakik.com\/index.php?rest_route=\/wp\/v2\/posts"}],"about":[{"href":"https:\/\/kibrisdakik.com\/index.php?rest_route=\/wp\/v2\/types\/post"}],"author":[{"embeddable":true,"href":"https:\/\/kibrisdakik.com\/index.php?rest_route=\/wp\/v2\/users\/1"}],"replies":[{"embeddable":true,"href":"https:\/\/kibrisdakik.com\/index.php?rest_route=%2Fwp%2Fv2%2Fcomments&post=81729"}],"version-history":[{"count":0,"href":"https:\/\/kibrisdakik.com\/index.php?rest_route=\/wp\/v2\/posts\/81729\/revisions"}],"wp:featuredmedia":[{"embeddable":true,"href":"https:\/\/kibrisdakik.com\/index.php?rest_route=\/wp\/v2\/media\/69604"}],"wp:attachment":[{"href":"https:\/\/kibrisdakik.com\/index.php?rest_route=%2Fwp%2Fv2%2Fmedia&parent=81729"}],"wp:term":[{"taxonomy":"category","embeddable":true,"href":"https:\/\/kibrisdakik.com\/index.php?rest_route=%2Fwp%2Fv2%2Fcategories&post=81729"},{"taxonomy":"post_tag","embeddable":true,"href":"https:\/\/kibrisdakik.com\/index.php?rest_route=%2Fwp%2Fv2%2Ftags&post=81729"}],"curies":[{"name":"wp","href":"https:\/\/api.w.org\/{rel}","templated":true}]}}