{"id":81748,"date":"2025-05-07T19:47:14","date_gmt":"2025-05-07T16:47:14","guid":{"rendered":"https:\/\/kibrisdakik.com\/index.php\/2025\/05\/07\/basbakan-ustelgorusmede-iktisadi-ve-mali-isbirligi-protokolu-bolgesel-ve-adada-yasanan-gelismeler-ele-alindi\/"},"modified":"2025-05-07T19:47:14","modified_gmt":"2025-05-07T16:47:14","slug":"basbakan-ustelgorusmede-iktisadi-ve-mali-isbirligi-protokolu-bolgesel-ve-adada-yasanan-gelismeler-ele-alindi","status":"publish","type":"post","link":"https:\/\/kibrisdakik.com\/?p=81748","title":{"rendered":"Ba\u015fbakan \u00dcstel:G\u00f6r\u00fc\u015fmede, \u0130ktisadi ve Mali \u0130\u015fbirli\u011fi Protokol\u00fc, b\u00f6lgesel ve adada ya\u015fanan geli\u015fmeler ele al\u0131nd\u0131"},"content":{"rendered":"<div>\n<div class=\"mariselle-image-container center\">\n                                            <\/div>\n<p>Temaslarda bulunmak i\u00e7in Ankara\u2019ya giden Ba\u015fbakan \u00dcnal \u00dcstel, T\u00fcrkiye C\u0131mh\u0131rba\u015fkan\u0131 Yard\u0131mc\u0131s\u0131 Cevdet Y\u0131lmaz ile g\u00f6r\u00fc\u015ft\u00fc.<\/p>\n<p>G\u00f6r\u00fc\u015fmenin ard\u0131ndan BRT\u2019ye de\u011ferlendirmelerde bulunan Ba\u015fbakan \u00dcstel, g\u00f6r\u00fc\u015fmenin ana konusunu T\u00fcrkiye Cumhuriyeti ile Kuzey K\u0131br\u0131s T\u00fcrk Cumhuriyeti aras\u0131nda imzalanan \u0130ktisadi ve Mali i\u015fbirli\u011fi Protokol\u00fc\u2019n\u00fcn olu\u015fturdu\u011funu s\u00f6yledi.<\/p>\n<p>\u00dcstel, Y\u0131lmaz ile KKTC ekonomisini aya\u011fa kald\u0131racak b\u00fcy\u00fck projeleri ele ald\u0131klar\u0131n\u0131, Anavatan T\u00fcrkiye\u2019nin sars\u0131lmaz deste\u011fiyle \u00fclkenin \u00f6zellikle altyap\u0131, in\u015faat, enerji, sa\u011fl\u0131k ve turizm sekt\u00f6r\u00fcndeki ihtiya\u00e7lar\u0131n\u0131 kar\u015f\u0131lamak ve bunlar\u0131n \u00f6ncelik s\u0131ras\u0131n\u0131 belirlemek \u00fczere yararl\u0131 bir g\u00f6r\u00fc\u015fme ger\u00e7ekle\u015ftirdiklerini aktard\u0131.<\/p>\n<p>G\u00f6r\u00fc\u015fmede ayr\u0131ca, b\u00f6lgesel ve adada ya\u015fanan geli\u015fmeler de de\u011ferlendirilerek al\u0131nabilecek tedbirler \u00fczerinde de duruldu.<\/p>\n<p>T\u00fcrkiye Cumhurba\u015fkan\u0131 Yard\u0131mc\u0131s\u0131 Cevdet Y\u0131lmaz da, g\u00f6r\u00fc\u015fmeye ili\u015fkin yapt\u0131\u011f\u0131 de\u011ferlendirmede, Ba\u015fbakan \u00dcstel ile Cumhurba\u015fkanl\u0131\u011f\u0131 K\u00fclliyesi\u2019nde bir araya geldiklerini kaydederek, g\u00f6r\u00fc\u015fmelerinde \u0130ktisadi ve Mali \u0130\u015fbirli\u011fi protokol\u00fcn\u00fcn detaylar\u0131n\u0131 kapsaml\u0131 bi\u00e7imde ele ald\u0131klar\u0131n\u0131 s\u00f6yledi.<\/p>\n<p>Y\u0131lmaz, b\u00f6lgesel geli\u015fmelerin yan\u0131 s\u0131ra \u00f6n\u00fcm\u00fczdeki d\u00f6nemde \u00f6ncelik verecekleri projeleri ve i\u015f birli\u011fi alanlar\u0131n\u0131 da de\u011ferlendirdiklerini belirterek, \u00dcstel\u2019e nazik ziyareti ve yap\u0131c\u0131 katk\u0131lar\u0131 i\u00e7in te\u015fekk\u00fcr etti.<\/p>\n<\/p><\/div>\n<p><script async\n                    defer\n                    crossorigin=\"anonymous\"\n                    src=\"https:\/\/connect.facebook.net\/tr_TR\/sdk.js#xfbml=1&#038;version=v3.3\"\n            ><\/script><\/p>\n","protected":false},"excerpt":{"rendered":"<p>Temaslarda bulunmak i\u00e7in Ankara\u2019ya giden Ba\u015fbakan \u00dcnal \u00dcstel, T\u00fcrkiye C\u0131mh\u0131rba\u015fkan\u0131 Yard\u0131mc\u0131s\u0131 Cevdet Y\u0131lmaz ile g\u00f6r\u00fc\u015ft\u00fc. G\u00f6r\u00fc\u015fmenin ard\u0131ndan BRT\u2019ye de\u011ferlendirmelerde bulunan Ba\u015fbakan \u00dcstel, g\u00f6r\u00fc\u015fmenin ana konusunu T\u00fcrkiye Cumhuriyeti ile Kuzey K\u0131br\u0131s T\u00fcrk Cumhuriyeti aras\u0131nda imzalanan \u0130ktisadi ve Mali i\u015fbirli\u011fi Protokol\u00fc\u2019n\u00fcn olu\u015fturdu\u011funu s\u00f6yledi. \u00dcstel, Y\u0131lmaz ile KKTC ekonomisini aya\u011fa kald\u0131racak b\u00fcy\u00fck projeleri ele ald\u0131klar\u0131n\u0131, Anavatan T\u00fcrkiye\u2019nin sars\u0131lmaz<\/p>\n","protected":false},"author":1,"featured_media":81749,"comment_status":"open","ping_status":"open","sticky":false,"template":"","format":"standard","meta":{"footnotes":""},"categories":[81,101],"tags":[],"class_list":["post-81748","post","type-post","status-publish","format-standard","has-post-thumbnail","hentry","category-kibris","category-manset"],"yoast_head":"<!-- This site is optimized with the Yoast SEO plugin v27.4 - https:\/\/yoast.com\/product\/yoast-seo-wordpress\/ -->\n<title>Ba\u015fbakan \u00dcstel:G\u00f6r\u00fc\u015fmede, \u0130ktisadi ve Mali \u0130\u015fbirli\u011fi Protokol\u00fc, b\u00f6lgesel ve adada ya\u015fanan geli\u015fmeler ele al\u0131nd\u0131 -<\/title>\n<meta name=\"robots\" content=\"index, follow, max-snippet:-1, max-image-preview:large, max-video-preview:-1\" \/>\n<link rel=\"canonical\" href=\"https:\/\/kibrisdakik.com\/?p=81748\" \/>\n<meta property=\"og:locale\" content=\"tr_TR\" \/>\n<meta property=\"og:type\" content=\"article\" \/>\n<meta property=\"og:title\" content=\"Ba\u015fbakan \u00dcstel:G\u00f6r\u00fc\u015fmede, \u0130ktisadi ve Mali \u0130\u015fbirli\u011fi Protokol\u00fc, b\u00f6lgesel ve adada ya\u015fanan geli\u015fmeler ele al\u0131nd\u0131 -\" \/>\n<meta property=\"og:description\" content=\"Temaslarda bulunmak i\u00e7in Ankara\u2019ya giden Ba\u015fbakan \u00dcnal \u00dcstel, T\u00fcrkiye C\u0131mh\u0131rba\u015fkan\u0131 Yard\u0131mc\u0131s\u0131 Cevdet Y\u0131lmaz ile g\u00f6r\u00fc\u015ft\u00fc. G\u00f6r\u00fc\u015fmenin ard\u0131ndan BRT\u2019ye de\u011ferlendirmelerde bulunan Ba\u015fbakan \u00dcstel, g\u00f6r\u00fc\u015fmenin ana konusunu T\u00fcrkiye Cumhuriyeti ile Kuzey K\u0131br\u0131s T\u00fcrk Cumhuriyeti aras\u0131nda imzalanan \u0130ktisadi ve Mali i\u015fbirli\u011fi Protokol\u00fc\u2019n\u00fcn olu\u015fturdu\u011funu s\u00f6yledi. \u00dcstel, Y\u0131lmaz ile KKTC ekonomisini aya\u011fa kald\u0131racak b\u00fcy\u00fck projeleri ele ald\u0131klar\u0131n\u0131, Anavatan T\u00fcrkiye\u2019nin sars\u0131lmaz\" \/>\n<meta property=\"og:url\" content=\"https:\/\/kibrisdakik.com\/?p=81748\" \/>\n<meta property=\"article:published_time\" content=\"2025-05-07T16:47:14+00:00\" \/>\n<meta property=\"og:image\" content=\"https:\/\/kibrisdakik.com\/wp-content\/uploads\/2025\/05\/ustel-cevdettt-65656-740x420.jpg\" \/>\n\t<meta property=\"og:image:width\" content=\"2048\" \/>\n\t<meta property=\"og:image:height\" content=\"878\" \/>\n\t<meta property=\"og:image:type\" content=\"image\/jpeg\" \/>\n<meta name=\"author\" content=\"admin\" \/>\n<meta name=\"twitter:card\" content=\"summary_large_image\" \/>\n<meta name=\"twitter:label1\" content=\"Yazan:\" \/>\n\t<meta name=\"twitter:data1\" content=\"admin\" \/>\n\t<meta name=\"twitter:label2\" content=\"Tahmini okuma s\u00fcresi\" \/>\n\t<meta name=\"twitter:data2\" content=\"1 dakika\" \/>\n<script type=\"application\/ld+json\" class=\"yoast-schema-graph\">{\"@context\":\"https:\\\/\\\/schema.org\",\"@graph\":[{\"@type\":\"Article\",\"@id\":\"https:\\\/\\\/kibrisdakik.com\\\/?p=81748#article\",\"isPartOf\":{\"@id\":\"https:\\\/\\\/kibrisdakik.com\\\/?p=81748\"},\"author\":{\"name\":\"admin\",\"@id\":\"https:\\\/\\\/kibrisdakik.com\\\/#\\\/schema\\\/person\\\/9cd9d437bbb44f72b73ba127e06d8e79\"},\"headline\":\"Ba\u015fbakan \u00dcstel:G\u00f6r\u00fc\u015fmede, \u0130ktisadi ve Mali \u0130\u015fbirli\u011fi Protokol\u00fc, b\u00f6lgesel ve adada ya\u015fanan geli\u015fmeler ele al\u0131nd\u0131\",\"datePublished\":\"2025-05-07T16:47:14+00:00\",\"mainEntityOfPage\":{\"@id\":\"https:\\\/\\\/kibrisdakik.com\\\/?p=81748\"},\"wordCount\":277,\"commentCount\":0,\"image\":{\"@id\":\"https:\\\/\\\/kibrisdakik.com\\\/?p=81748#primaryimage\"},\"thumbnailUrl\":\"https:\\\/\\\/kibrisdakik.com\\\/wp-content\\\/uploads\\\/2025\\\/05\\\/ustel-cevdettt-65656-740x420.jpg\",\"articleSection\":[\"K\u0131br\u0131s\",\"Man\u015fet\"],\"inLanguage\":\"tr\",\"potentialAction\":[{\"@type\":\"CommentAction\",\"name\":\"Comment\",\"target\":[\"https:\\\/\\\/kibrisdakik.com\\\/?p=81748#respond\"]}]},{\"@type\":\"WebPage\",\"@id\":\"https:\\\/\\\/kibrisdakik.com\\\/?p=81748\",\"url\":\"https:\\\/\\\/kibrisdakik.com\\\/?p=81748\",\"name\":\"Ba\u015fbakan \u00dcstel:G\u00f6r\u00fc\u015fmede, \u0130ktisadi ve Mali \u0130\u015fbirli\u011fi Protokol\u00fc, b\u00f6lgesel ve adada ya\u015fanan geli\u015fmeler ele al\u0131nd\u0131 -\",\"isPartOf\":{\"@id\":\"https:\\\/\\\/kibrisdakik.com\\\/#website\"},\"primaryImageOfPage\":{\"@id\":\"https:\\\/\\\/kibrisdakik.com\\\/?p=81748#primaryimage\"},\"image\":{\"@id\":\"https:\\\/\\\/kibrisdakik.com\\\/?p=81748#primaryimage\"},\"thumbnailUrl\":\"https:\\\/\\\/kibrisdakik.com\\\/wp-content\\\/uploads\\\/2025\\\/05\\\/ustel-cevdettt-65656-740x420.jpg\",\"datePublished\":\"2025-05-07T16:47:14+00:00\",\"author\":{\"@id\":\"https:\\\/\\\/kibrisdakik.com\\\/#\\\/schema\\\/person\\\/9cd9d437bbb44f72b73ba127e06d8e79\"},\"breadcrumb\":{\"@id\":\"https:\\\/\\\/kibrisdakik.com\\\/?p=81748#breadcrumb\"},\"inLanguage\":\"tr\",\"potentialAction\":[{\"@type\":\"ReadAction\",\"target\":[\"https:\\\/\\\/kibrisdakik.com\\\/?p=81748\"]}]},{\"@type\":\"ImageObject\",\"inLanguage\":\"tr\",\"@id\":\"https:\\\/\\\/kibrisdakik.com\\\/?p=81748#primaryimage\",\"url\":\"https:\\\/\\\/kibrisdakik.com\\\/wp-content\\\/uploads\\\/2025\\\/05\\\/ustel-cevdettt-65656-740x420.jpg\",\"contentUrl\":\"https:\\\/\\\/kibrisdakik.com\\\/wp-content\\\/uploads\\\/2025\\\/05\\\/ustel-cevdettt-65656-740x420.jpg\",\"width\":2048,\"height\":878},{\"@type\":\"BreadcrumbList\",\"@id\":\"https:\\\/\\\/kibrisdakik.com\\\/?p=81748#breadcrumb\",\"itemListElement\":[{\"@type\":\"ListItem\",\"position\":1,\"name\":\"Home\",\"item\":\"https:\\\/\\\/kibrisdakik.com\\\/\"},{\"@type\":\"ListItem\",\"position\":2,\"name\":\"Ba\u015fbakan \u00dcstel:G\u00f6r\u00fc\u015fmede, \u0130ktisadi ve Mali \u0130\u015fbirli\u011fi Protokol\u00fc, b\u00f6lgesel ve adada ya\u015fanan geli\u015fmeler ele al\u0131nd\u0131\"}]},{\"@type\":\"WebSite\",\"@id\":\"https:\\\/\\\/kibrisdakik.com\\\/#website\",\"url\":\"https:\\\/\\\/kibrisdakik.com\\\/\",\"name\":\"\",\"description\":\"Tam vaktinde haber\",\"potentialAction\":[{\"@type\":\"SearchAction\",\"target\":{\"@type\":\"EntryPoint\",\"urlTemplate\":\"https:\\\/\\\/kibrisdakik.com\\\/?s={search_term_string}\"},\"query-input\":{\"@type\":\"PropertyValueSpecification\",\"valueRequired\":true,\"valueName\":\"search_term_string\"}}],\"inLanguage\":\"tr\"},{\"@type\":\"Person\",\"@id\":\"https:\\\/\\\/kibrisdakik.com\\\/#\\\/schema\\\/person\\\/9cd9d437bbb44f72b73ba127e06d8e79\",\"name\":\"admin\",\"image\":{\"@type\":\"ImageObject\",\"inLanguage\":\"tr\",\"@id\":\"https:\\\/\\\/secure.gravatar.com\\\/avatar\\\/ccc17943b9d660506c869530f897617f7cb1c21a4bf30023f252596d83e1f007?s=96&d=mm&r=g\",\"url\":\"https:\\\/\\\/secure.gravatar.com\\\/avatar\\\/ccc17943b9d660506c869530f897617f7cb1c21a4bf30023f252596d83e1f007?s=96&d=mm&r=g\",\"contentUrl\":\"https:\\\/\\\/secure.gravatar.com\\\/avatar\\\/ccc17943b9d660506c869530f897617f7cb1c21a4bf30023f252596d83e1f007?s=96&d=mm&r=g\",\"caption\":\"admin\"},\"sameAs\":[\"https:\\\/\\\/kibrisdakik.com\"],\"url\":\"https:\\\/\\\/kibrisdakik.com\\\/?author=1\"}]}<\/script>\n<!-- \/ Yoast SEO plugin. -->","yoast_head_json":{"title":"Ba\u015fbakan \u00dcstel:G\u00f6r\u00fc\u015fmede, \u0130ktisadi ve Mali \u0130\u015fbirli\u011fi Protokol\u00fc, b\u00f6lgesel ve adada ya\u015fanan geli\u015fmeler ele al\u0131nd\u0131 -","robots":{"index":"index","follow":"follow","max-snippet":"max-snippet:-1","max-image-preview":"max-image-preview:large","max-video-preview":"max-video-preview:-1"},"canonical":"https:\/\/kibrisdakik.com\/?p=81748","og_locale":"tr_TR","og_type":"article","og_title":"Ba\u015fbakan \u00dcstel:G\u00f6r\u00fc\u015fmede, \u0130ktisadi ve Mali \u0130\u015fbirli\u011fi Protokol\u00fc, b\u00f6lgesel ve adada ya\u015fanan geli\u015fmeler ele al\u0131nd\u0131 -","og_description":"Temaslarda bulunmak i\u00e7in Ankara\u2019ya giden Ba\u015fbakan \u00dcnal \u00dcstel, T\u00fcrkiye C\u0131mh\u0131rba\u015fkan\u0131 Yard\u0131mc\u0131s\u0131 Cevdet Y\u0131lmaz ile g\u00f6r\u00fc\u015ft\u00fc. G\u00f6r\u00fc\u015fmenin ard\u0131ndan BRT\u2019ye de\u011ferlendirmelerde bulunan Ba\u015fbakan \u00dcstel, g\u00f6r\u00fc\u015fmenin ana konusunu T\u00fcrkiye Cumhuriyeti ile Kuzey K\u0131br\u0131s T\u00fcrk Cumhuriyeti aras\u0131nda imzalanan \u0130ktisadi ve Mali i\u015fbirli\u011fi Protokol\u00fc\u2019n\u00fcn olu\u015fturdu\u011funu s\u00f6yledi. \u00dcstel, Y\u0131lmaz ile KKTC ekonomisini aya\u011fa kald\u0131racak b\u00fcy\u00fck projeleri ele ald\u0131klar\u0131n\u0131, Anavatan T\u00fcrkiye\u2019nin sars\u0131lmaz","og_url":"https:\/\/kibrisdakik.com\/?p=81748","article_published_time":"2025-05-07T16:47:14+00:00","og_image":[{"width":2048,"height":878,"url":"https:\/\/kibrisdakik.com\/wp-content\/uploads\/2025\/05\/ustel-cevdettt-65656-740x420.jpg","type":"image\/jpeg"}],"author":"admin","twitter_card":"summary_large_image","twitter_misc":{"Yazan:":"admin","Tahmini okuma s\u00fcresi":"1 dakika"},"schema":{"@context":"https:\/\/schema.org","@graph":[{"@type":"Article","@id":"https:\/\/kibrisdakik.com\/?p=81748#article","isPartOf":{"@id":"https:\/\/kibrisdakik.com\/?p=81748"},"author":{"name":"admin","@id":"https:\/\/kibrisdakik.com\/#\/schema\/person\/9cd9d437bbb44f72b73ba127e06d8e79"},"headline":"Ba\u015fbakan \u00dcstel:G\u00f6r\u00fc\u015fmede, \u0130ktisadi ve Mali \u0130\u015fbirli\u011fi Protokol\u00fc, b\u00f6lgesel ve adada ya\u015fanan geli\u015fmeler ele al\u0131nd\u0131","datePublished":"2025-05-07T16:47:14+00:00","mainEntityOfPage":{"@id":"https:\/\/kibrisdakik.com\/?p=81748"},"wordCount":277,"commentCount":0,"image":{"@id":"https:\/\/kibrisdakik.com\/?p=81748#primaryimage"},"thumbnailUrl":"https:\/\/kibrisdakik.com\/wp-content\/uploads\/2025\/05\/ustel-cevdettt-65656-740x420.jpg","articleSection":["K\u0131br\u0131s","Man\u015fet"],"inLanguage":"tr","potentialAction":[{"@type":"CommentAction","name":"Comment","target":["https:\/\/kibrisdakik.com\/?p=81748#respond"]}]},{"@type":"WebPage","@id":"https:\/\/kibrisdakik.com\/?p=81748","url":"https:\/\/kibrisdakik.com\/?p=81748","name":"Ba\u015fbakan \u00dcstel:G\u00f6r\u00fc\u015fmede, \u0130ktisadi ve Mali \u0130\u015fbirli\u011fi Protokol\u00fc, b\u00f6lgesel ve adada ya\u015fanan geli\u015fmeler ele al\u0131nd\u0131 -","isPartOf":{"@id":"https:\/\/kibrisdakik.com\/#website"},"primaryImageOfPage":{"@id":"https:\/\/kibrisdakik.com\/?p=81748#primaryimage"},"image":{"@id":"https:\/\/kibrisdakik.com\/?p=81748#primaryimage"},"thumbnailUrl":"https:\/\/kibrisdakik.com\/wp-content\/uploads\/2025\/05\/ustel-cevdettt-65656-740x420.jpg","datePublished":"2025-05-07T16:47:14+00:00","author":{"@id":"https:\/\/kibrisdakik.com\/#\/schema\/person\/9cd9d437bbb44f72b73ba127e06d8e79"},"breadcrumb":{"@id":"https:\/\/kibrisdakik.com\/?p=81748#breadcrumb"},"inLanguage":"tr","potentialAction":[{"@type":"ReadAction","target":["https:\/\/kibrisdakik.com\/?p=81748"]}]},{"@type":"ImageObject","inLanguage":"tr","@id":"https:\/\/kibrisdakik.com\/?p=81748#primaryimage","url":"https:\/\/kibrisdakik.com\/wp-content\/uploads\/2025\/05\/ustel-cevdettt-65656-740x420.jpg","contentUrl":"https:\/\/kibrisdakik.com\/wp-content\/uploads\/2025\/05\/ustel-cevdettt-65656-740x420.jpg","width":2048,"height":878},{"@type":"BreadcrumbList","@id":"https:\/\/kibrisdakik.com\/?p=81748#breadcrumb","itemListElement":[{"@type":"ListItem","position":1,"name":"Home","item":"https:\/\/kibrisdakik.com\/"},{"@type":"ListItem","position":2,"name":"Ba\u015fbakan \u00dcstel:G\u00f6r\u00fc\u015fmede, \u0130ktisadi ve Mali \u0130\u015fbirli\u011fi Protokol\u00fc, b\u00f6lgesel ve adada ya\u015fanan geli\u015fmeler ele al\u0131nd\u0131"}]},{"@type":"WebSite","@id":"https:\/\/kibrisdakik.com\/#website","url":"https:\/\/kibrisdakik.com\/","name":"","description":"Tam vaktinde haber","potentialAction":[{"@type":"SearchAction","target":{"@type":"EntryPoint","urlTemplate":"https:\/\/kibrisdakik.com\/?s={search_term_string}"},"query-input":{"@type":"PropertyValueSpecification","valueRequired":true,"valueName":"search_term_string"}}],"inLanguage":"tr"},{"@type":"Person","@id":"https:\/\/kibrisdakik.com\/#\/schema\/person\/9cd9d437bbb44f72b73ba127e06d8e79","name":"admin","image":{"@type":"ImageObject","inLanguage":"tr","@id":"https:\/\/secure.gravatar.com\/avatar\/ccc17943b9d660506c869530f897617f7cb1c21a4bf30023f252596d83e1f007?s=96&d=mm&r=g","url":"https:\/\/secure.gravatar.com\/avatar\/ccc17943b9d660506c869530f897617f7cb1c21a4bf30023f252596d83e1f007?s=96&d=mm&r=g","contentUrl":"https:\/\/secure.gravatar.com\/avatar\/ccc17943b9d660506c869530f897617f7cb1c21a4bf30023f252596d83e1f007?s=96&d=mm&r=g","caption":"admin"},"sameAs":["https:\/\/kibrisdakik.com"],"url":"https:\/\/kibrisdakik.com\/?author=1"}]}},"_links":{"self":[{"href":"https:\/\/kibrisdakik.com\/index.php?rest_route=\/wp\/v2\/posts\/81748","targetHints":{"allow":["GET"]}}],"collection":[{"href":"https:\/\/kibrisdakik.com\/index.php?rest_route=\/wp\/v2\/posts"}],"about":[{"href":"https:\/\/kibrisdakik.com\/index.php?rest_route=\/wp\/v2\/types\/post"}],"author":[{"embeddable":true,"href":"https:\/\/kibrisdakik.com\/index.php?rest_route=\/wp\/v2\/users\/1"}],"replies":[{"embeddable":true,"href":"https:\/\/kibrisdakik.com\/index.php?rest_route=%2Fwp%2Fv2%2Fcomments&post=81748"}],"version-history":[{"count":0,"href":"https:\/\/kibrisdakik.com\/index.php?rest_route=\/wp\/v2\/posts\/81748\/revisions"}],"wp:featuredmedia":[{"embeddable":true,"href":"https:\/\/kibrisdakik.com\/index.php?rest_route=\/wp\/v2\/media\/81749"}],"wp:attachment":[{"href":"https:\/\/kibrisdakik.com\/index.php?rest_route=%2Fwp%2Fv2%2Fmedia&parent=81748"}],"wp:term":[{"taxonomy":"category","embeddable":true,"href":"https:\/\/kibrisdakik.com\/index.php?rest_route=%2Fwp%2Fv2%2Fcategories&post=81748"},{"taxonomy":"post_tag","embeddable":true,"href":"https:\/\/kibrisdakik.com\/index.php?rest_route=%2Fwp%2Fv2%2Ftags&post=81748"}],"curies":[{"name":"wp","href":"https:\/\/api.w.org\/{rel}","templated":true}]}}