{"id":81769,"date":"2025-05-08T11:32:55","date_gmt":"2025-05-08T08:32:55","guid":{"rendered":"https:\/\/kibrisdakik.com\/index.php\/2025\/05\/08\/cumhurbaskani-tatar-hristodulidis-iki-yuzlu-bir-siyaset-izliyor\/"},"modified":"2025-05-08T11:32:55","modified_gmt":"2025-05-08T08:32:55","slug":"cumhurbaskani-tatar-hristodulidis-iki-yuzlu-bir-siyaset-izliyor","status":"publish","type":"post","link":"https:\/\/kibrisdakik.com\/?p=81769","title":{"rendered":"Cumhurba\u015fkan\u0131 Tatar: Hristodulidis iki y\u00fczl\u00fc bir siyaset izliyor"},"content":{"rendered":"<div>\n<div class=\"mariselle-image-container center\">\n                                            <\/div>\n<p>\nCumhurba\u015fkan\u0131 Ersin Tatar, Nikos Hristodulidis\u2019i masada \u201cuzla\u015f\u0131\u201d deyip, adada K\u0131br\u0131s T\u00fcrk halk\u0131n\u0131 k\u00f6\u015feye s\u0131k\u0131\u015ft\u0131rmaya \u00e7al\u0131\u015fmak ve iki y\u00fczl\u00fc bir siyaset izlemekle ele\u015ftirdi.<\/p>\n<p>Hristodulidis\u2019in izledi\u011fi politikalara ili\u015fkin T\u00fcrk Ajans\u0131 K\u0131br\u0131s\u2019a (TAK) de\u011ferlendirmelerde bulunan Cumhurba\u015fkan\u0131 Ersin Tatar, \u201cRum lider Nikos Hristodulidis\u2019in s\u00f6ylemlerini hayretle izliyorum. Cenevre\u2019de BM Genel Sekreteri\u2019nin huzurunda verdi\u011fi s\u00f6zleri, adaya d\u00f6ner d\u00f6nmez unuttu\u201d dedi.<\/p>\n<p>Tatar \u201cHristodulidis \u015fimdi \u00e7\u0131k\u0131p bas\u0131n\u0131n kar\u015f\u0131s\u0131nda \u2018elimizde anahtar var, stratejimiz var\u2019 diyor. Peki, o anahtar hangi kap\u0131y\u0131 a\u00e7\u0131yor? O anahtar, K\u0131br\u0131s T\u00fcrk Halk\u0131n\u0131n temel insan haklar\u0131n\u0131n gasp edildi\u011fi, haks\u0131z ve hukuksuz izolasyonlar\u0131n s\u00fcrd\u00fc\u011f\u00fc kap\u0131y\u0131 a\u00e7\u0131yor.  Ancak K\u0131br\u0131s T\u00fcrk halk\u0131 art\u0131k o kap\u0131dan ge\u00e7meyecek \u00e7\u00fcnk\u00fc K\u0131br\u0131s T\u00fcrk Halk\u0131, kap\u0131n\u0131n e\u015fi\u011finde kand\u0131r\u0131larak bekletilmekten b\u0131kt\u0131, ayn\u0131 oyun defa defa \u00fczerimizde oynand\u0131. Zaman ba\u015fkalar\u0131n\u0131 memnun etme zaman\u0131 de\u011fil, zaman Halk\u0131m\u0131z\u0131n iradesini ileriye ta\u015f\u0131ma zaman\u0131d\u0131r\u201d ifadelerini kulland\u0131.<\/p>\n<p>\u2013 \u201cCenevre\u2019de BM Genel Sekreteri\u2019nin huzurunda verdi\u011fi s\u00f6zleri, adaya d\u00f6ner d\u00f6nmez unuttu\u201d<\/p>\n<p>Hristodulidis\u2019in, Cenevre\u2019ye giderken \u2018m\u00fczakereleri kald\u0131\u011f\u0131 yerden ba\u015flatacak 5 maddelik \u00f6neriyle gidiyorum\u2019 diyerek kendi halk\u0131n\u0131 b\u00fcy\u00fck beklentilerle manip\u00fcle etti\u011fini s\u00f6yleyen Cumhurba\u015fkan\u0131 Tatar, \u201cPeki, orada ne sundu? 20 Ocak\u2019ta \u2018paket\u2019 diye duyurdu\u011fu, s\u00f6zde 8 maddeyi yeniden okudu. Ard\u0131ndan Genel Sekreter\u2019in Yard\u0131mc\u0131s\u0131 DiCarlo\u2019nun \u00f6nerisini \u00e7almaya da te\u015febb\u00fcs etti. Ge\u00e7ti\u011fimiz Pazartesi g\u00fcn\u00fcnden itibaren s\u00f6ylediklerine, s\u0131zd\u0131rd\u0131klar\u0131na bakt\u0131\u011f\u0131mda g\u00f6r\u00fcyorum ki, \u00e7ok ciddi bir sorunla kar\u015f\u0131 kar\u015f\u0131yay\u0131z\u201d \u015feklinde konu\u015ftu.<\/p>\n<p>Hristodulidis\u2019in genel tutumunun uzla\u015f\u0131dan, \u00e7\u00f6z\u00fcmden yana olan bir liderin tavr\u0131 olmad\u0131\u011f\u0131n\u0131 vurgulayan Cumhurba\u015fkan\u0131 Tatar \u201cMasada \u2018uzla\u015f\u0131\u2019 deyip, adada \u2018K\u0131br\u0131s T\u00fcrk halk\u0131n\u0131 daha fazla nas\u0131l bask\u0131 alt\u0131na al\u0131r\u0131m\u2019 g\u00fcd\u00fcs\u00fcyle hareket etmek, diplomasi de\u011fil, maskeli bir oyundur. K\u0131br\u0131s T\u00fcrk Halk\u0131 bu oyunu defalarca izledi. Crans Montana\u2019da da ayn\u0131 senaryoyu oynad\u0131lar. Masada s\u00f6ylediklerini adaya d\u00f6ner d\u00f6nmez unutan bir liderle kar\u015f\u0131 kar\u015f\u0131yay\u0131z\u201d dedi.<\/p>\n<p>Tatar de\u011ferlendirmesini \u015fu s\u00f6zlerle s\u00fcrd\u00fcrd\u00fc:<\/p>\n<p>\u201cRum lider, \u2018K\u0131br\u0131s T\u00fcrk taraf\u0131 \u00e7\u00f6z\u00fcm\u00fc reddediyor\u2019 diyerek uluslararas\u0131 kamuoyunu yan\u0131ltmaya \u00e7al\u0131\u015f\u0131yor. Ger\u00e7ek ise bamba\u015fka. K\u0131br\u0131s T\u00fcrk Halk\u0131, m\u00fczakere yoluyla bulunacak bir uzla\u015f\u0131ya taraft\u0131r. Ancak egemenli\u011finden, devletinden vazge\u00e7ip Rum\u2019u ikna \u00e7abas\u0131 i\u00e7ine girerek, kar\u015f\u0131 taraf\u0131n istedi\u011fi tek egemenli\u011fe dayal\u0131 bir uzla\u015f\u0131 m\u00fczakeresine girmeyecektir.<\/p>\n<p>Hristodulidis\u2019in hedefi, K\u0131br\u0131s T\u00fcrk Halk\u0131n\u0131 Rum egemenli\u011fi alt\u0131na almakt\u0131r. Bu, \u00e7\u00f6z\u00fcm aray\u0131\u015f\u0131 de\u011fil, dayatma siyasetidir. Hristodulidis, Crans Montana\u2019dan bu yana de\u011fi\u015fen tek bir s\u00f6ylem geli\u015ftirmemekle kalmay\u0131p tek hedefi kendisini ma\u011fdur g\u00f6sterip, K\u0131br\u0131s T\u00fcrk Halk\u0131n\u0131 kendince bask\u0131 alt\u0131nda tutmakt\u0131r. Ama bilsin ki, K\u0131br\u0131s T\u00fcrk Halk\u0131 bu oyuna gelmeyecektir.<\/p>\n<p>Hristodulidis\u2019in alg\u0131 operasyonlar\u0131na paralel s\u00f6ylemler geli\u015ftiren adaylar\u0131n varl\u0131\u011f\u0131, se\u00e7im s\u00fcrecinde dikkatle izlenmelidir. \u201cSe\u00e7ilirsem Rum taraf\u0131n\u0131n beklentilerini kar\u015f\u0131layaca\u011f\u0131m\u201d izlenimi veren bu adaylar\u0131n halk\u0131m\u0131za nas\u0131l bir gelecek vadetti\u011fini sorgulamak zorunday\u0131z. Rum liderin bask\u0131c\u0131 siyasetini K\u0131br\u0131s T\u00fcrk halk\u0131n\u0131n egemenlik talebine ba\u011flama c\u00fcretinde bulunanlar emin olsunlar, kar\u015f\u0131lar\u0131nda haklar\u0131n\u0131 talep eden halk\u0131m\u0131z\u0131 bulacaklar.\u201d<\/p>\n<p>\u201cRum liderin t\u00fckenmi\u015f federasyon \u0131srar\u0131, K\u0131br\u0131s T\u00fcrk Halk\u0131n\u0131 Rum egemenli\u011fi alt\u0131na almay\u0131 ama\u00e7layan bir oyundan ibarettir\u201d diyen Cumhurba\u015fkan\u0131 Ersin Tatar, K\u0131br\u0131s T\u00fcrk halk\u0131n\u0131n iradesini ve haklar\u0131n\u0131, Rum liderin belirleyece\u011fi bir \u00e7er\u00e7eveye s\u0131k\u0131\u015ft\u0131rman\u0131n, \u00e7\u00f6z\u00fcm de\u011fil teslimiyet oldu\u011funu kaydetti.   Tatar, \u201cK\u0131br\u0131s T\u00fcrk halk\u0131, e\u011fer kar\u015f\u0131 tarafta da uzla\u015f\u0131 iradesi varsa kendi devletini, egemenli\u011fini ve iradesini koruyarak m\u00fczakere masas\u0131nda yerini alacakt\u0131r. Bu Halk, Rum taraf\u0131n\u0131n tahakk\u00fcm te\u015febb\u00fcslerine teslim olmayacak kadar g\u00fc\u00e7l\u00fcd\u00fcr\u201d ifadelerini kulland\u0131.<\/p>\n<p>\u2013          Hristodulidis masada \u2018uzla\u015f\u0131\u2019 diyor\u201d, adaya d\u00f6nd\u00fc\u011f\u00fcnde halk\u0131m\u0131z\u0131 k\u00f6\u015feye s\u0131k\u0131\u015ft\u0131rmaya \u00e7al\u0131\u015f\u0131yor<\/p>\n<p>Rum lider Hristodulidis\u2019in iddialar\u0131n\u0131n sadece K\u0131br\u0131s T\u00fcrk taraf\u0131n\u0131 hedef almad\u0131\u011f\u0131n\u0131, ayn\u0131 zamanda kendi halk\u0131n\u0131 da yan\u0131ltma \u00e7abas\u0131n\u0131n bir uzant\u0131s\u0131n\u0131 te\u015fkil etti\u011fini s\u00f6yleyen Cumhurba\u015fkan\u0131 Tatar, \u201cMasada \u2018uzla\u015f\u0131\u2019 deyip, adada \u2018K\u0131br\u0131s T\u00fcrk Halk\u0131n\u0131 k\u00f6\u015feye s\u0131k\u0131\u015ft\u0131raca\u011f\u0131m\u2019 demek, iki y\u00fczl\u00fc bir siyasetin g\u00f6stergesidir\u201d vurgusunda bulundu.<\/p>\n<p>Cumhurba\u015fkan\u0131 Tatar s\u00f6zlerini \u015f\u00f6yle noktalad\u0131:<\/p>\n<p>\u201cK\u0131br\u0131s T\u00fcrk halk\u0131 olarak biz, \u00e7\u00f6z\u00fcmden yana duru\u015fumuzu her f\u0131rsatta ortaya koyduk. Ancak bu \u00e7\u00f6z\u00fcm, Rum\u2019un belirledi\u011fi \u00e7er\u00e7eveye s\u0131\u011fd\u0131r\u0131lacak bir teslimiyet modeli de\u011fil, egemen e\u015fitlik ve e\u015fit uluslararas\u0131 stat\u00fcm\u00fcz temelinde, iki devletli bir \u00e7\u00f6z\u00fcmd\u00fcr. Bizi izolasyonla sindirme politikas\u0131 g\u00fcdenlere cevab\u0131m\u0131z nettir: K\u0131br\u0131s T\u00fcrk halk\u0131, haklar\u0131ndan ve egemenli\u011finden asla vazge\u00e7meyecektir. \u00c7\u00fcnk\u00fc bu halk, Rum iradesine teslim olmayacak kadar onurlu, dirayetli ve g\u00fc\u00e7l\u00fcd\u00fcr.\u201d<\/p>\n<\/p><\/div>\n<p><script async\n                    defer\n                    crossorigin=\"anonymous\"\n                    src=\"https:\/\/connect.facebook.net\/tr_TR\/sdk.js#xfbml=1&#038;version=v3.3\"\n            ><\/script><\/p>\n","protected":false},"excerpt":{"rendered":"<p>Cumhurba\u015fkan\u0131 Ersin Tatar, Nikos Hristodulidis\u2019i masada \u201cuzla\u015f\u0131\u201d deyip, adada K\u0131br\u0131s T\u00fcrk halk\u0131n\u0131 k\u00f6\u015feye s\u0131k\u0131\u015ft\u0131rmaya \u00e7al\u0131\u015fmak ve iki y\u00fczl\u00fc bir siyaset izlemekle ele\u015ftirdi. Hristodulidis\u2019in izledi\u011fi politikalara ili\u015fkin T\u00fcrk Ajans\u0131 K\u0131br\u0131s\u2019a (TAK) de\u011ferlendirmelerde bulunan Cumhurba\u015fkan\u0131 Ersin Tatar, \u201cRum lider Nikos Hristodulidis\u2019in s\u00f6ylemlerini hayretle izliyorum. Cenevre\u2019de BM Genel Sekreteri\u2019nin huzurunda verdi\u011fi s\u00f6zleri, adaya d\u00f6ner d\u00f6nmez unuttu\u201d dedi. Tatar<\/p>\n","protected":false},"author":1,"featured_media":81770,"comment_status":"open","ping_status":"open","sticky":false,"template":"","format":"standard","meta":{"footnotes":""},"categories":[81,101],"tags":[],"class_list":["post-81769","post","type-post","status-publish","format-standard","has-post-thumbnail","hentry","category-kibris","category-manset"],"yoast_head":"<!-- This site is optimized with the Yoast SEO plugin v27.5 - https:\/\/yoast.com\/product\/yoast-seo-wordpress\/ -->\n<title>Cumhurba\u015fkan\u0131 Tatar: Hristodulidis iki y\u00fczl\u00fc bir siyaset izliyor -<\/title>\n<meta name=\"robots\" content=\"index, follow, max-snippet:-1, max-image-preview:large, max-video-preview:-1\" \/>\n<link rel=\"canonical\" href=\"https:\/\/kibrisdakik.com\/?p=81769\" \/>\n<meta property=\"og:locale\" content=\"tr_TR\" \/>\n<meta property=\"og:type\" content=\"article\" \/>\n<meta property=\"og:title\" content=\"Cumhurba\u015fkan\u0131 Tatar: Hristodulidis iki y\u00fczl\u00fc bir siyaset izliyor -\" \/>\n<meta property=\"og:description\" content=\"Cumhurba\u015fkan\u0131 Ersin Tatar, Nikos Hristodulidis\u2019i masada \u201cuzla\u015f\u0131\u201d deyip, adada K\u0131br\u0131s T\u00fcrk halk\u0131n\u0131 k\u00f6\u015feye s\u0131k\u0131\u015ft\u0131rmaya \u00e7al\u0131\u015fmak ve iki y\u00fczl\u00fc bir siyaset izlemekle ele\u015ftirdi. Hristodulidis\u2019in izledi\u011fi politikalara ili\u015fkin T\u00fcrk Ajans\u0131 K\u0131br\u0131s\u2019a (TAK) de\u011ferlendirmelerde bulunan Cumhurba\u015fkan\u0131 Ersin Tatar, \u201cRum lider Nikos Hristodulidis\u2019in s\u00f6ylemlerini hayretle izliyorum. Cenevre\u2019de BM Genel Sekreteri\u2019nin huzurunda verdi\u011fi s\u00f6zleri, adaya d\u00f6ner d\u00f6nmez unuttu\u201d dedi. Tatar\" \/>\n<meta property=\"og:url\" content=\"https:\/\/kibrisdakik.com\/?p=81769\" \/>\n<meta property=\"article:published_time\" content=\"2025-05-08T08:32:55+00:00\" \/>\n<meta property=\"og:image\" content=\"https:\/\/kibrisdakik.com\/wp-content\/uploads\/2025\/05\/1746690427485tatar-foto-2-scaled-740x420.jpeg\" \/>\n\t<meta property=\"og:image:width\" content=\"2560\" \/>\n\t<meta property=\"og:image:height\" content=\"1707\" \/>\n\t<meta property=\"og:image:type\" content=\"image\/jpeg\" \/>\n<meta name=\"author\" content=\"admin\" \/>\n<meta name=\"twitter:card\" content=\"summary_large_image\" \/>\n<meta name=\"twitter:label1\" content=\"Yazan:\" \/>\n\t<meta name=\"twitter:data1\" content=\"admin\" \/>\n\t<meta name=\"twitter:label2\" content=\"Tahmini okuma s\u00fcresi\" \/>\n\t<meta name=\"twitter:data2\" content=\"5 dakika\" \/>\n<script type=\"application\/ld+json\" class=\"yoast-schema-graph\">{\"@context\":\"https:\\\/\\\/schema.org\",\"@graph\":[{\"@type\":\"Article\",\"@id\":\"https:\\\/\\\/kibrisdakik.com\\\/?p=81769#article\",\"isPartOf\":{\"@id\":\"https:\\\/\\\/kibrisdakik.com\\\/?p=81769\"},\"author\":{\"name\":\"admin\",\"@id\":\"https:\\\/\\\/kibrisdakik.com\\\/#\\\/schema\\\/person\\\/9cd9d437bbb44f72b73ba127e06d8e79\"},\"headline\":\"Cumhurba\u015fkan\u0131 Tatar: Hristodulidis iki y\u00fczl\u00fc bir siyaset izliyor\",\"datePublished\":\"2025-05-08T08:32:55+00:00\",\"mainEntityOfPage\":{\"@id\":\"https:\\\/\\\/kibrisdakik.com\\\/?p=81769\"},\"wordCount\":935,\"commentCount\":0,\"image\":{\"@id\":\"https:\\\/\\\/kibrisdakik.com\\\/?p=81769#primaryimage\"},\"thumbnailUrl\":\"https:\\\/\\\/kibrisdakik.com\\\/wp-content\\\/uploads\\\/2025\\\/05\\\/1746690427485tatar-foto-2-scaled-740x420.jpeg\",\"articleSection\":[\"K\u0131br\u0131s\",\"Man\u015fet\"],\"inLanguage\":\"tr\",\"potentialAction\":[{\"@type\":\"CommentAction\",\"name\":\"Comment\",\"target\":[\"https:\\\/\\\/kibrisdakik.com\\\/?p=81769#respond\"]}]},{\"@type\":\"WebPage\",\"@id\":\"https:\\\/\\\/kibrisdakik.com\\\/?p=81769\",\"url\":\"https:\\\/\\\/kibrisdakik.com\\\/?p=81769\",\"name\":\"Cumhurba\u015fkan\u0131 Tatar: Hristodulidis iki y\u00fczl\u00fc bir siyaset izliyor -\",\"isPartOf\":{\"@id\":\"https:\\\/\\\/kibrisdakik.com\\\/#website\"},\"primaryImageOfPage\":{\"@id\":\"https:\\\/\\\/kibrisdakik.com\\\/?p=81769#primaryimage\"},\"image\":{\"@id\":\"https:\\\/\\\/kibrisdakik.com\\\/?p=81769#primaryimage\"},\"thumbnailUrl\":\"https:\\\/\\\/kibrisdakik.com\\\/wp-content\\\/uploads\\\/2025\\\/05\\\/1746690427485tatar-foto-2-scaled-740x420.jpeg\",\"datePublished\":\"2025-05-08T08:32:55+00:00\",\"author\":{\"@id\":\"https:\\\/\\\/kibrisdakik.com\\\/#\\\/schema\\\/person\\\/9cd9d437bbb44f72b73ba127e06d8e79\"},\"breadcrumb\":{\"@id\":\"https:\\\/\\\/kibrisdakik.com\\\/?p=81769#breadcrumb\"},\"inLanguage\":\"tr\",\"potentialAction\":[{\"@type\":\"ReadAction\",\"target\":[\"https:\\\/\\\/kibrisdakik.com\\\/?p=81769\"]}]},{\"@type\":\"ImageObject\",\"inLanguage\":\"tr\",\"@id\":\"https:\\\/\\\/kibrisdakik.com\\\/?p=81769#primaryimage\",\"url\":\"https:\\\/\\\/kibrisdakik.com\\\/wp-content\\\/uploads\\\/2025\\\/05\\\/1746690427485tatar-foto-2-scaled-740x420.jpeg\",\"contentUrl\":\"https:\\\/\\\/kibrisdakik.com\\\/wp-content\\\/uploads\\\/2025\\\/05\\\/1746690427485tatar-foto-2-scaled-740x420.jpeg\",\"width\":2560,\"height\":1707},{\"@type\":\"BreadcrumbList\",\"@id\":\"https:\\\/\\\/kibrisdakik.com\\\/?p=81769#breadcrumb\",\"itemListElement\":[{\"@type\":\"ListItem\",\"position\":1,\"name\":\"Home\",\"item\":\"https:\\\/\\\/kibrisdakik.com\\\/\"},{\"@type\":\"ListItem\",\"position\":2,\"name\":\"Cumhurba\u015fkan\u0131 Tatar: Hristodulidis iki y\u00fczl\u00fc bir siyaset izliyor\"}]},{\"@type\":\"WebSite\",\"@id\":\"https:\\\/\\\/kibrisdakik.com\\\/#website\",\"url\":\"https:\\\/\\\/kibrisdakik.com\\\/\",\"name\":\"\",\"description\":\"Tam vaktinde haber\",\"potentialAction\":[{\"@type\":\"SearchAction\",\"target\":{\"@type\":\"EntryPoint\",\"urlTemplate\":\"https:\\\/\\\/kibrisdakik.com\\\/?s={search_term_string}\"},\"query-input\":{\"@type\":\"PropertyValueSpecification\",\"valueRequired\":true,\"valueName\":\"search_term_string\"}}],\"inLanguage\":\"tr\"},{\"@type\":\"Person\",\"@id\":\"https:\\\/\\\/kibrisdakik.com\\\/#\\\/schema\\\/person\\\/9cd9d437bbb44f72b73ba127e06d8e79\",\"name\":\"admin\",\"image\":{\"@type\":\"ImageObject\",\"inLanguage\":\"tr\",\"@id\":\"https:\\\/\\\/secure.gravatar.com\\\/avatar\\\/ccc17943b9d660506c869530f897617f7cb1c21a4bf30023f252596d83e1f007?s=96&d=mm&r=g\",\"url\":\"https:\\\/\\\/secure.gravatar.com\\\/avatar\\\/ccc17943b9d660506c869530f897617f7cb1c21a4bf30023f252596d83e1f007?s=96&d=mm&r=g\",\"contentUrl\":\"https:\\\/\\\/secure.gravatar.com\\\/avatar\\\/ccc17943b9d660506c869530f897617f7cb1c21a4bf30023f252596d83e1f007?s=96&d=mm&r=g\",\"caption\":\"admin\"},\"sameAs\":[\"https:\\\/\\\/kibrisdakik.com\"],\"url\":\"https:\\\/\\\/kibrisdakik.com\\\/?author=1\"}]}<\/script>\n<!-- \/ Yoast SEO plugin. -->","yoast_head_json":{"title":"Cumhurba\u015fkan\u0131 Tatar: Hristodulidis iki y\u00fczl\u00fc bir siyaset izliyor -","robots":{"index":"index","follow":"follow","max-snippet":"max-snippet:-1","max-image-preview":"max-image-preview:large","max-video-preview":"max-video-preview:-1"},"canonical":"https:\/\/kibrisdakik.com\/?p=81769","og_locale":"tr_TR","og_type":"article","og_title":"Cumhurba\u015fkan\u0131 Tatar: Hristodulidis iki y\u00fczl\u00fc bir siyaset izliyor -","og_description":"Cumhurba\u015fkan\u0131 Ersin Tatar, Nikos Hristodulidis\u2019i masada \u201cuzla\u015f\u0131\u201d deyip, adada K\u0131br\u0131s T\u00fcrk halk\u0131n\u0131 k\u00f6\u015feye s\u0131k\u0131\u015ft\u0131rmaya \u00e7al\u0131\u015fmak ve iki y\u00fczl\u00fc bir siyaset izlemekle ele\u015ftirdi. Hristodulidis\u2019in izledi\u011fi politikalara ili\u015fkin T\u00fcrk Ajans\u0131 K\u0131br\u0131s\u2019a (TAK) de\u011ferlendirmelerde bulunan Cumhurba\u015fkan\u0131 Ersin Tatar, \u201cRum lider Nikos Hristodulidis\u2019in s\u00f6ylemlerini hayretle izliyorum. Cenevre\u2019de BM Genel Sekreteri\u2019nin huzurunda verdi\u011fi s\u00f6zleri, adaya d\u00f6ner d\u00f6nmez unuttu\u201d dedi. Tatar","og_url":"https:\/\/kibrisdakik.com\/?p=81769","article_published_time":"2025-05-08T08:32:55+00:00","og_image":[{"width":2560,"height":1707,"url":"https:\/\/kibrisdakik.com\/wp-content\/uploads\/2025\/05\/1746690427485tatar-foto-2-scaled-740x420.jpeg","type":"image\/jpeg"}],"author":"admin","twitter_card":"summary_large_image","twitter_misc":{"Yazan:":"admin","Tahmini okuma s\u00fcresi":"5 dakika"},"schema":{"@context":"https:\/\/schema.org","@graph":[{"@type":"Article","@id":"https:\/\/kibrisdakik.com\/?p=81769#article","isPartOf":{"@id":"https:\/\/kibrisdakik.com\/?p=81769"},"author":{"name":"admin","@id":"https:\/\/kibrisdakik.com\/#\/schema\/person\/9cd9d437bbb44f72b73ba127e06d8e79"},"headline":"Cumhurba\u015fkan\u0131 Tatar: Hristodulidis iki y\u00fczl\u00fc bir siyaset izliyor","datePublished":"2025-05-08T08:32:55+00:00","mainEntityOfPage":{"@id":"https:\/\/kibrisdakik.com\/?p=81769"},"wordCount":935,"commentCount":0,"image":{"@id":"https:\/\/kibrisdakik.com\/?p=81769#primaryimage"},"thumbnailUrl":"https:\/\/kibrisdakik.com\/wp-content\/uploads\/2025\/05\/1746690427485tatar-foto-2-scaled-740x420.jpeg","articleSection":["K\u0131br\u0131s","Man\u015fet"],"inLanguage":"tr","potentialAction":[{"@type":"CommentAction","name":"Comment","target":["https:\/\/kibrisdakik.com\/?p=81769#respond"]}]},{"@type":"WebPage","@id":"https:\/\/kibrisdakik.com\/?p=81769","url":"https:\/\/kibrisdakik.com\/?p=81769","name":"Cumhurba\u015fkan\u0131 Tatar: Hristodulidis iki y\u00fczl\u00fc bir siyaset izliyor -","isPartOf":{"@id":"https:\/\/kibrisdakik.com\/#website"},"primaryImageOfPage":{"@id":"https:\/\/kibrisdakik.com\/?p=81769#primaryimage"},"image":{"@id":"https:\/\/kibrisdakik.com\/?p=81769#primaryimage"},"thumbnailUrl":"https:\/\/kibrisdakik.com\/wp-content\/uploads\/2025\/05\/1746690427485tatar-foto-2-scaled-740x420.jpeg","datePublished":"2025-05-08T08:32:55+00:00","author":{"@id":"https:\/\/kibrisdakik.com\/#\/schema\/person\/9cd9d437bbb44f72b73ba127e06d8e79"},"breadcrumb":{"@id":"https:\/\/kibrisdakik.com\/?p=81769#breadcrumb"},"inLanguage":"tr","potentialAction":[{"@type":"ReadAction","target":["https:\/\/kibrisdakik.com\/?p=81769"]}]},{"@type":"ImageObject","inLanguage":"tr","@id":"https:\/\/kibrisdakik.com\/?p=81769#primaryimage","url":"https:\/\/kibrisdakik.com\/wp-content\/uploads\/2025\/05\/1746690427485tatar-foto-2-scaled-740x420.jpeg","contentUrl":"https:\/\/kibrisdakik.com\/wp-content\/uploads\/2025\/05\/1746690427485tatar-foto-2-scaled-740x420.jpeg","width":2560,"height":1707},{"@type":"BreadcrumbList","@id":"https:\/\/kibrisdakik.com\/?p=81769#breadcrumb","itemListElement":[{"@type":"ListItem","position":1,"name":"Home","item":"https:\/\/kibrisdakik.com\/"},{"@type":"ListItem","position":2,"name":"Cumhurba\u015fkan\u0131 Tatar: Hristodulidis iki y\u00fczl\u00fc bir siyaset izliyor"}]},{"@type":"WebSite","@id":"https:\/\/kibrisdakik.com\/#website","url":"https:\/\/kibrisdakik.com\/","name":"","description":"Tam vaktinde haber","potentialAction":[{"@type":"SearchAction","target":{"@type":"EntryPoint","urlTemplate":"https:\/\/kibrisdakik.com\/?s={search_term_string}"},"query-input":{"@type":"PropertyValueSpecification","valueRequired":true,"valueName":"search_term_string"}}],"inLanguage":"tr"},{"@type":"Person","@id":"https:\/\/kibrisdakik.com\/#\/schema\/person\/9cd9d437bbb44f72b73ba127e06d8e79","name":"admin","image":{"@type":"ImageObject","inLanguage":"tr","@id":"https:\/\/secure.gravatar.com\/avatar\/ccc17943b9d660506c869530f897617f7cb1c21a4bf30023f252596d83e1f007?s=96&d=mm&r=g","url":"https:\/\/secure.gravatar.com\/avatar\/ccc17943b9d660506c869530f897617f7cb1c21a4bf30023f252596d83e1f007?s=96&d=mm&r=g","contentUrl":"https:\/\/secure.gravatar.com\/avatar\/ccc17943b9d660506c869530f897617f7cb1c21a4bf30023f252596d83e1f007?s=96&d=mm&r=g","caption":"admin"},"sameAs":["https:\/\/kibrisdakik.com"],"url":"https:\/\/kibrisdakik.com\/?author=1"}]}},"_links":{"self":[{"href":"https:\/\/kibrisdakik.com\/index.php?rest_route=\/wp\/v2\/posts\/81769","targetHints":{"allow":["GET"]}}],"collection":[{"href":"https:\/\/kibrisdakik.com\/index.php?rest_route=\/wp\/v2\/posts"}],"about":[{"href":"https:\/\/kibrisdakik.com\/index.php?rest_route=\/wp\/v2\/types\/post"}],"author":[{"embeddable":true,"href":"https:\/\/kibrisdakik.com\/index.php?rest_route=\/wp\/v2\/users\/1"}],"replies":[{"embeddable":true,"href":"https:\/\/kibrisdakik.com\/index.php?rest_route=%2Fwp%2Fv2%2Fcomments&post=81769"}],"version-history":[{"count":0,"href":"https:\/\/kibrisdakik.com\/index.php?rest_route=\/wp\/v2\/posts\/81769\/revisions"}],"wp:featuredmedia":[{"embeddable":true,"href":"https:\/\/kibrisdakik.com\/index.php?rest_route=\/wp\/v2\/media\/81770"}],"wp:attachment":[{"href":"https:\/\/kibrisdakik.com\/index.php?rest_route=%2Fwp%2Fv2%2Fmedia&parent=81769"}],"wp:term":[{"taxonomy":"category","embeddable":true,"href":"https:\/\/kibrisdakik.com\/index.php?rest_route=%2Fwp%2Fv2%2Fcategories&post=81769"},{"taxonomy":"post_tag","embeddable":true,"href":"https:\/\/kibrisdakik.com\/index.php?rest_route=%2Fwp%2Fv2%2Ftags&post=81769"}],"curies":[{"name":"wp","href":"https:\/\/api.w.org\/{rel}","templated":true}]}}